{"id":47853,"date":"2020-02-19T21:35:48","date_gmt":"2020-02-20T02:35:48","guid":{"rendered":"https:\/\/futbolhoy.co\/?p=47853"},"modified":"2020-02-20T08:18:19","modified_gmt":"2020-02-20T13:18:19","slug":"tolima-empato-y-buscara-la-clasificacion-en-brasil","status":"publish","type":"post","link":"https:\/\/futbolhoy.co\/index.php\/2020\/02\/19\/tolima-empato-y-buscara-la-clasificacion-en-brasil\/","title":{"rendered":"Tolima empat\u00f3 y buscar\u00e1 la clasificaci\u00f3n en Brasil"},"content":{"rendered":"<p style=\"text-align: justify;\"><span style=\"font-family: helvetica, arial, sans-serif;\"><strong>Tolima<\/strong> empat\u00f3 0-0 con <strong>Internacional<\/strong> en el partido de ida de la tercera fase de la <strong>Libertadores<\/strong> disputado en el<strong> Manuel Murillo Toro.<\/strong><\/span><\/p>\n<p style=\"text-align: justify;\"><span style=\"font-family: helvetica, arial, sans-serif;\">La gran figura de la noche fue <strong>Alvaro Montero<\/strong>, portero del cuadro de<strong> Ibagu\u00e9,<\/strong> quien evit\u00f3 varias llegadas del cuadro brasile\u00f1o.<\/span><\/p>\n<p style=\"text-align: justify;\"><span style=\"font-family: helvetica, arial, sans-serif;\">El encuentro careci\u00f3 de grandes oportunidades en las \u00e1reas y termin\u00f3 con dominio del cuadro de <strong>Portoalegre<\/strong>, liderado por el argentino <strong>Andr\u00e9s<\/strong> <strong>D'Alessandro<\/strong> y el peruano <strong>Paolo Guerrero.<\/strong><\/span><\/p>\n<p style=\"text-align: justify;\"><span style=\"font-family: helvetica, arial, sans-serif;\">El ganador de la serie completar\u00e1 el <strong>Grupo E<\/strong> en el que ya se encuentra <strong>Am\u00e9rica, Gremio<\/strong> y <strong>Universidad Cat\u00f3lica<\/strong>.\u00a0<\/span><\/p>\n<p style=\"text-align: justify;\"><span style=\"font-family: helvetica, arial, sans-serif;\">El partido de vuelta se jugar\u00e1 el pr\u00f3ximo 26 de febrero a partir de las 7:30 de la noche.<\/span><\/p>\n<p><strong>Formaciones<\/strong><\/p>\n<p style=\"text-align: justify;\"><span style=\"font-family: helvetica, arial, sans-serif;\"><strong>Tolima:<\/strong> Montero,\u00a0Castrill\u00f3n, Moya, Qui\u00f1ones, Banguero, Robles, Gordillo, Albornoz (Daniel Cata\u00f1o 73'), Campaz, Estupi\u00f1\u00e1n (Luis Miranda 59')\u00a0 y Rodr\u00edguez (Roger Rojas 77')\u00a0<\/span><\/p>\n<p style=\"text-align: justify;\"><span style=\"font-family: helvetica, arial, sans-serif;\"><strong>Internacional:<\/strong> Lomba, Rodinei, Fuchs, Cuesta, Uendel, Musto, Edenilson, Lindoso, Boschilia, Guilherme (Andr\u00e9s D'Alessandro\u00a0 68') Paolo Guerrero.\u00a0<\/span><\/p>\n","protected":false},"excerpt":{"rendered":"<p>Tolima empat\u00f3 0-0 con Internacional en el partido de ida de la tercera fase de la Libertadores disputado en el Manuel Murillo Toro. La gran figura de la noche fue Alvaro Montero, portero del cuadro de Ibagu\u00e9, quien evit\u00f3 varias llegadas del cuadro brasile\u00f1o. El encuentro careci\u00f3 de grandes oportunidades en las \u00e1reas y termin\u00f3 [&hellip;]<\/p>\n","protected":false},"author":5,"featured_media":47858,"comment_status":"open","ping_status":"open","sticky":false,"template":"","format":"standard","meta":{"_acf_changed":false,"footnotes":""},"categories":[5,1],"tags":[],"class_list":{"0":"post-47853","1":"post","2":"type-post","3":"status-publish","4":"format-standard","5":"has-post-thumbnail","7":"category-destacados","8":"category-sin-categoria"},"acf":[],"yoast_head":"<!-- This site is optimized with the Yoast SEO plugin v26.8 - https:\/\/yoast.com\/product\/yoast-seo-wordpress\/ -->\n<title>Tolima empat\u00f3 y buscar\u00e1 la clasificaci\u00f3n en Brasil -<\/title>\n<meta name=\"robots\" content=\"index, follow, max-snippet:-1, max-image-preview:large, max-video-preview:-1\" \/>\n<link rel=\"canonical\" href=\"https:\/\/futbolhoy.co\/index.php\/2020\/02\/19\/tolima-empato-y-buscara-la-clasificacion-en-brasil\/\" \/>\n<meta property=\"og:locale\" content=\"es_ES\" \/>\n<meta property=\"og:type\" content=\"article\" \/>\n<meta property=\"og:title\" content=\"Tolima empat\u00f3 y buscar\u00e1 la clasificaci\u00f3n en Brasil -\" \/>\n<meta property=\"og:description\" content=\"Tolima empat\u00f3 0-0 con Internacional en el partido de ida de la tercera fase de la Libertadores disputado en el Manuel Murillo Toro. La gran figura de la noche fue Alvaro Montero, portero del cuadro de Ibagu\u00e9, quien evit\u00f3 varias llegadas del cuadro brasile\u00f1o. El encuentro careci\u00f3 de grandes oportunidades en las \u00e1reas y termin\u00f3 [&hellip;]\" \/>\n<meta property=\"og:url\" content=\"https:\/\/futbolhoy.co\/index.php\/2020\/02\/19\/tolima-empato-y-buscara-la-clasificacion-en-brasil\/\" \/>\n<meta property=\"article:publisher\" content=\"https:\/\/www.facebook.com\/FutbolHoyCol\/\" \/>\n<meta property=\"article:published_time\" content=\"2020-02-20T02:35:48+00:00\" \/>\n<meta property=\"article:modified_time\" content=\"2020-02-20T13:18:19+00:00\" \/>\n<meta property=\"og:image\" content=\"https:\/\/futbolhoy.co\/wp-content\/uploads\/2020\/02\/IMG_20200219_213219-scaled.jpg\" \/>\n\t<meta property=\"og:image:width\" content=\"2560\" \/>\n\t<meta property=\"og:image:height\" content=\"1592\" \/>\n\t<meta property=\"og:image:type\" content=\"image\/jpeg\" \/>\n<meta name=\"author\" content=\"Laura Hern\u00e1ndez\" \/>\n<meta name=\"twitter:card\" content=\"summary_large_image\" \/>\n<meta name=\"twitter:creator\" content=\"@FutbolHoyCol\" \/>\n<meta name=\"twitter:site\" content=\"@FutbolHoyCol\" \/>\n<meta name=\"twitter:label1\" content=\"Escrito por\" \/>\n\t<meta name=\"twitter:data1\" content=\"Laura Hern\u00e1ndez\" \/>\n\t<meta name=\"twitter:label2\" content=\"Tiempo de lectura\" \/>\n\t<meta name=\"twitter:data2\" content=\"1 minuto\" \/>\n<script type=\"application\/ld+json\" class=\"yoast-schema-graph\">{\"@context\":\"https:\/\/schema.org\",\"@graph\":[{\"@type\":\"Article\",\"@id\":\"https:\/\/futbolhoy.co\/index.php\/2020\/02\/19\/tolima-empato-y-buscara-la-clasificacion-en-brasil\/#article\",\"isPartOf\":{\"@id\":\"https:\/\/futbolhoy.co\/index.php\/2020\/02\/19\/tolima-empato-y-buscara-la-clasificacion-en-brasil\/\"},\"author\":{\"name\":\"Laura Hern\u00e1ndez\",\"@id\":\"https:\/\/futbolhoy.co\/#\/schema\/person\/c4a353a512b127643723a34bb1812f7d\"},\"headline\":\"Tolima empat\u00f3 y buscar\u00e1 la clasificaci\u00f3n en Brasil\",\"datePublished\":\"2020-02-20T02:35:48+00:00\",\"dateModified\":\"2020-02-20T13:18:19+00:00\",\"mainEntityOfPage\":{\"@id\":\"https:\/\/futbolhoy.co\/index.php\/2020\/02\/19\/tolima-empato-y-buscara-la-clasificacion-en-brasil\/\"},\"wordCount\":168,\"commentCount\":0,\"publisher\":{\"@id\":\"https:\/\/futbolhoy.co\/#organization\"},\"image\":{\"@id\":\"https:\/\/futbolhoy.co\/index.php\/2020\/02\/19\/tolima-empato-y-buscara-la-clasificacion-en-brasil\/#primaryimage\"},\"thumbnailUrl\":\"https:\/\/futbolhoy.co\/wp-content\/uploads\/2020\/02\/IMG_20200219_213219-scaled.jpg\",\"articleSection\":[\"Destacados\",\"Sin Categor\u00eda\"],\"inLanguage\":\"es\",\"potentialAction\":[{\"@type\":\"CommentAction\",\"name\":\"Comment\",\"target\":[\"https:\/\/futbolhoy.co\/index.php\/2020\/02\/19\/tolima-empato-y-buscara-la-clasificacion-en-brasil\/#respond\"]}]},{\"@type\":\"WebPage\",\"@id\":\"https:\/\/futbolhoy.co\/index.php\/2020\/02\/19\/tolima-empato-y-buscara-la-clasificacion-en-brasil\/\",\"url\":\"https:\/\/futbolhoy.co\/index.php\/2020\/02\/19\/tolima-empato-y-buscara-la-clasificacion-en-brasil\/\",\"name\":\"Tolima empat\u00f3 y buscar\u00e1 la clasificaci\u00f3n en Brasil -\",\"isPartOf\":{\"@id\":\"https:\/\/futbolhoy.co\/#website\"},\"primaryImageOfPage\":{\"@id\":\"https:\/\/futbolhoy.co\/index.php\/2020\/02\/19\/tolima-empato-y-buscara-la-clasificacion-en-brasil\/#primaryimage\"},\"image\":{\"@id\":\"https:\/\/futbolhoy.co\/index.php\/2020\/02\/19\/tolima-empato-y-buscara-la-clasificacion-en-brasil\/#primaryimage\"},\"thumbnailUrl\":\"https:\/\/futbolhoy.co\/wp-content\/uploads\/2020\/02\/IMG_20200219_213219-scaled.jpg\",\"datePublished\":\"2020-02-20T02:35:48+00:00\",\"dateModified\":\"2020-02-20T13:18:19+00:00\",\"breadcrumb\":{\"@id\":\"https:\/\/futbolhoy.co\/index.php\/2020\/02\/19\/tolima-empato-y-buscara-la-clasificacion-en-brasil\/#breadcrumb\"},\"inLanguage\":\"es\",\"potentialAction\":[{\"@type\":\"ReadAction\",\"target\":[\"https:\/\/futbolhoy.co\/index.php\/2020\/02\/19\/tolima-empato-y-buscara-la-clasificacion-en-brasil\/\"]}]},{\"@type\":\"ImageObject\",\"inLanguage\":\"es\",\"@id\":\"https:\/\/futbolhoy.co\/index.php\/2020\/02\/19\/tolima-empato-y-buscara-la-clasificacion-en-brasil\/#primaryimage\",\"url\":\"https:\/\/futbolhoy.co\/wp-content\/uploads\/2020\/02\/IMG_20200219_213219-scaled.jpg\",\"contentUrl\":\"https:\/\/futbolhoy.co\/wp-content\/uploads\/2020\/02\/IMG_20200219_213219-scaled.jpg\",\"width\":2560,\"height\":1592},{\"@type\":\"BreadcrumbList\",\"@id\":\"https:\/\/futbolhoy.co\/index.php\/2020\/02\/19\/tolima-empato-y-buscara-la-clasificacion-en-brasil\/#breadcrumb\",\"itemListElement\":[{\"@type\":\"ListItem\",\"position\":1,\"name\":\"Portada\",\"item\":\"https:\/\/futbolhoy.co\/\"},{\"@type\":\"ListItem\",\"position\":2,\"name\":\"Tolima empat\u00f3 y buscar\u00e1 la clasificaci\u00f3n en Brasil\"}]},{\"@type\":\"WebSite\",\"@id\":\"https:\/\/futbolhoy.co\/#website\",\"url\":\"https:\/\/futbolhoy.co\/\",\"name\":\"FutbolHoy\",\"description\":\"\",\"publisher\":{\"@id\":\"https:\/\/futbolhoy.co\/#organization\"},\"potentialAction\":[{\"@type\":\"SearchAction\",\"target\":{\"@type\":\"EntryPoint\",\"urlTemplate\":\"https:\/\/futbolhoy.co\/?s={search_term_string}\"},\"query-input\":{\"@type\":\"PropertyValueSpecification\",\"valueRequired\":true,\"valueName\":\"search_term_string\"}}],\"inLanguage\":\"es\"},{\"@type\":\"Organization\",\"@id\":\"https:\/\/futbolhoy.co\/#organization\",\"name\":\"Futbolhoy.co\",\"url\":\"https:\/\/futbolhoy.co\/\",\"logo\":{\"@type\":\"ImageObject\",\"inLanguage\":\"es\",\"@id\":\"https:\/\/futbolhoy.co\/#\/schema\/logo\/image\/\",\"url\":\"https:\/\/futbolhoy.co\/wp-content\/uploads\/2018\/08\/17426380_1906371736249227_6326180412931521141_n.jpg\",\"contentUrl\":\"https:\/\/futbolhoy.co\/wp-content\/uploads\/2018\/08\/17426380_1906371736249227_6326180412931521141_n.jpg\",\"width\":960,\"height\":960,\"caption\":\"Futbolhoy.co\"},\"image\":{\"@id\":\"https:\/\/futbolhoy.co\/#\/schema\/logo\/image\/\"},\"sameAs\":[\"https:\/\/www.facebook.com\/FutbolHoyCol\/\",\"https:\/\/x.com\/FutbolHoyCol\",\"https:\/\/www.instagram.com\/futbolhoycol\/\"]},{\"@type\":\"Person\",\"@id\":\"https:\/\/futbolhoy.co\/#\/schema\/person\/c4a353a512b127643723a34bb1812f7d\",\"name\":\"Laura Hern\u00e1ndez\",\"image\":{\"@type\":\"ImageObject\",\"inLanguage\":\"es\",\"@id\":\"https:\/\/futbolhoy.co\/#\/schema\/person\/image\/\",\"url\":\"https:\/\/secure.gravatar.com\/avatar\/d25959a15b9b293a743f99181c7cfd01?s=96&d=mm&r=g\",\"contentUrl\":\"https:\/\/secure.gravatar.com\/avatar\/d25959a15b9b293a743f99181c7cfd01?s=96&d=mm&r=g\",\"caption\":\"Laura Hern\u00e1ndez\"}}]}<\/script>\n<!-- \/ Yoast SEO plugin. -->","yoast_head_json":{"title":"Tolima empat\u00f3 y buscar\u00e1 la clasificaci\u00f3n en Brasil -","robots":{"index":"index","follow":"follow","max-snippet":"max-snippet:-1","max-image-preview":"max-image-preview:large","max-video-preview":"max-video-preview:-1"},"canonical":"https:\/\/futbolhoy.co\/index.php\/2020\/02\/19\/tolima-empato-y-buscara-la-clasificacion-en-brasil\/","og_locale":"es_ES","og_type":"article","og_title":"Tolima empat\u00f3 y buscar\u00e1 la clasificaci\u00f3n en Brasil -","og_description":"Tolima empat\u00f3 0-0 con Internacional en el partido de ida de la tercera fase de la Libertadores disputado en el Manuel Murillo Toro. La gran figura de la noche fue Alvaro Montero, portero del cuadro de Ibagu\u00e9, quien evit\u00f3 varias llegadas del cuadro brasile\u00f1o. El encuentro careci\u00f3 de grandes oportunidades en las \u00e1reas y termin\u00f3 [&hellip;]","og_url":"https:\/\/futbolhoy.co\/index.php\/2020\/02\/19\/tolima-empato-y-buscara-la-clasificacion-en-brasil\/","article_publisher":"https:\/\/www.facebook.com\/FutbolHoyCol\/","article_published_time":"2020-02-20T02:35:48+00:00","article_modified_time":"2020-02-20T13:18:19+00:00","og_image":[{"width":2560,"height":1592,"url":"https:\/\/futbolhoy.co\/wp-content\/uploads\/2020\/02\/IMG_20200219_213219-scaled.jpg","type":"image\/jpeg"}],"author":"Laura Hern\u00e1ndez","twitter_card":"summary_large_image","twitter_creator":"@FutbolHoyCol","twitter_site":"@FutbolHoyCol","twitter_misc":{"Escrito por":"Laura Hern\u00e1ndez","Tiempo de lectura":"1 minuto"},"schema":{"@context":"https:\/\/schema.org","@graph":[{"@type":"Article","@id":"https:\/\/futbolhoy.co\/index.php\/2020\/02\/19\/tolima-empato-y-buscara-la-clasificacion-en-brasil\/#article","isPartOf":{"@id":"https:\/\/futbolhoy.co\/index.php\/2020\/02\/19\/tolima-empato-y-buscara-la-clasificacion-en-brasil\/"},"author":{"name":"Laura Hern\u00e1ndez","@id":"https:\/\/futbolhoy.co\/#\/schema\/person\/c4a353a512b127643723a34bb1812f7d"},"headline":"Tolima empat\u00f3 y buscar\u00e1 la clasificaci\u00f3n en Brasil","datePublished":"2020-02-20T02:35:48+00:00","dateModified":"2020-02-20T13:18:19+00:00","mainEntityOfPage":{"@id":"https:\/\/futbolhoy.co\/index.php\/2020\/02\/19\/tolima-empato-y-buscara-la-clasificacion-en-brasil\/"},"wordCount":168,"commentCount":0,"publisher":{"@id":"https:\/\/futbolhoy.co\/#organization"},"image":{"@id":"https:\/\/futbolhoy.co\/index.php\/2020\/02\/19\/tolima-empato-y-buscara-la-clasificacion-en-brasil\/#primaryimage"},"thumbnailUrl":"https:\/\/futbolhoy.co\/wp-content\/uploads\/2020\/02\/IMG_20200219_213219-scaled.jpg","articleSection":["Destacados","Sin Categor\u00eda"],"inLanguage":"es","potentialAction":[{"@type":"CommentAction","name":"Comment","target":["https:\/\/futbolhoy.co\/index.php\/2020\/02\/19\/tolima-empato-y-buscara-la-clasificacion-en-brasil\/#respond"]}]},{"@type":"WebPage","@id":"https:\/\/futbolhoy.co\/index.php\/2020\/02\/19\/tolima-empato-y-buscara-la-clasificacion-en-brasil\/","url":"https:\/\/futbolhoy.co\/index.php\/2020\/02\/19\/tolima-empato-y-buscara-la-clasificacion-en-brasil\/","name":"Tolima empat\u00f3 y buscar\u00e1 la clasificaci\u00f3n en Brasil -","isPartOf":{"@id":"https:\/\/futbolhoy.co\/#website"},"primaryImageOfPage":{"@id":"https:\/\/futbolhoy.co\/index.php\/2020\/02\/19\/tolima-empato-y-buscara-la-clasificacion-en-brasil\/#primaryimage"},"image":{"@id":"https:\/\/futbolhoy.co\/index.php\/2020\/02\/19\/tolima-empato-y-buscara-la-clasificacion-en-brasil\/#primaryimage"},"thumbnailUrl":"https:\/\/futbolhoy.co\/wp-content\/uploads\/2020\/02\/IMG_20200219_213219-scaled.jpg","datePublished":"2020-02-20T02:35:48+00:00","dateModified":"2020-02-20T13:18:19+00:00","breadcrumb":{"@id":"https:\/\/futbolhoy.co\/index.php\/2020\/02\/19\/tolima-empato-y-buscara-la-clasificacion-en-brasil\/#breadcrumb"},"inLanguage":"es","potentialAction":[{"@type":"ReadAction","target":["https:\/\/futbolhoy.co\/index.php\/2020\/02\/19\/tolima-empato-y-buscara-la-clasificacion-en-brasil\/"]}]},{"@type":"ImageObject","inLanguage":"es","@id":"https:\/\/futbolhoy.co\/index.php\/2020\/02\/19\/tolima-empato-y-buscara-la-clasificacion-en-brasil\/#primaryimage","url":"https:\/\/futbolhoy.co\/wp-content\/uploads\/2020\/02\/IMG_20200219_213219-scaled.jpg","contentUrl":"https:\/\/futbolhoy.co\/wp-content\/uploads\/2020\/02\/IMG_20200219_213219-scaled.jpg","width":2560,"height":1592},{"@type":"BreadcrumbList","@id":"https:\/\/futbolhoy.co\/index.php\/2020\/02\/19\/tolima-empato-y-buscara-la-clasificacion-en-brasil\/#breadcrumb","itemListElement":[{"@type":"ListItem","position":1,"name":"Portada","item":"https:\/\/futbolhoy.co\/"},{"@type":"ListItem","position":2,"name":"Tolima empat\u00f3 y buscar\u00e1 la clasificaci\u00f3n en Brasil"}]},{"@type":"WebSite","@id":"https:\/\/futbolhoy.co\/#website","url":"https:\/\/futbolhoy.co\/","name":"FutbolHoy","description":"","publisher":{"@id":"https:\/\/futbolhoy.co\/#organization"},"potentialAction":[{"@type":"SearchAction","target":{"@type":"EntryPoint","urlTemplate":"https:\/\/futbolhoy.co\/?s={search_term_string}"},"query-input":{"@type":"PropertyValueSpecification","valueRequired":true,"valueName":"search_term_string"}}],"inLanguage":"es"},{"@type":"Organization","@id":"https:\/\/futbolhoy.co\/#organization","name":"Futbolhoy.co","url":"https:\/\/futbolhoy.co\/","logo":{"@type":"ImageObject","inLanguage":"es","@id":"https:\/\/futbolhoy.co\/#\/schema\/logo\/image\/","url":"https:\/\/futbolhoy.co\/wp-content\/uploads\/2018\/08\/17426380_1906371736249227_6326180412931521141_n.jpg","contentUrl":"https:\/\/futbolhoy.co\/wp-content\/uploads\/2018\/08\/17426380_1906371736249227_6326180412931521141_n.jpg","width":960,"height":960,"caption":"Futbolhoy.co"},"image":{"@id":"https:\/\/futbolhoy.co\/#\/schema\/logo\/image\/"},"sameAs":["https:\/\/www.facebook.com\/FutbolHoyCol\/","https:\/\/x.com\/FutbolHoyCol","https:\/\/www.instagram.com\/futbolhoycol\/"]},{"@type":"Person","@id":"https:\/\/futbolhoy.co\/#\/schema\/person\/c4a353a512b127643723a34bb1812f7d","name":"Laura Hern\u00e1ndez","image":{"@type":"ImageObject","inLanguage":"es","@id":"https:\/\/futbolhoy.co\/#\/schema\/person\/image\/","url":"https:\/\/secure.gravatar.com\/avatar\/d25959a15b9b293a743f99181c7cfd01?s=96&d=mm&r=g","contentUrl":"https:\/\/secure.gravatar.com\/avatar\/d25959a15b9b293a743f99181c7cfd01?s=96&d=mm&r=g","caption":"Laura Hern\u00e1ndez"}}]}},"publishpress_future_action":{"enabled":false,"date":"2026-05-03 07:13:10","action":"change-status","newStatus":"draft","terms":[],"taxonomy":"category","extraData":[]},"publishpress_future_workflow_manual_trigger":{"enabledWorkflows":[]},"_links":{"self":[{"href":"https:\/\/futbolhoy.co\/index.php\/wp-json\/wp\/v2\/posts\/47853","targetHints":{"allow":["GET"]}}],"collection":[{"href":"https:\/\/futbolhoy.co\/index.php\/wp-json\/wp\/v2\/posts"}],"about":[{"href":"https:\/\/futbolhoy.co\/index.php\/wp-json\/wp\/v2\/types\/post"}],"author":[{"embeddable":true,"href":"https:\/\/futbolhoy.co\/index.php\/wp-json\/wp\/v2\/users\/5"}],"replies":[{"embeddable":true,"href":"https:\/\/futbolhoy.co\/index.php\/wp-json\/wp\/v2\/comments?post=47853"}],"version-history":[{"count":4,"href":"https:\/\/futbolhoy.co\/index.php\/wp-json\/wp\/v2\/posts\/47853\/revisions"}],"predecessor-version":[{"id":47863,"href":"https:\/\/futbolhoy.co\/index.php\/wp-json\/wp\/v2\/posts\/47853\/revisions\/47863"}],"wp:featuredmedia":[{"embeddable":true,"href":"https:\/\/futbolhoy.co\/index.php\/wp-json\/wp\/v2\/media\/47858"}],"wp:attachment":[{"href":"https:\/\/futbolhoy.co\/index.php\/wp-json\/wp\/v2\/media?parent=47853"}],"wp:term":[{"taxonomy":"category","embeddable":true,"href":"https:\/\/futbolhoy.co\/index.php\/wp-json\/wp\/v2\/categories?post=47853"},{"taxonomy":"post_tag","embeddable":true,"href":"https:\/\/futbolhoy.co\/index.php\/wp-json\/wp\/v2\/tags?post=47853"}],"curies":[{"name":"wp","href":"https:\/\/api.w.org\/{rel}","templated":true}]}}