{"id":47864,"date":"2020-02-20T09:05:43","date_gmt":"2020-02-20T14:05:43","guid":{"rendered":"https:\/\/futbolhoy.co\/?p=47864"},"modified":"2020-02-20T19:31:03","modified_gmt":"2020-02-21T00:31:03","slug":"neymar-uno-de-los-mejores-del-mundo-messi","status":"publish","type":"post","link":"https:\/\/futbolhoy.co\/index.php\/2020\/02\/20\/neymar-uno-de-los-mejores-del-mundo-messi\/","title":{"rendered":"Neymar, uno de los mejores del mundo: Messi"},"content":{"rendered":"<!--[if lt IE 9]><script>document.createElement('audio');<\/script><![endif]-->\n<audio class=\"wp-audio-shortcode\" id=\"audio-47864-1\" preload=\"none\" style=\"width: 100%;\" controls=\"controls\"><source type=\"audio\/mpeg\" src=\"https:\/\/futbolhoy.co\/wp-content\/uploads\/2020\/02\/MESSI.mp3?_=1\" \/><a href=\"https:\/\/futbolhoy.co\/wp-content\/uploads\/2020\/02\/MESSI.mp3\">https:\/\/futbolhoy.co\/wp-content\/uploads\/2020\/02\/MESSI.mp3<\/a><\/audio>\n<p style=\"text-align: justify;\"><span style=\"font-family: helvetica, arial, sans-serif;\">El capit\u00e1n del <strong>Barcelona, Lionel Messi<\/strong>, asegur\u00f3 que su excompa\u00f1ero <strong>Neymar<\/strong>, ahora en el <strong>Par\u00eds Saint-Germain<\/strong>, \"es uno de los mejores del mundo\" y le \"encantar\u00eda que volviera\".<\/span><\/p>\n<p style=\"text-align: justify;\"><span style=\"font-family: helvetica, arial, sans-serif;\">\"Era una persona muy alegre, estaba siempre contento, se divert\u00eda tanto dentro como fuera de la cancha. Hac\u00eda que el vestuario tuviera una alegr\u00eda diferente. \u00c9l est\u00e1 con muchas ganas de volver, siempre se mostr\u00f3 arrepentido. \u00c9l hizo mucho por volver y eso ser\u00eda el primer paso para intentar llegar\", agreg\u00f3 Messi en una extensa nota con <em>Mundo Deportivo<\/em>.<\/span><\/p>\n<p style=\"text-align: justify;\"><span style=\"font-family: helvetica, arial, sans-serif;\">Messi afront\u00f3 todos los asuntos de actualidad del club, incluida la \u00faltima crisis que tiene a la directiva contra la pared, despu\u00e9s que se conoci\u00f3 que el club contrat\u00f3 los servicios de una empresa externa para atacar a personalidades vinculadas con la entidad.<\/span><\/p>\n<p style=\"text-align: justify;\"><span style=\"font-family: helvetica, arial, sans-serif;\">\"Me agarr\u00f3 un poco de sorpresa, la verdad, porque no estaba ac\u00e1 y justo viajaba. Cuando llegu\u00e9 me enter\u00e9 un poco de todo. El presidente (<strong>Josep Maria Bartomeu<\/strong>) nos dijo lo mismo que hizo p\u00fablico, lo mismo que dijo en la conferencia de prensa. Cu\u00e1l era la situaci\u00f3n, lo que hab\u00eda pasado y no puedo decir mucho m\u00e1s. Lo mismo que saben todo lo que dijo, nos cont\u00f3 a los capitanes en privado. La verdad es que yo veo raro que pase una cosa as\u00ed\", dijo.<\/span><\/p>\n<p style=\"text-align: justify;\"><span style=\"font-family: helvetica, arial, sans-serif;\">Sobre las diferencias con el secretario t\u00e9cnico <strong>Eric Abidal<\/strong>, quien puso en duda el trabajo del vestuario, lo que podr\u00eda haber motivado la salida de <strong>Ernesto Valverde.<\/strong><\/span><\/p>\n<p style=\"text-align: justify;\"><span style=\"font-family: helvetica, arial, sans-serif;\">\"No s\u00e9 qu\u00e9 le pas\u00f3 a \u00e9l por la cabeza para decir eso, pero creo que yo respond\u00ed porque me sent\u00ed atacado. Sent\u00ed que atacaba a los jugadores. Y ya demasiadas cosas se dicen del vestuario, como que maneja todo, que pone y quita entrenadores, trae jugadores y sobre todo de m\u00ed. Como que yo tengo mucho poder y tomo decisiones. Y me molest\u00f3 que lo dijera una persona del club, un secretario t\u00e9cnico\u2026 que ponga a los jugadores en medio de una destituci\u00f3n como era la del m\u00edster me pareci\u00f3 una locura. Es el secretario t\u00e9cnico que toma las decisiones y tiene que hacerse cargo. Por eso sal\u00ed a aclararlo, sab\u00eda que no pod\u00eda dejar pasar que el director deportivo me atacara de esa manera\", puntualiz\u00f3.<\/span><\/p>\n<p style=\"text-align: justify;\"><span style=\"font-family: helvetica, arial, sans-serif;\">Messi reiter\u00f3 que no piensa algo diferente a mantenerse en el Barcelona: \"En muchos momentos tuve la posibilidad de salir del club, hab\u00eda muchos clubs interesados que estaban dispuestos a pagar hasta la cl\u00e1usula, pero en ning\u00fan momento se me ocurri\u00f3 irme y ahora tampoco. Lo vuelvo a repetir. Si el club quiere, no hay problema\".<\/span><\/p>\n","protected":false},"excerpt":{"rendered":"<p>El capit\u00e1n del Barcelona, Lionel Messi, asegur\u00f3 que su excompa\u00f1ero Neymar, ahora en el Par\u00eds Saint-Germain, \"es uno de los mejores del mundo\" y le \"encantar\u00eda que volviera\". \"Era una persona muy alegre, estaba siempre contento, se divert\u00eda tanto dentro como fuera de la cancha. Hac\u00eda que el vestuario tuviera una alegr\u00eda diferente. \u00c9l est\u00e1 [&hellip;]<\/p>\n","protected":false},"author":5,"featured_media":45362,"comment_status":"open","ping_status":"open","sticky":false,"template":"","format":"video","meta":{"_acf_changed":false,"footnotes":""},"categories":[152],"tags":[83,82],"class_list":{"0":"post-47864","1":"post","2":"type-post","3":"status-publish","4":"format-video","5":"has-post-thumbnail","7":"category-mundo-futbol","8":"tag-fc-barcelona","9":"tag-lionel-messi","10":"post_format-post-format-video"},"acf":[],"yoast_head":"<!-- This site is optimized with the Yoast SEO plugin v26.8 - https:\/\/yoast.com\/product\/yoast-seo-wordpress\/ -->\n<title>Neymar, uno de los mejores del mundo: Messi -<\/title>\n<meta name=\"robots\" content=\"index, follow, max-snippet:-1, max-image-preview:large, max-video-preview:-1\" \/>\n<link rel=\"canonical\" href=\"https:\/\/futbolhoy.co\/index.php\/2020\/02\/20\/neymar-uno-de-los-mejores-del-mundo-messi\/\" \/>\n<meta property=\"og:locale\" content=\"es_ES\" \/>\n<meta property=\"og:type\" content=\"article\" \/>\n<meta property=\"og:title\" content=\"Neymar, uno de los mejores del mundo: Messi -\" \/>\n<meta property=\"og:description\" content=\"El capit\u00e1n del Barcelona, Lionel Messi, asegur\u00f3 que su excompa\u00f1ero Neymar, ahora en el Par\u00eds Saint-Germain, &quot;es uno de los mejores del mundo&quot; y le &quot;encantar\u00eda que volviera&quot;. &quot;Era una persona muy alegre, estaba siempre contento, se divert\u00eda tanto dentro como fuera de la cancha. Hac\u00eda que el vestuario tuviera una alegr\u00eda diferente. \u00c9l est\u00e1 [&hellip;]\" \/>\n<meta property=\"og:url\" content=\"https:\/\/futbolhoy.co\/index.php\/2020\/02\/20\/neymar-uno-de-los-mejores-del-mundo-messi\/\" \/>\n<meta property=\"article:publisher\" content=\"https:\/\/www.facebook.com\/FutbolHoyCol\/\" \/>\n<meta property=\"article:published_time\" content=\"2020-02-20T14:05:43+00:00\" \/>\n<meta property=\"article:modified_time\" content=\"2020-02-21T00:31:03+00:00\" \/>\n<meta property=\"og:image\" content=\"https:\/\/futbolhoy.co\/wp-content\/uploads\/2020\/01\/messi-decada.jpg\" \/>\n\t<meta property=\"og:image:width\" content=\"1228\" \/>\n\t<meta property=\"og:image:height\" content=\"768\" \/>\n\t<meta property=\"og:image:type\" content=\"image\/jpeg\" \/>\n<meta name=\"author\" content=\"Laura Hern\u00e1ndez\" \/>\n<meta name=\"twitter:card\" content=\"summary_large_image\" \/>\n<meta name=\"twitter:creator\" content=\"@FutbolHoyCol\" \/>\n<meta name=\"twitter:site\" content=\"@FutbolHoyCol\" \/>\n<meta name=\"twitter:label1\" content=\"Escrito por\" \/>\n\t<meta name=\"twitter:data1\" content=\"Laura Hern\u00e1ndez\" \/>\n\t<meta name=\"twitter:label2\" content=\"Tiempo de lectura\" \/>\n\t<meta name=\"twitter:data2\" content=\"2 minutos\" \/>\n<script type=\"application\/ld+json\" class=\"yoast-schema-graph\">{\"@context\":\"https:\/\/schema.org\",\"@graph\":[{\"@type\":\"Article\",\"@id\":\"https:\/\/futbolhoy.co\/index.php\/2020\/02\/20\/neymar-uno-de-los-mejores-del-mundo-messi\/#article\",\"isPartOf\":{\"@id\":\"https:\/\/futbolhoy.co\/index.php\/2020\/02\/20\/neymar-uno-de-los-mejores-del-mundo-messi\/\"},\"author\":{\"name\":\"Laura Hern\u00e1ndez\",\"@id\":\"https:\/\/futbolhoy.co\/#\/schema\/person\/c4a353a512b127643723a34bb1812f7d\"},\"headline\":\"Neymar, uno de los mejores del mundo: Messi\",\"datePublished\":\"2020-02-20T14:05:43+00:00\",\"dateModified\":\"2020-02-21T00:31:03+00:00\",\"mainEntityOfPage\":{\"@id\":\"https:\/\/futbolhoy.co\/index.php\/2020\/02\/20\/neymar-uno-de-los-mejores-del-mundo-messi\/\"},\"wordCount\":469,\"commentCount\":0,\"publisher\":{\"@id\":\"https:\/\/futbolhoy.co\/#organization\"},\"image\":{\"@id\":\"https:\/\/futbolhoy.co\/index.php\/2020\/02\/20\/neymar-uno-de-los-mejores-del-mundo-messi\/#primaryimage\"},\"thumbnailUrl\":\"https:\/\/futbolhoy.co\/wp-content\/uploads\/2020\/01\/messi-decada.jpg\",\"keywords\":[\"Fc Barcelona\",\"Lionel Messi\"],\"articleSection\":[\"Mundo Futbol\"],\"inLanguage\":\"es\",\"potentialAction\":[{\"@type\":\"CommentAction\",\"name\":\"Comment\",\"target\":[\"https:\/\/futbolhoy.co\/index.php\/2020\/02\/20\/neymar-uno-de-los-mejores-del-mundo-messi\/#respond\"]}]},{\"@type\":\"WebPage\",\"@id\":\"https:\/\/futbolhoy.co\/index.php\/2020\/02\/20\/neymar-uno-de-los-mejores-del-mundo-messi\/\",\"url\":\"https:\/\/futbolhoy.co\/index.php\/2020\/02\/20\/neymar-uno-de-los-mejores-del-mundo-messi\/\",\"name\":\"Neymar, uno de los mejores del mundo: Messi -\",\"isPartOf\":{\"@id\":\"https:\/\/futbolhoy.co\/#website\"},\"primaryImageOfPage\":{\"@id\":\"https:\/\/futbolhoy.co\/index.php\/2020\/02\/20\/neymar-uno-de-los-mejores-del-mundo-messi\/#primaryimage\"},\"image\":{\"@id\":\"https:\/\/futbolhoy.co\/index.php\/2020\/02\/20\/neymar-uno-de-los-mejores-del-mundo-messi\/#primaryimage\"},\"thumbnailUrl\":\"https:\/\/futbolhoy.co\/wp-content\/uploads\/2020\/01\/messi-decada.jpg\",\"datePublished\":\"2020-02-20T14:05:43+00:00\",\"dateModified\":\"2020-02-21T00:31:03+00:00\",\"breadcrumb\":{\"@id\":\"https:\/\/futbolhoy.co\/index.php\/2020\/02\/20\/neymar-uno-de-los-mejores-del-mundo-messi\/#breadcrumb\"},\"inLanguage\":\"es\",\"potentialAction\":[{\"@type\":\"ReadAction\",\"target\":[\"https:\/\/futbolhoy.co\/index.php\/2020\/02\/20\/neymar-uno-de-los-mejores-del-mundo-messi\/\"]}]},{\"@type\":\"ImageObject\",\"inLanguage\":\"es\",\"@id\":\"https:\/\/futbolhoy.co\/index.php\/2020\/02\/20\/neymar-uno-de-los-mejores-del-mundo-messi\/#primaryimage\",\"url\":\"https:\/\/futbolhoy.co\/wp-content\/uploads\/2020\/01\/messi-decada.jpg\",\"contentUrl\":\"https:\/\/futbolhoy.co\/wp-content\/uploads\/2020\/01\/messi-decada.jpg\",\"width\":1228,\"height\":768},{\"@type\":\"BreadcrumbList\",\"@id\":\"https:\/\/futbolhoy.co\/index.php\/2020\/02\/20\/neymar-uno-de-los-mejores-del-mundo-messi\/#breadcrumb\",\"itemListElement\":[{\"@type\":\"ListItem\",\"position\":1,\"name\":\"Portada\",\"item\":\"https:\/\/futbolhoy.co\/\"},{\"@type\":\"ListItem\",\"position\":2,\"name\":\"Neymar, uno de los mejores del mundo: Messi\"}]},{\"@type\":\"WebSite\",\"@id\":\"https:\/\/futbolhoy.co\/#website\",\"url\":\"https:\/\/futbolhoy.co\/\",\"name\":\"FutbolHoy\",\"description\":\"\",\"publisher\":{\"@id\":\"https:\/\/futbolhoy.co\/#organization\"},\"potentialAction\":[{\"@type\":\"SearchAction\",\"target\":{\"@type\":\"EntryPoint\",\"urlTemplate\":\"https:\/\/futbolhoy.co\/?s={search_term_string}\"},\"query-input\":{\"@type\":\"PropertyValueSpecification\",\"valueRequired\":true,\"valueName\":\"search_term_string\"}}],\"inLanguage\":\"es\"},{\"@type\":\"Organization\",\"@id\":\"https:\/\/futbolhoy.co\/#organization\",\"name\":\"Futbolhoy.co\",\"url\":\"https:\/\/futbolhoy.co\/\",\"logo\":{\"@type\":\"ImageObject\",\"inLanguage\":\"es\",\"@id\":\"https:\/\/futbolhoy.co\/#\/schema\/logo\/image\/\",\"url\":\"https:\/\/futbolhoy.co\/wp-content\/uploads\/2018\/08\/17426380_1906371736249227_6326180412931521141_n.jpg\",\"contentUrl\":\"https:\/\/futbolhoy.co\/wp-content\/uploads\/2018\/08\/17426380_1906371736249227_6326180412931521141_n.jpg\",\"width\":960,\"height\":960,\"caption\":\"Futbolhoy.co\"},\"image\":{\"@id\":\"https:\/\/futbolhoy.co\/#\/schema\/logo\/image\/\"},\"sameAs\":[\"https:\/\/www.facebook.com\/FutbolHoyCol\/\",\"https:\/\/x.com\/FutbolHoyCol\",\"https:\/\/www.instagram.com\/futbolhoycol\/\"]},{\"@type\":\"Person\",\"@id\":\"https:\/\/futbolhoy.co\/#\/schema\/person\/c4a353a512b127643723a34bb1812f7d\",\"name\":\"Laura Hern\u00e1ndez\",\"image\":{\"@type\":\"ImageObject\",\"inLanguage\":\"es\",\"@id\":\"https:\/\/futbolhoy.co\/#\/schema\/person\/image\/\",\"url\":\"https:\/\/secure.gravatar.com\/avatar\/d25959a15b9b293a743f99181c7cfd01?s=96&d=mm&r=g\",\"contentUrl\":\"https:\/\/secure.gravatar.com\/avatar\/d25959a15b9b293a743f99181c7cfd01?s=96&d=mm&r=g\",\"caption\":\"Laura Hern\u00e1ndez\"}}]}<\/script>\n<!-- \/ Yoast SEO plugin. -->","yoast_head_json":{"title":"Neymar, uno de los mejores del mundo: Messi -","robots":{"index":"index","follow":"follow","max-snippet":"max-snippet:-1","max-image-preview":"max-image-preview:large","max-video-preview":"max-video-preview:-1"},"canonical":"https:\/\/futbolhoy.co\/index.php\/2020\/02\/20\/neymar-uno-de-los-mejores-del-mundo-messi\/","og_locale":"es_ES","og_type":"article","og_title":"Neymar, uno de los mejores del mundo: Messi -","og_description":"El capit\u00e1n del Barcelona, Lionel Messi, asegur\u00f3 que su excompa\u00f1ero Neymar, ahora en el Par\u00eds Saint-Germain, \"es uno de los mejores del mundo\" y le \"encantar\u00eda que volviera\". \"Era una persona muy alegre, estaba siempre contento, se divert\u00eda tanto dentro como fuera de la cancha. Hac\u00eda que el vestuario tuviera una alegr\u00eda diferente. \u00c9l est\u00e1 [&hellip;]","og_url":"https:\/\/futbolhoy.co\/index.php\/2020\/02\/20\/neymar-uno-de-los-mejores-del-mundo-messi\/","article_publisher":"https:\/\/www.facebook.com\/FutbolHoyCol\/","article_published_time":"2020-02-20T14:05:43+00:00","article_modified_time":"2020-02-21T00:31:03+00:00","og_image":[{"width":1228,"height":768,"url":"https:\/\/futbolhoy.co\/wp-content\/uploads\/2020\/01\/messi-decada.jpg","type":"image\/jpeg"}],"author":"Laura Hern\u00e1ndez","twitter_card":"summary_large_image","twitter_creator":"@FutbolHoyCol","twitter_site":"@FutbolHoyCol","twitter_misc":{"Escrito por":"Laura Hern\u00e1ndez","Tiempo de lectura":"2 minutos"},"schema":{"@context":"https:\/\/schema.org","@graph":[{"@type":"Article","@id":"https:\/\/futbolhoy.co\/index.php\/2020\/02\/20\/neymar-uno-de-los-mejores-del-mundo-messi\/#article","isPartOf":{"@id":"https:\/\/futbolhoy.co\/index.php\/2020\/02\/20\/neymar-uno-de-los-mejores-del-mundo-messi\/"},"author":{"name":"Laura Hern\u00e1ndez","@id":"https:\/\/futbolhoy.co\/#\/schema\/person\/c4a353a512b127643723a34bb1812f7d"},"headline":"Neymar, uno de los mejores del mundo: Messi","datePublished":"2020-02-20T14:05:43+00:00","dateModified":"2020-02-21T00:31:03+00:00","mainEntityOfPage":{"@id":"https:\/\/futbolhoy.co\/index.php\/2020\/02\/20\/neymar-uno-de-los-mejores-del-mundo-messi\/"},"wordCount":469,"commentCount":0,"publisher":{"@id":"https:\/\/futbolhoy.co\/#organization"},"image":{"@id":"https:\/\/futbolhoy.co\/index.php\/2020\/02\/20\/neymar-uno-de-los-mejores-del-mundo-messi\/#primaryimage"},"thumbnailUrl":"https:\/\/futbolhoy.co\/wp-content\/uploads\/2020\/01\/messi-decada.jpg","keywords":["Fc Barcelona","Lionel Messi"],"articleSection":["Mundo Futbol"],"inLanguage":"es","potentialAction":[{"@type":"CommentAction","name":"Comment","target":["https:\/\/futbolhoy.co\/index.php\/2020\/02\/20\/neymar-uno-de-los-mejores-del-mundo-messi\/#respond"]}]},{"@type":"WebPage","@id":"https:\/\/futbolhoy.co\/index.php\/2020\/02\/20\/neymar-uno-de-los-mejores-del-mundo-messi\/","url":"https:\/\/futbolhoy.co\/index.php\/2020\/02\/20\/neymar-uno-de-los-mejores-del-mundo-messi\/","name":"Neymar, uno de los mejores del mundo: Messi -","isPartOf":{"@id":"https:\/\/futbolhoy.co\/#website"},"primaryImageOfPage":{"@id":"https:\/\/futbolhoy.co\/index.php\/2020\/02\/20\/neymar-uno-de-los-mejores-del-mundo-messi\/#primaryimage"},"image":{"@id":"https:\/\/futbolhoy.co\/index.php\/2020\/02\/20\/neymar-uno-de-los-mejores-del-mundo-messi\/#primaryimage"},"thumbnailUrl":"https:\/\/futbolhoy.co\/wp-content\/uploads\/2020\/01\/messi-decada.jpg","datePublished":"2020-02-20T14:05:43+00:00","dateModified":"2020-02-21T00:31:03+00:00","breadcrumb":{"@id":"https:\/\/futbolhoy.co\/index.php\/2020\/02\/20\/neymar-uno-de-los-mejores-del-mundo-messi\/#breadcrumb"},"inLanguage":"es","potentialAction":[{"@type":"ReadAction","target":["https:\/\/futbolhoy.co\/index.php\/2020\/02\/20\/neymar-uno-de-los-mejores-del-mundo-messi\/"]}]},{"@type":"ImageObject","inLanguage":"es","@id":"https:\/\/futbolhoy.co\/index.php\/2020\/02\/20\/neymar-uno-de-los-mejores-del-mundo-messi\/#primaryimage","url":"https:\/\/futbolhoy.co\/wp-content\/uploads\/2020\/01\/messi-decada.jpg","contentUrl":"https:\/\/futbolhoy.co\/wp-content\/uploads\/2020\/01\/messi-decada.jpg","width":1228,"height":768},{"@type":"BreadcrumbList","@id":"https:\/\/futbolhoy.co\/index.php\/2020\/02\/20\/neymar-uno-de-los-mejores-del-mundo-messi\/#breadcrumb","itemListElement":[{"@type":"ListItem","position":1,"name":"Portada","item":"https:\/\/futbolhoy.co\/"},{"@type":"ListItem","position":2,"name":"Neymar, uno de los mejores del mundo: Messi"}]},{"@type":"WebSite","@id":"https:\/\/futbolhoy.co\/#website","url":"https:\/\/futbolhoy.co\/","name":"FutbolHoy","description":"","publisher":{"@id":"https:\/\/futbolhoy.co\/#organization"},"potentialAction":[{"@type":"SearchAction","target":{"@type":"EntryPoint","urlTemplate":"https:\/\/futbolhoy.co\/?s={search_term_string}"},"query-input":{"@type":"PropertyValueSpecification","valueRequired":true,"valueName":"search_term_string"}}],"inLanguage":"es"},{"@type":"Organization","@id":"https:\/\/futbolhoy.co\/#organization","name":"Futbolhoy.co","url":"https:\/\/futbolhoy.co\/","logo":{"@type":"ImageObject","inLanguage":"es","@id":"https:\/\/futbolhoy.co\/#\/schema\/logo\/image\/","url":"https:\/\/futbolhoy.co\/wp-content\/uploads\/2018\/08\/17426380_1906371736249227_6326180412931521141_n.jpg","contentUrl":"https:\/\/futbolhoy.co\/wp-content\/uploads\/2018\/08\/17426380_1906371736249227_6326180412931521141_n.jpg","width":960,"height":960,"caption":"Futbolhoy.co"},"image":{"@id":"https:\/\/futbolhoy.co\/#\/schema\/logo\/image\/"},"sameAs":["https:\/\/www.facebook.com\/FutbolHoyCol\/","https:\/\/x.com\/FutbolHoyCol","https:\/\/www.instagram.com\/futbolhoycol\/"]},{"@type":"Person","@id":"https:\/\/futbolhoy.co\/#\/schema\/person\/c4a353a512b127643723a34bb1812f7d","name":"Laura Hern\u00e1ndez","image":{"@type":"ImageObject","inLanguage":"es","@id":"https:\/\/futbolhoy.co\/#\/schema\/person\/image\/","url":"https:\/\/secure.gravatar.com\/avatar\/d25959a15b9b293a743f99181c7cfd01?s=96&d=mm&r=g","contentUrl":"https:\/\/secure.gravatar.com\/avatar\/d25959a15b9b293a743f99181c7cfd01?s=96&d=mm&r=g","caption":"Laura Hern\u00e1ndez"}}]}},"publishpress_future_action":{"enabled":false,"date":"2026-05-03 02:56:58","action":"change-status","newStatus":"draft","terms":[],"taxonomy":"category","extraData":[]},"publishpress_future_workflow_manual_trigger":{"enabledWorkflows":[]},"_links":{"self":[{"href":"https:\/\/futbolhoy.co\/index.php\/wp-json\/wp\/v2\/posts\/47864","targetHints":{"allow":["GET"]}}],"collection":[{"href":"https:\/\/futbolhoy.co\/index.php\/wp-json\/wp\/v2\/posts"}],"about":[{"href":"https:\/\/futbolhoy.co\/index.php\/wp-json\/wp\/v2\/types\/post"}],"author":[{"embeddable":true,"href":"https:\/\/futbolhoy.co\/index.php\/wp-json\/wp\/v2\/users\/5"}],"replies":[{"embeddable":true,"href":"https:\/\/futbolhoy.co\/index.php\/wp-json\/wp\/v2\/comments?post=47864"}],"version-history":[{"count":3,"href":"https:\/\/futbolhoy.co\/index.php\/wp-json\/wp\/v2\/posts\/47864\/revisions"}],"predecessor-version":[{"id":47868,"href":"https:\/\/futbolhoy.co\/index.php\/wp-json\/wp\/v2\/posts\/47864\/revisions\/47868"}],"wp:featuredmedia":[{"embeddable":true,"href":"https:\/\/futbolhoy.co\/index.php\/wp-json\/wp\/v2\/media\/45362"}],"wp:attachment":[{"href":"https:\/\/futbolhoy.co\/index.php\/wp-json\/wp\/v2\/media?parent=47864"}],"wp:term":[{"taxonomy":"category","embeddable":true,"href":"https:\/\/futbolhoy.co\/index.php\/wp-json\/wp\/v2\/categories?post=47864"},{"taxonomy":"post_tag","embeddable":true,"href":"https:\/\/futbolhoy.co\/index.php\/wp-json\/wp\/v2\/tags?post=47864"}],"curies":[{"name":"wp","href":"https:\/\/api.w.org\/{rel}","templated":true}]}}