{"id":47876,"date":"2020-02-20T18:30:21","date_gmt":"2020-02-20T23:30:21","guid":{"rendered":"https:\/\/futbolhoy.co\/?p=47876"},"modified":"2020-02-21T10:16:50","modified_gmt":"2020-02-21T15:16:50","slug":"rangers-salvo-victoria-y-diaz-marco-con-porto","status":"publish","type":"post","link":"https:\/\/futbolhoy.co\/index.php\/2020\/02\/20\/rangers-salvo-victoria-y-diaz-marco-con-porto\/","title":{"rendered":"Rangers salv\u00f3 victoria y D\u00edaz marc\u00f3 con Porto"},"content":{"rendered":"<p style=\"text-align: justify;\"><span style=\"font-family: helvetica, arial, sans-serif;\"><strong>Rangers<\/strong> de Escocia, con el colombiano <strong>Alfredo Morelos<\/strong>, logr\u00f3 reaccionar y venci\u00f3 3-2 a <strong>Braga<\/strong> de Portugal, en el partido de ida por los 16avos de final de la Liga de Europa.<\/span><\/p>\n<p style=\"text-align: justify;\"><span style=\"font-family: helvetica, arial, sans-serif;\"><strong>Rangers,<\/strong> que perd\u00eda en casa 2-0, a los 60 minutos, enderez\u00f3 el juego y con doblete del turco Ianis Hagi y un gol de ingl\u00e9s Joe Aribo, logr\u00f3 la victoria.<\/span><\/p>\n<p style=\"text-align: justify;\"><span style=\"font-family: helvetica, arial, sans-serif;\"><strong>Morelos,<\/strong> que jug\u00f3 los 90 minutos, fue amonestado a los 41.<\/span><\/p>\n<p style=\"text-align: justify;\"><span style=\"font-family: helvetica, arial, sans-serif;\">En otro partido, <strong>Bayer Leverkusen<\/strong> venci\u00f3 2-1 al Porto, donde <strong>Luis D\u00edaz<\/strong> jug\u00f3 77 minutos y anot\u00f3 el gol de su equipo, mientras que <strong>Matheus Uribe<\/strong> estuvo todo el juego.<\/span><\/p>\n<p style=\"text-align: justify;\"><span style=\"font-family: helvetica, arial, sans-serif;\">Otros resultados:<\/span><\/p>\n<p style=\"text-align: justify;\"><span style=\"font-family: helvetica, arial, sans-serif;\">Brujas (Eder \u00c1lvarez 47\u2019 y amarilla)\u00a0\u00a01 \u2013 1\u00a0\u00a0Manchester U.<\/span><\/p>\n<p style=\"text-align: justify;\"><span style=\"font-family: helvetica, arial, sans-serif;\">Sporting de Lisboa (Cristian Borja no concentr\u00f3)\u00a0\u00a03 \u2013 1\u00a0\u00a0Istanbul<\/span><\/p>\n<p style=\"text-align: justify;\"><span style=\"font-family: helvetica, arial, sans-serif;\">Olympiacos\u00a0\u00a00 \u2013 1\u00a0\u00a0Arsenal<\/span><\/p>\n<p style=\"text-align: justify;\"><span style=\"font-family: helvetica, arial, sans-serif;\">Wolverhampton\u00a0\u00a04 \u2013 0\u00a0\u00a0Espanyol (Bernardo Espinosa no concentr\u00f3).<\/span><\/p>\n","protected":false},"excerpt":{"rendered":"<p>Rangers de Escocia, con el colombiano Alfredo Morelos, logr\u00f3 reaccionar y venci\u00f3 3-2 a Braga de Portugal, en el partido de ida por los 16avos de final de la Liga de Europa. Rangers, que perd\u00eda en casa 2-0, a los 60 minutos, enderez\u00f3 el juego y con doblete del turco Ianis Hagi y un gol [&hellip;]<\/p>\n","protected":false},"author":5,"featured_media":47877,"comment_status":"open","ping_status":"open","sticky":false,"template":"","format":"standard","meta":{"_acf_changed":false,"footnotes":""},"categories":[152],"tags":[],"class_list":{"0":"post-47876","1":"post","2":"type-post","3":"status-publish","4":"format-standard","5":"has-post-thumbnail","7":"category-mundo-futbol"},"acf":[],"yoast_head":"<!-- This site is optimized with the Yoast SEO plugin v26.8 - https:\/\/yoast.com\/product\/yoast-seo-wordpress\/ -->\n<title>Rangers salv\u00f3 victoria y D\u00edaz marc\u00f3 con Porto -<\/title>\n<meta name=\"robots\" content=\"index, follow, max-snippet:-1, max-image-preview:large, max-video-preview:-1\" \/>\n<link rel=\"canonical\" href=\"https:\/\/futbolhoy.co\/index.php\/2020\/02\/20\/rangers-salvo-victoria-y-diaz-marco-con-porto\/\" \/>\n<meta property=\"og:locale\" content=\"es_ES\" \/>\n<meta property=\"og:type\" content=\"article\" \/>\n<meta property=\"og:title\" content=\"Rangers salv\u00f3 victoria y D\u00edaz marc\u00f3 con Porto -\" \/>\n<meta property=\"og:description\" content=\"Rangers de Escocia, con el colombiano Alfredo Morelos, logr\u00f3 reaccionar y venci\u00f3 3-2 a Braga de Portugal, en el partido de ida por los 16avos de final de la Liga de Europa. Rangers, que perd\u00eda en casa 2-0, a los 60 minutos, enderez\u00f3 el juego y con doblete del turco Ianis Hagi y un gol [&hellip;]\" \/>\n<meta property=\"og:url\" content=\"https:\/\/futbolhoy.co\/index.php\/2020\/02\/20\/rangers-salvo-victoria-y-diaz-marco-con-porto\/\" \/>\n<meta property=\"article:publisher\" content=\"https:\/\/www.facebook.com\/FutbolHoyCol\/\" \/>\n<meta property=\"article:published_time\" content=\"2020-02-20T23:30:21+00:00\" \/>\n<meta property=\"article:modified_time\" content=\"2020-02-21T15:16:50+00:00\" \/>\n<meta property=\"og:image\" content=\"https:\/\/futbolhoy.co\/wp-content\/uploads\/2020\/02\/IMG_20200220_182255.jpg\" \/>\n\t<meta property=\"og:image:width\" content=\"1920\" \/>\n\t<meta property=\"og:image:height\" content=\"1280\" \/>\n\t<meta property=\"og:image:type\" content=\"image\/jpeg\" \/>\n<meta name=\"author\" content=\"Laura Hern\u00e1ndez\" \/>\n<meta name=\"twitter:card\" content=\"summary_large_image\" \/>\n<meta name=\"twitter:creator\" content=\"@FutbolHoyCol\" \/>\n<meta name=\"twitter:site\" content=\"@FutbolHoyCol\" \/>\n<meta name=\"twitter:label1\" content=\"Escrito por\" \/>\n\t<meta name=\"twitter:data1\" content=\"Laura Hern\u00e1ndez\" \/>\n\t<meta name=\"twitter:label2\" content=\"Tiempo de lectura\" \/>\n\t<meta name=\"twitter:data2\" content=\"1 minuto\" \/>\n<script type=\"application\/ld+json\" class=\"yoast-schema-graph\">{\"@context\":\"https:\/\/schema.org\",\"@graph\":[{\"@type\":\"Article\",\"@id\":\"https:\/\/futbolhoy.co\/index.php\/2020\/02\/20\/rangers-salvo-victoria-y-diaz-marco-con-porto\/#article\",\"isPartOf\":{\"@id\":\"https:\/\/futbolhoy.co\/index.php\/2020\/02\/20\/rangers-salvo-victoria-y-diaz-marco-con-porto\/\"},\"author\":{\"name\":\"Laura Hern\u00e1ndez\",\"@id\":\"https:\/\/futbolhoy.co\/#\/schema\/person\/c4a353a512b127643723a34bb1812f7d\"},\"headline\":\"Rangers salv\u00f3 victoria y D\u00edaz marc\u00f3 con Porto\",\"datePublished\":\"2020-02-20T23:30:21+00:00\",\"dateModified\":\"2020-02-21T15:16:50+00:00\",\"mainEntityOfPage\":{\"@id\":\"https:\/\/futbolhoy.co\/index.php\/2020\/02\/20\/rangers-salvo-victoria-y-diaz-marco-con-porto\/\"},\"wordCount\":136,\"commentCount\":0,\"publisher\":{\"@id\":\"https:\/\/futbolhoy.co\/#organization\"},\"image\":{\"@id\":\"https:\/\/futbolhoy.co\/index.php\/2020\/02\/20\/rangers-salvo-victoria-y-diaz-marco-con-porto\/#primaryimage\"},\"thumbnailUrl\":\"https:\/\/futbolhoy.co\/wp-content\/uploads\/2020\/02\/IMG_20200220_182255.jpg\",\"articleSection\":[\"Mundo Futbol\"],\"inLanguage\":\"es\",\"potentialAction\":[{\"@type\":\"CommentAction\",\"name\":\"Comment\",\"target\":[\"https:\/\/futbolhoy.co\/index.php\/2020\/02\/20\/rangers-salvo-victoria-y-diaz-marco-con-porto\/#respond\"]}]},{\"@type\":\"WebPage\",\"@id\":\"https:\/\/futbolhoy.co\/index.php\/2020\/02\/20\/rangers-salvo-victoria-y-diaz-marco-con-porto\/\",\"url\":\"https:\/\/futbolhoy.co\/index.php\/2020\/02\/20\/rangers-salvo-victoria-y-diaz-marco-con-porto\/\",\"name\":\"Rangers salv\u00f3 victoria y D\u00edaz marc\u00f3 con Porto -\",\"isPartOf\":{\"@id\":\"https:\/\/futbolhoy.co\/#website\"},\"primaryImageOfPage\":{\"@id\":\"https:\/\/futbolhoy.co\/index.php\/2020\/02\/20\/rangers-salvo-victoria-y-diaz-marco-con-porto\/#primaryimage\"},\"image\":{\"@id\":\"https:\/\/futbolhoy.co\/index.php\/2020\/02\/20\/rangers-salvo-victoria-y-diaz-marco-con-porto\/#primaryimage\"},\"thumbnailUrl\":\"https:\/\/futbolhoy.co\/wp-content\/uploads\/2020\/02\/IMG_20200220_182255.jpg\",\"datePublished\":\"2020-02-20T23:30:21+00:00\",\"dateModified\":\"2020-02-21T15:16:50+00:00\",\"breadcrumb\":{\"@id\":\"https:\/\/futbolhoy.co\/index.php\/2020\/02\/20\/rangers-salvo-victoria-y-diaz-marco-con-porto\/#breadcrumb\"},\"inLanguage\":\"es\",\"potentialAction\":[{\"@type\":\"ReadAction\",\"target\":[\"https:\/\/futbolhoy.co\/index.php\/2020\/02\/20\/rangers-salvo-victoria-y-diaz-marco-con-porto\/\"]}]},{\"@type\":\"ImageObject\",\"inLanguage\":\"es\",\"@id\":\"https:\/\/futbolhoy.co\/index.php\/2020\/02\/20\/rangers-salvo-victoria-y-diaz-marco-con-porto\/#primaryimage\",\"url\":\"https:\/\/futbolhoy.co\/wp-content\/uploads\/2020\/02\/IMG_20200220_182255.jpg\",\"contentUrl\":\"https:\/\/futbolhoy.co\/wp-content\/uploads\/2020\/02\/IMG_20200220_182255.jpg\",\"width\":1920,\"height\":1280},{\"@type\":\"BreadcrumbList\",\"@id\":\"https:\/\/futbolhoy.co\/index.php\/2020\/02\/20\/rangers-salvo-victoria-y-diaz-marco-con-porto\/#breadcrumb\",\"itemListElement\":[{\"@type\":\"ListItem\",\"position\":1,\"name\":\"Portada\",\"item\":\"https:\/\/futbolhoy.co\/\"},{\"@type\":\"ListItem\",\"position\":2,\"name\":\"Rangers salv\u00f3 victoria y D\u00edaz marc\u00f3 con Porto\"}]},{\"@type\":\"WebSite\",\"@id\":\"https:\/\/futbolhoy.co\/#website\",\"url\":\"https:\/\/futbolhoy.co\/\",\"name\":\"FutbolHoy\",\"description\":\"\",\"publisher\":{\"@id\":\"https:\/\/futbolhoy.co\/#organization\"},\"potentialAction\":[{\"@type\":\"SearchAction\",\"target\":{\"@type\":\"EntryPoint\",\"urlTemplate\":\"https:\/\/futbolhoy.co\/?s={search_term_string}\"},\"query-input\":{\"@type\":\"PropertyValueSpecification\",\"valueRequired\":true,\"valueName\":\"search_term_string\"}}],\"inLanguage\":\"es\"},{\"@type\":\"Organization\",\"@id\":\"https:\/\/futbolhoy.co\/#organization\",\"name\":\"Futbolhoy.co\",\"url\":\"https:\/\/futbolhoy.co\/\",\"logo\":{\"@type\":\"ImageObject\",\"inLanguage\":\"es\",\"@id\":\"https:\/\/futbolhoy.co\/#\/schema\/logo\/image\/\",\"url\":\"https:\/\/futbolhoy.co\/wp-content\/uploads\/2018\/08\/17426380_1906371736249227_6326180412931521141_n.jpg\",\"contentUrl\":\"https:\/\/futbolhoy.co\/wp-content\/uploads\/2018\/08\/17426380_1906371736249227_6326180412931521141_n.jpg\",\"width\":960,\"height\":960,\"caption\":\"Futbolhoy.co\"},\"image\":{\"@id\":\"https:\/\/futbolhoy.co\/#\/schema\/logo\/image\/\"},\"sameAs\":[\"https:\/\/www.facebook.com\/FutbolHoyCol\/\",\"https:\/\/x.com\/FutbolHoyCol\",\"https:\/\/www.instagram.com\/futbolhoycol\/\"]},{\"@type\":\"Person\",\"@id\":\"https:\/\/futbolhoy.co\/#\/schema\/person\/c4a353a512b127643723a34bb1812f7d\",\"name\":\"Laura Hern\u00e1ndez\",\"image\":{\"@type\":\"ImageObject\",\"inLanguage\":\"es\",\"@id\":\"https:\/\/futbolhoy.co\/#\/schema\/person\/image\/\",\"url\":\"https:\/\/secure.gravatar.com\/avatar\/d25959a15b9b293a743f99181c7cfd01?s=96&d=mm&r=g\",\"contentUrl\":\"https:\/\/secure.gravatar.com\/avatar\/d25959a15b9b293a743f99181c7cfd01?s=96&d=mm&r=g\",\"caption\":\"Laura Hern\u00e1ndez\"}}]}<\/script>\n<!-- \/ Yoast SEO plugin. -->","yoast_head_json":{"title":"Rangers salv\u00f3 victoria y D\u00edaz marc\u00f3 con Porto -","robots":{"index":"index","follow":"follow","max-snippet":"max-snippet:-1","max-image-preview":"max-image-preview:large","max-video-preview":"max-video-preview:-1"},"canonical":"https:\/\/futbolhoy.co\/index.php\/2020\/02\/20\/rangers-salvo-victoria-y-diaz-marco-con-porto\/","og_locale":"es_ES","og_type":"article","og_title":"Rangers salv\u00f3 victoria y D\u00edaz marc\u00f3 con Porto -","og_description":"Rangers de Escocia, con el colombiano Alfredo Morelos, logr\u00f3 reaccionar y venci\u00f3 3-2 a Braga de Portugal, en el partido de ida por los 16avos de final de la Liga de Europa. Rangers, que perd\u00eda en casa 2-0, a los 60 minutos, enderez\u00f3 el juego y con doblete del turco Ianis Hagi y un gol [&hellip;]","og_url":"https:\/\/futbolhoy.co\/index.php\/2020\/02\/20\/rangers-salvo-victoria-y-diaz-marco-con-porto\/","article_publisher":"https:\/\/www.facebook.com\/FutbolHoyCol\/","article_published_time":"2020-02-20T23:30:21+00:00","article_modified_time":"2020-02-21T15:16:50+00:00","og_image":[{"width":1920,"height":1280,"url":"https:\/\/futbolhoy.co\/wp-content\/uploads\/2020\/02\/IMG_20200220_182255.jpg","type":"image\/jpeg"}],"author":"Laura Hern\u00e1ndez","twitter_card":"summary_large_image","twitter_creator":"@FutbolHoyCol","twitter_site":"@FutbolHoyCol","twitter_misc":{"Escrito por":"Laura Hern\u00e1ndez","Tiempo de lectura":"1 minuto"},"schema":{"@context":"https:\/\/schema.org","@graph":[{"@type":"Article","@id":"https:\/\/futbolhoy.co\/index.php\/2020\/02\/20\/rangers-salvo-victoria-y-diaz-marco-con-porto\/#article","isPartOf":{"@id":"https:\/\/futbolhoy.co\/index.php\/2020\/02\/20\/rangers-salvo-victoria-y-diaz-marco-con-porto\/"},"author":{"name":"Laura Hern\u00e1ndez","@id":"https:\/\/futbolhoy.co\/#\/schema\/person\/c4a353a512b127643723a34bb1812f7d"},"headline":"Rangers salv\u00f3 victoria y D\u00edaz marc\u00f3 con Porto","datePublished":"2020-02-20T23:30:21+00:00","dateModified":"2020-02-21T15:16:50+00:00","mainEntityOfPage":{"@id":"https:\/\/futbolhoy.co\/index.php\/2020\/02\/20\/rangers-salvo-victoria-y-diaz-marco-con-porto\/"},"wordCount":136,"commentCount":0,"publisher":{"@id":"https:\/\/futbolhoy.co\/#organization"},"image":{"@id":"https:\/\/futbolhoy.co\/index.php\/2020\/02\/20\/rangers-salvo-victoria-y-diaz-marco-con-porto\/#primaryimage"},"thumbnailUrl":"https:\/\/futbolhoy.co\/wp-content\/uploads\/2020\/02\/IMG_20200220_182255.jpg","articleSection":["Mundo Futbol"],"inLanguage":"es","potentialAction":[{"@type":"CommentAction","name":"Comment","target":["https:\/\/futbolhoy.co\/index.php\/2020\/02\/20\/rangers-salvo-victoria-y-diaz-marco-con-porto\/#respond"]}]},{"@type":"WebPage","@id":"https:\/\/futbolhoy.co\/index.php\/2020\/02\/20\/rangers-salvo-victoria-y-diaz-marco-con-porto\/","url":"https:\/\/futbolhoy.co\/index.php\/2020\/02\/20\/rangers-salvo-victoria-y-diaz-marco-con-porto\/","name":"Rangers salv\u00f3 victoria y D\u00edaz marc\u00f3 con Porto -","isPartOf":{"@id":"https:\/\/futbolhoy.co\/#website"},"primaryImageOfPage":{"@id":"https:\/\/futbolhoy.co\/index.php\/2020\/02\/20\/rangers-salvo-victoria-y-diaz-marco-con-porto\/#primaryimage"},"image":{"@id":"https:\/\/futbolhoy.co\/index.php\/2020\/02\/20\/rangers-salvo-victoria-y-diaz-marco-con-porto\/#primaryimage"},"thumbnailUrl":"https:\/\/futbolhoy.co\/wp-content\/uploads\/2020\/02\/IMG_20200220_182255.jpg","datePublished":"2020-02-20T23:30:21+00:00","dateModified":"2020-02-21T15:16:50+00:00","breadcrumb":{"@id":"https:\/\/futbolhoy.co\/index.php\/2020\/02\/20\/rangers-salvo-victoria-y-diaz-marco-con-porto\/#breadcrumb"},"inLanguage":"es","potentialAction":[{"@type":"ReadAction","target":["https:\/\/futbolhoy.co\/index.php\/2020\/02\/20\/rangers-salvo-victoria-y-diaz-marco-con-porto\/"]}]},{"@type":"ImageObject","inLanguage":"es","@id":"https:\/\/futbolhoy.co\/index.php\/2020\/02\/20\/rangers-salvo-victoria-y-diaz-marco-con-porto\/#primaryimage","url":"https:\/\/futbolhoy.co\/wp-content\/uploads\/2020\/02\/IMG_20200220_182255.jpg","contentUrl":"https:\/\/futbolhoy.co\/wp-content\/uploads\/2020\/02\/IMG_20200220_182255.jpg","width":1920,"height":1280},{"@type":"BreadcrumbList","@id":"https:\/\/futbolhoy.co\/index.php\/2020\/02\/20\/rangers-salvo-victoria-y-diaz-marco-con-porto\/#breadcrumb","itemListElement":[{"@type":"ListItem","position":1,"name":"Portada","item":"https:\/\/futbolhoy.co\/"},{"@type":"ListItem","position":2,"name":"Rangers salv\u00f3 victoria y D\u00edaz marc\u00f3 con Porto"}]},{"@type":"WebSite","@id":"https:\/\/futbolhoy.co\/#website","url":"https:\/\/futbolhoy.co\/","name":"FutbolHoy","description":"","publisher":{"@id":"https:\/\/futbolhoy.co\/#organization"},"potentialAction":[{"@type":"SearchAction","target":{"@type":"EntryPoint","urlTemplate":"https:\/\/futbolhoy.co\/?s={search_term_string}"},"query-input":{"@type":"PropertyValueSpecification","valueRequired":true,"valueName":"search_term_string"}}],"inLanguage":"es"},{"@type":"Organization","@id":"https:\/\/futbolhoy.co\/#organization","name":"Futbolhoy.co","url":"https:\/\/futbolhoy.co\/","logo":{"@type":"ImageObject","inLanguage":"es","@id":"https:\/\/futbolhoy.co\/#\/schema\/logo\/image\/","url":"https:\/\/futbolhoy.co\/wp-content\/uploads\/2018\/08\/17426380_1906371736249227_6326180412931521141_n.jpg","contentUrl":"https:\/\/futbolhoy.co\/wp-content\/uploads\/2018\/08\/17426380_1906371736249227_6326180412931521141_n.jpg","width":960,"height":960,"caption":"Futbolhoy.co"},"image":{"@id":"https:\/\/futbolhoy.co\/#\/schema\/logo\/image\/"},"sameAs":["https:\/\/www.facebook.com\/FutbolHoyCol\/","https:\/\/x.com\/FutbolHoyCol","https:\/\/www.instagram.com\/futbolhoycol\/"]},{"@type":"Person","@id":"https:\/\/futbolhoy.co\/#\/schema\/person\/c4a353a512b127643723a34bb1812f7d","name":"Laura Hern\u00e1ndez","image":{"@type":"ImageObject","inLanguage":"es","@id":"https:\/\/futbolhoy.co\/#\/schema\/person\/image\/","url":"https:\/\/secure.gravatar.com\/avatar\/d25959a15b9b293a743f99181c7cfd01?s=96&d=mm&r=g","contentUrl":"https:\/\/secure.gravatar.com\/avatar\/d25959a15b9b293a743f99181c7cfd01?s=96&d=mm&r=g","caption":"Laura Hern\u00e1ndez"}}]}},"publishpress_future_action":{"enabled":false,"date":"2026-05-03 00:11:37","action":"change-status","newStatus":"draft","terms":[],"taxonomy":"category","extraData":[]},"publishpress_future_workflow_manual_trigger":{"enabledWorkflows":[]},"_links":{"self":[{"href":"https:\/\/futbolhoy.co\/index.php\/wp-json\/wp\/v2\/posts\/47876","targetHints":{"allow":["GET"]}}],"collection":[{"href":"https:\/\/futbolhoy.co\/index.php\/wp-json\/wp\/v2\/posts"}],"about":[{"href":"https:\/\/futbolhoy.co\/index.php\/wp-json\/wp\/v2\/types\/post"}],"author":[{"embeddable":true,"href":"https:\/\/futbolhoy.co\/index.php\/wp-json\/wp\/v2\/users\/5"}],"replies":[{"embeddable":true,"href":"https:\/\/futbolhoy.co\/index.php\/wp-json\/wp\/v2\/comments?post=47876"}],"version-history":[{"count":1,"href":"https:\/\/futbolhoy.co\/index.php\/wp-json\/wp\/v2\/posts\/47876\/revisions"}],"predecessor-version":[{"id":47879,"href":"https:\/\/futbolhoy.co\/index.php\/wp-json\/wp\/v2\/posts\/47876\/revisions\/47879"}],"wp:featuredmedia":[{"embeddable":true,"href":"https:\/\/futbolhoy.co\/index.php\/wp-json\/wp\/v2\/media\/47877"}],"wp:attachment":[{"href":"https:\/\/futbolhoy.co\/index.php\/wp-json\/wp\/v2\/media?parent=47876"}],"wp:term":[{"taxonomy":"category","embeddable":true,"href":"https:\/\/futbolhoy.co\/index.php\/wp-json\/wp\/v2\/categories?post=47876"},{"taxonomy":"post_tag","embeddable":true,"href":"https:\/\/futbolhoy.co\/index.php\/wp-json\/wp\/v2\/tags?post=47876"}],"curies":[{"name":"wp","href":"https:\/\/api.w.org\/{rel}","templated":true}]}}