{"id":48172,"date":"2020-02-26T17:10:27","date_gmt":"2020-02-26T22:10:27","guid":{"rendered":"https:\/\/futbolhoy.co\/?p=48172"},"modified":"2020-02-27T07:42:12","modified_gmt":"2020-02-27T12:42:12","slug":"real-madrid-complico-su-continuidad-en-champions","status":"publish","type":"post","link":"https:\/\/futbolhoy.co\/index.php\/2020\/02\/26\/real-madrid-complico-su-continuidad-en-champions\/","title":{"rendered":"Real Madrid complic\u00f3 su continuidad en Champions"},"content":{"rendered":"<p style=\"text-align: justify;\"><span style=\"font-family: helvetica, arial, sans-serif;\"><strong>Manchester City<\/strong> sorprendi\u00f3 al <strong>Real Madrid<\/strong> y con una remontada en 5 minutos, le venci\u00f3 1-2 en el juego de ida por los octavos de final de la <strong>Liga de Campeones<\/strong>.<\/span><\/p>\n<p style=\"text-align: justify;\"><span style=\"font-family: helvetica, arial, sans-serif;\"><strong>Francisco Alarc\u00f3n<\/strong> &#8216;Isco&#8217; abri\u00f3 el marcador a los 60 minutos para los espa\u00f1oles, pero <strong>Gabriel Jes\u00fas<\/strong> logr\u00f3 el empate a los 78 y <strong>Kevin de Bruyne<\/strong> puso el 1-2 de penal a los 83.<\/span><\/p>\n<p style=\"text-align: justify;\"><span style=\"font-family: helvetica, arial, sans-serif;\"><strong>Real<\/strong> termin\u00f3 con 10 hombres tras la expulsi\u00f3n de su capit\u00e1n <strong>Sergio Ramos<\/strong>, a los 86 minutos. El defensa igual\u00f3 a Edgar Davids y <strong>Zlatan Ibrahimovic<\/strong> como los jugadores con m\u00e1s expulsiones, cuatro en la historia de la <strong>Champions.<\/strong><\/span><\/p>\n<p style=\"text-align: justify;\"><span style=\"font-family: helvetica, arial, sans-serif;\">Adem\u00e1s, el estad\u00edgrafo espa\u00f1ol MisterChips, confirm\u00f3 que Ramos complet\u00f3 27 expulsiones en 903 partidos de carrera deportiva.<\/span><\/p>\n<p style=\"text-align: justify;\"><span style=\"font-family: helvetica, arial, sans-serif;\"><strong>Ramos<\/strong> tambi\u00e9n es el jugador con m\u00e1s tarjetas y rojas en la historia de La Liga, de su club y de la selecci\u00f3n de Espa\u00f1a, precis\u00f3.<\/span><\/p>\n<p style=\"text-align: justify;\"><span style=\"font-family: helvetica, arial, sans-serif;\">El t\u00e9cnico <strong>Zinedine Zidane<\/strong> no convoc\u00f3 para este compromiso al colombiano <strong>James Rodr\u00edguez<\/strong>.<\/span><\/p>\n<p style=\"text-align: justify;\"><span style=\"font-family: helvetica, arial, sans-serif;\">Ahora los ingleses, dirigidos por <strong>Pep Guardiola<\/strong>, regresar\u00e1n a casa con el panorama m\u00e1s claro para avanzar a cuartos de final, en el partido de vuelta previsto para el 17 de marzo en <strong>Manchester.<\/strong><\/span><\/p>\n<p style=\"text-align: justify;\"><span style=\"font-family: helvetica, arial, sans-serif;\">Entretanto, en otro compromiso de la jornada, <strong>Lyon<\/strong> se impuso, contra todos los pron\u00f3sticos, 1-0 a la <strong>Juventus.<\/strong><\/span><\/p>\n<p style=\"text-align: justify;\"><span style=\"font-family: helvetica, arial, sans-serif;\"><strong>Lucas Tousart,<\/strong> a los 31 minutos, marc\u00f3 el \u00fanico gol partido donde el equipo italiano domin\u00f3, sobre todo en la segunda parte, pero careci\u00f3 de ocasiones de gol ante la buena defensa francesa.<\/span><\/p>\n<p style=\"text-align: justify;\"><span style=\"font-family: helvetica, arial, sans-serif;\">El colombiano <strong>Juan Guillermo Cuadrado<\/strong>, quien jug\u00f3 70 minutos, fue sustituido por el argentino Gonzalo Higua\u00edn.<\/span><\/p>\n<p style=\"text-align: justify;\"><span style=\"font-family: helvetica, arial, sans-serif;\">El choque de vuelta de esta serie se cumplir\u00e1 el 17 de marzo en Tur\u00edn.<\/span><\/p>\n","protected":false},"excerpt":{"rendered":"<p>Manchester City sorprendi\u00f3 al Real Madrid y con una remontada en 5 minutos, le venci\u00f3 1-2 en el juego de ida por los octavos de final de la Liga de Campeones. Francisco Alarc\u00f3n &#8216;Isco&#8217; abri\u00f3 el marcador a los 60 minutos para los espa\u00f1oles, pero Gabriel Jes\u00fas logr\u00f3 el empate a los 78 y Kevin [&hellip;]<\/p>\n","protected":false},"author":5,"featured_media":48173,"comment_status":"open","ping_status":"closed","sticky":false,"template":"","format":"standard","meta":{"_acf_changed":false,"footnotes":""},"categories":[4],"tags":[],"class_list":["post-48172","post","type-post","status-publish","format-standard","has-post-thumbnail","category-champions-league"],"acf":[],"yoast_head":"<!-- This site is optimized with the Yoast SEO plugin v28.3 - https:\/\/yoast.com\/product\/yoast-seo-wordpress\/ -->\n<title>Real Madrid complic\u00f3 su continuidad en Champions -<\/title>\n<meta name=\"robots\" content=\"index, follow, max-snippet:-1, max-image-preview:large, max-video-preview:-1\" \/>\n<link rel=\"canonical\" href=\"https:\/\/futbolhoy.co\/index.php\/2020\/02\/26\/real-madrid-complico-su-continuidad-en-champions\/\" \/>\n<meta property=\"og:locale\" content=\"es_ES\" \/>\n<meta property=\"og:type\" content=\"article\" \/>\n<meta property=\"og:title\" content=\"Real Madrid complic\u00f3 su continuidad en Champions -\" \/>\n<meta property=\"og:description\" content=\"Manchester City sorprendi\u00f3 al Real Madrid y con una remontada en 5 minutos, le venci\u00f3 1-2 en el juego de ida por los octavos de final de la Liga de Campeones. Francisco Alarc\u00f3n &#8216;Isco&#8217; abri\u00f3 el marcador a los 60 minutos para los espa\u00f1oles, pero Gabriel Jes\u00fas logr\u00f3 el empate a los 78 y Kevin [&hellip;]\" \/>\n<meta property=\"og:url\" content=\"https:\/\/futbolhoy.co\/index.php\/2020\/02\/26\/real-madrid-complico-su-continuidad-en-champions\/\" \/>\n<meta property=\"article:publisher\" content=\"https:\/\/www.facebook.com\/FutbolHoyCol\/\" \/>\n<meta property=\"article:published_time\" content=\"2020-02-26T22:10:27+00:00\" \/>\n<meta property=\"article:modified_time\" content=\"2020-02-27T12:42:12+00:00\" \/>\n<meta property=\"og:image\" content=\"https:\/\/futbolhoy.co\/wp-content\/uploads\/2020\/02\/IMG_20200226_170958.jpg\" \/>\n\t<meta property=\"og:image:width\" content=\"1200\" \/>\n\t<meta property=\"og:image:height\" content=\"675\" \/>\n\t<meta property=\"og:image:type\" content=\"image\/jpeg\" \/>\n<meta name=\"author\" content=\"Laura Hern\u00e1ndez\" \/>\n<meta name=\"twitter:card\" content=\"summary_large_image\" \/>\n<meta name=\"twitter:creator\" content=\"@FutbolHoyCol\" \/>\n<meta name=\"twitter:site\" content=\"@FutbolHoyCol\" \/>\n<meta name=\"twitter:label1\" content=\"Escrito por\" \/>\n\t<meta name=\"twitter:data1\" content=\"Laura Hern\u00e1ndez\" \/>\n\t<meta name=\"twitter:label2\" content=\"Tiempo de lectura\" \/>\n\t<meta name=\"twitter:data2\" content=\"1 minuto\" \/>\n<script type=\"application\/ld+json\" class=\"yoast-schema-graph\">{\"@context\":\"https:\\\/\\\/schema.org\",\"@graph\":[{\"@type\":\"Article\",\"@id\":\"https:\\\/\\\/futbolhoy.co\\\/index.php\\\/2020\\\/02\\\/26\\\/real-madrid-complico-su-continuidad-en-champions\\\/#article\",\"isPartOf\":{\"@id\":\"https:\\\/\\\/futbolhoy.co\\\/index.php\\\/2020\\\/02\\\/26\\\/real-madrid-complico-su-continuidad-en-champions\\\/\"},\"author\":{\"name\":\"Laura Hern\u00e1ndez\",\"@id\":\"https:\\\/\\\/futbolhoy.co\\\/#\\\/schema\\\/person\\\/c4a353a512b127643723a34bb1812f7d\"},\"headline\":\"Real Madrid complic\u00f3 su continuidad en Champions\",\"datePublished\":\"2020-02-26T22:10:27+00:00\",\"dateModified\":\"2020-02-27T12:42:12+00:00\",\"mainEntityOfPage\":{\"@id\":\"https:\\\/\\\/futbolhoy.co\\\/index.php\\\/2020\\\/02\\\/26\\\/real-madrid-complico-su-continuidad-en-champions\\\/\"},\"wordCount\":291,\"commentCount\":0,\"image\":{\"@id\":\"https:\\\/\\\/futbolhoy.co\\\/index.php\\\/2020\\\/02\\\/26\\\/real-madrid-complico-su-continuidad-en-champions\\\/#primaryimage\"},\"thumbnailUrl\":\"https:\\\/\\\/futbolhoy.co\\\/wp-content\\\/uploads\\\/2020\\\/02\\\/IMG_20200226_170958.jpg\",\"articleSection\":[\"Champions League\"],\"inLanguage\":\"es\",\"potentialAction\":[{\"@type\":\"CommentAction\",\"name\":\"Comment\",\"target\":[\"https:\\\/\\\/futbolhoy.co\\\/index.php\\\/2020\\\/02\\\/26\\\/real-madrid-complico-su-continuidad-en-champions\\\/#respond\"]}]},{\"@type\":\"WebPage\",\"@id\":\"https:\\\/\\\/futbolhoy.co\\\/index.php\\\/2020\\\/02\\\/26\\\/real-madrid-complico-su-continuidad-en-champions\\\/\",\"url\":\"https:\\\/\\\/futbolhoy.co\\\/index.php\\\/2020\\\/02\\\/26\\\/real-madrid-complico-su-continuidad-en-champions\\\/\",\"name\":\"Real Madrid complic\u00f3 su continuidad en Champions -\",\"isPartOf\":{\"@id\":\"https:\\\/\\\/futbolhoy.co\\\/#website\"},\"primaryImageOfPage\":{\"@id\":\"https:\\\/\\\/futbolhoy.co\\\/index.php\\\/2020\\\/02\\\/26\\\/real-madrid-complico-su-continuidad-en-champions\\\/#primaryimage\"},\"image\":{\"@id\":\"https:\\\/\\\/futbolhoy.co\\\/index.php\\\/2020\\\/02\\\/26\\\/real-madrid-complico-su-continuidad-en-champions\\\/#primaryimage\"},\"thumbnailUrl\":\"https:\\\/\\\/futbolhoy.co\\\/wp-content\\\/uploads\\\/2020\\\/02\\\/IMG_20200226_170958.jpg\",\"datePublished\":\"2020-02-26T22:10:27+00:00\",\"dateModified\":\"2020-02-27T12:42:12+00:00\",\"author\":{\"@id\":\"https:\\\/\\\/futbolhoy.co\\\/#\\\/schema\\\/person\\\/c4a353a512b127643723a34bb1812f7d\"},\"breadcrumb\":{\"@id\":\"https:\\\/\\\/futbolhoy.co\\\/index.php\\\/2020\\\/02\\\/26\\\/real-madrid-complico-su-continuidad-en-champions\\\/#breadcrumb\"},\"inLanguage\":\"es\",\"potentialAction\":[{\"@type\":\"ReadAction\",\"target\":[\"https:\\\/\\\/futbolhoy.co\\\/index.php\\\/2020\\\/02\\\/26\\\/real-madrid-complico-su-continuidad-en-champions\\\/\"]}]},{\"@type\":\"ImageObject\",\"inLanguage\":\"es\",\"@id\":\"https:\\\/\\\/futbolhoy.co\\\/index.php\\\/2020\\\/02\\\/26\\\/real-madrid-complico-su-continuidad-en-champions\\\/#primaryimage\",\"url\":\"https:\\\/\\\/futbolhoy.co\\\/wp-content\\\/uploads\\\/2020\\\/02\\\/IMG_20200226_170958.jpg\",\"contentUrl\":\"https:\\\/\\\/futbolhoy.co\\\/wp-content\\\/uploads\\\/2020\\\/02\\\/IMG_20200226_170958.jpg\",\"width\":1200,\"height\":675},{\"@type\":\"BreadcrumbList\",\"@id\":\"https:\\\/\\\/futbolhoy.co\\\/index.php\\\/2020\\\/02\\\/26\\\/real-madrid-complico-su-continuidad-en-champions\\\/#breadcrumb\",\"itemListElement\":[{\"@type\":\"ListItem\",\"position\":1,\"name\":\"Portada\",\"item\":\"https:\\\/\\\/futbolhoy.co\\\/\"},{\"@type\":\"ListItem\",\"position\":2,\"name\":\"Real Madrid complic\u00f3 su continuidad en Champions\"}]},{\"@type\":\"WebSite\",\"@id\":\"https:\\\/\\\/futbolhoy.co\\\/#website\",\"url\":\"https:\\\/\\\/futbolhoy.co\\\/\",\"name\":\"FutbolHoy\",\"description\":\"\",\"potentialAction\":[{\"@type\":\"SearchAction\",\"target\":{\"@type\":\"EntryPoint\",\"urlTemplate\":\"https:\\\/\\\/futbolhoy.co\\\/?s={search_term_string}\"},\"query-input\":{\"@type\":\"PropertyValueSpecification\",\"valueRequired\":true,\"valueName\":\"search_term_string\"}}],\"inLanguage\":\"es\"},{\"@type\":\"Person\",\"@id\":\"https:\\\/\\\/futbolhoy.co\\\/#\\\/schema\\\/person\\\/c4a353a512b127643723a34bb1812f7d\",\"name\":\"Laura Hern\u00e1ndez\",\"image\":{\"@type\":\"ImageObject\",\"inLanguage\":\"es\",\"@id\":\"https:\\\/\\\/secure.gravatar.com\\\/avatar\\\/1ae6b7966942c60c822ea71afe0e5cf4105b8e983193883c6d026db4d508431d?s=96&d=mm&r=g\",\"url\":\"https:\\\/\\\/secure.gravatar.com\\\/avatar\\\/1ae6b7966942c60c822ea71afe0e5cf4105b8e983193883c6d026db4d508431d?s=96&d=mm&r=g\",\"contentUrl\":\"https:\\\/\\\/secure.gravatar.com\\\/avatar\\\/1ae6b7966942c60c822ea71afe0e5cf4105b8e983193883c6d026db4d508431d?s=96&d=mm&r=g\",\"caption\":\"Laura Hern\u00e1ndez\"}}]}<\/script>\n<!-- \/ Yoast SEO plugin. -->","yoast_head_json":{"title":"Real Madrid complic\u00f3 su continuidad en Champions -","robots":{"index":"index","follow":"follow","max-snippet":"max-snippet:-1","max-image-preview":"max-image-preview:large","max-video-preview":"max-video-preview:-1"},"canonical":"https:\/\/futbolhoy.co\/index.php\/2020\/02\/26\/real-madrid-complico-su-continuidad-en-champions\/","og_locale":"es_ES","og_type":"article","og_title":"Real Madrid complic\u00f3 su continuidad en Champions -","og_description":"Manchester City sorprendi\u00f3 al Real Madrid y con una remontada en 5 minutos, le venci\u00f3 1-2 en el juego de ida por los octavos de final de la Liga de Campeones. Francisco Alarc\u00f3n &#8216;Isco&#8217; abri\u00f3 el marcador a los 60 minutos para los espa\u00f1oles, pero Gabriel Jes\u00fas logr\u00f3 el empate a los 78 y Kevin [&hellip;]","og_url":"https:\/\/futbolhoy.co\/index.php\/2020\/02\/26\/real-madrid-complico-su-continuidad-en-champions\/","article_publisher":"https:\/\/www.facebook.com\/FutbolHoyCol\/","article_published_time":"2020-02-26T22:10:27+00:00","article_modified_time":"2020-02-27T12:42:12+00:00","og_image":[{"width":1200,"height":675,"url":"https:\/\/futbolhoy.co\/wp-content\/uploads\/2020\/02\/IMG_20200226_170958.jpg","type":"image\/jpeg"}],"author":"Laura Hern\u00e1ndez","twitter_card":"summary_large_image","twitter_creator":"@FutbolHoyCol","twitter_site":"@FutbolHoyCol","twitter_misc":{"Escrito por":"Laura Hern\u00e1ndez","Tiempo de lectura":"1 minuto"},"schema":{"@context":"https:\/\/schema.org","@graph":[{"@type":"Article","@id":"https:\/\/futbolhoy.co\/index.php\/2020\/02\/26\/real-madrid-complico-su-continuidad-en-champions\/#article","isPartOf":{"@id":"https:\/\/futbolhoy.co\/index.php\/2020\/02\/26\/real-madrid-complico-su-continuidad-en-champions\/"},"author":{"name":"Laura Hern\u00e1ndez","@id":"https:\/\/futbolhoy.co\/#\/schema\/person\/c4a353a512b127643723a34bb1812f7d"},"headline":"Real Madrid complic\u00f3 su continuidad en Champions","datePublished":"2020-02-26T22:10:27+00:00","dateModified":"2020-02-27T12:42:12+00:00","mainEntityOfPage":{"@id":"https:\/\/futbolhoy.co\/index.php\/2020\/02\/26\/real-madrid-complico-su-continuidad-en-champions\/"},"wordCount":291,"commentCount":0,"image":{"@id":"https:\/\/futbolhoy.co\/index.php\/2020\/02\/26\/real-madrid-complico-su-continuidad-en-champions\/#primaryimage"},"thumbnailUrl":"https:\/\/futbolhoy.co\/wp-content\/uploads\/2020\/02\/IMG_20200226_170958.jpg","articleSection":["Champions League"],"inLanguage":"es","potentialAction":[{"@type":"CommentAction","name":"Comment","target":["https:\/\/futbolhoy.co\/index.php\/2020\/02\/26\/real-madrid-complico-su-continuidad-en-champions\/#respond"]}]},{"@type":"WebPage","@id":"https:\/\/futbolhoy.co\/index.php\/2020\/02\/26\/real-madrid-complico-su-continuidad-en-champions\/","url":"https:\/\/futbolhoy.co\/index.php\/2020\/02\/26\/real-madrid-complico-su-continuidad-en-champions\/","name":"Real Madrid complic\u00f3 su continuidad en Champions -","isPartOf":{"@id":"https:\/\/futbolhoy.co\/#website"},"primaryImageOfPage":{"@id":"https:\/\/futbolhoy.co\/index.php\/2020\/02\/26\/real-madrid-complico-su-continuidad-en-champions\/#primaryimage"},"image":{"@id":"https:\/\/futbolhoy.co\/index.php\/2020\/02\/26\/real-madrid-complico-su-continuidad-en-champions\/#primaryimage"},"thumbnailUrl":"https:\/\/futbolhoy.co\/wp-content\/uploads\/2020\/02\/IMG_20200226_170958.jpg","datePublished":"2020-02-26T22:10:27+00:00","dateModified":"2020-02-27T12:42:12+00:00","author":{"@id":"https:\/\/futbolhoy.co\/#\/schema\/person\/c4a353a512b127643723a34bb1812f7d"},"breadcrumb":{"@id":"https:\/\/futbolhoy.co\/index.php\/2020\/02\/26\/real-madrid-complico-su-continuidad-en-champions\/#breadcrumb"},"inLanguage":"es","potentialAction":[{"@type":"ReadAction","target":["https:\/\/futbolhoy.co\/index.php\/2020\/02\/26\/real-madrid-complico-su-continuidad-en-champions\/"]}]},{"@type":"ImageObject","inLanguage":"es","@id":"https:\/\/futbolhoy.co\/index.php\/2020\/02\/26\/real-madrid-complico-su-continuidad-en-champions\/#primaryimage","url":"https:\/\/futbolhoy.co\/wp-content\/uploads\/2020\/02\/IMG_20200226_170958.jpg","contentUrl":"https:\/\/futbolhoy.co\/wp-content\/uploads\/2020\/02\/IMG_20200226_170958.jpg","width":1200,"height":675},{"@type":"BreadcrumbList","@id":"https:\/\/futbolhoy.co\/index.php\/2020\/02\/26\/real-madrid-complico-su-continuidad-en-champions\/#breadcrumb","itemListElement":[{"@type":"ListItem","position":1,"name":"Portada","item":"https:\/\/futbolhoy.co\/"},{"@type":"ListItem","position":2,"name":"Real Madrid complic\u00f3 su continuidad en Champions"}]},{"@type":"WebSite","@id":"https:\/\/futbolhoy.co\/#website","url":"https:\/\/futbolhoy.co\/","name":"FutbolHoy","description":"","potentialAction":[{"@type":"SearchAction","target":{"@type":"EntryPoint","urlTemplate":"https:\/\/futbolhoy.co\/?s={search_term_string}"},"query-input":{"@type":"PropertyValueSpecification","valueRequired":true,"valueName":"search_term_string"}}],"inLanguage":"es"},{"@type":"Person","@id":"https:\/\/futbolhoy.co\/#\/schema\/person\/c4a353a512b127643723a34bb1812f7d","name":"Laura Hern\u00e1ndez","image":{"@type":"ImageObject","inLanguage":"es","@id":"https:\/\/secure.gravatar.com\/avatar\/1ae6b7966942c60c822ea71afe0e5cf4105b8e983193883c6d026db4d508431d?s=96&d=mm&r=g","url":"https:\/\/secure.gravatar.com\/avatar\/1ae6b7966942c60c822ea71afe0e5cf4105b8e983193883c6d026db4d508431d?s=96&d=mm&r=g","contentUrl":"https:\/\/secure.gravatar.com\/avatar\/1ae6b7966942c60c822ea71afe0e5cf4105b8e983193883c6d026db4d508431d?s=96&d=mm&r=g","caption":"Laura Hern\u00e1ndez"}}]}},"_links":{"self":[{"href":"https:\/\/futbolhoy.co\/index.php\/wp-json\/wp\/v2\/posts\/48172","targetHints":{"allow":["GET"]}}],"collection":[{"href":"https:\/\/futbolhoy.co\/index.php\/wp-json\/wp\/v2\/posts"}],"about":[{"href":"https:\/\/futbolhoy.co\/index.php\/wp-json\/wp\/v2\/types\/post"}],"author":[{"embeddable":true,"href":"https:\/\/futbolhoy.co\/index.php\/wp-json\/wp\/v2\/users\/5"}],"replies":[{"embeddable":true,"href":"https:\/\/futbolhoy.co\/index.php\/wp-json\/wp\/v2\/comments?post=48172"}],"version-history":[{"count":5,"href":"https:\/\/futbolhoy.co\/index.php\/wp-json\/wp\/v2\/posts\/48172\/revisions"}],"predecessor-version":[{"id":48182,"href":"https:\/\/futbolhoy.co\/index.php\/wp-json\/wp\/v2\/posts\/48172\/revisions\/48182"}],"wp:featuredmedia":[{"embeddable":true,"href":"https:\/\/futbolhoy.co\/index.php\/wp-json\/wp\/v2\/media\/48173"}],"wp:attachment":[{"href":"https:\/\/futbolhoy.co\/index.php\/wp-json\/wp\/v2\/media?parent=48172"}],"wp:term":[{"taxonomy":"category","embeddable":true,"href":"https:\/\/futbolhoy.co\/index.php\/wp-json\/wp\/v2\/categories?post=48172"},{"taxonomy":"post_tag","embeddable":true,"href":"https:\/\/futbolhoy.co\/index.php\/wp-json\/wp\/v2\/tags?post=48172"}],"curies":[{"name":"wp","href":"https:\/\/api.w.org\/{rel}","templated":true}]}}