{"id":48360,"date":"2020-03-01T18:21:21","date_gmt":"2020-03-01T23:21:21","guid":{"rendered":"https:\/\/futbolhoy.co\/?p=48360"},"modified":"2020-03-02T11:17:52","modified_gmt":"2020-03-02T16:17:52","slug":"real-madrid-se-quedo-con-el-clasico-y-el-liderato","status":"publish","type":"post","link":"https:\/\/futbolhoy.co\/index.php\/2020\/03\/01\/real-madrid-se-quedo-con-el-clasico-y-el-liderato\/","title":{"rendered":"Real Madrid se qued\u00f3 con el cl\u00e1sico y el liderato"},"content":{"rendered":"<p style=\"text-align: justify;\"><span style=\"font-family: helvetica, arial, sans-serif;\">Real Madrid\u00a0venci\u00f3 2-0 como local, en el estadio\u00a0<b>Santiago Bernab\u00e9u<\/b>, al\u00a0<b>Barcelona<\/b>\u00a0en la jornada 26 de\u00a0<b>LaLiga\u00a0<\/b>y recuper\u00f3 la punta del campeonato con 56 puntos, uno m\u00e1s que su rival de turno.<\/span><\/p>\n<p style=\"text-align: justify;\"><span style=\"font-family: helvetica, arial, sans-serif;\">El cl\u00e1sico del f\u00fatbol espa\u00f1ol tuvo como protagonistas a los arqueros\u00a0<b>Thibaut Courtois<\/b>\u00a0en el local durante los primeros 45 minutos y\u00a0<b>Marc Andr\u00e9 Ter Stegen<\/b>\u00a0en el visitante en la etapa complementaria, aunque permiti\u00f3 las dos anotaciones del Madrid por el palo que deb\u00eda defender.<\/span><\/p>\n<p style=\"text-align: justify;\"><span style=\"font-family: helvetica, arial, sans-serif;\">Los goles del 'merengue' fueron marcados por el brasile\u00f1os\u00a0<b>Vinicius Jr.<\/b>\u00a0a los 71 minutos y\u00a0<b>Mariano\u00a0<\/b>a los 90 +2.<\/span><\/p>\n<p style=\"text-align: justify;\"><span style=\"font-family: helvetica, arial, sans-serif;\">El primer tiempo Barcelona domin\u00f3 las acciones y tuvo las opciones m\u00e1s claras; mientras que para el segundo per\u00edodo el dominio fue pleno del Madrid, con un baj\u00f3n futbol\u00edstico y protag\u00f3nico de Lionel Messi.<\/span><\/p>\n<p style=\"text-align: justify;\"><span style=\"font-family: helvetica, arial, sans-serif;\"><b>Formaciones:<\/b><\/span><\/p>\n<div style=\"text-align: justify;\">\n<p style=\"text-align: justify;\"><span style=\"font-family: helvetica, arial, sans-serif;\"><b>Real Madrid:\u00a0<\/b>Thibaut Courtois; Dani Carvajal, Raphael Varane, Sergio Ramos, Marcelo; Casemiro, Federico Valverde (Lucas V\u00e1zquez 86'), Toni Kroos, Isco (Luka Modric 79'); Vinicius Jr. y Karim Benzema (Mariano 90').<\/span><\/p>\n<p style=\"text-align: justify;\"><span style=\"font-family: helvetica, arial, sans-serif;\"><b>Barcelona:<\/b>\u00a0Marc Andr\u00e9 Ter Stegen; Nelson Semedo, Gerard Piqu\u00e9, Samuel Umtiti, Jordi Alba; Sergio Busquets, Frenkie De Jong, Arthur (Iv\u00e1n Rakitic 81'), Arturo Vidal (Martin Braithwate 69'); Lionel Messi, y Antoine Griezmann (Ansu Fati 81').<\/span><\/p>\n<\/div>\n","protected":false},"excerpt":{"rendered":"<p>Real Madrid\u00a0venci\u00f3 2-0 como local, en el estadio\u00a0Santiago Bernab\u00e9u, al\u00a0Barcelona\u00a0en la jornada 26 de\u00a0LaLiga\u00a0y recuper\u00f3 la punta del campeonato con 56 puntos, uno m\u00e1s que su rival de turno. El cl\u00e1sico del f\u00fatbol espa\u00f1ol tuvo como protagonistas a los arqueros\u00a0Thibaut Courtois\u00a0en el local durante los primeros 45 minutos y\u00a0Marc Andr\u00e9 Ter Stegen\u00a0en el visitante en [&hellip;]<\/p>\n","protected":false},"author":5,"featured_media":48361,"comment_status":"open","ping_status":"open","sticky":false,"template":"","format":"standard","meta":{"_acf_changed":false,"footnotes":""},"categories":[152],"tags":[],"class_list":{"0":"post-48360","1":"post","2":"type-post","3":"status-publish","4":"format-standard","5":"has-post-thumbnail","7":"category-mundo-futbol"},"acf":[],"yoast_head":"<!-- This site is optimized with the Yoast SEO plugin v26.8 - https:\/\/yoast.com\/product\/yoast-seo-wordpress\/ -->\n<title>Real Madrid se qued\u00f3 con el cl\u00e1sico y el liderato -<\/title>\n<meta name=\"robots\" content=\"index, follow, max-snippet:-1, max-image-preview:large, max-video-preview:-1\" \/>\n<link rel=\"canonical\" href=\"https:\/\/futbolhoy.co\/index.php\/2020\/03\/01\/real-madrid-se-quedo-con-el-clasico-y-el-liderato\/\" \/>\n<meta property=\"og:locale\" content=\"es_ES\" \/>\n<meta property=\"og:type\" content=\"article\" \/>\n<meta property=\"og:title\" content=\"Real Madrid se qued\u00f3 con el cl\u00e1sico y el liderato -\" \/>\n<meta property=\"og:description\" content=\"Real Madrid\u00a0venci\u00f3 2-0 como local, en el estadio\u00a0Santiago Bernab\u00e9u, al\u00a0Barcelona\u00a0en la jornada 26 de\u00a0LaLiga\u00a0y recuper\u00f3 la punta del campeonato con 56 puntos, uno m\u00e1s que su rival de turno. El cl\u00e1sico del f\u00fatbol espa\u00f1ol tuvo como protagonistas a los arqueros\u00a0Thibaut Courtois\u00a0en el local durante los primeros 45 minutos y\u00a0Marc Andr\u00e9 Ter Stegen\u00a0en el visitante en [&hellip;]\" \/>\n<meta property=\"og:url\" content=\"https:\/\/futbolhoy.co\/index.php\/2020\/03\/01\/real-madrid-se-quedo-con-el-clasico-y-el-liderato\/\" \/>\n<meta property=\"article:publisher\" content=\"https:\/\/www.facebook.com\/FutbolHoyCol\/\" \/>\n<meta property=\"article:published_time\" content=\"2020-03-01T23:21:21+00:00\" \/>\n<meta property=\"article:modified_time\" content=\"2020-03-02T16:17:52+00:00\" \/>\n<meta property=\"og:image\" content=\"https:\/\/futbolhoy.co\/wp-content\/uploads\/2020\/03\/IMG_20200301_174509.jpg\" \/>\n\t<meta property=\"og:image:width\" content=\"1080\" \/>\n\t<meta property=\"og:image:height\" content=\"1080\" \/>\n\t<meta property=\"og:image:type\" content=\"image\/jpeg\" \/>\n<meta name=\"author\" content=\"Laura Hern\u00e1ndez\" \/>\n<meta name=\"twitter:card\" content=\"summary_large_image\" \/>\n<meta name=\"twitter:creator\" content=\"@FutbolHoyCol\" \/>\n<meta name=\"twitter:site\" content=\"@FutbolHoyCol\" \/>\n<meta name=\"twitter:label1\" content=\"Escrito por\" \/>\n\t<meta name=\"twitter:data1\" content=\"Laura Hern\u00e1ndez\" \/>\n\t<meta name=\"twitter:label2\" content=\"Tiempo de lectura\" \/>\n\t<meta name=\"twitter:data2\" content=\"1 minuto\" \/>\n<script type=\"application\/ld+json\" class=\"yoast-schema-graph\">{\"@context\":\"https:\/\/schema.org\",\"@graph\":[{\"@type\":\"Article\",\"@id\":\"https:\/\/futbolhoy.co\/index.php\/2020\/03\/01\/real-madrid-se-quedo-con-el-clasico-y-el-liderato\/#article\",\"isPartOf\":{\"@id\":\"https:\/\/futbolhoy.co\/index.php\/2020\/03\/01\/real-madrid-se-quedo-con-el-clasico-y-el-liderato\/\"},\"author\":{\"name\":\"Laura Hern\u00e1ndez\",\"@id\":\"https:\/\/futbolhoy.co\/#\/schema\/person\/c4a353a512b127643723a34bb1812f7d\"},\"headline\":\"Real Madrid se qued\u00f3 con el cl\u00e1sico y el liderato\",\"datePublished\":\"2020-03-01T23:21:21+00:00\",\"dateModified\":\"2020-03-02T16:17:52+00:00\",\"mainEntityOfPage\":{\"@id\":\"https:\/\/futbolhoy.co\/index.php\/2020\/03\/01\/real-madrid-se-quedo-con-el-clasico-y-el-liderato\/\"},\"wordCount\":221,\"commentCount\":0,\"publisher\":{\"@id\":\"https:\/\/futbolhoy.co\/#organization\"},\"image\":{\"@id\":\"https:\/\/futbolhoy.co\/index.php\/2020\/03\/01\/real-madrid-se-quedo-con-el-clasico-y-el-liderato\/#primaryimage\"},\"thumbnailUrl\":\"https:\/\/futbolhoy.co\/wp-content\/uploads\/2020\/03\/IMG_20200301_174509.jpg\",\"articleSection\":[\"Mundo Futbol\"],\"inLanguage\":\"es\",\"potentialAction\":[{\"@type\":\"CommentAction\",\"name\":\"Comment\",\"target\":[\"https:\/\/futbolhoy.co\/index.php\/2020\/03\/01\/real-madrid-se-quedo-con-el-clasico-y-el-liderato\/#respond\"]}]},{\"@type\":\"WebPage\",\"@id\":\"https:\/\/futbolhoy.co\/index.php\/2020\/03\/01\/real-madrid-se-quedo-con-el-clasico-y-el-liderato\/\",\"url\":\"https:\/\/futbolhoy.co\/index.php\/2020\/03\/01\/real-madrid-se-quedo-con-el-clasico-y-el-liderato\/\",\"name\":\"Real Madrid se qued\u00f3 con el cl\u00e1sico y el liderato -\",\"isPartOf\":{\"@id\":\"https:\/\/futbolhoy.co\/#website\"},\"primaryImageOfPage\":{\"@id\":\"https:\/\/futbolhoy.co\/index.php\/2020\/03\/01\/real-madrid-se-quedo-con-el-clasico-y-el-liderato\/#primaryimage\"},\"image\":{\"@id\":\"https:\/\/futbolhoy.co\/index.php\/2020\/03\/01\/real-madrid-se-quedo-con-el-clasico-y-el-liderato\/#primaryimage\"},\"thumbnailUrl\":\"https:\/\/futbolhoy.co\/wp-content\/uploads\/2020\/03\/IMG_20200301_174509.jpg\",\"datePublished\":\"2020-03-01T23:21:21+00:00\",\"dateModified\":\"2020-03-02T16:17:52+00:00\",\"breadcrumb\":{\"@id\":\"https:\/\/futbolhoy.co\/index.php\/2020\/03\/01\/real-madrid-se-quedo-con-el-clasico-y-el-liderato\/#breadcrumb\"},\"inLanguage\":\"es\",\"potentialAction\":[{\"@type\":\"ReadAction\",\"target\":[\"https:\/\/futbolhoy.co\/index.php\/2020\/03\/01\/real-madrid-se-quedo-con-el-clasico-y-el-liderato\/\"]}]},{\"@type\":\"ImageObject\",\"inLanguage\":\"es\",\"@id\":\"https:\/\/futbolhoy.co\/index.php\/2020\/03\/01\/real-madrid-se-quedo-con-el-clasico-y-el-liderato\/#primaryimage\",\"url\":\"https:\/\/futbolhoy.co\/wp-content\/uploads\/2020\/03\/IMG_20200301_174509.jpg\",\"contentUrl\":\"https:\/\/futbolhoy.co\/wp-content\/uploads\/2020\/03\/IMG_20200301_174509.jpg\",\"width\":1080,\"height\":1080},{\"@type\":\"BreadcrumbList\",\"@id\":\"https:\/\/futbolhoy.co\/index.php\/2020\/03\/01\/real-madrid-se-quedo-con-el-clasico-y-el-liderato\/#breadcrumb\",\"itemListElement\":[{\"@type\":\"ListItem\",\"position\":1,\"name\":\"Portada\",\"item\":\"https:\/\/futbolhoy.co\/\"},{\"@type\":\"ListItem\",\"position\":2,\"name\":\"Real Madrid se qued\u00f3 con el cl\u00e1sico y el liderato\"}]},{\"@type\":\"WebSite\",\"@id\":\"https:\/\/futbolhoy.co\/#website\",\"url\":\"https:\/\/futbolhoy.co\/\",\"name\":\"FutbolHoy\",\"description\":\"\",\"publisher\":{\"@id\":\"https:\/\/futbolhoy.co\/#organization\"},\"potentialAction\":[{\"@type\":\"SearchAction\",\"target\":{\"@type\":\"EntryPoint\",\"urlTemplate\":\"https:\/\/futbolhoy.co\/?s={search_term_string}\"},\"query-input\":{\"@type\":\"PropertyValueSpecification\",\"valueRequired\":true,\"valueName\":\"search_term_string\"}}],\"inLanguage\":\"es\"},{\"@type\":\"Organization\",\"@id\":\"https:\/\/futbolhoy.co\/#organization\",\"name\":\"Futbolhoy.co\",\"url\":\"https:\/\/futbolhoy.co\/\",\"logo\":{\"@type\":\"ImageObject\",\"inLanguage\":\"es\",\"@id\":\"https:\/\/futbolhoy.co\/#\/schema\/logo\/image\/\",\"url\":\"https:\/\/futbolhoy.co\/wp-content\/uploads\/2018\/08\/17426380_1906371736249227_6326180412931521141_n.jpg\",\"contentUrl\":\"https:\/\/futbolhoy.co\/wp-content\/uploads\/2018\/08\/17426380_1906371736249227_6326180412931521141_n.jpg\",\"width\":960,\"height\":960,\"caption\":\"Futbolhoy.co\"},\"image\":{\"@id\":\"https:\/\/futbolhoy.co\/#\/schema\/logo\/image\/\"},\"sameAs\":[\"https:\/\/www.facebook.com\/FutbolHoyCol\/\",\"https:\/\/x.com\/FutbolHoyCol\",\"https:\/\/www.instagram.com\/futbolhoycol\/\"]},{\"@type\":\"Person\",\"@id\":\"https:\/\/futbolhoy.co\/#\/schema\/person\/c4a353a512b127643723a34bb1812f7d\",\"name\":\"Laura Hern\u00e1ndez\",\"image\":{\"@type\":\"ImageObject\",\"inLanguage\":\"es\",\"@id\":\"https:\/\/futbolhoy.co\/#\/schema\/person\/image\/\",\"url\":\"https:\/\/secure.gravatar.com\/avatar\/d25959a15b9b293a743f99181c7cfd01?s=96&d=mm&r=g\",\"contentUrl\":\"https:\/\/secure.gravatar.com\/avatar\/d25959a15b9b293a743f99181c7cfd01?s=96&d=mm&r=g\",\"caption\":\"Laura Hern\u00e1ndez\"}}]}<\/script>\n<!-- \/ Yoast SEO plugin. -->","yoast_head_json":{"title":"Real Madrid se qued\u00f3 con el cl\u00e1sico y el liderato -","robots":{"index":"index","follow":"follow","max-snippet":"max-snippet:-1","max-image-preview":"max-image-preview:large","max-video-preview":"max-video-preview:-1"},"canonical":"https:\/\/futbolhoy.co\/index.php\/2020\/03\/01\/real-madrid-se-quedo-con-el-clasico-y-el-liderato\/","og_locale":"es_ES","og_type":"article","og_title":"Real Madrid se qued\u00f3 con el cl\u00e1sico y el liderato -","og_description":"Real Madrid\u00a0venci\u00f3 2-0 como local, en el estadio\u00a0Santiago Bernab\u00e9u, al\u00a0Barcelona\u00a0en la jornada 26 de\u00a0LaLiga\u00a0y recuper\u00f3 la punta del campeonato con 56 puntos, uno m\u00e1s que su rival de turno. El cl\u00e1sico del f\u00fatbol espa\u00f1ol tuvo como protagonistas a los arqueros\u00a0Thibaut Courtois\u00a0en el local durante los primeros 45 minutos y\u00a0Marc Andr\u00e9 Ter Stegen\u00a0en el visitante en [&hellip;]","og_url":"https:\/\/futbolhoy.co\/index.php\/2020\/03\/01\/real-madrid-se-quedo-con-el-clasico-y-el-liderato\/","article_publisher":"https:\/\/www.facebook.com\/FutbolHoyCol\/","article_published_time":"2020-03-01T23:21:21+00:00","article_modified_time":"2020-03-02T16:17:52+00:00","og_image":[{"width":1080,"height":1080,"url":"https:\/\/futbolhoy.co\/wp-content\/uploads\/2020\/03\/IMG_20200301_174509.jpg","type":"image\/jpeg"}],"author":"Laura Hern\u00e1ndez","twitter_card":"summary_large_image","twitter_creator":"@FutbolHoyCol","twitter_site":"@FutbolHoyCol","twitter_misc":{"Escrito por":"Laura Hern\u00e1ndez","Tiempo de lectura":"1 minuto"},"schema":{"@context":"https:\/\/schema.org","@graph":[{"@type":"Article","@id":"https:\/\/futbolhoy.co\/index.php\/2020\/03\/01\/real-madrid-se-quedo-con-el-clasico-y-el-liderato\/#article","isPartOf":{"@id":"https:\/\/futbolhoy.co\/index.php\/2020\/03\/01\/real-madrid-se-quedo-con-el-clasico-y-el-liderato\/"},"author":{"name":"Laura Hern\u00e1ndez","@id":"https:\/\/futbolhoy.co\/#\/schema\/person\/c4a353a512b127643723a34bb1812f7d"},"headline":"Real Madrid se qued\u00f3 con el cl\u00e1sico y el liderato","datePublished":"2020-03-01T23:21:21+00:00","dateModified":"2020-03-02T16:17:52+00:00","mainEntityOfPage":{"@id":"https:\/\/futbolhoy.co\/index.php\/2020\/03\/01\/real-madrid-se-quedo-con-el-clasico-y-el-liderato\/"},"wordCount":221,"commentCount":0,"publisher":{"@id":"https:\/\/futbolhoy.co\/#organization"},"image":{"@id":"https:\/\/futbolhoy.co\/index.php\/2020\/03\/01\/real-madrid-se-quedo-con-el-clasico-y-el-liderato\/#primaryimage"},"thumbnailUrl":"https:\/\/futbolhoy.co\/wp-content\/uploads\/2020\/03\/IMG_20200301_174509.jpg","articleSection":["Mundo Futbol"],"inLanguage":"es","potentialAction":[{"@type":"CommentAction","name":"Comment","target":["https:\/\/futbolhoy.co\/index.php\/2020\/03\/01\/real-madrid-se-quedo-con-el-clasico-y-el-liderato\/#respond"]}]},{"@type":"WebPage","@id":"https:\/\/futbolhoy.co\/index.php\/2020\/03\/01\/real-madrid-se-quedo-con-el-clasico-y-el-liderato\/","url":"https:\/\/futbolhoy.co\/index.php\/2020\/03\/01\/real-madrid-se-quedo-con-el-clasico-y-el-liderato\/","name":"Real Madrid se qued\u00f3 con el cl\u00e1sico y el liderato -","isPartOf":{"@id":"https:\/\/futbolhoy.co\/#website"},"primaryImageOfPage":{"@id":"https:\/\/futbolhoy.co\/index.php\/2020\/03\/01\/real-madrid-se-quedo-con-el-clasico-y-el-liderato\/#primaryimage"},"image":{"@id":"https:\/\/futbolhoy.co\/index.php\/2020\/03\/01\/real-madrid-se-quedo-con-el-clasico-y-el-liderato\/#primaryimage"},"thumbnailUrl":"https:\/\/futbolhoy.co\/wp-content\/uploads\/2020\/03\/IMG_20200301_174509.jpg","datePublished":"2020-03-01T23:21:21+00:00","dateModified":"2020-03-02T16:17:52+00:00","breadcrumb":{"@id":"https:\/\/futbolhoy.co\/index.php\/2020\/03\/01\/real-madrid-se-quedo-con-el-clasico-y-el-liderato\/#breadcrumb"},"inLanguage":"es","potentialAction":[{"@type":"ReadAction","target":["https:\/\/futbolhoy.co\/index.php\/2020\/03\/01\/real-madrid-se-quedo-con-el-clasico-y-el-liderato\/"]}]},{"@type":"ImageObject","inLanguage":"es","@id":"https:\/\/futbolhoy.co\/index.php\/2020\/03\/01\/real-madrid-se-quedo-con-el-clasico-y-el-liderato\/#primaryimage","url":"https:\/\/futbolhoy.co\/wp-content\/uploads\/2020\/03\/IMG_20200301_174509.jpg","contentUrl":"https:\/\/futbolhoy.co\/wp-content\/uploads\/2020\/03\/IMG_20200301_174509.jpg","width":1080,"height":1080},{"@type":"BreadcrumbList","@id":"https:\/\/futbolhoy.co\/index.php\/2020\/03\/01\/real-madrid-se-quedo-con-el-clasico-y-el-liderato\/#breadcrumb","itemListElement":[{"@type":"ListItem","position":1,"name":"Portada","item":"https:\/\/futbolhoy.co\/"},{"@type":"ListItem","position":2,"name":"Real Madrid se qued\u00f3 con el cl\u00e1sico y el liderato"}]},{"@type":"WebSite","@id":"https:\/\/futbolhoy.co\/#website","url":"https:\/\/futbolhoy.co\/","name":"FutbolHoy","description":"","publisher":{"@id":"https:\/\/futbolhoy.co\/#organization"},"potentialAction":[{"@type":"SearchAction","target":{"@type":"EntryPoint","urlTemplate":"https:\/\/futbolhoy.co\/?s={search_term_string}"},"query-input":{"@type":"PropertyValueSpecification","valueRequired":true,"valueName":"search_term_string"}}],"inLanguage":"es"},{"@type":"Organization","@id":"https:\/\/futbolhoy.co\/#organization","name":"Futbolhoy.co","url":"https:\/\/futbolhoy.co\/","logo":{"@type":"ImageObject","inLanguage":"es","@id":"https:\/\/futbolhoy.co\/#\/schema\/logo\/image\/","url":"https:\/\/futbolhoy.co\/wp-content\/uploads\/2018\/08\/17426380_1906371736249227_6326180412931521141_n.jpg","contentUrl":"https:\/\/futbolhoy.co\/wp-content\/uploads\/2018\/08\/17426380_1906371736249227_6326180412931521141_n.jpg","width":960,"height":960,"caption":"Futbolhoy.co"},"image":{"@id":"https:\/\/futbolhoy.co\/#\/schema\/logo\/image\/"},"sameAs":["https:\/\/www.facebook.com\/FutbolHoyCol\/","https:\/\/x.com\/FutbolHoyCol","https:\/\/www.instagram.com\/futbolhoycol\/"]},{"@type":"Person","@id":"https:\/\/futbolhoy.co\/#\/schema\/person\/c4a353a512b127643723a34bb1812f7d","name":"Laura Hern\u00e1ndez","image":{"@type":"ImageObject","inLanguage":"es","@id":"https:\/\/futbolhoy.co\/#\/schema\/person\/image\/","url":"https:\/\/secure.gravatar.com\/avatar\/d25959a15b9b293a743f99181c7cfd01?s=96&d=mm&r=g","contentUrl":"https:\/\/secure.gravatar.com\/avatar\/d25959a15b9b293a743f99181c7cfd01?s=96&d=mm&r=g","caption":"Laura Hern\u00e1ndez"}}]}},"publishpress_future_action":{"enabled":false,"date":"2026-05-03 05:32:41","action":"change-status","newStatus":"draft","terms":[],"taxonomy":"category","extraData":[]},"publishpress_future_workflow_manual_trigger":{"enabledWorkflows":[]},"_links":{"self":[{"href":"https:\/\/futbolhoy.co\/index.php\/wp-json\/wp\/v2\/posts\/48360","targetHints":{"allow":["GET"]}}],"collection":[{"href":"https:\/\/futbolhoy.co\/index.php\/wp-json\/wp\/v2\/posts"}],"about":[{"href":"https:\/\/futbolhoy.co\/index.php\/wp-json\/wp\/v2\/types\/post"}],"author":[{"embeddable":true,"href":"https:\/\/futbolhoy.co\/index.php\/wp-json\/wp\/v2\/users\/5"}],"replies":[{"embeddable":true,"href":"https:\/\/futbolhoy.co\/index.php\/wp-json\/wp\/v2\/comments?post=48360"}],"version-history":[{"count":4,"href":"https:\/\/futbolhoy.co\/index.php\/wp-json\/wp\/v2\/posts\/48360\/revisions"}],"predecessor-version":[{"id":48390,"href":"https:\/\/futbolhoy.co\/index.php\/wp-json\/wp\/v2\/posts\/48360\/revisions\/48390"}],"wp:featuredmedia":[{"embeddable":true,"href":"https:\/\/futbolhoy.co\/index.php\/wp-json\/wp\/v2\/media\/48361"}],"wp:attachment":[{"href":"https:\/\/futbolhoy.co\/index.php\/wp-json\/wp\/v2\/media?parent=48360"}],"wp:term":[{"taxonomy":"category","embeddable":true,"href":"https:\/\/futbolhoy.co\/index.php\/wp-json\/wp\/v2\/categories?post=48360"},{"taxonomy":"post_tag","embeddable":true,"href":"https:\/\/futbolhoy.co\/index.php\/wp-json\/wp\/v2\/tags?post=48360"}],"curies":[{"name":"wp","href":"https:\/\/api.w.org\/{rel}","templated":true}]}}