{"id":48400,"date":"2020-03-02T06:41:52","date_gmt":"2020-03-02T11:41:52","guid":{"rendered":"https:\/\/futbolhoy.co\/?p=48400"},"modified":"2020-03-02T09:07:03","modified_gmt":"2020-03-02T14:07:03","slug":"sampaoli-debutara-el-sabado-con-el-mineiro","status":"publish","type":"post","link":"https:\/\/futbolhoy.co\/index.php\/2020\/03\/02\/sampaoli-debutara-el-sabado-con-el-mineiro\/","title":{"rendered":"Sampaoli debutar\u00e1 el s\u00e1bado con el Mineiro"},"content":{"rendered":"<p style=\"text-align: justify;\"><span style=\"font-family: helvetica, arial, sans-serif;\">El t\u00e9cnico argentino <strong>Jorge<\/strong> <strong>Sampaoli<\/strong>, quien fue confirmado como nuevo entrenador del <strong>Atl\u00e9tico Mineiro,<\/strong> ser\u00e1 presentado este martes.<\/span><\/p>\n<p style=\"text-align: justify;\"><span style=\"font-family: helvetica, arial, sans-serif;\">El ex seleccionador albiceleste y de <strong>Chile<\/strong>, suceder\u00e1 al venezolano <strong>Rafael Dudamel<\/strong>, cesado el pasado jueves tras la eliminaci\u00f3n del Mineiro en la <strong>Copa de Brasil<\/strong>, frente a un equipo de cuarta divisi\u00f3n.<\/span><\/p>\n<p style=\"text-align: justify;\"><span style=\"font-family: helvetica, arial, sans-serif;\">Sampaoli, quien dirigi\u00f3 al <strong>Santos<\/strong> hasta diciembre, era el primer candidato para el cargo, pero no se lleg\u00f3 a un acuerdo econ\u00f3mico y el club contrat\u00f3 a Dudamel.<\/span><\/p>\n<p style=\"text-align: justify;\"><span style=\"font-family: helvetica, arial, sans-serif;\">El debut de Sampaoli deber\u00e1 ocurrir el s\u00e1bado en el derbi de <strong>Belo Horizonte<\/strong> ante el <strong>Cruzeiro<\/strong>, en partido por el <strong>Campeonato Mineiro<\/strong><\/span><\/p>\n","protected":false},"excerpt":{"rendered":"<p>El t\u00e9cnico argentino Jorge Sampaoli, quien fue confirmado como nuevo entrenador del Atl\u00e9tico Mineiro, ser\u00e1 presentado este martes. El ex seleccionador albiceleste y de Chile, suceder\u00e1 al venezolano Rafael Dudamel, cesado el pasado jueves tras la eliminaci\u00f3n del Mineiro en la Copa de Brasil, frente a un equipo de cuarta divisi\u00f3n. Sampaoli, quien dirigi\u00f3 al [&hellip;]<\/p>\n","protected":false},"author":5,"featured_media":35709,"comment_status":"open","ping_status":"open","sticky":false,"template":"","format":"standard","meta":{"_acf_changed":false,"footnotes":""},"categories":[5],"tags":[887,334],"class_list":{"0":"post-48400","1":"post","2":"type-post","3":"status-publish","4":"format-standard","5":"has-post-thumbnail","7":"category-destacados","8":"tag-atletico-mineiro","9":"tag-jorge-sampaoli"},"acf":[],"yoast_head":"<!-- This site is optimized with the Yoast SEO plugin v26.8 - https:\/\/yoast.com\/product\/yoast-seo-wordpress\/ -->\n<title>Sampaoli debutar\u00e1 el s\u00e1bado con el Mineiro -<\/title>\n<meta name=\"robots\" content=\"index, follow, max-snippet:-1, max-image-preview:large, max-video-preview:-1\" \/>\n<link rel=\"canonical\" href=\"https:\/\/futbolhoy.co\/index.php\/2020\/03\/02\/sampaoli-debutara-el-sabado-con-el-mineiro\/\" \/>\n<meta property=\"og:locale\" content=\"es_ES\" \/>\n<meta property=\"og:type\" content=\"article\" \/>\n<meta property=\"og:title\" content=\"Sampaoli debutar\u00e1 el s\u00e1bado con el Mineiro -\" \/>\n<meta property=\"og:description\" content=\"El t\u00e9cnico argentino Jorge Sampaoli, quien fue confirmado como nuevo entrenador del Atl\u00e9tico Mineiro, ser\u00e1 presentado este martes. El ex seleccionador albiceleste y de Chile, suceder\u00e1 al venezolano Rafael Dudamel, cesado el pasado jueves tras la eliminaci\u00f3n del Mineiro en la Copa de Brasil, frente a un equipo de cuarta divisi\u00f3n. Sampaoli, quien dirigi\u00f3 al [&hellip;]\" \/>\n<meta property=\"og:url\" content=\"https:\/\/futbolhoy.co\/index.php\/2020\/03\/02\/sampaoli-debutara-el-sabado-con-el-mineiro\/\" \/>\n<meta property=\"article:publisher\" content=\"https:\/\/www.facebook.com\/FutbolHoyCol\/\" \/>\n<meta property=\"article:published_time\" content=\"2020-03-02T11:41:52+00:00\" \/>\n<meta property=\"article:modified_time\" content=\"2020-03-02T14:07:03+00:00\" \/>\n<meta property=\"og:image\" content=\"https:\/\/futbolhoy.co\/wp-content\/uploads\/2019\/05\/IMG_20190516_191026.jpg\" \/>\n\t<meta property=\"og:image:width\" content=\"1488\" \/>\n\t<meta property=\"og:image:height\" content=\"992\" \/>\n\t<meta property=\"og:image:type\" content=\"image\/jpeg\" \/>\n<meta name=\"author\" content=\"Laura Hern\u00e1ndez\" \/>\n<meta name=\"twitter:card\" content=\"summary_large_image\" \/>\n<meta name=\"twitter:creator\" content=\"@FutbolHoyCol\" \/>\n<meta name=\"twitter:site\" content=\"@FutbolHoyCol\" \/>\n<meta name=\"twitter:label1\" content=\"Escrito por\" \/>\n\t<meta name=\"twitter:data1\" content=\"Laura Hern\u00e1ndez\" \/>\n\t<meta name=\"twitter:label2\" content=\"Tiempo de lectura\" \/>\n\t<meta name=\"twitter:data2\" content=\"1 minuto\" \/>\n<script type=\"application\/ld+json\" class=\"yoast-schema-graph\">{\"@context\":\"https:\/\/schema.org\",\"@graph\":[{\"@type\":\"Article\",\"@id\":\"https:\/\/futbolhoy.co\/index.php\/2020\/03\/02\/sampaoli-debutara-el-sabado-con-el-mineiro\/#article\",\"isPartOf\":{\"@id\":\"https:\/\/futbolhoy.co\/index.php\/2020\/03\/02\/sampaoli-debutara-el-sabado-con-el-mineiro\/\"},\"author\":{\"name\":\"Laura Hern\u00e1ndez\",\"@id\":\"https:\/\/futbolhoy.co\/#\/schema\/person\/c4a353a512b127643723a34bb1812f7d\"},\"headline\":\"Sampaoli debutar\u00e1 el s\u00e1bado con el Mineiro\",\"datePublished\":\"2020-03-02T11:41:52+00:00\",\"dateModified\":\"2020-03-02T14:07:03+00:00\",\"mainEntityOfPage\":{\"@id\":\"https:\/\/futbolhoy.co\/index.php\/2020\/03\/02\/sampaoli-debutara-el-sabado-con-el-mineiro\/\"},\"wordCount\":116,\"commentCount\":0,\"publisher\":{\"@id\":\"https:\/\/futbolhoy.co\/#organization\"},\"image\":{\"@id\":\"https:\/\/futbolhoy.co\/index.php\/2020\/03\/02\/sampaoli-debutara-el-sabado-con-el-mineiro\/#primaryimage\"},\"thumbnailUrl\":\"https:\/\/futbolhoy.co\/wp-content\/uploads\/2019\/05\/IMG_20190516_191026.jpg\",\"keywords\":[\"Atl\u00e9tico Mineiro\",\"Jorge Sampaoli\"],\"articleSection\":[\"Destacados\"],\"inLanguage\":\"es\",\"potentialAction\":[{\"@type\":\"CommentAction\",\"name\":\"Comment\",\"target\":[\"https:\/\/futbolhoy.co\/index.php\/2020\/03\/02\/sampaoli-debutara-el-sabado-con-el-mineiro\/#respond\"]}]},{\"@type\":\"WebPage\",\"@id\":\"https:\/\/futbolhoy.co\/index.php\/2020\/03\/02\/sampaoli-debutara-el-sabado-con-el-mineiro\/\",\"url\":\"https:\/\/futbolhoy.co\/index.php\/2020\/03\/02\/sampaoli-debutara-el-sabado-con-el-mineiro\/\",\"name\":\"Sampaoli debutar\u00e1 el s\u00e1bado con el Mineiro -\",\"isPartOf\":{\"@id\":\"https:\/\/futbolhoy.co\/#website\"},\"primaryImageOfPage\":{\"@id\":\"https:\/\/futbolhoy.co\/index.php\/2020\/03\/02\/sampaoli-debutara-el-sabado-con-el-mineiro\/#primaryimage\"},\"image\":{\"@id\":\"https:\/\/futbolhoy.co\/index.php\/2020\/03\/02\/sampaoli-debutara-el-sabado-con-el-mineiro\/#primaryimage\"},\"thumbnailUrl\":\"https:\/\/futbolhoy.co\/wp-content\/uploads\/2019\/05\/IMG_20190516_191026.jpg\",\"datePublished\":\"2020-03-02T11:41:52+00:00\",\"dateModified\":\"2020-03-02T14:07:03+00:00\",\"breadcrumb\":{\"@id\":\"https:\/\/futbolhoy.co\/index.php\/2020\/03\/02\/sampaoli-debutara-el-sabado-con-el-mineiro\/#breadcrumb\"},\"inLanguage\":\"es\",\"potentialAction\":[{\"@type\":\"ReadAction\",\"target\":[\"https:\/\/futbolhoy.co\/index.php\/2020\/03\/02\/sampaoli-debutara-el-sabado-con-el-mineiro\/\"]}]},{\"@type\":\"ImageObject\",\"inLanguage\":\"es\",\"@id\":\"https:\/\/futbolhoy.co\/index.php\/2020\/03\/02\/sampaoli-debutara-el-sabado-con-el-mineiro\/#primaryimage\",\"url\":\"https:\/\/futbolhoy.co\/wp-content\/uploads\/2019\/05\/IMG_20190516_191026.jpg\",\"contentUrl\":\"https:\/\/futbolhoy.co\/wp-content\/uploads\/2019\/05\/IMG_20190516_191026.jpg\",\"width\":1488,\"height\":992,\"caption\":\"Twitter @SantosFc\"},{\"@type\":\"BreadcrumbList\",\"@id\":\"https:\/\/futbolhoy.co\/index.php\/2020\/03\/02\/sampaoli-debutara-el-sabado-con-el-mineiro\/#breadcrumb\",\"itemListElement\":[{\"@type\":\"ListItem\",\"position\":1,\"name\":\"Portada\",\"item\":\"https:\/\/futbolhoy.co\/\"},{\"@type\":\"ListItem\",\"position\":2,\"name\":\"Sampaoli debutar\u00e1 el s\u00e1bado con el Mineiro\"}]},{\"@type\":\"WebSite\",\"@id\":\"https:\/\/futbolhoy.co\/#website\",\"url\":\"https:\/\/futbolhoy.co\/\",\"name\":\"FutbolHoy\",\"description\":\"\",\"publisher\":{\"@id\":\"https:\/\/futbolhoy.co\/#organization\"},\"potentialAction\":[{\"@type\":\"SearchAction\",\"target\":{\"@type\":\"EntryPoint\",\"urlTemplate\":\"https:\/\/futbolhoy.co\/?s={search_term_string}\"},\"query-input\":{\"@type\":\"PropertyValueSpecification\",\"valueRequired\":true,\"valueName\":\"search_term_string\"}}],\"inLanguage\":\"es\"},{\"@type\":\"Organization\",\"@id\":\"https:\/\/futbolhoy.co\/#organization\",\"name\":\"Futbolhoy.co\",\"url\":\"https:\/\/futbolhoy.co\/\",\"logo\":{\"@type\":\"ImageObject\",\"inLanguage\":\"es\",\"@id\":\"https:\/\/futbolhoy.co\/#\/schema\/logo\/image\/\",\"url\":\"https:\/\/futbolhoy.co\/wp-content\/uploads\/2018\/08\/17426380_1906371736249227_6326180412931521141_n.jpg\",\"contentUrl\":\"https:\/\/futbolhoy.co\/wp-content\/uploads\/2018\/08\/17426380_1906371736249227_6326180412931521141_n.jpg\",\"width\":960,\"height\":960,\"caption\":\"Futbolhoy.co\"},\"image\":{\"@id\":\"https:\/\/futbolhoy.co\/#\/schema\/logo\/image\/\"},\"sameAs\":[\"https:\/\/www.facebook.com\/FutbolHoyCol\/\",\"https:\/\/x.com\/FutbolHoyCol\",\"https:\/\/www.instagram.com\/futbolhoycol\/\"]},{\"@type\":\"Person\",\"@id\":\"https:\/\/futbolhoy.co\/#\/schema\/person\/c4a353a512b127643723a34bb1812f7d\",\"name\":\"Laura Hern\u00e1ndez\",\"image\":{\"@type\":\"ImageObject\",\"inLanguage\":\"es\",\"@id\":\"https:\/\/futbolhoy.co\/#\/schema\/person\/image\/\",\"url\":\"https:\/\/secure.gravatar.com\/avatar\/d25959a15b9b293a743f99181c7cfd01?s=96&d=mm&r=g\",\"contentUrl\":\"https:\/\/secure.gravatar.com\/avatar\/d25959a15b9b293a743f99181c7cfd01?s=96&d=mm&r=g\",\"caption\":\"Laura Hern\u00e1ndez\"}}]}<\/script>\n<!-- \/ Yoast SEO plugin. -->","yoast_head_json":{"title":"Sampaoli debutar\u00e1 el s\u00e1bado con el Mineiro -","robots":{"index":"index","follow":"follow","max-snippet":"max-snippet:-1","max-image-preview":"max-image-preview:large","max-video-preview":"max-video-preview:-1"},"canonical":"https:\/\/futbolhoy.co\/index.php\/2020\/03\/02\/sampaoli-debutara-el-sabado-con-el-mineiro\/","og_locale":"es_ES","og_type":"article","og_title":"Sampaoli debutar\u00e1 el s\u00e1bado con el Mineiro -","og_description":"El t\u00e9cnico argentino Jorge Sampaoli, quien fue confirmado como nuevo entrenador del Atl\u00e9tico Mineiro, ser\u00e1 presentado este martes. El ex seleccionador albiceleste y de Chile, suceder\u00e1 al venezolano Rafael Dudamel, cesado el pasado jueves tras la eliminaci\u00f3n del Mineiro en la Copa de Brasil, frente a un equipo de cuarta divisi\u00f3n. Sampaoli, quien dirigi\u00f3 al [&hellip;]","og_url":"https:\/\/futbolhoy.co\/index.php\/2020\/03\/02\/sampaoli-debutara-el-sabado-con-el-mineiro\/","article_publisher":"https:\/\/www.facebook.com\/FutbolHoyCol\/","article_published_time":"2020-03-02T11:41:52+00:00","article_modified_time":"2020-03-02T14:07:03+00:00","og_image":[{"width":1488,"height":992,"url":"https:\/\/futbolhoy.co\/wp-content\/uploads\/2019\/05\/IMG_20190516_191026.jpg","type":"image\/jpeg"}],"author":"Laura Hern\u00e1ndez","twitter_card":"summary_large_image","twitter_creator":"@FutbolHoyCol","twitter_site":"@FutbolHoyCol","twitter_misc":{"Escrito por":"Laura Hern\u00e1ndez","Tiempo de lectura":"1 minuto"},"schema":{"@context":"https:\/\/schema.org","@graph":[{"@type":"Article","@id":"https:\/\/futbolhoy.co\/index.php\/2020\/03\/02\/sampaoli-debutara-el-sabado-con-el-mineiro\/#article","isPartOf":{"@id":"https:\/\/futbolhoy.co\/index.php\/2020\/03\/02\/sampaoli-debutara-el-sabado-con-el-mineiro\/"},"author":{"name":"Laura Hern\u00e1ndez","@id":"https:\/\/futbolhoy.co\/#\/schema\/person\/c4a353a512b127643723a34bb1812f7d"},"headline":"Sampaoli debutar\u00e1 el s\u00e1bado con el Mineiro","datePublished":"2020-03-02T11:41:52+00:00","dateModified":"2020-03-02T14:07:03+00:00","mainEntityOfPage":{"@id":"https:\/\/futbolhoy.co\/index.php\/2020\/03\/02\/sampaoli-debutara-el-sabado-con-el-mineiro\/"},"wordCount":116,"commentCount":0,"publisher":{"@id":"https:\/\/futbolhoy.co\/#organization"},"image":{"@id":"https:\/\/futbolhoy.co\/index.php\/2020\/03\/02\/sampaoli-debutara-el-sabado-con-el-mineiro\/#primaryimage"},"thumbnailUrl":"https:\/\/futbolhoy.co\/wp-content\/uploads\/2019\/05\/IMG_20190516_191026.jpg","keywords":["Atl\u00e9tico Mineiro","Jorge Sampaoli"],"articleSection":["Destacados"],"inLanguage":"es","potentialAction":[{"@type":"CommentAction","name":"Comment","target":["https:\/\/futbolhoy.co\/index.php\/2020\/03\/02\/sampaoli-debutara-el-sabado-con-el-mineiro\/#respond"]}]},{"@type":"WebPage","@id":"https:\/\/futbolhoy.co\/index.php\/2020\/03\/02\/sampaoli-debutara-el-sabado-con-el-mineiro\/","url":"https:\/\/futbolhoy.co\/index.php\/2020\/03\/02\/sampaoli-debutara-el-sabado-con-el-mineiro\/","name":"Sampaoli debutar\u00e1 el s\u00e1bado con el Mineiro -","isPartOf":{"@id":"https:\/\/futbolhoy.co\/#website"},"primaryImageOfPage":{"@id":"https:\/\/futbolhoy.co\/index.php\/2020\/03\/02\/sampaoli-debutara-el-sabado-con-el-mineiro\/#primaryimage"},"image":{"@id":"https:\/\/futbolhoy.co\/index.php\/2020\/03\/02\/sampaoli-debutara-el-sabado-con-el-mineiro\/#primaryimage"},"thumbnailUrl":"https:\/\/futbolhoy.co\/wp-content\/uploads\/2019\/05\/IMG_20190516_191026.jpg","datePublished":"2020-03-02T11:41:52+00:00","dateModified":"2020-03-02T14:07:03+00:00","breadcrumb":{"@id":"https:\/\/futbolhoy.co\/index.php\/2020\/03\/02\/sampaoli-debutara-el-sabado-con-el-mineiro\/#breadcrumb"},"inLanguage":"es","potentialAction":[{"@type":"ReadAction","target":["https:\/\/futbolhoy.co\/index.php\/2020\/03\/02\/sampaoli-debutara-el-sabado-con-el-mineiro\/"]}]},{"@type":"ImageObject","inLanguage":"es","@id":"https:\/\/futbolhoy.co\/index.php\/2020\/03\/02\/sampaoli-debutara-el-sabado-con-el-mineiro\/#primaryimage","url":"https:\/\/futbolhoy.co\/wp-content\/uploads\/2019\/05\/IMG_20190516_191026.jpg","contentUrl":"https:\/\/futbolhoy.co\/wp-content\/uploads\/2019\/05\/IMG_20190516_191026.jpg","width":1488,"height":992,"caption":"Twitter @SantosFc"},{"@type":"BreadcrumbList","@id":"https:\/\/futbolhoy.co\/index.php\/2020\/03\/02\/sampaoli-debutara-el-sabado-con-el-mineiro\/#breadcrumb","itemListElement":[{"@type":"ListItem","position":1,"name":"Portada","item":"https:\/\/futbolhoy.co\/"},{"@type":"ListItem","position":2,"name":"Sampaoli debutar\u00e1 el s\u00e1bado con el Mineiro"}]},{"@type":"WebSite","@id":"https:\/\/futbolhoy.co\/#website","url":"https:\/\/futbolhoy.co\/","name":"FutbolHoy","description":"","publisher":{"@id":"https:\/\/futbolhoy.co\/#organization"},"potentialAction":[{"@type":"SearchAction","target":{"@type":"EntryPoint","urlTemplate":"https:\/\/futbolhoy.co\/?s={search_term_string}"},"query-input":{"@type":"PropertyValueSpecification","valueRequired":true,"valueName":"search_term_string"}}],"inLanguage":"es"},{"@type":"Organization","@id":"https:\/\/futbolhoy.co\/#organization","name":"Futbolhoy.co","url":"https:\/\/futbolhoy.co\/","logo":{"@type":"ImageObject","inLanguage":"es","@id":"https:\/\/futbolhoy.co\/#\/schema\/logo\/image\/","url":"https:\/\/futbolhoy.co\/wp-content\/uploads\/2018\/08\/17426380_1906371736249227_6326180412931521141_n.jpg","contentUrl":"https:\/\/futbolhoy.co\/wp-content\/uploads\/2018\/08\/17426380_1906371736249227_6326180412931521141_n.jpg","width":960,"height":960,"caption":"Futbolhoy.co"},"image":{"@id":"https:\/\/futbolhoy.co\/#\/schema\/logo\/image\/"},"sameAs":["https:\/\/www.facebook.com\/FutbolHoyCol\/","https:\/\/x.com\/FutbolHoyCol","https:\/\/www.instagram.com\/futbolhoycol\/"]},{"@type":"Person","@id":"https:\/\/futbolhoy.co\/#\/schema\/person\/c4a353a512b127643723a34bb1812f7d","name":"Laura Hern\u00e1ndez","image":{"@type":"ImageObject","inLanguage":"es","@id":"https:\/\/futbolhoy.co\/#\/schema\/person\/image\/","url":"https:\/\/secure.gravatar.com\/avatar\/d25959a15b9b293a743f99181c7cfd01?s=96&d=mm&r=g","contentUrl":"https:\/\/secure.gravatar.com\/avatar\/d25959a15b9b293a743f99181c7cfd01?s=96&d=mm&r=g","caption":"Laura Hern\u00e1ndez"}}]}},"publishpress_future_action":{"enabled":false,"date":"2026-05-03 12:48:53","action":"change-status","newStatus":"draft","terms":[],"taxonomy":"category","extraData":[]},"publishpress_future_workflow_manual_trigger":{"enabledWorkflows":[]},"_links":{"self":[{"href":"https:\/\/futbolhoy.co\/index.php\/wp-json\/wp\/v2\/posts\/48400","targetHints":{"allow":["GET"]}}],"collection":[{"href":"https:\/\/futbolhoy.co\/index.php\/wp-json\/wp\/v2\/posts"}],"about":[{"href":"https:\/\/futbolhoy.co\/index.php\/wp-json\/wp\/v2\/types\/post"}],"author":[{"embeddable":true,"href":"https:\/\/futbolhoy.co\/index.php\/wp-json\/wp\/v2\/users\/5"}],"replies":[{"embeddable":true,"href":"https:\/\/futbolhoy.co\/index.php\/wp-json\/wp\/v2\/comments?post=48400"}],"version-history":[{"count":1,"href":"https:\/\/futbolhoy.co\/index.php\/wp-json\/wp\/v2\/posts\/48400\/revisions"}],"predecessor-version":[{"id":48401,"href":"https:\/\/futbolhoy.co\/index.php\/wp-json\/wp\/v2\/posts\/48400\/revisions\/48401"}],"wp:featuredmedia":[{"embeddable":true,"href":"https:\/\/futbolhoy.co\/index.php\/wp-json\/wp\/v2\/media\/35709"}],"wp:attachment":[{"href":"https:\/\/futbolhoy.co\/index.php\/wp-json\/wp\/v2\/media?parent=48400"}],"wp:term":[{"taxonomy":"category","embeddable":true,"href":"https:\/\/futbolhoy.co\/index.php\/wp-json\/wp\/v2\/categories?post=48400"},{"taxonomy":"post_tag","embeddable":true,"href":"https:\/\/futbolhoy.co\/index.php\/wp-json\/wp\/v2\/tags?post=48400"}],"curies":[{"name":"wp","href":"https:\/\/api.w.org\/{rel}","templated":true}]}}