{"id":48402,"date":"2020-03-02T09:23:29","date_gmt":"2020-03-02T14:23:29","guid":{"rendered":"https:\/\/futbolhoy.co\/?p=48402"},"modified":"2020-03-03T08:12:23","modified_gmt":"2020-03-03T13:12:23","slug":"james-es-humilde-y-trabaja-mucho-fernando-hierro","status":"publish","type":"post","link":"https:\/\/futbolhoy.co\/index.php\/2020\/03\/02\/james-es-humilde-y-trabaja-mucho-fernando-hierro\/","title":{"rendered":"James es humilde y trabaja mucho: Fernando Hierro"},"content":{"rendered":"<!--[if lt IE 9]><script>document.createElement('audio');<\/script><![endif]-->\n<audio class=\"wp-audio-shortcode\" id=\"audio-48402-1\" preload=\"none\" style=\"width: 100%;\" controls=\"controls\"><source type=\"audio\/mpeg\" src=\"https:\/\/futbolhoy.co\/wp-content\/uploads\/2020\/03\/Hierro.mp3?_=1\" \/><a href=\"https:\/\/futbolhoy.co\/wp-content\/uploads\/2020\/03\/Hierro.mp3\">https:\/\/futbolhoy.co\/wp-content\/uploads\/2020\/03\/Hierro.mp3<\/a><\/audio>\n<p style=\"text-align: justify;\"><span style=\"font-family: helvetica, arial, sans-serif;\">El ex seleccionador espa\u00f1ol<strong> Fernando Hierro<\/strong> asegur\u00f3 que <strong>James<\/strong> <strong>Rodr\u00edguez<\/strong>, con el que comparti\u00f3 en el <strong>Real Madrid<\/strong> durante la direcci\u00f3n de <strong>Carlo Ancelotti,<\/strong> es un gran jugador y sobre todo un gran profesional.<\/span><\/p>\n<p style=\"text-align: justify;\"><span style=\"font-family: helvetica, arial, sans-serif;\">\"James es un chico extraordinario, no da nunca ni un problema, trabaja mucho y es un chico humilde\u2026\u2026Al comienzo de la temporada tuvo la mala suerte de sufrir una lesi\u00f3n, pero creo que la motivaci\u00f3n que tendr\u00e1 por jugar con su selecci\u00f3n le va a hacer entrenarse bien. Le va a ir fenomenal porque se merece lo mejor\", dijo Hierro en <strong><em>Caracol Radio.<\/em><\/strong><\/span><\/p>\n<p style=\"text-align: justify;\"><span style=\"font-family: helvetica, arial, sans-serif;\">\"Si uno compara los jugadorazos que tiene alrededor: <strong>Kroos, Valverde, Modric, Isco,<\/strong> <strong>Vinicius<\/strong>, <strong>Benzema<\/strong> o <strong>Bale,<\/strong> la verdad es que asusta. Todos esos jugadores son competencia muy directa para James\", agreg\u00f3.<\/span><\/p>\n<p style=\"text-align: justify;\"><span style=\"font-family: helvetica, arial, sans-serif;\">El colombiano, quien solo ha estado en 7 partidos durante la temporada de Liga, no juega con Real Madrid en el torneo local desde el 19 de octubre del a\u00f1o pasado.<\/span><\/p>\n","protected":false},"excerpt":{"rendered":"<p>El ex seleccionador espa\u00f1ol Fernando Hierro asegur\u00f3 que James Rodr\u00edguez, con el que comparti\u00f3 en el Real Madrid durante la direcci\u00f3n de Carlo Ancelotti, es un gran jugador y sobre todo un gran profesional. \"James es un chico extraordinario, no da nunca ni un problema, trabaja mucho y es un chico humilde\u2026\u2026Al comienzo de la [&hellip;]<\/p>\n","protected":false},"author":5,"featured_media":19915,"comment_status":"open","ping_status":"open","sticky":false,"template":"","format":"video","meta":{"_acf_changed":false,"footnotes":""},"categories":[418],"tags":[899,87,110],"class_list":{"0":"post-48402","1":"post","2":"type-post","3":"status-publish","4":"format-video","5":"has-post-thumbnail","7":"category-colombia","8":"tag-fernando-hierro","9":"tag-james-rodriguez","10":"tag-real-madrid","11":"post_format-post-format-video"},"acf":[],"yoast_head":"<!-- This site is optimized with the Yoast SEO plugin v26.8 - https:\/\/yoast.com\/product\/yoast-seo-wordpress\/ -->\n<title>James es humilde y trabaja mucho: Fernando Hierro -<\/title>\n<meta name=\"robots\" content=\"index, follow, max-snippet:-1, max-image-preview:large, max-video-preview:-1\" \/>\n<link rel=\"canonical\" href=\"https:\/\/futbolhoy.co\/index.php\/2020\/03\/02\/james-es-humilde-y-trabaja-mucho-fernando-hierro\/\" \/>\n<meta property=\"og:locale\" content=\"es_ES\" \/>\n<meta property=\"og:type\" content=\"article\" \/>\n<meta property=\"og:title\" content=\"James es humilde y trabaja mucho: Fernando Hierro -\" \/>\n<meta property=\"og:description\" content=\"El ex seleccionador espa\u00f1ol Fernando Hierro asegur\u00f3 que James Rodr\u00edguez, con el que comparti\u00f3 en el Real Madrid durante la direcci\u00f3n de Carlo Ancelotti, es un gran jugador y sobre todo un gran profesional. &quot;James es un chico extraordinario, no da nunca ni un problema, trabaja mucho y es un chico humilde\u2026\u2026Al comienzo de la [&hellip;]\" \/>\n<meta property=\"og:url\" content=\"https:\/\/futbolhoy.co\/index.php\/2020\/03\/02\/james-es-humilde-y-trabaja-mucho-fernando-hierro\/\" \/>\n<meta property=\"article:publisher\" content=\"https:\/\/www.facebook.com\/FutbolHoyCol\/\" \/>\n<meta property=\"article:published_time\" content=\"2020-03-02T14:23:29+00:00\" \/>\n<meta property=\"article:modified_time\" content=\"2020-03-03T13:12:23+00:00\" \/>\n<meta property=\"og:image\" content=\"https:\/\/futbolhoy.co\/wp-content\/uploads\/2018\/06\/Hierro.jpg\" \/>\n\t<meta property=\"og:image:width\" content=\"866\" \/>\n\t<meta property=\"og:image:height\" content=\"517\" \/>\n\t<meta property=\"og:image:type\" content=\"image\/jpeg\" \/>\n<meta name=\"author\" content=\"Laura Hern\u00e1ndez\" \/>\n<meta name=\"twitter:card\" content=\"summary_large_image\" \/>\n<meta name=\"twitter:creator\" content=\"@FutbolHoyCol\" \/>\n<meta name=\"twitter:site\" content=\"@FutbolHoyCol\" \/>\n<meta name=\"twitter:label1\" content=\"Escrito por\" \/>\n\t<meta name=\"twitter:data1\" content=\"Laura Hern\u00e1ndez\" \/>\n\t<meta name=\"twitter:label2\" content=\"Tiempo de lectura\" \/>\n\t<meta name=\"twitter:data2\" content=\"1 minuto\" \/>\n<script type=\"application\/ld+json\" class=\"yoast-schema-graph\">{\"@context\":\"https:\/\/schema.org\",\"@graph\":[{\"@type\":\"Article\",\"@id\":\"https:\/\/futbolhoy.co\/index.php\/2020\/03\/02\/james-es-humilde-y-trabaja-mucho-fernando-hierro\/#article\",\"isPartOf\":{\"@id\":\"https:\/\/futbolhoy.co\/index.php\/2020\/03\/02\/james-es-humilde-y-trabaja-mucho-fernando-hierro\/\"},\"author\":{\"name\":\"Laura Hern\u00e1ndez\",\"@id\":\"https:\/\/futbolhoy.co\/#\/schema\/person\/c4a353a512b127643723a34bb1812f7d\"},\"headline\":\"James es humilde y trabaja mucho: Fernando Hierro\",\"datePublished\":\"2020-03-02T14:23:29+00:00\",\"dateModified\":\"2020-03-03T13:12:23+00:00\",\"mainEntityOfPage\":{\"@id\":\"https:\/\/futbolhoy.co\/index.php\/2020\/03\/02\/james-es-humilde-y-trabaja-mucho-fernando-hierro\/\"},\"wordCount\":183,\"commentCount\":0,\"publisher\":{\"@id\":\"https:\/\/futbolhoy.co\/#organization\"},\"image\":{\"@id\":\"https:\/\/futbolhoy.co\/index.php\/2020\/03\/02\/james-es-humilde-y-trabaja-mucho-fernando-hierro\/#primaryimage\"},\"thumbnailUrl\":\"https:\/\/futbolhoy.co\/wp-content\/uploads\/2018\/06\/Hierro.jpg\",\"keywords\":[\"Fernando Hierro\",\"James Rodr\u00edguez\",\"Real Madrid\"],\"articleSection\":[\"Colombia\"],\"inLanguage\":\"es\",\"potentialAction\":[{\"@type\":\"CommentAction\",\"name\":\"Comment\",\"target\":[\"https:\/\/futbolhoy.co\/index.php\/2020\/03\/02\/james-es-humilde-y-trabaja-mucho-fernando-hierro\/#respond\"]}]},{\"@type\":\"WebPage\",\"@id\":\"https:\/\/futbolhoy.co\/index.php\/2020\/03\/02\/james-es-humilde-y-trabaja-mucho-fernando-hierro\/\",\"url\":\"https:\/\/futbolhoy.co\/index.php\/2020\/03\/02\/james-es-humilde-y-trabaja-mucho-fernando-hierro\/\",\"name\":\"James es humilde y trabaja mucho: Fernando Hierro -\",\"isPartOf\":{\"@id\":\"https:\/\/futbolhoy.co\/#website\"},\"primaryImageOfPage\":{\"@id\":\"https:\/\/futbolhoy.co\/index.php\/2020\/03\/02\/james-es-humilde-y-trabaja-mucho-fernando-hierro\/#primaryimage\"},\"image\":{\"@id\":\"https:\/\/futbolhoy.co\/index.php\/2020\/03\/02\/james-es-humilde-y-trabaja-mucho-fernando-hierro\/#primaryimage\"},\"thumbnailUrl\":\"https:\/\/futbolhoy.co\/wp-content\/uploads\/2018\/06\/Hierro.jpg\",\"datePublished\":\"2020-03-02T14:23:29+00:00\",\"dateModified\":\"2020-03-03T13:12:23+00:00\",\"breadcrumb\":{\"@id\":\"https:\/\/futbolhoy.co\/index.php\/2020\/03\/02\/james-es-humilde-y-trabaja-mucho-fernando-hierro\/#breadcrumb\"},\"inLanguage\":\"es\",\"potentialAction\":[{\"@type\":\"ReadAction\",\"target\":[\"https:\/\/futbolhoy.co\/index.php\/2020\/03\/02\/james-es-humilde-y-trabaja-mucho-fernando-hierro\/\"]}]},{\"@type\":\"ImageObject\",\"inLanguage\":\"es\",\"@id\":\"https:\/\/futbolhoy.co\/index.php\/2020\/03\/02\/james-es-humilde-y-trabaja-mucho-fernando-hierro\/#primaryimage\",\"url\":\"https:\/\/futbolhoy.co\/wp-content\/uploads\/2018\/06\/Hierro.jpg\",\"contentUrl\":\"https:\/\/futbolhoy.co\/wp-content\/uploads\/2018\/06\/Hierro.jpg\",\"width\":866,\"height\":517,\"caption\":\"sefutbol.com\"},{\"@type\":\"BreadcrumbList\",\"@id\":\"https:\/\/futbolhoy.co\/index.php\/2020\/03\/02\/james-es-humilde-y-trabaja-mucho-fernando-hierro\/#breadcrumb\",\"itemListElement\":[{\"@type\":\"ListItem\",\"position\":1,\"name\":\"Portada\",\"item\":\"https:\/\/futbolhoy.co\/\"},{\"@type\":\"ListItem\",\"position\":2,\"name\":\"James es humilde y trabaja mucho: Fernando Hierro\"}]},{\"@type\":\"WebSite\",\"@id\":\"https:\/\/futbolhoy.co\/#website\",\"url\":\"https:\/\/futbolhoy.co\/\",\"name\":\"FutbolHoy\",\"description\":\"\",\"publisher\":{\"@id\":\"https:\/\/futbolhoy.co\/#organization\"},\"potentialAction\":[{\"@type\":\"SearchAction\",\"target\":{\"@type\":\"EntryPoint\",\"urlTemplate\":\"https:\/\/futbolhoy.co\/?s={search_term_string}\"},\"query-input\":{\"@type\":\"PropertyValueSpecification\",\"valueRequired\":true,\"valueName\":\"search_term_string\"}}],\"inLanguage\":\"es\"},{\"@type\":\"Organization\",\"@id\":\"https:\/\/futbolhoy.co\/#organization\",\"name\":\"Futbolhoy.co\",\"url\":\"https:\/\/futbolhoy.co\/\",\"logo\":{\"@type\":\"ImageObject\",\"inLanguage\":\"es\",\"@id\":\"https:\/\/futbolhoy.co\/#\/schema\/logo\/image\/\",\"url\":\"https:\/\/futbolhoy.co\/wp-content\/uploads\/2018\/08\/17426380_1906371736249227_6326180412931521141_n.jpg\",\"contentUrl\":\"https:\/\/futbolhoy.co\/wp-content\/uploads\/2018\/08\/17426380_1906371736249227_6326180412931521141_n.jpg\",\"width\":960,\"height\":960,\"caption\":\"Futbolhoy.co\"},\"image\":{\"@id\":\"https:\/\/futbolhoy.co\/#\/schema\/logo\/image\/\"},\"sameAs\":[\"https:\/\/www.facebook.com\/FutbolHoyCol\/\",\"https:\/\/x.com\/FutbolHoyCol\",\"https:\/\/www.instagram.com\/futbolhoycol\/\"]},{\"@type\":\"Person\",\"@id\":\"https:\/\/futbolhoy.co\/#\/schema\/person\/c4a353a512b127643723a34bb1812f7d\",\"name\":\"Laura Hern\u00e1ndez\",\"image\":{\"@type\":\"ImageObject\",\"inLanguage\":\"es\",\"@id\":\"https:\/\/futbolhoy.co\/#\/schema\/person\/image\/\",\"url\":\"https:\/\/secure.gravatar.com\/avatar\/d25959a15b9b293a743f99181c7cfd01?s=96&d=mm&r=g\",\"contentUrl\":\"https:\/\/secure.gravatar.com\/avatar\/d25959a15b9b293a743f99181c7cfd01?s=96&d=mm&r=g\",\"caption\":\"Laura Hern\u00e1ndez\"}}]}<\/script>\n<!-- \/ Yoast SEO plugin. -->","yoast_head_json":{"title":"James es humilde y trabaja mucho: Fernando Hierro -","robots":{"index":"index","follow":"follow","max-snippet":"max-snippet:-1","max-image-preview":"max-image-preview:large","max-video-preview":"max-video-preview:-1"},"canonical":"https:\/\/futbolhoy.co\/index.php\/2020\/03\/02\/james-es-humilde-y-trabaja-mucho-fernando-hierro\/","og_locale":"es_ES","og_type":"article","og_title":"James es humilde y trabaja mucho: Fernando Hierro -","og_description":"El ex seleccionador espa\u00f1ol Fernando Hierro asegur\u00f3 que James Rodr\u00edguez, con el que comparti\u00f3 en el Real Madrid durante la direcci\u00f3n de Carlo Ancelotti, es un gran jugador y sobre todo un gran profesional. \"James es un chico extraordinario, no da nunca ni un problema, trabaja mucho y es un chico humilde\u2026\u2026Al comienzo de la [&hellip;]","og_url":"https:\/\/futbolhoy.co\/index.php\/2020\/03\/02\/james-es-humilde-y-trabaja-mucho-fernando-hierro\/","article_publisher":"https:\/\/www.facebook.com\/FutbolHoyCol\/","article_published_time":"2020-03-02T14:23:29+00:00","article_modified_time":"2020-03-03T13:12:23+00:00","og_image":[{"width":866,"height":517,"url":"https:\/\/futbolhoy.co\/wp-content\/uploads\/2018\/06\/Hierro.jpg","type":"image\/jpeg"}],"author":"Laura Hern\u00e1ndez","twitter_card":"summary_large_image","twitter_creator":"@FutbolHoyCol","twitter_site":"@FutbolHoyCol","twitter_misc":{"Escrito por":"Laura Hern\u00e1ndez","Tiempo de lectura":"1 minuto"},"schema":{"@context":"https:\/\/schema.org","@graph":[{"@type":"Article","@id":"https:\/\/futbolhoy.co\/index.php\/2020\/03\/02\/james-es-humilde-y-trabaja-mucho-fernando-hierro\/#article","isPartOf":{"@id":"https:\/\/futbolhoy.co\/index.php\/2020\/03\/02\/james-es-humilde-y-trabaja-mucho-fernando-hierro\/"},"author":{"name":"Laura Hern\u00e1ndez","@id":"https:\/\/futbolhoy.co\/#\/schema\/person\/c4a353a512b127643723a34bb1812f7d"},"headline":"James es humilde y trabaja mucho: Fernando Hierro","datePublished":"2020-03-02T14:23:29+00:00","dateModified":"2020-03-03T13:12:23+00:00","mainEntityOfPage":{"@id":"https:\/\/futbolhoy.co\/index.php\/2020\/03\/02\/james-es-humilde-y-trabaja-mucho-fernando-hierro\/"},"wordCount":183,"commentCount":0,"publisher":{"@id":"https:\/\/futbolhoy.co\/#organization"},"image":{"@id":"https:\/\/futbolhoy.co\/index.php\/2020\/03\/02\/james-es-humilde-y-trabaja-mucho-fernando-hierro\/#primaryimage"},"thumbnailUrl":"https:\/\/futbolhoy.co\/wp-content\/uploads\/2018\/06\/Hierro.jpg","keywords":["Fernando Hierro","James Rodr\u00edguez","Real Madrid"],"articleSection":["Colombia"],"inLanguage":"es","potentialAction":[{"@type":"CommentAction","name":"Comment","target":["https:\/\/futbolhoy.co\/index.php\/2020\/03\/02\/james-es-humilde-y-trabaja-mucho-fernando-hierro\/#respond"]}]},{"@type":"WebPage","@id":"https:\/\/futbolhoy.co\/index.php\/2020\/03\/02\/james-es-humilde-y-trabaja-mucho-fernando-hierro\/","url":"https:\/\/futbolhoy.co\/index.php\/2020\/03\/02\/james-es-humilde-y-trabaja-mucho-fernando-hierro\/","name":"James es humilde y trabaja mucho: Fernando Hierro -","isPartOf":{"@id":"https:\/\/futbolhoy.co\/#website"},"primaryImageOfPage":{"@id":"https:\/\/futbolhoy.co\/index.php\/2020\/03\/02\/james-es-humilde-y-trabaja-mucho-fernando-hierro\/#primaryimage"},"image":{"@id":"https:\/\/futbolhoy.co\/index.php\/2020\/03\/02\/james-es-humilde-y-trabaja-mucho-fernando-hierro\/#primaryimage"},"thumbnailUrl":"https:\/\/futbolhoy.co\/wp-content\/uploads\/2018\/06\/Hierro.jpg","datePublished":"2020-03-02T14:23:29+00:00","dateModified":"2020-03-03T13:12:23+00:00","breadcrumb":{"@id":"https:\/\/futbolhoy.co\/index.php\/2020\/03\/02\/james-es-humilde-y-trabaja-mucho-fernando-hierro\/#breadcrumb"},"inLanguage":"es","potentialAction":[{"@type":"ReadAction","target":["https:\/\/futbolhoy.co\/index.php\/2020\/03\/02\/james-es-humilde-y-trabaja-mucho-fernando-hierro\/"]}]},{"@type":"ImageObject","inLanguage":"es","@id":"https:\/\/futbolhoy.co\/index.php\/2020\/03\/02\/james-es-humilde-y-trabaja-mucho-fernando-hierro\/#primaryimage","url":"https:\/\/futbolhoy.co\/wp-content\/uploads\/2018\/06\/Hierro.jpg","contentUrl":"https:\/\/futbolhoy.co\/wp-content\/uploads\/2018\/06\/Hierro.jpg","width":866,"height":517,"caption":"sefutbol.com"},{"@type":"BreadcrumbList","@id":"https:\/\/futbolhoy.co\/index.php\/2020\/03\/02\/james-es-humilde-y-trabaja-mucho-fernando-hierro\/#breadcrumb","itemListElement":[{"@type":"ListItem","position":1,"name":"Portada","item":"https:\/\/futbolhoy.co\/"},{"@type":"ListItem","position":2,"name":"James es humilde y trabaja mucho: Fernando Hierro"}]},{"@type":"WebSite","@id":"https:\/\/futbolhoy.co\/#website","url":"https:\/\/futbolhoy.co\/","name":"FutbolHoy","description":"","publisher":{"@id":"https:\/\/futbolhoy.co\/#organization"},"potentialAction":[{"@type":"SearchAction","target":{"@type":"EntryPoint","urlTemplate":"https:\/\/futbolhoy.co\/?s={search_term_string}"},"query-input":{"@type":"PropertyValueSpecification","valueRequired":true,"valueName":"search_term_string"}}],"inLanguage":"es"},{"@type":"Organization","@id":"https:\/\/futbolhoy.co\/#organization","name":"Futbolhoy.co","url":"https:\/\/futbolhoy.co\/","logo":{"@type":"ImageObject","inLanguage":"es","@id":"https:\/\/futbolhoy.co\/#\/schema\/logo\/image\/","url":"https:\/\/futbolhoy.co\/wp-content\/uploads\/2018\/08\/17426380_1906371736249227_6326180412931521141_n.jpg","contentUrl":"https:\/\/futbolhoy.co\/wp-content\/uploads\/2018\/08\/17426380_1906371736249227_6326180412931521141_n.jpg","width":960,"height":960,"caption":"Futbolhoy.co"},"image":{"@id":"https:\/\/futbolhoy.co\/#\/schema\/logo\/image\/"},"sameAs":["https:\/\/www.facebook.com\/FutbolHoyCol\/","https:\/\/x.com\/FutbolHoyCol","https:\/\/www.instagram.com\/futbolhoycol\/"]},{"@type":"Person","@id":"https:\/\/futbolhoy.co\/#\/schema\/person\/c4a353a512b127643723a34bb1812f7d","name":"Laura Hern\u00e1ndez","image":{"@type":"ImageObject","inLanguage":"es","@id":"https:\/\/futbolhoy.co\/#\/schema\/person\/image\/","url":"https:\/\/secure.gravatar.com\/avatar\/d25959a15b9b293a743f99181c7cfd01?s=96&d=mm&r=g","contentUrl":"https:\/\/secure.gravatar.com\/avatar\/d25959a15b9b293a743f99181c7cfd01?s=96&d=mm&r=g","caption":"Laura Hern\u00e1ndez"}}]}},"publishpress_future_action":{"enabled":false,"date":"2026-05-04 01:23:48","action":"change-status","newStatus":"draft","terms":[],"taxonomy":"category","extraData":[]},"publishpress_future_workflow_manual_trigger":{"enabledWorkflows":[]},"_links":{"self":[{"href":"https:\/\/futbolhoy.co\/index.php\/wp-json\/wp\/v2\/posts\/48402","targetHints":{"allow":["GET"]}}],"collection":[{"href":"https:\/\/futbolhoy.co\/index.php\/wp-json\/wp\/v2\/posts"}],"about":[{"href":"https:\/\/futbolhoy.co\/index.php\/wp-json\/wp\/v2\/types\/post"}],"author":[{"embeddable":true,"href":"https:\/\/futbolhoy.co\/index.php\/wp-json\/wp\/v2\/users\/5"}],"replies":[{"embeddable":true,"href":"https:\/\/futbolhoy.co\/index.php\/wp-json\/wp\/v2\/comments?post=48402"}],"version-history":[{"count":3,"href":"https:\/\/futbolhoy.co\/index.php\/wp-json\/wp\/v2\/posts\/48402\/revisions"}],"predecessor-version":[{"id":48406,"href":"https:\/\/futbolhoy.co\/index.php\/wp-json\/wp\/v2\/posts\/48402\/revisions\/48406"}],"wp:featuredmedia":[{"embeddable":true,"href":"https:\/\/futbolhoy.co\/index.php\/wp-json\/wp\/v2\/media\/19915"}],"wp:attachment":[{"href":"https:\/\/futbolhoy.co\/index.php\/wp-json\/wp\/v2\/media?parent=48402"}],"wp:term":[{"taxonomy":"category","embeddable":true,"href":"https:\/\/futbolhoy.co\/index.php\/wp-json\/wp\/v2\/categories?post=48402"},{"taxonomy":"post_tag","embeddable":true,"href":"https:\/\/futbolhoy.co\/index.php\/wp-json\/wp\/v2\/tags?post=48402"}],"curies":[{"name":"wp","href":"https:\/\/api.w.org\/{rel}","templated":true}]}}