{"id":48407,"date":"2020-03-02T09:00:01","date_gmt":"2020-03-02T14:00:01","guid":{"rendered":"https:\/\/futbolhoy.co\/?p=48407"},"modified":"2020-10-08T14:52:43","modified_gmt":"2020-10-08T19:52:43","slug":"baja-sensible-de-venezuela-para-eliminatorias-y-copa-america","status":"publish","type":"post","link":"https:\/\/futbolhoy.co\/index.php\/2020\/03\/02\/baja-sensible-de-venezuela-para-eliminatorias-y-copa-america\/","title":{"rendered":"Baja sensible de Venezuela para eliminatorias y Copa Am\u00e9rica"},"content":{"rendered":"<p style=\"text-align: justify;\"><span style=\"font-family: helvetica, arial, sans-serif;\">El delantero venezolano de<strong>l Atlanta United, Josef Mart\u00ednez,<\/strong> sufri\u00f3 una ruptura de ligamento cruzado en su rodilla derecha, durante la primera jornada de la <strong>MLS<\/strong>, por lo que se perder\u00e1 el inicio de <strong>eliminatorias<\/strong> y la <strong>Copa Am\u00e9rica.<\/strong><\/span><\/p>\n<p style=\"text-align: justify;\"><span style=\"font-family: helvetica, arial, sans-serif;\">Mart\u00ednez, el Jugador M\u00e1s Valioso (MVP) del torneo estadounidense del 2018, tuvo que dejar el partido ante <strong>Nashville<\/strong> a los 69 minutos por dicha lesi\u00f3n.<\/span><\/p>\n<p style=\"text-align: justify;\"><span style=\"font-family: helvetica, arial, sans-serif;\">\"Mart\u00ednez se someter\u00e1 a una cirug\u00eda en fecha todav\u00eda por determinar para comenzar el proceso de rehabilitaci\u00f3n\", dijo el club en un comunicado.<\/span><\/p>\n<p style=\"text-align: justify;\"><span style=\"font-family: helvetica, arial, sans-serif;\">Mart\u00ednez es uno de los artilleros m\u00e1s importantes de la MLS, con 90 goles en 103 partidos en todas las competencias que ha disputado con el Atlanta United, desde que lleg\u00f3 en 2017.<\/span><\/p>\n<p style=\"text-align: justify;\"><span style=\"font-family: helvetica, arial, sans-serif;\">Venezuela debutar\u00e1 en eliminatorias a Qatar 2022, visitando a <strong>Colombia<\/strong> el 27 de marzo en el estadio <strong>Metropolitano<\/strong> de <strong>Barranquilla.<\/strong><\/span><\/p>\n","protected":false},"excerpt":{"rendered":"<p>El delantero venezolano del Atlanta United, Josef Mart\u00ednez, sufri\u00f3 una ruptura de ligamento cruzado en su rodilla derecha, durante la primera jornada de la MLS, por lo que se perder\u00e1 el inicio de eliminatorias y la Copa Am\u00e9rica. Mart\u00ednez, el Jugador M\u00e1s Valioso (MVP) del torneo estadounidense del 2018, tuvo que dejar el partido ante [&hellip;]<\/p>\n","protected":false},"author":5,"featured_media":48408,"comment_status":"open","ping_status":"open","sticky":false,"template":"","format":"standard","meta":{"_acf_changed":false,"footnotes":""},"categories":[1965],"tags":[214,1778,741],"class_list":{"0":"post-48407","1":"post","2":"type-post","3":"status-publish","4":"format-standard","5":"has-post-thumbnail","7":"category-eli","8":"tag-colombia","9":"tag-josef-martinez","10":"tag-venezuela"},"acf":[],"yoast_head":"<!-- This site is optimized with the Yoast SEO plugin v26.8 - https:\/\/yoast.com\/product\/yoast-seo-wordpress\/ -->\n<title>Baja sensible de Venezuela para eliminatorias y Copa Am\u00e9rica -<\/title>\n<meta name=\"robots\" content=\"index, follow, max-snippet:-1, max-image-preview:large, max-video-preview:-1\" \/>\n<link rel=\"canonical\" href=\"https:\/\/futbolhoy.co\/index.php\/2020\/03\/02\/baja-sensible-de-venezuela-para-eliminatorias-y-copa-america\/\" \/>\n<meta property=\"og:locale\" content=\"es_ES\" \/>\n<meta property=\"og:type\" content=\"article\" \/>\n<meta property=\"og:title\" content=\"Baja sensible de Venezuela para eliminatorias y Copa Am\u00e9rica -\" \/>\n<meta property=\"og:description\" content=\"El delantero venezolano del Atlanta United, Josef Mart\u00ednez, sufri\u00f3 una ruptura de ligamento cruzado en su rodilla derecha, durante la primera jornada de la MLS, por lo que se perder\u00e1 el inicio de eliminatorias y la Copa Am\u00e9rica. Mart\u00ednez, el Jugador M\u00e1s Valioso (MVP) del torneo estadounidense del 2018, tuvo que dejar el partido ante [&hellip;]\" \/>\n<meta property=\"og:url\" content=\"https:\/\/futbolhoy.co\/index.php\/2020\/03\/02\/baja-sensible-de-venezuela-para-eliminatorias-y-copa-america\/\" \/>\n<meta property=\"article:publisher\" content=\"https:\/\/www.facebook.com\/FutbolHoyCol\/\" \/>\n<meta property=\"article:published_time\" content=\"2020-03-02T14:00:01+00:00\" \/>\n<meta property=\"article:modified_time\" content=\"2020-10-08T19:52:43+00:00\" \/>\n<meta property=\"og:image\" content=\"https:\/\/futbolhoy.co\/wp-content\/uploads\/2020\/03\/Martinez.jpg\" \/>\n\t<meta property=\"og:image:width\" content=\"787\" \/>\n\t<meta property=\"og:image:height\" content=\"518\" \/>\n\t<meta property=\"og:image:type\" content=\"image\/jpeg\" \/>\n<meta name=\"author\" content=\"Laura Hern\u00e1ndez\" \/>\n<meta name=\"twitter:card\" content=\"summary_large_image\" \/>\n<meta name=\"twitter:creator\" content=\"@FutbolHoyCol\" \/>\n<meta name=\"twitter:site\" content=\"@FutbolHoyCol\" \/>\n<meta name=\"twitter:label1\" content=\"Escrito por\" \/>\n\t<meta name=\"twitter:data1\" content=\"Laura Hern\u00e1ndez\" \/>\n\t<meta name=\"twitter:label2\" content=\"Tiempo de lectura\" \/>\n\t<meta name=\"twitter:data2\" content=\"1 minuto\" \/>\n<script type=\"application\/ld+json\" class=\"yoast-schema-graph\">{\"@context\":\"https:\/\/schema.org\",\"@graph\":[{\"@type\":\"Article\",\"@id\":\"https:\/\/futbolhoy.co\/index.php\/2020\/03\/02\/baja-sensible-de-venezuela-para-eliminatorias-y-copa-america\/#article\",\"isPartOf\":{\"@id\":\"https:\/\/futbolhoy.co\/index.php\/2020\/03\/02\/baja-sensible-de-venezuela-para-eliminatorias-y-copa-america\/\"},\"author\":{\"name\":\"Laura Hern\u00e1ndez\",\"@id\":\"https:\/\/futbolhoy.co\/#\/schema\/person\/c4a353a512b127643723a34bb1812f7d\"},\"headline\":\"Baja sensible de Venezuela para eliminatorias y Copa Am\u00e9rica\",\"datePublished\":\"2020-03-02T14:00:01+00:00\",\"dateModified\":\"2020-10-08T19:52:43+00:00\",\"mainEntityOfPage\":{\"@id\":\"https:\/\/futbolhoy.co\/index.php\/2020\/03\/02\/baja-sensible-de-venezuela-para-eliminatorias-y-copa-america\/\"},\"wordCount\":153,\"commentCount\":0,\"publisher\":{\"@id\":\"https:\/\/futbolhoy.co\/#organization\"},\"image\":{\"@id\":\"https:\/\/futbolhoy.co\/index.php\/2020\/03\/02\/baja-sensible-de-venezuela-para-eliminatorias-y-copa-america\/#primaryimage\"},\"thumbnailUrl\":\"https:\/\/futbolhoy.co\/wp-content\/uploads\/2020\/03\/Martinez.jpg\",\"keywords\":[\"Colombia\",\"Josef Mart\u00ednez\",\"venezuela\"],\"articleSection\":[\"Qatar 2022\"],\"inLanguage\":\"es\",\"potentialAction\":[{\"@type\":\"CommentAction\",\"name\":\"Comment\",\"target\":[\"https:\/\/futbolhoy.co\/index.php\/2020\/03\/02\/baja-sensible-de-venezuela-para-eliminatorias-y-copa-america\/#respond\"]}]},{\"@type\":\"WebPage\",\"@id\":\"https:\/\/futbolhoy.co\/index.php\/2020\/03\/02\/baja-sensible-de-venezuela-para-eliminatorias-y-copa-america\/\",\"url\":\"https:\/\/futbolhoy.co\/index.php\/2020\/03\/02\/baja-sensible-de-venezuela-para-eliminatorias-y-copa-america\/\",\"name\":\"Baja sensible de Venezuela para eliminatorias y Copa Am\u00e9rica -\",\"isPartOf\":{\"@id\":\"https:\/\/futbolhoy.co\/#website\"},\"primaryImageOfPage\":{\"@id\":\"https:\/\/futbolhoy.co\/index.php\/2020\/03\/02\/baja-sensible-de-venezuela-para-eliminatorias-y-copa-america\/#primaryimage\"},\"image\":{\"@id\":\"https:\/\/futbolhoy.co\/index.php\/2020\/03\/02\/baja-sensible-de-venezuela-para-eliminatorias-y-copa-america\/#primaryimage\"},\"thumbnailUrl\":\"https:\/\/futbolhoy.co\/wp-content\/uploads\/2020\/03\/Martinez.jpg\",\"datePublished\":\"2020-03-02T14:00:01+00:00\",\"dateModified\":\"2020-10-08T19:52:43+00:00\",\"breadcrumb\":{\"@id\":\"https:\/\/futbolhoy.co\/index.php\/2020\/03\/02\/baja-sensible-de-venezuela-para-eliminatorias-y-copa-america\/#breadcrumb\"},\"inLanguage\":\"es\",\"potentialAction\":[{\"@type\":\"ReadAction\",\"target\":[\"https:\/\/futbolhoy.co\/index.php\/2020\/03\/02\/baja-sensible-de-venezuela-para-eliminatorias-y-copa-america\/\"]}]},{\"@type\":\"ImageObject\",\"inLanguage\":\"es\",\"@id\":\"https:\/\/futbolhoy.co\/index.php\/2020\/03\/02\/baja-sensible-de-venezuela-para-eliminatorias-y-copa-america\/#primaryimage\",\"url\":\"https:\/\/futbolhoy.co\/wp-content\/uploads\/2020\/03\/Martinez.jpg\",\"contentUrl\":\"https:\/\/futbolhoy.co\/wp-content\/uploads\/2020\/03\/Martinez.jpg\",\"width\":787,\"height\":518},{\"@type\":\"BreadcrumbList\",\"@id\":\"https:\/\/futbolhoy.co\/index.php\/2020\/03\/02\/baja-sensible-de-venezuela-para-eliminatorias-y-copa-america\/#breadcrumb\",\"itemListElement\":[{\"@type\":\"ListItem\",\"position\":1,\"name\":\"Portada\",\"item\":\"https:\/\/futbolhoy.co\/\"},{\"@type\":\"ListItem\",\"position\":2,\"name\":\"Baja sensible de Venezuela para eliminatorias y Copa Am\u00e9rica\"}]},{\"@type\":\"WebSite\",\"@id\":\"https:\/\/futbolhoy.co\/#website\",\"url\":\"https:\/\/futbolhoy.co\/\",\"name\":\"FutbolHoy\",\"description\":\"\",\"publisher\":{\"@id\":\"https:\/\/futbolhoy.co\/#organization\"},\"potentialAction\":[{\"@type\":\"SearchAction\",\"target\":{\"@type\":\"EntryPoint\",\"urlTemplate\":\"https:\/\/futbolhoy.co\/?s={search_term_string}\"},\"query-input\":{\"@type\":\"PropertyValueSpecification\",\"valueRequired\":true,\"valueName\":\"search_term_string\"}}],\"inLanguage\":\"es\"},{\"@type\":\"Organization\",\"@id\":\"https:\/\/futbolhoy.co\/#organization\",\"name\":\"Futbolhoy.co\",\"url\":\"https:\/\/futbolhoy.co\/\",\"logo\":{\"@type\":\"ImageObject\",\"inLanguage\":\"es\",\"@id\":\"https:\/\/futbolhoy.co\/#\/schema\/logo\/image\/\",\"url\":\"https:\/\/futbolhoy.co\/wp-content\/uploads\/2018\/08\/17426380_1906371736249227_6326180412931521141_n.jpg\",\"contentUrl\":\"https:\/\/futbolhoy.co\/wp-content\/uploads\/2018\/08\/17426380_1906371736249227_6326180412931521141_n.jpg\",\"width\":960,\"height\":960,\"caption\":\"Futbolhoy.co\"},\"image\":{\"@id\":\"https:\/\/futbolhoy.co\/#\/schema\/logo\/image\/\"},\"sameAs\":[\"https:\/\/www.facebook.com\/FutbolHoyCol\/\",\"https:\/\/x.com\/FutbolHoyCol\",\"https:\/\/www.instagram.com\/futbolhoycol\/\"]},{\"@type\":\"Person\",\"@id\":\"https:\/\/futbolhoy.co\/#\/schema\/person\/c4a353a512b127643723a34bb1812f7d\",\"name\":\"Laura Hern\u00e1ndez\",\"image\":{\"@type\":\"ImageObject\",\"inLanguage\":\"es\",\"@id\":\"https:\/\/futbolhoy.co\/#\/schema\/person\/image\/\",\"url\":\"https:\/\/secure.gravatar.com\/avatar\/d25959a15b9b293a743f99181c7cfd01?s=96&d=mm&r=g\",\"contentUrl\":\"https:\/\/secure.gravatar.com\/avatar\/d25959a15b9b293a743f99181c7cfd01?s=96&d=mm&r=g\",\"caption\":\"Laura Hern\u00e1ndez\"}}]}<\/script>\n<!-- \/ Yoast SEO plugin. -->","yoast_head_json":{"title":"Baja sensible de Venezuela para eliminatorias y Copa Am\u00e9rica -","robots":{"index":"index","follow":"follow","max-snippet":"max-snippet:-1","max-image-preview":"max-image-preview:large","max-video-preview":"max-video-preview:-1"},"canonical":"https:\/\/futbolhoy.co\/index.php\/2020\/03\/02\/baja-sensible-de-venezuela-para-eliminatorias-y-copa-america\/","og_locale":"es_ES","og_type":"article","og_title":"Baja sensible de Venezuela para eliminatorias y Copa Am\u00e9rica -","og_description":"El delantero venezolano del Atlanta United, Josef Mart\u00ednez, sufri\u00f3 una ruptura de ligamento cruzado en su rodilla derecha, durante la primera jornada de la MLS, por lo que se perder\u00e1 el inicio de eliminatorias y la Copa Am\u00e9rica. Mart\u00ednez, el Jugador M\u00e1s Valioso (MVP) del torneo estadounidense del 2018, tuvo que dejar el partido ante [&hellip;]","og_url":"https:\/\/futbolhoy.co\/index.php\/2020\/03\/02\/baja-sensible-de-venezuela-para-eliminatorias-y-copa-america\/","article_publisher":"https:\/\/www.facebook.com\/FutbolHoyCol\/","article_published_time":"2020-03-02T14:00:01+00:00","article_modified_time":"2020-10-08T19:52:43+00:00","og_image":[{"width":787,"height":518,"url":"https:\/\/futbolhoy.co\/wp-content\/uploads\/2020\/03\/Martinez.jpg","type":"image\/jpeg"}],"author":"Laura Hern\u00e1ndez","twitter_card":"summary_large_image","twitter_creator":"@FutbolHoyCol","twitter_site":"@FutbolHoyCol","twitter_misc":{"Escrito por":"Laura Hern\u00e1ndez","Tiempo de lectura":"1 minuto"},"schema":{"@context":"https:\/\/schema.org","@graph":[{"@type":"Article","@id":"https:\/\/futbolhoy.co\/index.php\/2020\/03\/02\/baja-sensible-de-venezuela-para-eliminatorias-y-copa-america\/#article","isPartOf":{"@id":"https:\/\/futbolhoy.co\/index.php\/2020\/03\/02\/baja-sensible-de-venezuela-para-eliminatorias-y-copa-america\/"},"author":{"name":"Laura Hern\u00e1ndez","@id":"https:\/\/futbolhoy.co\/#\/schema\/person\/c4a353a512b127643723a34bb1812f7d"},"headline":"Baja sensible de Venezuela para eliminatorias y Copa Am\u00e9rica","datePublished":"2020-03-02T14:00:01+00:00","dateModified":"2020-10-08T19:52:43+00:00","mainEntityOfPage":{"@id":"https:\/\/futbolhoy.co\/index.php\/2020\/03\/02\/baja-sensible-de-venezuela-para-eliminatorias-y-copa-america\/"},"wordCount":153,"commentCount":0,"publisher":{"@id":"https:\/\/futbolhoy.co\/#organization"},"image":{"@id":"https:\/\/futbolhoy.co\/index.php\/2020\/03\/02\/baja-sensible-de-venezuela-para-eliminatorias-y-copa-america\/#primaryimage"},"thumbnailUrl":"https:\/\/futbolhoy.co\/wp-content\/uploads\/2020\/03\/Martinez.jpg","keywords":["Colombia","Josef Mart\u00ednez","venezuela"],"articleSection":["Qatar 2022"],"inLanguage":"es","potentialAction":[{"@type":"CommentAction","name":"Comment","target":["https:\/\/futbolhoy.co\/index.php\/2020\/03\/02\/baja-sensible-de-venezuela-para-eliminatorias-y-copa-america\/#respond"]}]},{"@type":"WebPage","@id":"https:\/\/futbolhoy.co\/index.php\/2020\/03\/02\/baja-sensible-de-venezuela-para-eliminatorias-y-copa-america\/","url":"https:\/\/futbolhoy.co\/index.php\/2020\/03\/02\/baja-sensible-de-venezuela-para-eliminatorias-y-copa-america\/","name":"Baja sensible de Venezuela para eliminatorias y Copa Am\u00e9rica -","isPartOf":{"@id":"https:\/\/futbolhoy.co\/#website"},"primaryImageOfPage":{"@id":"https:\/\/futbolhoy.co\/index.php\/2020\/03\/02\/baja-sensible-de-venezuela-para-eliminatorias-y-copa-america\/#primaryimage"},"image":{"@id":"https:\/\/futbolhoy.co\/index.php\/2020\/03\/02\/baja-sensible-de-venezuela-para-eliminatorias-y-copa-america\/#primaryimage"},"thumbnailUrl":"https:\/\/futbolhoy.co\/wp-content\/uploads\/2020\/03\/Martinez.jpg","datePublished":"2020-03-02T14:00:01+00:00","dateModified":"2020-10-08T19:52:43+00:00","breadcrumb":{"@id":"https:\/\/futbolhoy.co\/index.php\/2020\/03\/02\/baja-sensible-de-venezuela-para-eliminatorias-y-copa-america\/#breadcrumb"},"inLanguage":"es","potentialAction":[{"@type":"ReadAction","target":["https:\/\/futbolhoy.co\/index.php\/2020\/03\/02\/baja-sensible-de-venezuela-para-eliminatorias-y-copa-america\/"]}]},{"@type":"ImageObject","inLanguage":"es","@id":"https:\/\/futbolhoy.co\/index.php\/2020\/03\/02\/baja-sensible-de-venezuela-para-eliminatorias-y-copa-america\/#primaryimage","url":"https:\/\/futbolhoy.co\/wp-content\/uploads\/2020\/03\/Martinez.jpg","contentUrl":"https:\/\/futbolhoy.co\/wp-content\/uploads\/2020\/03\/Martinez.jpg","width":787,"height":518},{"@type":"BreadcrumbList","@id":"https:\/\/futbolhoy.co\/index.php\/2020\/03\/02\/baja-sensible-de-venezuela-para-eliminatorias-y-copa-america\/#breadcrumb","itemListElement":[{"@type":"ListItem","position":1,"name":"Portada","item":"https:\/\/futbolhoy.co\/"},{"@type":"ListItem","position":2,"name":"Baja sensible de Venezuela para eliminatorias y Copa Am\u00e9rica"}]},{"@type":"WebSite","@id":"https:\/\/futbolhoy.co\/#website","url":"https:\/\/futbolhoy.co\/","name":"FutbolHoy","description":"","publisher":{"@id":"https:\/\/futbolhoy.co\/#organization"},"potentialAction":[{"@type":"SearchAction","target":{"@type":"EntryPoint","urlTemplate":"https:\/\/futbolhoy.co\/?s={search_term_string}"},"query-input":{"@type":"PropertyValueSpecification","valueRequired":true,"valueName":"search_term_string"}}],"inLanguage":"es"},{"@type":"Organization","@id":"https:\/\/futbolhoy.co\/#organization","name":"Futbolhoy.co","url":"https:\/\/futbolhoy.co\/","logo":{"@type":"ImageObject","inLanguage":"es","@id":"https:\/\/futbolhoy.co\/#\/schema\/logo\/image\/","url":"https:\/\/futbolhoy.co\/wp-content\/uploads\/2018\/08\/17426380_1906371736249227_6326180412931521141_n.jpg","contentUrl":"https:\/\/futbolhoy.co\/wp-content\/uploads\/2018\/08\/17426380_1906371736249227_6326180412931521141_n.jpg","width":960,"height":960,"caption":"Futbolhoy.co"},"image":{"@id":"https:\/\/futbolhoy.co\/#\/schema\/logo\/image\/"},"sameAs":["https:\/\/www.facebook.com\/FutbolHoyCol\/","https:\/\/x.com\/FutbolHoyCol","https:\/\/www.instagram.com\/futbolhoycol\/"]},{"@type":"Person","@id":"https:\/\/futbolhoy.co\/#\/schema\/person\/c4a353a512b127643723a34bb1812f7d","name":"Laura Hern\u00e1ndez","image":{"@type":"ImageObject","inLanguage":"es","@id":"https:\/\/futbolhoy.co\/#\/schema\/person\/image\/","url":"https:\/\/secure.gravatar.com\/avatar\/d25959a15b9b293a743f99181c7cfd01?s=96&d=mm&r=g","contentUrl":"https:\/\/secure.gravatar.com\/avatar\/d25959a15b9b293a743f99181c7cfd01?s=96&d=mm&r=g","caption":"Laura Hern\u00e1ndez"}}]}},"publishpress_future_action":{"enabled":false,"date":"2026-05-03 23:53:38","action":"change-status","newStatus":"draft","terms":[],"taxonomy":"category","extraData":[]},"publishpress_future_workflow_manual_trigger":{"enabledWorkflows":[]},"_links":{"self":[{"href":"https:\/\/futbolhoy.co\/index.php\/wp-json\/wp\/v2\/posts\/48407","targetHints":{"allow":["GET"]}}],"collection":[{"href":"https:\/\/futbolhoy.co\/index.php\/wp-json\/wp\/v2\/posts"}],"about":[{"href":"https:\/\/futbolhoy.co\/index.php\/wp-json\/wp\/v2\/types\/post"}],"author":[{"embeddable":true,"href":"https:\/\/futbolhoy.co\/index.php\/wp-json\/wp\/v2\/users\/5"}],"replies":[{"embeddable":true,"href":"https:\/\/futbolhoy.co\/index.php\/wp-json\/wp\/v2\/comments?post=48407"}],"version-history":[{"count":1,"href":"https:\/\/futbolhoy.co\/index.php\/wp-json\/wp\/v2\/posts\/48407\/revisions"}],"predecessor-version":[{"id":48409,"href":"https:\/\/futbolhoy.co\/index.php\/wp-json\/wp\/v2\/posts\/48407\/revisions\/48409"}],"wp:featuredmedia":[{"embeddable":true,"href":"https:\/\/futbolhoy.co\/index.php\/wp-json\/wp\/v2\/media\/48408"}],"wp:attachment":[{"href":"https:\/\/futbolhoy.co\/index.php\/wp-json\/wp\/v2\/media?parent=48407"}],"wp:term":[{"taxonomy":"category","embeddable":true,"href":"https:\/\/futbolhoy.co\/index.php\/wp-json\/wp\/v2\/categories?post=48407"},{"taxonomy":"post_tag","embeddable":true,"href":"https:\/\/futbolhoy.co\/index.php\/wp-json\/wp\/v2\/tags?post=48407"}],"curies":[{"name":"wp","href":"https:\/\/api.w.org\/{rel}","templated":true}]}}