{"id":48413,"date":"2020-03-02T17:57:12","date_gmt":"2020-03-02T22:57:12","guid":{"rendered":"https:\/\/futbolhoy.co\/?p=48413"},"modified":"2020-03-03T21:37:42","modified_gmt":"2020-03-04T02:37:42","slug":"america-regresa-a-la-libertadores","status":"publish","type":"post","link":"https:\/\/futbolhoy.co\/index.php\/2020\/03\/02\/america-regresa-a-la-libertadores\/","title":{"rendered":"Am\u00e9rica regresa a la Libertadores"},"content":{"rendered":"<p style=\"text-align: justify;\"><span style=\"font-family: helvetica, arial, sans-serif;\"><strong>Am\u00e9rica<\/strong>\u00a0recibir\u00e1 en el estadio\u00a0Pascual Guerrero\u00a0a\u00a0<strong>Gremio<\/strong> de Porto Alegre\u00a0este martes a las 7.30PM en la primera fecha del grupo E de la\u00a0<strong>Copa Libertadores<\/strong>, lo que marca el regreso de los \u2018escarlatas\u2019 tras 11 a\u00f1os de ausencia del torneo continental.<\/span><\/p>\n<p style=\"text-align: justify;\"><span style=\"font-family: helvetica, arial, sans-serif;\">El t\u00e9cnico brasile\u00f1o\u00a0<strong>Alexandre Guimaraes<\/strong>, no podr\u00e1 contar con\u00a0<strong>Luis Paz\u00a0<\/strong>y\u00a0<strong>Adri\u00e1n Ramos\u00a0<\/strong>por problemas f\u00edsicos; y\u00a0<strong>Rafael Carrascal<\/strong>, por suspensi\u00f3n en torneos\u00a0<strong>Conmebol.<\/strong><\/span><\/p>\n<p style=\"text-align: justify;\"><span style=\"font-family: helvetica, arial, sans-serif;\"><strong>Felipe Jaramillo<\/strong>,\u00a0Ricardo Ure\u00f1a\u00a0y\u00a0Juan David P\u00e9rez\u00a0ocupar\u00e1n los lugares de los jugadores inhabilitados.<\/span><\/p>\n<p style=\"text-align: justify;\"><span style=\"font-family: helvetica, arial, sans-serif;\"><strong>Gremio,<\/strong> por su parte, recuper\u00f3 de sus lesiones a\u00a0<strong>Matheus Henrique<\/strong>\u00a0y\u00a0\u00c9verton Cebolinha, su m\u00e1xima figura.<\/span><\/p>\n<p style=\"text-align: justify;\"><span style=\"font-family: helvetica, arial, sans-serif;\">Probables Formaciones:<\/span><\/p>\n<p style=\"text-align: justify;\"><span style=\"font-family: helvetica, arial, sans-serif;\"><strong>Am\u00e9rica:<\/strong>\u00a0\u00c9der Chaux; Cristian Camilo Arrieta, Marlon Torres, Juan Pablo Segovia, Edwin Velasco; Felipe Jaramillo, Rodrigo Ure\u00f1a, Carlos Sierra; Duv\u00e1n Vergara, Juan David P\u00e9rez y Michael Rangel.<\/span><\/p>\n<p style=\"text-align: justify;\"><span style=\"font-family: helvetica, arial, sans-serif;\"><strong>Gremio:<\/strong>\u00a0Vanderlei; V\u00edctor Ferraz, Pedro Geromel, David Braz, Bruno Cortez; Maicon, Matheus Henrique, Pep\u00e9, Thiago Neves; \u00c9verton Cebolinha y Diego Souza.<\/span><\/p>\n<p style=\"text-align: justify;\"><span style=\"font-family: helvetica, arial, sans-serif;\">\u00c1rbitro:\u00a0Guillermo Guerrero (ECU).<\/span><\/p>\n<!--[if lt IE 9]><script>document.createElement('audio');<\/script><![endif]-->\n\t<div class=\"wp-playlist wp-audio-playlist wp-playlist-light\">\n\t\t\t<div class=\"wp-playlist-current-item\"><\/div>\n\t\t<audio controls=\"controls\" preload=\"none\" width=\"674\"\n\t\t\t><\/audio>\n\t<div class=\"wp-playlist-next\"><\/div>\n\t<div class=\"wp-playlist-prev\"><\/div>\n\t<noscript>\n\t<ol>\n\t\t<li><a href='https:\/\/futbolhoy.co\/wp-content\/uploads\/2020\/03\/PEDRO-GEROMEL..mp3'>Pedro Geromel - Jugador Gremio<\/a><\/li><li><a href='https:\/\/futbolhoy.co\/wp-content\/uploads\/2020\/03\/GUIMARAES..mp3'>Alexandre Guimaraes - Dt Am\u00e9rica<\/a><\/li>\t<\/ol>\n\t<\/noscript>\n\t<script type=\"application\/json\" class=\"wp-playlist-script\">{\"type\":\"audio\",\"tracklist\":true,\"tracknumbers\":true,\"images\":true,\"artists\":true,\"tracks\":[{\"src\":\"https:\\\/\\\/futbolhoy.co\\\/wp-content\\\/uploads\\\/2020\\\/03\\\/PEDRO-GEROMEL..mp3\",\"type\":\"audio\\\/mpeg\",\"title\":\"Pedro Geromel - Jugador Gremio\",\"caption\":\"\",\"description\":\"Pedro Geromel - Jugador Gremio \",\"meta\":{\"length_formatted\":\"0:22\"},\"image\":{\"src\":\"https:\\\/\\\/futbolhoy.co\\\/wp-includes\\\/images\\\/media\\\/audio.svg\",\"width\":48,\"height\":64},\"thumb\":{\"src\":\"https:\\\/\\\/futbolhoy.co\\\/wp-includes\\\/images\\\/media\\\/audio.svg\",\"width\":48,\"height\":64}},{\"src\":\"https:\\\/\\\/futbolhoy.co\\\/wp-content\\\/uploads\\\/2020\\\/03\\\/GUIMARAES..mp3\",\"type\":\"audio\\\/mpeg\",\"title\":\"Alexandre Guimaraes - Dt Am\\u00e9rica\",\"caption\":\"\",\"description\":\"Alexandre Guimaraes - Dt Am\\u00e9rica \",\"meta\":{\"length_formatted\":\"0:23\"},\"image\":{\"src\":\"https:\\\/\\\/futbolhoy.co\\\/wp-includes\\\/images\\\/media\\\/audio.svg\",\"width\":48,\"height\":64},\"thumb\":{\"src\":\"https:\\\/\\\/futbolhoy.co\\\/wp-includes\\\/images\\\/media\\\/audio.svg\",\"width\":48,\"height\":64}}]}<\/script>\n<\/div>\n\t\n<p>&nbsp;<\/p>\n","protected":false},"excerpt":{"rendered":"<p>Am\u00e9rica\u00a0recibir\u00e1 en el estadio\u00a0Pascual Guerrero\u00a0a\u00a0Gremio de Porto Alegre\u00a0este martes a las 7.30PM en la primera fecha del grupo E de la\u00a0Copa Libertadores, lo que marca el regreso de los \u2018escarlatas\u2019 tras 11 a\u00f1os de ausencia del torneo continental. El t\u00e9cnico brasile\u00f1o\u00a0Alexandre Guimaraes, no podr\u00e1 contar con\u00a0Luis Paz\u00a0y\u00a0Adri\u00e1n Ramos\u00a0por problemas f\u00edsicos; y\u00a0Rafael Carrascal, por suspensi\u00f3n en [&hellip;]<\/p>\n","protected":false},"author":5,"featured_media":48416,"comment_status":"open","ping_status":"open","sticky":false,"template":"","format":"video","meta":{"_acf_changed":false,"footnotes":""},"categories":[653],"tags":[],"class_list":{"0":"post-48413","1":"post","2":"type-post","3":"status-publish","4":"format-video","5":"has-post-thumbnail","7":"category-copa-libertadores","8":"post_format-post-format-video"},"acf":[],"yoast_head":"<!-- This site is optimized with the Yoast SEO plugin v26.8 - https:\/\/yoast.com\/product\/yoast-seo-wordpress\/ -->\n<title>Am\u00e9rica regresa a la Libertadores -<\/title>\n<meta name=\"robots\" content=\"index, follow, max-snippet:-1, max-image-preview:large, max-video-preview:-1\" \/>\n<link rel=\"canonical\" href=\"https:\/\/futbolhoy.co\/index.php\/2020\/03\/02\/america-regresa-a-la-libertadores\/\" \/>\n<meta property=\"og:locale\" content=\"es_ES\" \/>\n<meta property=\"og:type\" content=\"article\" \/>\n<meta property=\"og:title\" content=\"Am\u00e9rica regresa a la Libertadores -\" \/>\n<meta property=\"og:description\" content=\"Am\u00e9rica\u00a0recibir\u00e1 en el estadio\u00a0Pascual Guerrero\u00a0a\u00a0Gremio de Porto Alegre\u00a0este martes a las 7.30PM en la primera fecha del grupo E de la\u00a0Copa Libertadores, lo que marca el regreso de los \u2018escarlatas\u2019 tras 11 a\u00f1os de ausencia del torneo continental. El t\u00e9cnico brasile\u00f1o\u00a0Alexandre Guimaraes, no podr\u00e1 contar con\u00a0Luis Paz\u00a0y\u00a0Adri\u00e1n Ramos\u00a0por problemas f\u00edsicos; y\u00a0Rafael Carrascal, por suspensi\u00f3n en [&hellip;]\" \/>\n<meta property=\"og:url\" content=\"https:\/\/futbolhoy.co\/index.php\/2020\/03\/02\/america-regresa-a-la-libertadores\/\" \/>\n<meta property=\"article:publisher\" content=\"https:\/\/www.facebook.com\/FutbolHoyCol\/\" \/>\n<meta property=\"article:published_time\" content=\"2020-03-02T22:57:12+00:00\" \/>\n<meta property=\"article:modified_time\" content=\"2020-03-04T02:37:42+00:00\" \/>\n<meta property=\"og:image\" content=\"https:\/\/futbolhoy.co\/wp-content\/uploads\/2020\/03\/IMG_20200302_175632.jpg\" \/>\n\t<meta property=\"og:image:width\" content=\"1200\" \/>\n\t<meta property=\"og:image:height\" content=\"800\" \/>\n\t<meta property=\"og:image:type\" content=\"image\/jpeg\" \/>\n<meta name=\"author\" content=\"Laura Hern\u00e1ndez\" \/>\n<meta name=\"twitter:card\" content=\"summary_large_image\" \/>\n<meta name=\"twitter:creator\" content=\"@FutbolHoyCol\" \/>\n<meta name=\"twitter:site\" content=\"@FutbolHoyCol\" \/>\n<meta name=\"twitter:label1\" content=\"Escrito por\" \/>\n\t<meta name=\"twitter:data1\" content=\"Laura Hern\u00e1ndez\" \/>\n\t<meta name=\"twitter:label2\" content=\"Tiempo de lectura\" \/>\n\t<meta name=\"twitter:data2\" content=\"1 minuto\" \/>\n<script type=\"application\/ld+json\" class=\"yoast-schema-graph\">{\"@context\":\"https:\/\/schema.org\",\"@graph\":[{\"@type\":\"Article\",\"@id\":\"https:\/\/futbolhoy.co\/index.php\/2020\/03\/02\/america-regresa-a-la-libertadores\/#article\",\"isPartOf\":{\"@id\":\"https:\/\/futbolhoy.co\/index.php\/2020\/03\/02\/america-regresa-a-la-libertadores\/\"},\"author\":{\"name\":\"Laura Hern\u00e1ndez\",\"@id\":\"https:\/\/futbolhoy.co\/#\/schema\/person\/c4a353a512b127643723a34bb1812f7d\"},\"headline\":\"Am\u00e9rica regresa a la Libertadores\",\"datePublished\":\"2020-03-02T22:57:12+00:00\",\"dateModified\":\"2020-03-04T02:37:42+00:00\",\"mainEntityOfPage\":{\"@id\":\"https:\/\/futbolhoy.co\/index.php\/2020\/03\/02\/america-regresa-a-la-libertadores\/\"},\"wordCount\":179,\"commentCount\":0,\"publisher\":{\"@id\":\"https:\/\/futbolhoy.co\/#organization\"},\"image\":{\"@id\":\"https:\/\/futbolhoy.co\/index.php\/2020\/03\/02\/america-regresa-a-la-libertadores\/#primaryimage\"},\"thumbnailUrl\":\"https:\/\/futbolhoy.co\/wp-content\/uploads\/2020\/03\/IMG_20200302_175632.jpg\",\"articleSection\":[\"Libertadores\"],\"inLanguage\":\"es\",\"potentialAction\":[{\"@type\":\"CommentAction\",\"name\":\"Comment\",\"target\":[\"https:\/\/futbolhoy.co\/index.php\/2020\/03\/02\/america-regresa-a-la-libertadores\/#respond\"]}]},{\"@type\":\"WebPage\",\"@id\":\"https:\/\/futbolhoy.co\/index.php\/2020\/03\/02\/america-regresa-a-la-libertadores\/\",\"url\":\"https:\/\/futbolhoy.co\/index.php\/2020\/03\/02\/america-regresa-a-la-libertadores\/\",\"name\":\"Am\u00e9rica regresa a la Libertadores -\",\"isPartOf\":{\"@id\":\"https:\/\/futbolhoy.co\/#website\"},\"primaryImageOfPage\":{\"@id\":\"https:\/\/futbolhoy.co\/index.php\/2020\/03\/02\/america-regresa-a-la-libertadores\/#primaryimage\"},\"image\":{\"@id\":\"https:\/\/futbolhoy.co\/index.php\/2020\/03\/02\/america-regresa-a-la-libertadores\/#primaryimage\"},\"thumbnailUrl\":\"https:\/\/futbolhoy.co\/wp-content\/uploads\/2020\/03\/IMG_20200302_175632.jpg\",\"datePublished\":\"2020-03-02T22:57:12+00:00\",\"dateModified\":\"2020-03-04T02:37:42+00:00\",\"breadcrumb\":{\"@id\":\"https:\/\/futbolhoy.co\/index.php\/2020\/03\/02\/america-regresa-a-la-libertadores\/#breadcrumb\"},\"inLanguage\":\"es\",\"potentialAction\":[{\"@type\":\"ReadAction\",\"target\":[\"https:\/\/futbolhoy.co\/index.php\/2020\/03\/02\/america-regresa-a-la-libertadores\/\"]}]},{\"@type\":\"ImageObject\",\"inLanguage\":\"es\",\"@id\":\"https:\/\/futbolhoy.co\/index.php\/2020\/03\/02\/america-regresa-a-la-libertadores\/#primaryimage\",\"url\":\"https:\/\/futbolhoy.co\/wp-content\/uploads\/2020\/03\/IMG_20200302_175632.jpg\",\"contentUrl\":\"https:\/\/futbolhoy.co\/wp-content\/uploads\/2020\/03\/IMG_20200302_175632.jpg\",\"width\":1200,\"height\":800},{\"@type\":\"BreadcrumbList\",\"@id\":\"https:\/\/futbolhoy.co\/index.php\/2020\/03\/02\/america-regresa-a-la-libertadores\/#breadcrumb\",\"itemListElement\":[{\"@type\":\"ListItem\",\"position\":1,\"name\":\"Portada\",\"item\":\"https:\/\/futbolhoy.co\/\"},{\"@type\":\"ListItem\",\"position\":2,\"name\":\"Am\u00e9rica regresa a la Libertadores\"}]},{\"@type\":\"WebSite\",\"@id\":\"https:\/\/futbolhoy.co\/#website\",\"url\":\"https:\/\/futbolhoy.co\/\",\"name\":\"FutbolHoy\",\"description\":\"\",\"publisher\":{\"@id\":\"https:\/\/futbolhoy.co\/#organization\"},\"potentialAction\":[{\"@type\":\"SearchAction\",\"target\":{\"@type\":\"EntryPoint\",\"urlTemplate\":\"https:\/\/futbolhoy.co\/?s={search_term_string}\"},\"query-input\":{\"@type\":\"PropertyValueSpecification\",\"valueRequired\":true,\"valueName\":\"search_term_string\"}}],\"inLanguage\":\"es\"},{\"@type\":\"Organization\",\"@id\":\"https:\/\/futbolhoy.co\/#organization\",\"name\":\"Futbolhoy.co\",\"url\":\"https:\/\/futbolhoy.co\/\",\"logo\":{\"@type\":\"ImageObject\",\"inLanguage\":\"es\",\"@id\":\"https:\/\/futbolhoy.co\/#\/schema\/logo\/image\/\",\"url\":\"https:\/\/futbolhoy.co\/wp-content\/uploads\/2018\/08\/17426380_1906371736249227_6326180412931521141_n.jpg\",\"contentUrl\":\"https:\/\/futbolhoy.co\/wp-content\/uploads\/2018\/08\/17426380_1906371736249227_6326180412931521141_n.jpg\",\"width\":960,\"height\":960,\"caption\":\"Futbolhoy.co\"},\"image\":{\"@id\":\"https:\/\/futbolhoy.co\/#\/schema\/logo\/image\/\"},\"sameAs\":[\"https:\/\/www.facebook.com\/FutbolHoyCol\/\",\"https:\/\/x.com\/FutbolHoyCol\",\"https:\/\/www.instagram.com\/futbolhoycol\/\"]},{\"@type\":\"Person\",\"@id\":\"https:\/\/futbolhoy.co\/#\/schema\/person\/c4a353a512b127643723a34bb1812f7d\",\"name\":\"Laura Hern\u00e1ndez\",\"image\":{\"@type\":\"ImageObject\",\"inLanguage\":\"es\",\"@id\":\"https:\/\/futbolhoy.co\/#\/schema\/person\/image\/\",\"url\":\"https:\/\/secure.gravatar.com\/avatar\/d25959a15b9b293a743f99181c7cfd01?s=96&d=mm&r=g\",\"contentUrl\":\"https:\/\/secure.gravatar.com\/avatar\/d25959a15b9b293a743f99181c7cfd01?s=96&d=mm&r=g\",\"caption\":\"Laura Hern\u00e1ndez\"}}]}<\/script>\n<!-- \/ Yoast SEO plugin. -->","yoast_head_json":{"title":"Am\u00e9rica regresa a la Libertadores -","robots":{"index":"index","follow":"follow","max-snippet":"max-snippet:-1","max-image-preview":"max-image-preview:large","max-video-preview":"max-video-preview:-1"},"canonical":"https:\/\/futbolhoy.co\/index.php\/2020\/03\/02\/america-regresa-a-la-libertadores\/","og_locale":"es_ES","og_type":"article","og_title":"Am\u00e9rica regresa a la Libertadores -","og_description":"Am\u00e9rica\u00a0recibir\u00e1 en el estadio\u00a0Pascual Guerrero\u00a0a\u00a0Gremio de Porto Alegre\u00a0este martes a las 7.30PM en la primera fecha del grupo E de la\u00a0Copa Libertadores, lo que marca el regreso de los \u2018escarlatas\u2019 tras 11 a\u00f1os de ausencia del torneo continental. El t\u00e9cnico brasile\u00f1o\u00a0Alexandre Guimaraes, no podr\u00e1 contar con\u00a0Luis Paz\u00a0y\u00a0Adri\u00e1n Ramos\u00a0por problemas f\u00edsicos; y\u00a0Rafael Carrascal, por suspensi\u00f3n en [&hellip;]","og_url":"https:\/\/futbolhoy.co\/index.php\/2020\/03\/02\/america-regresa-a-la-libertadores\/","article_publisher":"https:\/\/www.facebook.com\/FutbolHoyCol\/","article_published_time":"2020-03-02T22:57:12+00:00","article_modified_time":"2020-03-04T02:37:42+00:00","og_image":[{"width":1200,"height":800,"url":"https:\/\/futbolhoy.co\/wp-content\/uploads\/2020\/03\/IMG_20200302_175632.jpg","type":"image\/jpeg"}],"author":"Laura Hern\u00e1ndez","twitter_card":"summary_large_image","twitter_creator":"@FutbolHoyCol","twitter_site":"@FutbolHoyCol","twitter_misc":{"Escrito por":"Laura Hern\u00e1ndez","Tiempo de lectura":"1 minuto"},"schema":{"@context":"https:\/\/schema.org","@graph":[{"@type":"Article","@id":"https:\/\/futbolhoy.co\/index.php\/2020\/03\/02\/america-regresa-a-la-libertadores\/#article","isPartOf":{"@id":"https:\/\/futbolhoy.co\/index.php\/2020\/03\/02\/america-regresa-a-la-libertadores\/"},"author":{"name":"Laura Hern\u00e1ndez","@id":"https:\/\/futbolhoy.co\/#\/schema\/person\/c4a353a512b127643723a34bb1812f7d"},"headline":"Am\u00e9rica regresa a la Libertadores","datePublished":"2020-03-02T22:57:12+00:00","dateModified":"2020-03-04T02:37:42+00:00","mainEntityOfPage":{"@id":"https:\/\/futbolhoy.co\/index.php\/2020\/03\/02\/america-regresa-a-la-libertadores\/"},"wordCount":179,"commentCount":0,"publisher":{"@id":"https:\/\/futbolhoy.co\/#organization"},"image":{"@id":"https:\/\/futbolhoy.co\/index.php\/2020\/03\/02\/america-regresa-a-la-libertadores\/#primaryimage"},"thumbnailUrl":"https:\/\/futbolhoy.co\/wp-content\/uploads\/2020\/03\/IMG_20200302_175632.jpg","articleSection":["Libertadores"],"inLanguage":"es","potentialAction":[{"@type":"CommentAction","name":"Comment","target":["https:\/\/futbolhoy.co\/index.php\/2020\/03\/02\/america-regresa-a-la-libertadores\/#respond"]}]},{"@type":"WebPage","@id":"https:\/\/futbolhoy.co\/index.php\/2020\/03\/02\/america-regresa-a-la-libertadores\/","url":"https:\/\/futbolhoy.co\/index.php\/2020\/03\/02\/america-regresa-a-la-libertadores\/","name":"Am\u00e9rica regresa a la Libertadores -","isPartOf":{"@id":"https:\/\/futbolhoy.co\/#website"},"primaryImageOfPage":{"@id":"https:\/\/futbolhoy.co\/index.php\/2020\/03\/02\/america-regresa-a-la-libertadores\/#primaryimage"},"image":{"@id":"https:\/\/futbolhoy.co\/index.php\/2020\/03\/02\/america-regresa-a-la-libertadores\/#primaryimage"},"thumbnailUrl":"https:\/\/futbolhoy.co\/wp-content\/uploads\/2020\/03\/IMG_20200302_175632.jpg","datePublished":"2020-03-02T22:57:12+00:00","dateModified":"2020-03-04T02:37:42+00:00","breadcrumb":{"@id":"https:\/\/futbolhoy.co\/index.php\/2020\/03\/02\/america-regresa-a-la-libertadores\/#breadcrumb"},"inLanguage":"es","potentialAction":[{"@type":"ReadAction","target":["https:\/\/futbolhoy.co\/index.php\/2020\/03\/02\/america-regresa-a-la-libertadores\/"]}]},{"@type":"ImageObject","inLanguage":"es","@id":"https:\/\/futbolhoy.co\/index.php\/2020\/03\/02\/america-regresa-a-la-libertadores\/#primaryimage","url":"https:\/\/futbolhoy.co\/wp-content\/uploads\/2020\/03\/IMG_20200302_175632.jpg","contentUrl":"https:\/\/futbolhoy.co\/wp-content\/uploads\/2020\/03\/IMG_20200302_175632.jpg","width":1200,"height":800},{"@type":"BreadcrumbList","@id":"https:\/\/futbolhoy.co\/index.php\/2020\/03\/02\/america-regresa-a-la-libertadores\/#breadcrumb","itemListElement":[{"@type":"ListItem","position":1,"name":"Portada","item":"https:\/\/futbolhoy.co\/"},{"@type":"ListItem","position":2,"name":"Am\u00e9rica regresa a la Libertadores"}]},{"@type":"WebSite","@id":"https:\/\/futbolhoy.co\/#website","url":"https:\/\/futbolhoy.co\/","name":"FutbolHoy","description":"","publisher":{"@id":"https:\/\/futbolhoy.co\/#organization"},"potentialAction":[{"@type":"SearchAction","target":{"@type":"EntryPoint","urlTemplate":"https:\/\/futbolhoy.co\/?s={search_term_string}"},"query-input":{"@type":"PropertyValueSpecification","valueRequired":true,"valueName":"search_term_string"}}],"inLanguage":"es"},{"@type":"Organization","@id":"https:\/\/futbolhoy.co\/#organization","name":"Futbolhoy.co","url":"https:\/\/futbolhoy.co\/","logo":{"@type":"ImageObject","inLanguage":"es","@id":"https:\/\/futbolhoy.co\/#\/schema\/logo\/image\/","url":"https:\/\/futbolhoy.co\/wp-content\/uploads\/2018\/08\/17426380_1906371736249227_6326180412931521141_n.jpg","contentUrl":"https:\/\/futbolhoy.co\/wp-content\/uploads\/2018\/08\/17426380_1906371736249227_6326180412931521141_n.jpg","width":960,"height":960,"caption":"Futbolhoy.co"},"image":{"@id":"https:\/\/futbolhoy.co\/#\/schema\/logo\/image\/"},"sameAs":["https:\/\/www.facebook.com\/FutbolHoyCol\/","https:\/\/x.com\/FutbolHoyCol","https:\/\/www.instagram.com\/futbolhoycol\/"]},{"@type":"Person","@id":"https:\/\/futbolhoy.co\/#\/schema\/person\/c4a353a512b127643723a34bb1812f7d","name":"Laura Hern\u00e1ndez","image":{"@type":"ImageObject","inLanguage":"es","@id":"https:\/\/futbolhoy.co\/#\/schema\/person\/image\/","url":"https:\/\/secure.gravatar.com\/avatar\/d25959a15b9b293a743f99181c7cfd01?s=96&d=mm&r=g","contentUrl":"https:\/\/secure.gravatar.com\/avatar\/d25959a15b9b293a743f99181c7cfd01?s=96&d=mm&r=g","caption":"Laura Hern\u00e1ndez"}}]}},"publishpress_future_action":{"enabled":false,"date":"2026-05-03 12:48:15","action":"change-status","newStatus":"draft","terms":[],"taxonomy":"category","extraData":[]},"publishpress_future_workflow_manual_trigger":{"enabledWorkflows":[]},"_links":{"self":[{"href":"https:\/\/futbolhoy.co\/index.php\/wp-json\/wp\/v2\/posts\/48413","targetHints":{"allow":["GET"]}}],"collection":[{"href":"https:\/\/futbolhoy.co\/index.php\/wp-json\/wp\/v2\/posts"}],"about":[{"href":"https:\/\/futbolhoy.co\/index.php\/wp-json\/wp\/v2\/types\/post"}],"author":[{"embeddable":true,"href":"https:\/\/futbolhoy.co\/index.php\/wp-json\/wp\/v2\/users\/5"}],"replies":[{"embeddable":true,"href":"https:\/\/futbolhoy.co\/index.php\/wp-json\/wp\/v2\/comments?post=48413"}],"version-history":[{"count":6,"href":"https:\/\/futbolhoy.co\/index.php\/wp-json\/wp\/v2\/posts\/48413\/revisions"}],"predecessor-version":[{"id":48436,"href":"https:\/\/futbolhoy.co\/index.php\/wp-json\/wp\/v2\/posts\/48413\/revisions\/48436"}],"wp:featuredmedia":[{"embeddable":true,"href":"https:\/\/futbolhoy.co\/index.php\/wp-json\/wp\/v2\/media\/48416"}],"wp:attachment":[{"href":"https:\/\/futbolhoy.co\/index.php\/wp-json\/wp\/v2\/media?parent=48413"}],"wp:term":[{"taxonomy":"category","embeddable":true,"href":"https:\/\/futbolhoy.co\/index.php\/wp-json\/wp\/v2\/categories?post=48413"},{"taxonomy":"post_tag","embeddable":true,"href":"https:\/\/futbolhoy.co\/index.php\/wp-json\/wp\/v2\/tags?post=48413"}],"curies":[{"name":"wp","href":"https:\/\/api.w.org\/{rel}","templated":true}]}}