{"id":48421,"date":"2020-03-02T16:50:11","date_gmt":"2020-03-02T21:50:11","guid":{"rendered":"https:\/\/futbolhoy.co\/?p=48421"},"modified":"2020-03-03T18:18:49","modified_gmt":"2020-03-03T23:18:49","slug":"medellin-se-estrena-en-los-grupos-de-copa","status":"publish","type":"post","link":"https:\/\/futbolhoy.co\/index.php\/2020\/03\/02\/medellin-se-estrena-en-los-grupos-de-copa\/","title":{"rendered":"Medell\u00edn se estrena en los grupos de Copa"},"content":{"rendered":"<p style=\"text-align: justify;\"><span style=\"font-family: helvetica, arial, sans-serif;\"><strong>Independiente Medell\u00edn<\/strong>, luego de superar dos fases previas, se estrenar\u00e1 ante el\u00a0<strong>Libertad<\/strong>\u00a0paraguayo en el grupo H de la\u00a0<strong>Copa Libertadores\u00a0<\/strong>este martes a las 7.30PM en el estadio\u00a0Atanasio Girardot.<\/span><\/p>\n<p style=\"text-align: justify;\"><span style=\"font-family: helvetica, arial, sans-serif;\">\"Hicimos un desgaste tremendo para llegar hasta ac\u00e1, no fue f\u00e1cil clasificar y evidentemente nuestra meta es pasar esta llave\", declar\u00f3 su t\u00e9cnico, el paraguayo\u00a0<strong>Aldo Bobadilla<\/strong>.<\/span><\/p>\n<p style=\"text-align: justify;\"><span style=\"font-family: helvetica, arial, sans-serif;\">El extremo\u00a0Antonio Bareiro, por dengue, ser\u00e1 baja del equipo \u2018guaran\u00ed\u2019, cuyo ataque estar\u00e1 comandado por el veterano\u00a0Oscar \u2018Tacuara\u2019 Cardozo; mientras que en su n\u00f3mina viajera incluy\u00f3 a los colombianos\u00a0Daniel Bocanegra\u00a0y\u00a0Alex Mej\u00eda.<\/span><\/p>\n<p style=\"text-align: justify;\"><span style=\"font-family: helvetica, arial, sans-serif;\">Probables formaciones:<\/span><\/p>\n<p style=\"text-align: justify;\"><span style=\"font-family: helvetica, arial, sans-serif;\"><strong>Medell\u00edn:<\/strong>\u00a0Andr\u00e9s Mosquera; Didier Delgado, Jes\u00fas Murillo, Andr\u00e9s Cadavid, Yuli\u00e1n Mosquera; Larry Angulo, Adri\u00e1n Arregui; Javier Reina, Andr\u00e9s Ricaurte, Edwin Mosquera; Juan Fernando Caicedo.<\/span><\/p>\n<p style=\"text-align: justify;\"><span style=\"font-family: helvetica, arial, sans-serif;\"><strong>Libertad:<\/strong>\u00a0Mart\u00edn Silva; Luciano Abecasis, Luis Cardozo, Diego Viera, Iv\u00e1n Piris; Sebasti\u00e1n Aquino, Nicol\u00e1s Milesi, Alex Mej\u00eda, H\u00e9ctor Villalba; Sebasti\u00e1n Ferreira, \u00d3scar Cardozo.<\/span><\/p>\n<p style=\"text-align: justify;\"><span style=\"font-family: helvetica, arial, sans-serif;\">\u00c1rbitro:\u00a0Kevin Ortega (PER).<\/span><\/p>\n<!--[if lt IE 9]><script>document.createElement('audio');<\/script><![endif]-->\n\t<div class=\"wp-playlist wp-audio-playlist wp-playlist-light\">\n\t\t\t<div class=\"wp-playlist-current-item\"><\/div>\n\t\t<audio controls=\"controls\" preload=\"none\" width=\"674\"\n\t\t\t><\/audio>\n\t<div class=\"wp-playlist-next\"><\/div>\n\t<div class=\"wp-playlist-prev\"><\/div>\n\t<noscript>\n\t<ol>\n\t\t<li><a href='https:\/\/futbolhoy.co\/wp-content\/uploads\/2020\/03\/PELADO-D\u00cdAZ..mp3'>Ram\u00f3n 'El Pelado' D\u00edaz - Dt Libertad<\/a><\/li><li><a href='https:\/\/futbolhoy.co\/wp-content\/uploads\/2020\/03\/ALDO-BOBADILLA..mp3'>Aldo Bobadilla - Tecnico Medell\u00edn<\/a><\/li>\t<\/ol>\n\t<\/noscript>\n\t<script type=\"application\/json\" class=\"wp-playlist-script\">{\"type\":\"audio\",\"tracklist\":true,\"tracknumbers\":true,\"images\":true,\"artists\":true,\"tracks\":[{\"src\":\"https:\\\/\\\/futbolhoy.co\\\/wp-content\\\/uploads\\\/2020\\\/03\\\/PELADO-D\\u00cdAZ..mp3\",\"type\":\"audio\\\/mpeg\",\"title\":\"Ram\\u00f3n 'El Pelado' D\\u00edaz - Dt Libertad\",\"caption\":\"\",\"description\":\"Ram\\u00f3n 'El Pelado' D\\u00edaz - Dt Libertad \",\"meta\":{\"length_formatted\":\"0:19\"},\"image\":{\"src\":\"https:\\\/\\\/futbolhoy.co\\\/wp-includes\\\/images\\\/media\\\/audio.svg\",\"width\":48,\"height\":64},\"thumb\":{\"src\":\"https:\\\/\\\/futbolhoy.co\\\/wp-includes\\\/images\\\/media\\\/audio.svg\",\"width\":48,\"height\":64}},{\"src\":\"https:\\\/\\\/futbolhoy.co\\\/wp-content\\\/uploads\\\/2020\\\/03\\\/ALDO-BOBADILLA..mp3\",\"type\":\"audio\\\/mpeg\",\"title\":\"Aldo Bobadilla - Tecnico Medell\\u00edn\",\"caption\":\"\",\"description\":\"Aldo Bobadilla - Tecnico Medell\\u00edn \",\"meta\":{\"length_formatted\":\"0:36\"},\"image\":{\"src\":\"https:\\\/\\\/futbolhoy.co\\\/wp-includes\\\/images\\\/media\\\/audio.svg\",\"width\":48,\"height\":64},\"thumb\":{\"src\":\"https:\\\/\\\/futbolhoy.co\\\/wp-includes\\\/images\\\/media\\\/audio.svg\",\"width\":48,\"height\":64}}]}<\/script>\n<\/div>\n\t\n","protected":false},"excerpt":{"rendered":"<p>Independiente Medell\u00edn, luego de superar dos fases previas, se estrenar\u00e1 ante el\u00a0Libertad\u00a0paraguayo en el grupo H de la\u00a0Copa Libertadores\u00a0este martes a las 7.30PM en el estadio\u00a0Atanasio Girardot. \"Hicimos un desgaste tremendo para llegar hasta ac\u00e1, no fue f\u00e1cil clasificar y evidentemente nuestra meta es pasar esta llave\", declar\u00f3 su t\u00e9cnico, el paraguayo\u00a0Aldo Bobadilla. El extremo\u00a0Antonio [&hellip;]<\/p>\n","protected":false},"author":5,"featured_media":48424,"comment_status":"open","ping_status":"open","sticky":false,"template":"","format":"video","meta":{"_acf_changed":false,"footnotes":""},"categories":[653],"tags":[],"class_list":{"0":"post-48421","1":"post","2":"type-post","3":"status-publish","4":"format-video","5":"has-post-thumbnail","7":"category-copa-libertadores","8":"post_format-post-format-video"},"acf":[],"yoast_head":"<!-- This site is optimized with the Yoast SEO plugin v26.8 - https:\/\/yoast.com\/product\/yoast-seo-wordpress\/ -->\n<title>Medell\u00edn se estrena en los grupos de Copa -<\/title>\n<meta name=\"robots\" content=\"index, follow, max-snippet:-1, max-image-preview:large, max-video-preview:-1\" \/>\n<link rel=\"canonical\" href=\"https:\/\/futbolhoy.co\/index.php\/2020\/03\/02\/medellin-se-estrena-en-los-grupos-de-copa\/\" \/>\n<meta property=\"og:locale\" content=\"es_ES\" \/>\n<meta property=\"og:type\" content=\"article\" \/>\n<meta property=\"og:title\" content=\"Medell\u00edn se estrena en los grupos de Copa -\" \/>\n<meta property=\"og:description\" content=\"Independiente Medell\u00edn, luego de superar dos fases previas, se estrenar\u00e1 ante el\u00a0Libertad\u00a0paraguayo en el grupo H de la\u00a0Copa Libertadores\u00a0este martes a las 7.30PM en el estadio\u00a0Atanasio Girardot. &quot;Hicimos un desgaste tremendo para llegar hasta ac\u00e1, no fue f\u00e1cil clasificar y evidentemente nuestra meta es pasar esta llave&quot;, declar\u00f3 su t\u00e9cnico, el paraguayo\u00a0Aldo Bobadilla. El extremo\u00a0Antonio [&hellip;]\" \/>\n<meta property=\"og:url\" content=\"https:\/\/futbolhoy.co\/index.php\/2020\/03\/02\/medellin-se-estrena-en-los-grupos-de-copa\/\" \/>\n<meta property=\"article:publisher\" content=\"https:\/\/www.facebook.com\/FutbolHoyCol\/\" \/>\n<meta property=\"article:published_time\" content=\"2020-03-02T21:50:11+00:00\" \/>\n<meta property=\"article:modified_time\" content=\"2020-03-03T23:18:49+00:00\" \/>\n<meta property=\"og:image\" content=\"https:\/\/futbolhoy.co\/wp-content\/uploads\/2020\/03\/IMG_20200302_180625.jpg\" \/>\n\t<meta property=\"og:image:width\" content=\"2048\" \/>\n\t<meta property=\"og:image:height\" content=\"1356\" \/>\n\t<meta property=\"og:image:type\" content=\"image\/jpeg\" \/>\n<meta name=\"author\" content=\"Laura Hern\u00e1ndez\" \/>\n<meta name=\"twitter:card\" content=\"summary_large_image\" \/>\n<meta name=\"twitter:creator\" content=\"@FutbolHoyCol\" \/>\n<meta name=\"twitter:site\" content=\"@FutbolHoyCol\" \/>\n<meta name=\"twitter:label1\" content=\"Escrito por\" \/>\n\t<meta name=\"twitter:data1\" content=\"Laura Hern\u00e1ndez\" \/>\n\t<meta name=\"twitter:label2\" content=\"Tiempo de lectura\" \/>\n\t<meta name=\"twitter:data2\" content=\"1 minuto\" \/>\n<script type=\"application\/ld+json\" class=\"yoast-schema-graph\">{\"@context\":\"https:\/\/schema.org\",\"@graph\":[{\"@type\":\"Article\",\"@id\":\"https:\/\/futbolhoy.co\/index.php\/2020\/03\/02\/medellin-se-estrena-en-los-grupos-de-copa\/#article\",\"isPartOf\":{\"@id\":\"https:\/\/futbolhoy.co\/index.php\/2020\/03\/02\/medellin-se-estrena-en-los-grupos-de-copa\/\"},\"author\":{\"name\":\"Laura Hern\u00e1ndez\",\"@id\":\"https:\/\/futbolhoy.co\/#\/schema\/person\/c4a353a512b127643723a34bb1812f7d\"},\"headline\":\"Medell\u00edn se estrena en los grupos de Copa\",\"datePublished\":\"2020-03-02T21:50:11+00:00\",\"dateModified\":\"2020-03-03T23:18:49+00:00\",\"mainEntityOfPage\":{\"@id\":\"https:\/\/futbolhoy.co\/index.php\/2020\/03\/02\/medellin-se-estrena-en-los-grupos-de-copa\/\"},\"wordCount\":178,\"commentCount\":0,\"publisher\":{\"@id\":\"https:\/\/futbolhoy.co\/#organization\"},\"image\":{\"@id\":\"https:\/\/futbolhoy.co\/index.php\/2020\/03\/02\/medellin-se-estrena-en-los-grupos-de-copa\/#primaryimage\"},\"thumbnailUrl\":\"https:\/\/futbolhoy.co\/wp-content\/uploads\/2020\/03\/IMG_20200302_180625.jpg\",\"articleSection\":[\"Libertadores\"],\"inLanguage\":\"es\",\"potentialAction\":[{\"@type\":\"CommentAction\",\"name\":\"Comment\",\"target\":[\"https:\/\/futbolhoy.co\/index.php\/2020\/03\/02\/medellin-se-estrena-en-los-grupos-de-copa\/#respond\"]}]},{\"@type\":\"WebPage\",\"@id\":\"https:\/\/futbolhoy.co\/index.php\/2020\/03\/02\/medellin-se-estrena-en-los-grupos-de-copa\/\",\"url\":\"https:\/\/futbolhoy.co\/index.php\/2020\/03\/02\/medellin-se-estrena-en-los-grupos-de-copa\/\",\"name\":\"Medell\u00edn se estrena en los grupos de Copa -\",\"isPartOf\":{\"@id\":\"https:\/\/futbolhoy.co\/#website\"},\"primaryImageOfPage\":{\"@id\":\"https:\/\/futbolhoy.co\/index.php\/2020\/03\/02\/medellin-se-estrena-en-los-grupos-de-copa\/#primaryimage\"},\"image\":{\"@id\":\"https:\/\/futbolhoy.co\/index.php\/2020\/03\/02\/medellin-se-estrena-en-los-grupos-de-copa\/#primaryimage\"},\"thumbnailUrl\":\"https:\/\/futbolhoy.co\/wp-content\/uploads\/2020\/03\/IMG_20200302_180625.jpg\",\"datePublished\":\"2020-03-02T21:50:11+00:00\",\"dateModified\":\"2020-03-03T23:18:49+00:00\",\"breadcrumb\":{\"@id\":\"https:\/\/futbolhoy.co\/index.php\/2020\/03\/02\/medellin-se-estrena-en-los-grupos-de-copa\/#breadcrumb\"},\"inLanguage\":\"es\",\"potentialAction\":[{\"@type\":\"ReadAction\",\"target\":[\"https:\/\/futbolhoy.co\/index.php\/2020\/03\/02\/medellin-se-estrena-en-los-grupos-de-copa\/\"]}]},{\"@type\":\"ImageObject\",\"inLanguage\":\"es\",\"@id\":\"https:\/\/futbolhoy.co\/index.php\/2020\/03\/02\/medellin-se-estrena-en-los-grupos-de-copa\/#primaryimage\",\"url\":\"https:\/\/futbolhoy.co\/wp-content\/uploads\/2020\/03\/IMG_20200302_180625.jpg\",\"contentUrl\":\"https:\/\/futbolhoy.co\/wp-content\/uploads\/2020\/03\/IMG_20200302_180625.jpg\",\"width\":2048,\"height\":1356},{\"@type\":\"BreadcrumbList\",\"@id\":\"https:\/\/futbolhoy.co\/index.php\/2020\/03\/02\/medellin-se-estrena-en-los-grupos-de-copa\/#breadcrumb\",\"itemListElement\":[{\"@type\":\"ListItem\",\"position\":1,\"name\":\"Portada\",\"item\":\"https:\/\/futbolhoy.co\/\"},{\"@type\":\"ListItem\",\"position\":2,\"name\":\"Medell\u00edn se estrena en los grupos de Copa\"}]},{\"@type\":\"WebSite\",\"@id\":\"https:\/\/futbolhoy.co\/#website\",\"url\":\"https:\/\/futbolhoy.co\/\",\"name\":\"FutbolHoy\",\"description\":\"\",\"publisher\":{\"@id\":\"https:\/\/futbolhoy.co\/#organization\"},\"potentialAction\":[{\"@type\":\"SearchAction\",\"target\":{\"@type\":\"EntryPoint\",\"urlTemplate\":\"https:\/\/futbolhoy.co\/?s={search_term_string}\"},\"query-input\":{\"@type\":\"PropertyValueSpecification\",\"valueRequired\":true,\"valueName\":\"search_term_string\"}}],\"inLanguage\":\"es\"},{\"@type\":\"Organization\",\"@id\":\"https:\/\/futbolhoy.co\/#organization\",\"name\":\"Futbolhoy.co\",\"url\":\"https:\/\/futbolhoy.co\/\",\"logo\":{\"@type\":\"ImageObject\",\"inLanguage\":\"es\",\"@id\":\"https:\/\/futbolhoy.co\/#\/schema\/logo\/image\/\",\"url\":\"https:\/\/futbolhoy.co\/wp-content\/uploads\/2018\/08\/17426380_1906371736249227_6326180412931521141_n.jpg\",\"contentUrl\":\"https:\/\/futbolhoy.co\/wp-content\/uploads\/2018\/08\/17426380_1906371736249227_6326180412931521141_n.jpg\",\"width\":960,\"height\":960,\"caption\":\"Futbolhoy.co\"},\"image\":{\"@id\":\"https:\/\/futbolhoy.co\/#\/schema\/logo\/image\/\"},\"sameAs\":[\"https:\/\/www.facebook.com\/FutbolHoyCol\/\",\"https:\/\/x.com\/FutbolHoyCol\",\"https:\/\/www.instagram.com\/futbolhoycol\/\"]},{\"@type\":\"Person\",\"@id\":\"https:\/\/futbolhoy.co\/#\/schema\/person\/c4a353a512b127643723a34bb1812f7d\",\"name\":\"Laura Hern\u00e1ndez\",\"image\":{\"@type\":\"ImageObject\",\"inLanguage\":\"es\",\"@id\":\"https:\/\/futbolhoy.co\/#\/schema\/person\/image\/\",\"url\":\"https:\/\/secure.gravatar.com\/avatar\/d25959a15b9b293a743f99181c7cfd01?s=96&d=mm&r=g\",\"contentUrl\":\"https:\/\/secure.gravatar.com\/avatar\/d25959a15b9b293a743f99181c7cfd01?s=96&d=mm&r=g\",\"caption\":\"Laura Hern\u00e1ndez\"}}]}<\/script>\n<!-- \/ Yoast SEO plugin. -->","yoast_head_json":{"title":"Medell\u00edn se estrena en los grupos de Copa -","robots":{"index":"index","follow":"follow","max-snippet":"max-snippet:-1","max-image-preview":"max-image-preview:large","max-video-preview":"max-video-preview:-1"},"canonical":"https:\/\/futbolhoy.co\/index.php\/2020\/03\/02\/medellin-se-estrena-en-los-grupos-de-copa\/","og_locale":"es_ES","og_type":"article","og_title":"Medell\u00edn se estrena en los grupos de Copa -","og_description":"Independiente Medell\u00edn, luego de superar dos fases previas, se estrenar\u00e1 ante el\u00a0Libertad\u00a0paraguayo en el grupo H de la\u00a0Copa Libertadores\u00a0este martes a las 7.30PM en el estadio\u00a0Atanasio Girardot. \"Hicimos un desgaste tremendo para llegar hasta ac\u00e1, no fue f\u00e1cil clasificar y evidentemente nuestra meta es pasar esta llave\", declar\u00f3 su t\u00e9cnico, el paraguayo\u00a0Aldo Bobadilla. El extremo\u00a0Antonio [&hellip;]","og_url":"https:\/\/futbolhoy.co\/index.php\/2020\/03\/02\/medellin-se-estrena-en-los-grupos-de-copa\/","article_publisher":"https:\/\/www.facebook.com\/FutbolHoyCol\/","article_published_time":"2020-03-02T21:50:11+00:00","article_modified_time":"2020-03-03T23:18:49+00:00","og_image":[{"width":2048,"height":1356,"url":"https:\/\/futbolhoy.co\/wp-content\/uploads\/2020\/03\/IMG_20200302_180625.jpg","type":"image\/jpeg"}],"author":"Laura Hern\u00e1ndez","twitter_card":"summary_large_image","twitter_creator":"@FutbolHoyCol","twitter_site":"@FutbolHoyCol","twitter_misc":{"Escrito por":"Laura Hern\u00e1ndez","Tiempo de lectura":"1 minuto"},"schema":{"@context":"https:\/\/schema.org","@graph":[{"@type":"Article","@id":"https:\/\/futbolhoy.co\/index.php\/2020\/03\/02\/medellin-se-estrena-en-los-grupos-de-copa\/#article","isPartOf":{"@id":"https:\/\/futbolhoy.co\/index.php\/2020\/03\/02\/medellin-se-estrena-en-los-grupos-de-copa\/"},"author":{"name":"Laura Hern\u00e1ndez","@id":"https:\/\/futbolhoy.co\/#\/schema\/person\/c4a353a512b127643723a34bb1812f7d"},"headline":"Medell\u00edn se estrena en los grupos de Copa","datePublished":"2020-03-02T21:50:11+00:00","dateModified":"2020-03-03T23:18:49+00:00","mainEntityOfPage":{"@id":"https:\/\/futbolhoy.co\/index.php\/2020\/03\/02\/medellin-se-estrena-en-los-grupos-de-copa\/"},"wordCount":178,"commentCount":0,"publisher":{"@id":"https:\/\/futbolhoy.co\/#organization"},"image":{"@id":"https:\/\/futbolhoy.co\/index.php\/2020\/03\/02\/medellin-se-estrena-en-los-grupos-de-copa\/#primaryimage"},"thumbnailUrl":"https:\/\/futbolhoy.co\/wp-content\/uploads\/2020\/03\/IMG_20200302_180625.jpg","articleSection":["Libertadores"],"inLanguage":"es","potentialAction":[{"@type":"CommentAction","name":"Comment","target":["https:\/\/futbolhoy.co\/index.php\/2020\/03\/02\/medellin-se-estrena-en-los-grupos-de-copa\/#respond"]}]},{"@type":"WebPage","@id":"https:\/\/futbolhoy.co\/index.php\/2020\/03\/02\/medellin-se-estrena-en-los-grupos-de-copa\/","url":"https:\/\/futbolhoy.co\/index.php\/2020\/03\/02\/medellin-se-estrena-en-los-grupos-de-copa\/","name":"Medell\u00edn se estrena en los grupos de Copa -","isPartOf":{"@id":"https:\/\/futbolhoy.co\/#website"},"primaryImageOfPage":{"@id":"https:\/\/futbolhoy.co\/index.php\/2020\/03\/02\/medellin-se-estrena-en-los-grupos-de-copa\/#primaryimage"},"image":{"@id":"https:\/\/futbolhoy.co\/index.php\/2020\/03\/02\/medellin-se-estrena-en-los-grupos-de-copa\/#primaryimage"},"thumbnailUrl":"https:\/\/futbolhoy.co\/wp-content\/uploads\/2020\/03\/IMG_20200302_180625.jpg","datePublished":"2020-03-02T21:50:11+00:00","dateModified":"2020-03-03T23:18:49+00:00","breadcrumb":{"@id":"https:\/\/futbolhoy.co\/index.php\/2020\/03\/02\/medellin-se-estrena-en-los-grupos-de-copa\/#breadcrumb"},"inLanguage":"es","potentialAction":[{"@type":"ReadAction","target":["https:\/\/futbolhoy.co\/index.php\/2020\/03\/02\/medellin-se-estrena-en-los-grupos-de-copa\/"]}]},{"@type":"ImageObject","inLanguage":"es","@id":"https:\/\/futbolhoy.co\/index.php\/2020\/03\/02\/medellin-se-estrena-en-los-grupos-de-copa\/#primaryimage","url":"https:\/\/futbolhoy.co\/wp-content\/uploads\/2020\/03\/IMG_20200302_180625.jpg","contentUrl":"https:\/\/futbolhoy.co\/wp-content\/uploads\/2020\/03\/IMG_20200302_180625.jpg","width":2048,"height":1356},{"@type":"BreadcrumbList","@id":"https:\/\/futbolhoy.co\/index.php\/2020\/03\/02\/medellin-se-estrena-en-los-grupos-de-copa\/#breadcrumb","itemListElement":[{"@type":"ListItem","position":1,"name":"Portada","item":"https:\/\/futbolhoy.co\/"},{"@type":"ListItem","position":2,"name":"Medell\u00edn se estrena en los grupos de Copa"}]},{"@type":"WebSite","@id":"https:\/\/futbolhoy.co\/#website","url":"https:\/\/futbolhoy.co\/","name":"FutbolHoy","description":"","publisher":{"@id":"https:\/\/futbolhoy.co\/#organization"},"potentialAction":[{"@type":"SearchAction","target":{"@type":"EntryPoint","urlTemplate":"https:\/\/futbolhoy.co\/?s={search_term_string}"},"query-input":{"@type":"PropertyValueSpecification","valueRequired":true,"valueName":"search_term_string"}}],"inLanguage":"es"},{"@type":"Organization","@id":"https:\/\/futbolhoy.co\/#organization","name":"Futbolhoy.co","url":"https:\/\/futbolhoy.co\/","logo":{"@type":"ImageObject","inLanguage":"es","@id":"https:\/\/futbolhoy.co\/#\/schema\/logo\/image\/","url":"https:\/\/futbolhoy.co\/wp-content\/uploads\/2018\/08\/17426380_1906371736249227_6326180412931521141_n.jpg","contentUrl":"https:\/\/futbolhoy.co\/wp-content\/uploads\/2018\/08\/17426380_1906371736249227_6326180412931521141_n.jpg","width":960,"height":960,"caption":"Futbolhoy.co"},"image":{"@id":"https:\/\/futbolhoy.co\/#\/schema\/logo\/image\/"},"sameAs":["https:\/\/www.facebook.com\/FutbolHoyCol\/","https:\/\/x.com\/FutbolHoyCol","https:\/\/www.instagram.com\/futbolhoycol\/"]},{"@type":"Person","@id":"https:\/\/futbolhoy.co\/#\/schema\/person\/c4a353a512b127643723a34bb1812f7d","name":"Laura Hern\u00e1ndez","image":{"@type":"ImageObject","inLanguage":"es","@id":"https:\/\/futbolhoy.co\/#\/schema\/person\/image\/","url":"https:\/\/secure.gravatar.com\/avatar\/d25959a15b9b293a743f99181c7cfd01?s=96&d=mm&r=g","contentUrl":"https:\/\/secure.gravatar.com\/avatar\/d25959a15b9b293a743f99181c7cfd01?s=96&d=mm&r=g","caption":"Laura Hern\u00e1ndez"}}]}},"publishpress_future_action":{"enabled":false,"date":"2026-05-03 12:49:43","action":"change-status","newStatus":"draft","terms":[],"taxonomy":"category","extraData":[]},"publishpress_future_workflow_manual_trigger":{"enabledWorkflows":[]},"_links":{"self":[{"href":"https:\/\/futbolhoy.co\/index.php\/wp-json\/wp\/v2\/posts\/48421","targetHints":{"allow":["GET"]}}],"collection":[{"href":"https:\/\/futbolhoy.co\/index.php\/wp-json\/wp\/v2\/posts"}],"about":[{"href":"https:\/\/futbolhoy.co\/index.php\/wp-json\/wp\/v2\/types\/post"}],"author":[{"embeddable":true,"href":"https:\/\/futbolhoy.co\/index.php\/wp-json\/wp\/v2\/users\/5"}],"replies":[{"embeddable":true,"href":"https:\/\/futbolhoy.co\/index.php\/wp-json\/wp\/v2\/comments?post=48421"}],"version-history":[{"count":3,"href":"https:\/\/futbolhoy.co\/index.php\/wp-json\/wp\/v2\/posts\/48421\/revisions"}],"predecessor-version":[{"id":48441,"href":"https:\/\/futbolhoy.co\/index.php\/wp-json\/wp\/v2\/posts\/48421\/revisions\/48441"}],"wp:featuredmedia":[{"embeddable":true,"href":"https:\/\/futbolhoy.co\/index.php\/wp-json\/wp\/v2\/media\/48424"}],"wp:attachment":[{"href":"https:\/\/futbolhoy.co\/index.php\/wp-json\/wp\/v2\/media?parent=48421"}],"wp:term":[{"taxonomy":"category","embeddable":true,"href":"https:\/\/futbolhoy.co\/index.php\/wp-json\/wp\/v2\/categories?post=48421"},{"taxonomy":"post_tag","embeddable":true,"href":"https:\/\/futbolhoy.co\/index.php\/wp-json\/wp\/v2\/tags?post=48421"}],"curies":[{"name":"wp","href":"https:\/\/api.w.org\/{rel}","templated":true}]}}