{"id":48606,"date":"2020-03-06T13:41:15","date_gmt":"2020-03-06T18:41:15","guid":{"rendered":"https:\/\/futbolhoy.co\/?p=48606"},"modified":"2020-03-06T13:41:15","modified_gmt":"2020-03-06T18:41:15","slug":"millonarios-tendra-una-baja-sensible-para-enfrentar-al-dim","status":"publish","type":"post","link":"https:\/\/futbolhoy.co\/index.php\/2020\/03\/06\/millonarios-tendra-una-baja-sensible-para-enfrentar-al-dim\/","title":{"rendered":"Millonarios tendr\u00e1 una baja sensible para enfrentar al DIM"},"content":{"rendered":"<p style=\"text-align: justify;\"><span style=\"font-family: helvetica, arial, sans-serif;\"><strong>Millonarios<\/strong> no contar\u00e1 con <strong>David Mackalister Silva<\/strong> para visitar este s\u00e1bado al <strong>Medell\u00edn,<\/strong> por la octava fecha del la Liga colombiana. Seg\u00fan inform\u00f3 <strong>Alberto Gamero<\/strong>, t\u00e9cnico del equipo, el volante jug\u00f3 con una molestia el pasado cl\u00e1sico ante <strong>Santa Fe,<\/strong> de la cual se resinti\u00f3 al final del juego.<\/span><\/p>\n<p style=\"text-align: justify;\"><span style=\"font-family: helvetica, arial, sans-serif;\">Silva se suma a <strong>Jhon Duque<\/strong> como bajas del cuadro 'Embajador' para su visita a la capital antioque\u00f1a. Duque complet\u00f3 cinco amonestaciones y deber\u00e1 pagar una fecha de sanci\u00f3n.<\/span><\/p>\n<p style=\"text-align: justify;\"><span style=\"font-family: helvetica, arial, sans-serif;\">El lugar de Silva en la generaci\u00f3n del juego lo tomar\u00eda el paraguayo <strong>Diego Godoy;<\/strong> mientras que por Duque ser\u00eda inicialista <strong>C\u00e9sar Carrillo,<\/strong> quien este a\u00f1o jug\u00f3 su primer partido el martes ante Santa Fe.<\/span><\/p>\n<p style=\"text-align: justify;\"><span style=\"font-family: helvetica, arial, sans-serif;\">Millonarios se ubica en la casilla 17 de la tabla con apenas 6 puntos.<\/span><\/p>\n","protected":false},"excerpt":{"rendered":"<p>Millonarios no contar\u00e1 con David Mackalister Silva para visitar este s\u00e1bado al Medell\u00edn, por la octava fecha del la Liga colombiana. Seg\u00fan inform\u00f3 Alberto Gamero, t\u00e9cnico del equipo, el volante jug\u00f3 con una molestia el pasado cl\u00e1sico ante Santa Fe, de la cual se resinti\u00f3 al final del juego. Silva se suma a Jhon Duque [&hellip;]<\/p>\n","protected":false},"author":5,"featured_media":48607,"comment_status":"open","ping_status":"open","sticky":false,"template":"","format":"standard","meta":{"_acf_changed":false,"footnotes":""},"categories":[5],"tags":[1782,228,148],"class_list":{"0":"post-48606","1":"post","2":"type-post","3":"status-publish","4":"format-standard","5":"has-post-thumbnail","7":"category-destacados","8":"tag-david-mackalister-silva","9":"tag-medellin","10":"tag-millonarios"},"acf":[],"yoast_head":"<!-- This site is optimized with the Yoast SEO plugin v26.8 - https:\/\/yoast.com\/product\/yoast-seo-wordpress\/ -->\n<title>Millonarios tendr\u00e1 una baja sensible para enfrentar al DIM -<\/title>\n<meta name=\"robots\" content=\"index, follow, max-snippet:-1, max-image-preview:large, max-video-preview:-1\" \/>\n<link rel=\"canonical\" href=\"https:\/\/futbolhoy.co\/index.php\/2020\/03\/06\/millonarios-tendra-una-baja-sensible-para-enfrentar-al-dim\/\" \/>\n<meta property=\"og:locale\" content=\"es_ES\" \/>\n<meta property=\"og:type\" content=\"article\" \/>\n<meta property=\"og:title\" content=\"Millonarios tendr\u00e1 una baja sensible para enfrentar al DIM -\" \/>\n<meta property=\"og:description\" content=\"Millonarios no contar\u00e1 con David Mackalister Silva para visitar este s\u00e1bado al Medell\u00edn, por la octava fecha del la Liga colombiana. Seg\u00fan inform\u00f3 Alberto Gamero, t\u00e9cnico del equipo, el volante jug\u00f3 con una molestia el pasado cl\u00e1sico ante Santa Fe, de la cual se resinti\u00f3 al final del juego. Silva se suma a Jhon Duque [&hellip;]\" \/>\n<meta property=\"og:url\" content=\"https:\/\/futbolhoy.co\/index.php\/2020\/03\/06\/millonarios-tendra-una-baja-sensible-para-enfrentar-al-dim\/\" \/>\n<meta property=\"article:publisher\" content=\"https:\/\/www.facebook.com\/FutbolHoyCol\/\" \/>\n<meta property=\"article:published_time\" content=\"2020-03-06T18:41:15+00:00\" \/>\n<meta property=\"og:image\" content=\"https:\/\/futbolhoy.co\/wp-content\/uploads\/2020\/03\/Gamero-DIm.jpg\" \/>\n\t<meta property=\"og:image:width\" content=\"2048\" \/>\n\t<meta property=\"og:image:height\" content=\"1536\" \/>\n\t<meta property=\"og:image:type\" content=\"image\/jpeg\" \/>\n<meta name=\"author\" content=\"Laura Hern\u00e1ndez\" \/>\n<meta name=\"twitter:card\" content=\"summary_large_image\" \/>\n<meta name=\"twitter:creator\" content=\"@FutbolHoyCol\" \/>\n<meta name=\"twitter:site\" content=\"@FutbolHoyCol\" \/>\n<meta name=\"twitter:label1\" content=\"Escrito por\" \/>\n\t<meta name=\"twitter:data1\" content=\"Laura Hern\u00e1ndez\" \/>\n\t<meta name=\"twitter:label2\" content=\"Tiempo de lectura\" \/>\n\t<meta name=\"twitter:data2\" content=\"1 minuto\" \/>\n<script type=\"application\/ld+json\" class=\"yoast-schema-graph\">{\"@context\":\"https:\/\/schema.org\",\"@graph\":[{\"@type\":\"Article\",\"@id\":\"https:\/\/futbolhoy.co\/index.php\/2020\/03\/06\/millonarios-tendra-una-baja-sensible-para-enfrentar-al-dim\/#article\",\"isPartOf\":{\"@id\":\"https:\/\/futbolhoy.co\/index.php\/2020\/03\/06\/millonarios-tendra-una-baja-sensible-para-enfrentar-al-dim\/\"},\"author\":{\"name\":\"Laura Hern\u00e1ndez\",\"@id\":\"https:\/\/futbolhoy.co\/#\/schema\/person\/c4a353a512b127643723a34bb1812f7d\"},\"headline\":\"Millonarios tendr\u00e1 una baja sensible para enfrentar al DIM\",\"datePublished\":\"2020-03-06T18:41:15+00:00\",\"mainEntityOfPage\":{\"@id\":\"https:\/\/futbolhoy.co\/index.php\/2020\/03\/06\/millonarios-tendra-una-baja-sensible-para-enfrentar-al-dim\/\"},\"wordCount\":146,\"commentCount\":0,\"publisher\":{\"@id\":\"https:\/\/futbolhoy.co\/#organization\"},\"image\":{\"@id\":\"https:\/\/futbolhoy.co\/index.php\/2020\/03\/06\/millonarios-tendra-una-baja-sensible-para-enfrentar-al-dim\/#primaryimage\"},\"thumbnailUrl\":\"https:\/\/futbolhoy.co\/wp-content\/uploads\/2020\/03\/Gamero-DIm.jpg\",\"keywords\":[\"David Mackalister Silva\",\"Medell\u00edn\",\"Millonarios\"],\"articleSection\":[\"Destacados\"],\"inLanguage\":\"es\",\"potentialAction\":[{\"@type\":\"CommentAction\",\"name\":\"Comment\",\"target\":[\"https:\/\/futbolhoy.co\/index.php\/2020\/03\/06\/millonarios-tendra-una-baja-sensible-para-enfrentar-al-dim\/#respond\"]}]},{\"@type\":\"WebPage\",\"@id\":\"https:\/\/futbolhoy.co\/index.php\/2020\/03\/06\/millonarios-tendra-una-baja-sensible-para-enfrentar-al-dim\/\",\"url\":\"https:\/\/futbolhoy.co\/index.php\/2020\/03\/06\/millonarios-tendra-una-baja-sensible-para-enfrentar-al-dim\/\",\"name\":\"Millonarios tendr\u00e1 una baja sensible para enfrentar al DIM -\",\"isPartOf\":{\"@id\":\"https:\/\/futbolhoy.co\/#website\"},\"primaryImageOfPage\":{\"@id\":\"https:\/\/futbolhoy.co\/index.php\/2020\/03\/06\/millonarios-tendra-una-baja-sensible-para-enfrentar-al-dim\/#primaryimage\"},\"image\":{\"@id\":\"https:\/\/futbolhoy.co\/index.php\/2020\/03\/06\/millonarios-tendra-una-baja-sensible-para-enfrentar-al-dim\/#primaryimage\"},\"thumbnailUrl\":\"https:\/\/futbolhoy.co\/wp-content\/uploads\/2020\/03\/Gamero-DIm.jpg\",\"datePublished\":\"2020-03-06T18:41:15+00:00\",\"breadcrumb\":{\"@id\":\"https:\/\/futbolhoy.co\/index.php\/2020\/03\/06\/millonarios-tendra-una-baja-sensible-para-enfrentar-al-dim\/#breadcrumb\"},\"inLanguage\":\"es\",\"potentialAction\":[{\"@type\":\"ReadAction\",\"target\":[\"https:\/\/futbolhoy.co\/index.php\/2020\/03\/06\/millonarios-tendra-una-baja-sensible-para-enfrentar-al-dim\/\"]}]},{\"@type\":\"ImageObject\",\"inLanguage\":\"es\",\"@id\":\"https:\/\/futbolhoy.co\/index.php\/2020\/03\/06\/millonarios-tendra-una-baja-sensible-para-enfrentar-al-dim\/#primaryimage\",\"url\":\"https:\/\/futbolhoy.co\/wp-content\/uploads\/2020\/03\/Gamero-DIm.jpg\",\"contentUrl\":\"https:\/\/futbolhoy.co\/wp-content\/uploads\/2020\/03\/Gamero-DIm.jpg\",\"width\":2048,\"height\":1536},{\"@type\":\"BreadcrumbList\",\"@id\":\"https:\/\/futbolhoy.co\/index.php\/2020\/03\/06\/millonarios-tendra-una-baja-sensible-para-enfrentar-al-dim\/#breadcrumb\",\"itemListElement\":[{\"@type\":\"ListItem\",\"position\":1,\"name\":\"Portada\",\"item\":\"https:\/\/futbolhoy.co\/\"},{\"@type\":\"ListItem\",\"position\":2,\"name\":\"Millonarios tendr\u00e1 una baja sensible para enfrentar al DIM\"}]},{\"@type\":\"WebSite\",\"@id\":\"https:\/\/futbolhoy.co\/#website\",\"url\":\"https:\/\/futbolhoy.co\/\",\"name\":\"FutbolHoy\",\"description\":\"\",\"publisher\":{\"@id\":\"https:\/\/futbolhoy.co\/#organization\"},\"potentialAction\":[{\"@type\":\"SearchAction\",\"target\":{\"@type\":\"EntryPoint\",\"urlTemplate\":\"https:\/\/futbolhoy.co\/?s={search_term_string}\"},\"query-input\":{\"@type\":\"PropertyValueSpecification\",\"valueRequired\":true,\"valueName\":\"search_term_string\"}}],\"inLanguage\":\"es\"},{\"@type\":\"Organization\",\"@id\":\"https:\/\/futbolhoy.co\/#organization\",\"name\":\"Futbolhoy.co\",\"url\":\"https:\/\/futbolhoy.co\/\",\"logo\":{\"@type\":\"ImageObject\",\"inLanguage\":\"es\",\"@id\":\"https:\/\/futbolhoy.co\/#\/schema\/logo\/image\/\",\"url\":\"https:\/\/futbolhoy.co\/wp-content\/uploads\/2018\/08\/17426380_1906371736249227_6326180412931521141_n.jpg\",\"contentUrl\":\"https:\/\/futbolhoy.co\/wp-content\/uploads\/2018\/08\/17426380_1906371736249227_6326180412931521141_n.jpg\",\"width\":960,\"height\":960,\"caption\":\"Futbolhoy.co\"},\"image\":{\"@id\":\"https:\/\/futbolhoy.co\/#\/schema\/logo\/image\/\"},\"sameAs\":[\"https:\/\/www.facebook.com\/FutbolHoyCol\/\",\"https:\/\/x.com\/FutbolHoyCol\",\"https:\/\/www.instagram.com\/futbolhoycol\/\"]},{\"@type\":\"Person\",\"@id\":\"https:\/\/futbolhoy.co\/#\/schema\/person\/c4a353a512b127643723a34bb1812f7d\",\"name\":\"Laura Hern\u00e1ndez\",\"image\":{\"@type\":\"ImageObject\",\"inLanguage\":\"es\",\"@id\":\"https:\/\/futbolhoy.co\/#\/schema\/person\/image\/\",\"url\":\"https:\/\/secure.gravatar.com\/avatar\/d25959a15b9b293a743f99181c7cfd01?s=96&d=mm&r=g\",\"contentUrl\":\"https:\/\/secure.gravatar.com\/avatar\/d25959a15b9b293a743f99181c7cfd01?s=96&d=mm&r=g\",\"caption\":\"Laura Hern\u00e1ndez\"}}]}<\/script>\n<!-- \/ Yoast SEO plugin. -->","yoast_head_json":{"title":"Millonarios tendr\u00e1 una baja sensible para enfrentar al DIM -","robots":{"index":"index","follow":"follow","max-snippet":"max-snippet:-1","max-image-preview":"max-image-preview:large","max-video-preview":"max-video-preview:-1"},"canonical":"https:\/\/futbolhoy.co\/index.php\/2020\/03\/06\/millonarios-tendra-una-baja-sensible-para-enfrentar-al-dim\/","og_locale":"es_ES","og_type":"article","og_title":"Millonarios tendr\u00e1 una baja sensible para enfrentar al DIM -","og_description":"Millonarios no contar\u00e1 con David Mackalister Silva para visitar este s\u00e1bado al Medell\u00edn, por la octava fecha del la Liga colombiana. Seg\u00fan inform\u00f3 Alberto Gamero, t\u00e9cnico del equipo, el volante jug\u00f3 con una molestia el pasado cl\u00e1sico ante Santa Fe, de la cual se resinti\u00f3 al final del juego. Silva se suma a Jhon Duque [&hellip;]","og_url":"https:\/\/futbolhoy.co\/index.php\/2020\/03\/06\/millonarios-tendra-una-baja-sensible-para-enfrentar-al-dim\/","article_publisher":"https:\/\/www.facebook.com\/FutbolHoyCol\/","article_published_time":"2020-03-06T18:41:15+00:00","og_image":[{"width":2048,"height":1536,"url":"https:\/\/futbolhoy.co\/wp-content\/uploads\/2020\/03\/Gamero-DIm.jpg","type":"image\/jpeg"}],"author":"Laura Hern\u00e1ndez","twitter_card":"summary_large_image","twitter_creator":"@FutbolHoyCol","twitter_site":"@FutbolHoyCol","twitter_misc":{"Escrito por":"Laura Hern\u00e1ndez","Tiempo de lectura":"1 minuto"},"schema":{"@context":"https:\/\/schema.org","@graph":[{"@type":"Article","@id":"https:\/\/futbolhoy.co\/index.php\/2020\/03\/06\/millonarios-tendra-una-baja-sensible-para-enfrentar-al-dim\/#article","isPartOf":{"@id":"https:\/\/futbolhoy.co\/index.php\/2020\/03\/06\/millonarios-tendra-una-baja-sensible-para-enfrentar-al-dim\/"},"author":{"name":"Laura Hern\u00e1ndez","@id":"https:\/\/futbolhoy.co\/#\/schema\/person\/c4a353a512b127643723a34bb1812f7d"},"headline":"Millonarios tendr\u00e1 una baja sensible para enfrentar al DIM","datePublished":"2020-03-06T18:41:15+00:00","mainEntityOfPage":{"@id":"https:\/\/futbolhoy.co\/index.php\/2020\/03\/06\/millonarios-tendra-una-baja-sensible-para-enfrentar-al-dim\/"},"wordCount":146,"commentCount":0,"publisher":{"@id":"https:\/\/futbolhoy.co\/#organization"},"image":{"@id":"https:\/\/futbolhoy.co\/index.php\/2020\/03\/06\/millonarios-tendra-una-baja-sensible-para-enfrentar-al-dim\/#primaryimage"},"thumbnailUrl":"https:\/\/futbolhoy.co\/wp-content\/uploads\/2020\/03\/Gamero-DIm.jpg","keywords":["David Mackalister Silva","Medell\u00edn","Millonarios"],"articleSection":["Destacados"],"inLanguage":"es","potentialAction":[{"@type":"CommentAction","name":"Comment","target":["https:\/\/futbolhoy.co\/index.php\/2020\/03\/06\/millonarios-tendra-una-baja-sensible-para-enfrentar-al-dim\/#respond"]}]},{"@type":"WebPage","@id":"https:\/\/futbolhoy.co\/index.php\/2020\/03\/06\/millonarios-tendra-una-baja-sensible-para-enfrentar-al-dim\/","url":"https:\/\/futbolhoy.co\/index.php\/2020\/03\/06\/millonarios-tendra-una-baja-sensible-para-enfrentar-al-dim\/","name":"Millonarios tendr\u00e1 una baja sensible para enfrentar al DIM -","isPartOf":{"@id":"https:\/\/futbolhoy.co\/#website"},"primaryImageOfPage":{"@id":"https:\/\/futbolhoy.co\/index.php\/2020\/03\/06\/millonarios-tendra-una-baja-sensible-para-enfrentar-al-dim\/#primaryimage"},"image":{"@id":"https:\/\/futbolhoy.co\/index.php\/2020\/03\/06\/millonarios-tendra-una-baja-sensible-para-enfrentar-al-dim\/#primaryimage"},"thumbnailUrl":"https:\/\/futbolhoy.co\/wp-content\/uploads\/2020\/03\/Gamero-DIm.jpg","datePublished":"2020-03-06T18:41:15+00:00","breadcrumb":{"@id":"https:\/\/futbolhoy.co\/index.php\/2020\/03\/06\/millonarios-tendra-una-baja-sensible-para-enfrentar-al-dim\/#breadcrumb"},"inLanguage":"es","potentialAction":[{"@type":"ReadAction","target":["https:\/\/futbolhoy.co\/index.php\/2020\/03\/06\/millonarios-tendra-una-baja-sensible-para-enfrentar-al-dim\/"]}]},{"@type":"ImageObject","inLanguage":"es","@id":"https:\/\/futbolhoy.co\/index.php\/2020\/03\/06\/millonarios-tendra-una-baja-sensible-para-enfrentar-al-dim\/#primaryimage","url":"https:\/\/futbolhoy.co\/wp-content\/uploads\/2020\/03\/Gamero-DIm.jpg","contentUrl":"https:\/\/futbolhoy.co\/wp-content\/uploads\/2020\/03\/Gamero-DIm.jpg","width":2048,"height":1536},{"@type":"BreadcrumbList","@id":"https:\/\/futbolhoy.co\/index.php\/2020\/03\/06\/millonarios-tendra-una-baja-sensible-para-enfrentar-al-dim\/#breadcrumb","itemListElement":[{"@type":"ListItem","position":1,"name":"Portada","item":"https:\/\/futbolhoy.co\/"},{"@type":"ListItem","position":2,"name":"Millonarios tendr\u00e1 una baja sensible para enfrentar al DIM"}]},{"@type":"WebSite","@id":"https:\/\/futbolhoy.co\/#website","url":"https:\/\/futbolhoy.co\/","name":"FutbolHoy","description":"","publisher":{"@id":"https:\/\/futbolhoy.co\/#organization"},"potentialAction":[{"@type":"SearchAction","target":{"@type":"EntryPoint","urlTemplate":"https:\/\/futbolhoy.co\/?s={search_term_string}"},"query-input":{"@type":"PropertyValueSpecification","valueRequired":true,"valueName":"search_term_string"}}],"inLanguage":"es"},{"@type":"Organization","@id":"https:\/\/futbolhoy.co\/#organization","name":"Futbolhoy.co","url":"https:\/\/futbolhoy.co\/","logo":{"@type":"ImageObject","inLanguage":"es","@id":"https:\/\/futbolhoy.co\/#\/schema\/logo\/image\/","url":"https:\/\/futbolhoy.co\/wp-content\/uploads\/2018\/08\/17426380_1906371736249227_6326180412931521141_n.jpg","contentUrl":"https:\/\/futbolhoy.co\/wp-content\/uploads\/2018\/08\/17426380_1906371736249227_6326180412931521141_n.jpg","width":960,"height":960,"caption":"Futbolhoy.co"},"image":{"@id":"https:\/\/futbolhoy.co\/#\/schema\/logo\/image\/"},"sameAs":["https:\/\/www.facebook.com\/FutbolHoyCol\/","https:\/\/x.com\/FutbolHoyCol","https:\/\/www.instagram.com\/futbolhoycol\/"]},{"@type":"Person","@id":"https:\/\/futbolhoy.co\/#\/schema\/person\/c4a353a512b127643723a34bb1812f7d","name":"Laura Hern\u00e1ndez","image":{"@type":"ImageObject","inLanguage":"es","@id":"https:\/\/futbolhoy.co\/#\/schema\/person\/image\/","url":"https:\/\/secure.gravatar.com\/avatar\/d25959a15b9b293a743f99181c7cfd01?s=96&d=mm&r=g","contentUrl":"https:\/\/secure.gravatar.com\/avatar\/d25959a15b9b293a743f99181c7cfd01?s=96&d=mm&r=g","caption":"Laura Hern\u00e1ndez"}}]}},"publishpress_future_action":{"enabled":false,"date":"2026-05-03 18:06:48","action":"change-status","newStatus":"draft","terms":[],"taxonomy":"category","extraData":[]},"publishpress_future_workflow_manual_trigger":{"enabledWorkflows":[]},"_links":{"self":[{"href":"https:\/\/futbolhoy.co\/index.php\/wp-json\/wp\/v2\/posts\/48606","targetHints":{"allow":["GET"]}}],"collection":[{"href":"https:\/\/futbolhoy.co\/index.php\/wp-json\/wp\/v2\/posts"}],"about":[{"href":"https:\/\/futbolhoy.co\/index.php\/wp-json\/wp\/v2\/types\/post"}],"author":[{"embeddable":true,"href":"https:\/\/futbolhoy.co\/index.php\/wp-json\/wp\/v2\/users\/5"}],"replies":[{"embeddable":true,"href":"https:\/\/futbolhoy.co\/index.php\/wp-json\/wp\/v2\/comments?post=48606"}],"version-history":[{"count":1,"href":"https:\/\/futbolhoy.co\/index.php\/wp-json\/wp\/v2\/posts\/48606\/revisions"}],"predecessor-version":[{"id":48609,"href":"https:\/\/futbolhoy.co\/index.php\/wp-json\/wp\/v2\/posts\/48606\/revisions\/48609"}],"wp:featuredmedia":[{"embeddable":true,"href":"https:\/\/futbolhoy.co\/index.php\/wp-json\/wp\/v2\/media\/48607"}],"wp:attachment":[{"href":"https:\/\/futbolhoy.co\/index.php\/wp-json\/wp\/v2\/media?parent=48606"}],"wp:term":[{"taxonomy":"category","embeddable":true,"href":"https:\/\/futbolhoy.co\/index.php\/wp-json\/wp\/v2\/categories?post=48606"},{"taxonomy":"post_tag","embeddable":true,"href":"https:\/\/futbolhoy.co\/index.php\/wp-json\/wp\/v2\/tags?post=48606"}],"curies":[{"name":"wp","href":"https:\/\/api.w.org\/{rel}","templated":true}]}}