{"id":48618,"date":"2020-03-06T12:50:31","date_gmt":"2020-03-06T17:50:31","guid":{"rendered":"https:\/\/futbolhoy.co\/?p=48618"},"modified":"2020-03-07T18:50:23","modified_gmt":"2020-03-07T23:50:23","slug":"boca-sera-campeon-bermudez-ya-ya-solamente-dos-porque-ahorita","status":"publish","type":"post","link":"https:\/\/futbolhoy.co\/index.php\/2020\/03\/06\/boca-sera-campeon-bermudez-ya-ya-solamente-dos-porque-ahorita\/","title":{"rendered":"\u201cBoca ser\u00e1 campe\u00f3n\u201d: Berm\u00fadez"},"content":{"rendered":"<p style=\"text-align: justify;\"><span style=\"font-family: helvetica, arial, sans-serif;\">El legendario capit\u00e1n de\u00a0<b>Boca Juniors<\/b>, el defensa central colombiano\u00a0<b>Jorge \u2018Patr\u00f3n\u2019 Berm\u00fadez<\/b>, asegur\u00f3 que el equipo\u00a0<i>\u2018xeneize\u2019<\/i>\u00a0se coronar\u00e1 campe\u00f3n de la\u00a0<b>Superliga Argentina<\/b>\u00a0este s\u00e1bado cuando se dispute la \u00faltima fecha del campeonato.<\/span><\/p>\n<p style=\"text-align: justify;\"><span style=\"font-family: helvetica, arial, sans-serif;\">Berm\u00fadez, en di\u00e1logo con\u00a0<i>DirecTV<\/i>, declar\u00f3 que: \"River podr\u00e1 perder o empatar, no s\u00e9 qu\u00e9 pasar\u00e1. Pero Boca va a terminar por encima\", en referencia a la jornada, donde Boca enfrentar\u00e1 en\u00a0<b>La Bombonera<\/b>\u00a0a\u00a0<b>Gimnasia y Esgrima de La Plata<\/b>; mientras que\u00a0el\u00a0<i>'millonario'\u00a0<\/i>visitar\u00e1 a\u00a0<b>Atl\u00e9tico Tucum\u00e1n<\/b>\u00a0a las 7PM.\u00a0<\/span><\/p>\n<p style=\"text-align: justify;\"><span style=\"font-family: helvetica, arial, sans-serif;\">\u201cDar\u00eda todo para que el partido del s\u00e1bado fuera Boca-River, Tengo unas ganas de volverme a encontrarlos\u2026 Boca est\u00e1 mejor para un desempate con River. Lo siento y veo confianza, seguridad, convencimiento de lo que se puede llegar a hacer\u201d, a\u00f1adi\u00f3 \u2018el Patr\u00f3n\u2019.<\/span><\/p>\n<p style=\"text-align: justify;\"><span style=\"font-family: helvetica, arial, sans-serif;\">River llega a la fecha como l\u00edder con 46 puntos; mientras que Boca tiene 45.<\/span><\/p>\n<p style=\"text-align: justify;\"><span style=\"font-family: helvetica, arial, sans-serif;\">Si River gana ser\u00e1 campe\u00f3n; si empata, necesitar\u00e1 que Boca no gane y si pierde deber\u00e1 esperar que el\u00a0<i>\u2018xeneize\u2019<\/i>\u00a0tambi\u00e9n caiga. Si se da empate en puntos, con una derrota de River y un empate de Boca, se jugar\u00e1 partido \u00fanico por el t\u00edtulo en cancha neutral.<\/span><\/p>\n<p style=\"text-align: justify;\"><span style=\"font-family: helvetica, arial, sans-serif;\">De los \u00faltimos 8 partidos de Liga, River gan\u00f3 6, empat\u00f3 1 y perdi\u00f3 1. Por su parte, Boca gan\u00f3 7 y empat\u00f3 1.<\/span><\/p>\n<!--[if lt IE 9]><script>document.createElement('audio');<\/script><![endif]-->\n\t<div class=\"wp-playlist wp-audio-playlist wp-playlist-light\">\n\t\t\t<div class=\"wp-playlist-current-item\"><\/div>\n\t\t<audio controls=\"controls\" preload=\"none\" width=\"674\"\n\t\t\t><\/audio>\n\t<div class=\"wp-playlist-next\"><\/div>\n\t<div class=\"wp-playlist-prev\"><\/div>\n\t<noscript>\n\t<ol>\n\t\t<li><a href='https:\/\/futbolhoy.co\/wp-content\/uploads\/2020\/03\/Jorge-Berm\u00fadez-1.mp3'>Jorge Berm\u00fadez<\/a><\/li>\t<\/ol>\n\t<\/noscript>\n\t<script type=\"application\/json\" class=\"wp-playlist-script\">{\"type\":\"audio\",\"tracklist\":true,\"tracknumbers\":true,\"images\":true,\"artists\":true,\"tracks\":[{\"src\":\"https:\\\/\\\/futbolhoy.co\\\/wp-content\\\/uploads\\\/2020\\\/03\\\/Jorge-Berm\\u00fadez-1.mp3\",\"type\":\"audio\\\/mpeg\",\"title\":\"Jorge Berm\\u00fadez\",\"caption\":\"\",\"description\":\"\\\"Jorge Berm\\u00fadez\\\". Released: 2020.\",\"meta\":{\"year\":\"2020\",\"length_formatted\":\"0:23\"},\"image\":{\"src\":\"https:\\\/\\\/futbolhoy.co\\\/wp-includes\\\/images\\\/media\\\/audio.svg\",\"width\":48,\"height\":64},\"thumb\":{\"src\":\"https:\\\/\\\/futbolhoy.co\\\/wp-includes\\\/images\\\/media\\\/audio.svg\",\"width\":48,\"height\":64}}]}<\/script>\n<\/div>\n\t\n","protected":false},"excerpt":{"rendered":"<p>El legendario capit\u00e1n de\u00a0Boca Juniors, el defensa central colombiano\u00a0Jorge \u2018Patr\u00f3n\u2019 Berm\u00fadez, asegur\u00f3 que el equipo\u00a0\u2018xeneize\u2019\u00a0se coronar\u00e1 campe\u00f3n de la\u00a0Superliga Argentina\u00a0este s\u00e1bado cuando se dispute la \u00faltima fecha del campeonato. Berm\u00fadez, en di\u00e1logo con\u00a0DirecTV, declar\u00f3 que: \"River podr\u00e1 perder o empatar, no s\u00e9 qu\u00e9 pasar\u00e1. Pero Boca va a terminar por encima\", en referencia a la [&hellip;]<\/p>\n","protected":false},"author":5,"featured_media":48620,"comment_status":"open","ping_status":"open","sticky":false,"template":"","format":"video","meta":{"_acf_changed":false,"footnotes":""},"categories":[152],"tags":[],"class_list":{"0":"post-48618","1":"post","2":"type-post","3":"status-publish","4":"format-video","5":"has-post-thumbnail","7":"category-mundo-futbol","8":"post_format-post-format-video"},"acf":[],"yoast_head":"<!-- This site is optimized with the Yoast SEO plugin v26.8 - https:\/\/yoast.com\/product\/yoast-seo-wordpress\/ -->\n<title>\u201cBoca ser\u00e1 campe\u00f3n\u201d: Berm\u00fadez -<\/title>\n<meta name=\"robots\" content=\"index, follow, max-snippet:-1, max-image-preview:large, max-video-preview:-1\" \/>\n<link rel=\"canonical\" href=\"https:\/\/futbolhoy.co\/index.php\/2020\/03\/06\/boca-sera-campeon-bermudez-ya-ya-solamente-dos-porque-ahorita\/\" \/>\n<meta property=\"og:locale\" content=\"es_ES\" \/>\n<meta property=\"og:type\" content=\"article\" \/>\n<meta property=\"og:title\" content=\"\u201cBoca ser\u00e1 campe\u00f3n\u201d: Berm\u00fadez -\" \/>\n<meta property=\"og:description\" content=\"El legendario capit\u00e1n de\u00a0Boca Juniors, el defensa central colombiano\u00a0Jorge \u2018Patr\u00f3n\u2019 Berm\u00fadez, asegur\u00f3 que el equipo\u00a0\u2018xeneize\u2019\u00a0se coronar\u00e1 campe\u00f3n de la\u00a0Superliga Argentina\u00a0este s\u00e1bado cuando se dispute la \u00faltima fecha del campeonato. Berm\u00fadez, en di\u00e1logo con\u00a0DirecTV, declar\u00f3 que: &quot;River podr\u00e1 perder o empatar, no s\u00e9 qu\u00e9 pasar\u00e1. Pero Boca va a terminar por encima&quot;, en referencia a la [&hellip;]\" \/>\n<meta property=\"og:url\" content=\"https:\/\/futbolhoy.co\/index.php\/2020\/03\/06\/boca-sera-campeon-bermudez-ya-ya-solamente-dos-porque-ahorita\/\" \/>\n<meta property=\"article:publisher\" content=\"https:\/\/www.facebook.com\/FutbolHoyCol\/\" \/>\n<meta property=\"article:published_time\" content=\"2020-03-06T17:50:31+00:00\" \/>\n<meta property=\"article:modified_time\" content=\"2020-03-07T23:50:23+00:00\" \/>\n<meta property=\"og:image\" content=\"https:\/\/futbolhoy.co\/wp-content\/uploads\/2020\/03\/IMG_20200306_143301.jpg\" \/>\n\t<meta property=\"og:image:width\" content=\"640\" \/>\n\t<meta property=\"og:image:height\" content=\"355\" \/>\n\t<meta property=\"og:image:type\" content=\"image\/jpeg\" \/>\n<meta name=\"author\" content=\"Laura Hern\u00e1ndez\" \/>\n<meta name=\"twitter:card\" content=\"summary_large_image\" \/>\n<meta name=\"twitter:creator\" content=\"@FutbolHoyCol\" \/>\n<meta name=\"twitter:site\" content=\"@FutbolHoyCol\" \/>\n<meta name=\"twitter:label1\" content=\"Escrito por\" \/>\n\t<meta name=\"twitter:data1\" content=\"Laura Hern\u00e1ndez\" \/>\n\t<meta name=\"twitter:label2\" content=\"Tiempo de lectura\" \/>\n\t<meta name=\"twitter:data2\" content=\"1 minuto\" \/>\n<script type=\"application\/ld+json\" class=\"yoast-schema-graph\">{\"@context\":\"https:\/\/schema.org\",\"@graph\":[{\"@type\":\"Article\",\"@id\":\"https:\/\/futbolhoy.co\/index.php\/2020\/03\/06\/boca-sera-campeon-bermudez-ya-ya-solamente-dos-porque-ahorita\/#article\",\"isPartOf\":{\"@id\":\"https:\/\/futbolhoy.co\/index.php\/2020\/03\/06\/boca-sera-campeon-bermudez-ya-ya-solamente-dos-porque-ahorita\/\"},\"author\":{\"name\":\"Laura Hern\u00e1ndez\",\"@id\":\"https:\/\/futbolhoy.co\/#\/schema\/person\/c4a353a512b127643723a34bb1812f7d\"},\"headline\":\"\u201cBoca ser\u00e1 campe\u00f3n\u201d: Berm\u00fadez\",\"datePublished\":\"2020-03-06T17:50:31+00:00\",\"dateModified\":\"2020-03-07T23:50:23+00:00\",\"mainEntityOfPage\":{\"@id\":\"https:\/\/futbolhoy.co\/index.php\/2020\/03\/06\/boca-sera-campeon-bermudez-ya-ya-solamente-dos-porque-ahorita\/\"},\"wordCount\":234,\"commentCount\":0,\"publisher\":{\"@id\":\"https:\/\/futbolhoy.co\/#organization\"},\"image\":{\"@id\":\"https:\/\/futbolhoy.co\/index.php\/2020\/03\/06\/boca-sera-campeon-bermudez-ya-ya-solamente-dos-porque-ahorita\/#primaryimage\"},\"thumbnailUrl\":\"https:\/\/futbolhoy.co\/wp-content\/uploads\/2020\/03\/IMG_20200306_143301.jpg\",\"articleSection\":[\"Mundo Futbol\"],\"inLanguage\":\"es\",\"potentialAction\":[{\"@type\":\"CommentAction\",\"name\":\"Comment\",\"target\":[\"https:\/\/futbolhoy.co\/index.php\/2020\/03\/06\/boca-sera-campeon-bermudez-ya-ya-solamente-dos-porque-ahorita\/#respond\"]}]},{\"@type\":\"WebPage\",\"@id\":\"https:\/\/futbolhoy.co\/index.php\/2020\/03\/06\/boca-sera-campeon-bermudez-ya-ya-solamente-dos-porque-ahorita\/\",\"url\":\"https:\/\/futbolhoy.co\/index.php\/2020\/03\/06\/boca-sera-campeon-bermudez-ya-ya-solamente-dos-porque-ahorita\/\",\"name\":\"\u201cBoca ser\u00e1 campe\u00f3n\u201d: Berm\u00fadez -\",\"isPartOf\":{\"@id\":\"https:\/\/futbolhoy.co\/#website\"},\"primaryImageOfPage\":{\"@id\":\"https:\/\/futbolhoy.co\/index.php\/2020\/03\/06\/boca-sera-campeon-bermudez-ya-ya-solamente-dos-porque-ahorita\/#primaryimage\"},\"image\":{\"@id\":\"https:\/\/futbolhoy.co\/index.php\/2020\/03\/06\/boca-sera-campeon-bermudez-ya-ya-solamente-dos-porque-ahorita\/#primaryimage\"},\"thumbnailUrl\":\"https:\/\/futbolhoy.co\/wp-content\/uploads\/2020\/03\/IMG_20200306_143301.jpg\",\"datePublished\":\"2020-03-06T17:50:31+00:00\",\"dateModified\":\"2020-03-07T23:50:23+00:00\",\"breadcrumb\":{\"@id\":\"https:\/\/futbolhoy.co\/index.php\/2020\/03\/06\/boca-sera-campeon-bermudez-ya-ya-solamente-dos-porque-ahorita\/#breadcrumb\"},\"inLanguage\":\"es\",\"potentialAction\":[{\"@type\":\"ReadAction\",\"target\":[\"https:\/\/futbolhoy.co\/index.php\/2020\/03\/06\/boca-sera-campeon-bermudez-ya-ya-solamente-dos-porque-ahorita\/\"]}]},{\"@type\":\"ImageObject\",\"inLanguage\":\"es\",\"@id\":\"https:\/\/futbolhoy.co\/index.php\/2020\/03\/06\/boca-sera-campeon-bermudez-ya-ya-solamente-dos-porque-ahorita\/#primaryimage\",\"url\":\"https:\/\/futbolhoy.co\/wp-content\/uploads\/2020\/03\/IMG_20200306_143301.jpg\",\"contentUrl\":\"https:\/\/futbolhoy.co\/wp-content\/uploads\/2020\/03\/IMG_20200306_143301.jpg\",\"width\":640,\"height\":355},{\"@type\":\"BreadcrumbList\",\"@id\":\"https:\/\/futbolhoy.co\/index.php\/2020\/03\/06\/boca-sera-campeon-bermudez-ya-ya-solamente-dos-porque-ahorita\/#breadcrumb\",\"itemListElement\":[{\"@type\":\"ListItem\",\"position\":1,\"name\":\"Portada\",\"item\":\"https:\/\/futbolhoy.co\/\"},{\"@type\":\"ListItem\",\"position\":2,\"name\":\"\u201cBoca ser\u00e1 campe\u00f3n\u201d: Berm\u00fadez\"}]},{\"@type\":\"WebSite\",\"@id\":\"https:\/\/futbolhoy.co\/#website\",\"url\":\"https:\/\/futbolhoy.co\/\",\"name\":\"FutbolHoy\",\"description\":\"\",\"publisher\":{\"@id\":\"https:\/\/futbolhoy.co\/#organization\"},\"potentialAction\":[{\"@type\":\"SearchAction\",\"target\":{\"@type\":\"EntryPoint\",\"urlTemplate\":\"https:\/\/futbolhoy.co\/?s={search_term_string}\"},\"query-input\":{\"@type\":\"PropertyValueSpecification\",\"valueRequired\":true,\"valueName\":\"search_term_string\"}}],\"inLanguage\":\"es\"},{\"@type\":\"Organization\",\"@id\":\"https:\/\/futbolhoy.co\/#organization\",\"name\":\"Futbolhoy.co\",\"url\":\"https:\/\/futbolhoy.co\/\",\"logo\":{\"@type\":\"ImageObject\",\"inLanguage\":\"es\",\"@id\":\"https:\/\/futbolhoy.co\/#\/schema\/logo\/image\/\",\"url\":\"https:\/\/futbolhoy.co\/wp-content\/uploads\/2018\/08\/17426380_1906371736249227_6326180412931521141_n.jpg\",\"contentUrl\":\"https:\/\/futbolhoy.co\/wp-content\/uploads\/2018\/08\/17426380_1906371736249227_6326180412931521141_n.jpg\",\"width\":960,\"height\":960,\"caption\":\"Futbolhoy.co\"},\"image\":{\"@id\":\"https:\/\/futbolhoy.co\/#\/schema\/logo\/image\/\"},\"sameAs\":[\"https:\/\/www.facebook.com\/FutbolHoyCol\/\",\"https:\/\/x.com\/FutbolHoyCol\",\"https:\/\/www.instagram.com\/futbolhoycol\/\"]},{\"@type\":\"Person\",\"@id\":\"https:\/\/futbolhoy.co\/#\/schema\/person\/c4a353a512b127643723a34bb1812f7d\",\"name\":\"Laura Hern\u00e1ndez\",\"image\":{\"@type\":\"ImageObject\",\"inLanguage\":\"es\",\"@id\":\"https:\/\/futbolhoy.co\/#\/schema\/person\/image\/\",\"url\":\"https:\/\/secure.gravatar.com\/avatar\/d25959a15b9b293a743f99181c7cfd01?s=96&d=mm&r=g\",\"contentUrl\":\"https:\/\/secure.gravatar.com\/avatar\/d25959a15b9b293a743f99181c7cfd01?s=96&d=mm&r=g\",\"caption\":\"Laura Hern\u00e1ndez\"}}]}<\/script>\n<!-- \/ Yoast SEO plugin. -->","yoast_head_json":{"title":"\u201cBoca ser\u00e1 campe\u00f3n\u201d: Berm\u00fadez -","robots":{"index":"index","follow":"follow","max-snippet":"max-snippet:-1","max-image-preview":"max-image-preview:large","max-video-preview":"max-video-preview:-1"},"canonical":"https:\/\/futbolhoy.co\/index.php\/2020\/03\/06\/boca-sera-campeon-bermudez-ya-ya-solamente-dos-porque-ahorita\/","og_locale":"es_ES","og_type":"article","og_title":"\u201cBoca ser\u00e1 campe\u00f3n\u201d: Berm\u00fadez -","og_description":"El legendario capit\u00e1n de\u00a0Boca Juniors, el defensa central colombiano\u00a0Jorge \u2018Patr\u00f3n\u2019 Berm\u00fadez, asegur\u00f3 que el equipo\u00a0\u2018xeneize\u2019\u00a0se coronar\u00e1 campe\u00f3n de la\u00a0Superliga Argentina\u00a0este s\u00e1bado cuando se dispute la \u00faltima fecha del campeonato. Berm\u00fadez, en di\u00e1logo con\u00a0DirecTV, declar\u00f3 que: \"River podr\u00e1 perder o empatar, no s\u00e9 qu\u00e9 pasar\u00e1. Pero Boca va a terminar por encima\", en referencia a la [&hellip;]","og_url":"https:\/\/futbolhoy.co\/index.php\/2020\/03\/06\/boca-sera-campeon-bermudez-ya-ya-solamente-dos-porque-ahorita\/","article_publisher":"https:\/\/www.facebook.com\/FutbolHoyCol\/","article_published_time":"2020-03-06T17:50:31+00:00","article_modified_time":"2020-03-07T23:50:23+00:00","og_image":[{"width":640,"height":355,"url":"https:\/\/futbolhoy.co\/wp-content\/uploads\/2020\/03\/IMG_20200306_143301.jpg","type":"image\/jpeg"}],"author":"Laura Hern\u00e1ndez","twitter_card":"summary_large_image","twitter_creator":"@FutbolHoyCol","twitter_site":"@FutbolHoyCol","twitter_misc":{"Escrito por":"Laura Hern\u00e1ndez","Tiempo de lectura":"1 minuto"},"schema":{"@context":"https:\/\/schema.org","@graph":[{"@type":"Article","@id":"https:\/\/futbolhoy.co\/index.php\/2020\/03\/06\/boca-sera-campeon-bermudez-ya-ya-solamente-dos-porque-ahorita\/#article","isPartOf":{"@id":"https:\/\/futbolhoy.co\/index.php\/2020\/03\/06\/boca-sera-campeon-bermudez-ya-ya-solamente-dos-porque-ahorita\/"},"author":{"name":"Laura Hern\u00e1ndez","@id":"https:\/\/futbolhoy.co\/#\/schema\/person\/c4a353a512b127643723a34bb1812f7d"},"headline":"\u201cBoca ser\u00e1 campe\u00f3n\u201d: Berm\u00fadez","datePublished":"2020-03-06T17:50:31+00:00","dateModified":"2020-03-07T23:50:23+00:00","mainEntityOfPage":{"@id":"https:\/\/futbolhoy.co\/index.php\/2020\/03\/06\/boca-sera-campeon-bermudez-ya-ya-solamente-dos-porque-ahorita\/"},"wordCount":234,"commentCount":0,"publisher":{"@id":"https:\/\/futbolhoy.co\/#organization"},"image":{"@id":"https:\/\/futbolhoy.co\/index.php\/2020\/03\/06\/boca-sera-campeon-bermudez-ya-ya-solamente-dos-porque-ahorita\/#primaryimage"},"thumbnailUrl":"https:\/\/futbolhoy.co\/wp-content\/uploads\/2020\/03\/IMG_20200306_143301.jpg","articleSection":["Mundo Futbol"],"inLanguage":"es","potentialAction":[{"@type":"CommentAction","name":"Comment","target":["https:\/\/futbolhoy.co\/index.php\/2020\/03\/06\/boca-sera-campeon-bermudez-ya-ya-solamente-dos-porque-ahorita\/#respond"]}]},{"@type":"WebPage","@id":"https:\/\/futbolhoy.co\/index.php\/2020\/03\/06\/boca-sera-campeon-bermudez-ya-ya-solamente-dos-porque-ahorita\/","url":"https:\/\/futbolhoy.co\/index.php\/2020\/03\/06\/boca-sera-campeon-bermudez-ya-ya-solamente-dos-porque-ahorita\/","name":"\u201cBoca ser\u00e1 campe\u00f3n\u201d: Berm\u00fadez -","isPartOf":{"@id":"https:\/\/futbolhoy.co\/#website"},"primaryImageOfPage":{"@id":"https:\/\/futbolhoy.co\/index.php\/2020\/03\/06\/boca-sera-campeon-bermudez-ya-ya-solamente-dos-porque-ahorita\/#primaryimage"},"image":{"@id":"https:\/\/futbolhoy.co\/index.php\/2020\/03\/06\/boca-sera-campeon-bermudez-ya-ya-solamente-dos-porque-ahorita\/#primaryimage"},"thumbnailUrl":"https:\/\/futbolhoy.co\/wp-content\/uploads\/2020\/03\/IMG_20200306_143301.jpg","datePublished":"2020-03-06T17:50:31+00:00","dateModified":"2020-03-07T23:50:23+00:00","breadcrumb":{"@id":"https:\/\/futbolhoy.co\/index.php\/2020\/03\/06\/boca-sera-campeon-bermudez-ya-ya-solamente-dos-porque-ahorita\/#breadcrumb"},"inLanguage":"es","potentialAction":[{"@type":"ReadAction","target":["https:\/\/futbolhoy.co\/index.php\/2020\/03\/06\/boca-sera-campeon-bermudez-ya-ya-solamente-dos-porque-ahorita\/"]}]},{"@type":"ImageObject","inLanguage":"es","@id":"https:\/\/futbolhoy.co\/index.php\/2020\/03\/06\/boca-sera-campeon-bermudez-ya-ya-solamente-dos-porque-ahorita\/#primaryimage","url":"https:\/\/futbolhoy.co\/wp-content\/uploads\/2020\/03\/IMG_20200306_143301.jpg","contentUrl":"https:\/\/futbolhoy.co\/wp-content\/uploads\/2020\/03\/IMG_20200306_143301.jpg","width":640,"height":355},{"@type":"BreadcrumbList","@id":"https:\/\/futbolhoy.co\/index.php\/2020\/03\/06\/boca-sera-campeon-bermudez-ya-ya-solamente-dos-porque-ahorita\/#breadcrumb","itemListElement":[{"@type":"ListItem","position":1,"name":"Portada","item":"https:\/\/futbolhoy.co\/"},{"@type":"ListItem","position":2,"name":"\u201cBoca ser\u00e1 campe\u00f3n\u201d: Berm\u00fadez"}]},{"@type":"WebSite","@id":"https:\/\/futbolhoy.co\/#website","url":"https:\/\/futbolhoy.co\/","name":"FutbolHoy","description":"","publisher":{"@id":"https:\/\/futbolhoy.co\/#organization"},"potentialAction":[{"@type":"SearchAction","target":{"@type":"EntryPoint","urlTemplate":"https:\/\/futbolhoy.co\/?s={search_term_string}"},"query-input":{"@type":"PropertyValueSpecification","valueRequired":true,"valueName":"search_term_string"}}],"inLanguage":"es"},{"@type":"Organization","@id":"https:\/\/futbolhoy.co\/#organization","name":"Futbolhoy.co","url":"https:\/\/futbolhoy.co\/","logo":{"@type":"ImageObject","inLanguage":"es","@id":"https:\/\/futbolhoy.co\/#\/schema\/logo\/image\/","url":"https:\/\/futbolhoy.co\/wp-content\/uploads\/2018\/08\/17426380_1906371736249227_6326180412931521141_n.jpg","contentUrl":"https:\/\/futbolhoy.co\/wp-content\/uploads\/2018\/08\/17426380_1906371736249227_6326180412931521141_n.jpg","width":960,"height":960,"caption":"Futbolhoy.co"},"image":{"@id":"https:\/\/futbolhoy.co\/#\/schema\/logo\/image\/"},"sameAs":["https:\/\/www.facebook.com\/FutbolHoyCol\/","https:\/\/x.com\/FutbolHoyCol","https:\/\/www.instagram.com\/futbolhoycol\/"]},{"@type":"Person","@id":"https:\/\/futbolhoy.co\/#\/schema\/person\/c4a353a512b127643723a34bb1812f7d","name":"Laura Hern\u00e1ndez","image":{"@type":"ImageObject","inLanguage":"es","@id":"https:\/\/futbolhoy.co\/#\/schema\/person\/image\/","url":"https:\/\/secure.gravatar.com\/avatar\/d25959a15b9b293a743f99181c7cfd01?s=96&d=mm&r=g","contentUrl":"https:\/\/secure.gravatar.com\/avatar\/d25959a15b9b293a743f99181c7cfd01?s=96&d=mm&r=g","caption":"Laura Hern\u00e1ndez"}}]}},"publishpress_future_action":{"enabled":false,"date":"2026-05-03 05:32:52","action":"change-status","newStatus":"draft","terms":[],"taxonomy":"category","extraData":[]},"publishpress_future_workflow_manual_trigger":{"enabledWorkflows":[]},"_links":{"self":[{"href":"https:\/\/futbolhoy.co\/index.php\/wp-json\/wp\/v2\/posts\/48618","targetHints":{"allow":["GET"]}}],"collection":[{"href":"https:\/\/futbolhoy.co\/index.php\/wp-json\/wp\/v2\/posts"}],"about":[{"href":"https:\/\/futbolhoy.co\/index.php\/wp-json\/wp\/v2\/types\/post"}],"author":[{"embeddable":true,"href":"https:\/\/futbolhoy.co\/index.php\/wp-json\/wp\/v2\/users\/5"}],"replies":[{"embeddable":true,"href":"https:\/\/futbolhoy.co\/index.php\/wp-json\/wp\/v2\/comments?post=48618"}],"version-history":[{"count":2,"href":"https:\/\/futbolhoy.co\/index.php\/wp-json\/wp\/v2\/posts\/48618\/revisions"}],"predecessor-version":[{"id":48623,"href":"https:\/\/futbolhoy.co\/index.php\/wp-json\/wp\/v2\/posts\/48618\/revisions\/48623"}],"wp:featuredmedia":[{"embeddable":true,"href":"https:\/\/futbolhoy.co\/index.php\/wp-json\/wp\/v2\/media\/48620"}],"wp:attachment":[{"href":"https:\/\/futbolhoy.co\/index.php\/wp-json\/wp\/v2\/media?parent=48618"}],"wp:term":[{"taxonomy":"category","embeddable":true,"href":"https:\/\/futbolhoy.co\/index.php\/wp-json\/wp\/v2\/categories?post=48618"},{"taxonomy":"post_tag","embeddable":true,"href":"https:\/\/futbolhoy.co\/index.php\/wp-json\/wp\/v2\/tags?post=48618"}],"curies":[{"name":"wp","href":"https:\/\/api.w.org\/{rel}","templated":true}]}}