{"id":48626,"date":"2020-03-06T22:03:43","date_gmt":"2020-03-07T03:03:43","guid":{"rendered":"https:\/\/futbolhoy.co\/?p=48626"},"modified":"2020-03-10T18:15:48","modified_gmt":"2020-03-10T23:15:48","slug":"punto-matecana-en-palmaseca","status":"publish","type":"post","link":"https:\/\/futbolhoy.co\/index.php\/2020\/03\/06\/punto-matecana-en-palmaseca\/","title":{"rendered":"Punto 'mateca\u00f1a' en Palmaseca"},"content":{"rendered":"<p style=\"text-align: justify;\"><span style=\"font-family: helvetica, arial, sans-serif;\"><strong>Cali <\/strong>\u00a0y <b>Pereira<\/b> igualaron 2-2 en la apertura de la octava fecha de la Liga colombiana, un partido que cont\u00f3 una buena actuaci\u00f3n del cuadro visitante y una desafortunada noche para el arquero del conjunto 'azucarero',<b> David Gonz\u00e1lez.\u00a0<\/b><\/span><\/p>\n<p style=\"text-align: justify;\"><span style=\"font-family: helvetica, arial, sans-serif;\"><strong>Cali<\/strong> abri\u00f3 el marcador a los 42 minutos del compromiso, <strong>Agust\u00edn Palavecino<\/strong> asisti\u00f3 a <strong>Andr\u00e9s Balanta,<\/strong> quien remat\u00f3 venciendo al guardameta <strong>Harlen Castillo<\/strong>.<\/span><\/p>\n<p style=\"text-align: justify;\"><span style=\"font-family: helvetica, arial, sans-serif;\">Minutos despu\u00e9s lleg\u00f3 el primer error de <strong>Gonz\u00e1lez.<\/strong> <strong>Mateo Cano<\/strong> remat\u00f3 a los 45 minutos, en el cierre de la primera parte, y el arquero no pudo controlar el bal\u00f3n, para que <strong>Wilfrido de la Rosa<\/strong> solo tuviera que empujarla al fondo de la red.<\/span><\/p>\n<p style=\"text-align: justify;\"><span style=\"font-family: helvetica, arial, sans-serif;\">Para el segundo tiempo el juego no cambi\u00f3, los dirigidos por <strong>Alfredo Arias<\/strong> salieron a presionar y en el minuto 59 fue <strong>Darwin Andrade<\/strong> el encargado de poner el 2-1 en el marcador tras una gran definici\u00f3n.<\/span><\/p>\n<p style=\"text-align: justify;\"><span style=\"font-family: helvetica, arial, sans-serif;\"><strong>Jairo Molina<\/strong> fue el salvador para el cuadro 'mateca\u00f1a', en el minuto 90 cobr\u00f3 un penal producto de una mano en el \u00e1rea. <strong>David<\/strong><b>\u00a0Gonz\u00e1lez<\/b> ataj\u00f3; sin embargo el rebote le qued\u00f3 al mismo ejecutante, para que este anotar\u00e1 el 2-2 del cuadro visitante.\u00a0<\/span><\/p>\n<p style=\"text-align: justify;\"><span style=\"font-family: helvetica, arial, sans-serif;\"><b>Cali <\/b>\u00a0es parcialmente sexto en la tabla con 11 puntos y un partido menos; mientras que <b>Pereira<\/b> es noveno moment\u00e1neamente con 11 unidades y una diferencia de gol de -1.\u00a0<\/span><\/p>\n","protected":false},"excerpt":{"rendered":"<p>Cali \u00a0y Pereira igualaron 2-2 en la apertura de la octava fecha de la Liga colombiana, un partido que cont\u00f3 una buena actuaci\u00f3n del cuadro visitante y una desafortunada noche para el arquero del conjunto 'azucarero', David Gonz\u00e1lez.\u00a0 Cali abri\u00f3 el marcador a los 42 minutos del compromiso, Agust\u00edn Palavecino asisti\u00f3 a Andr\u00e9s Balanta, quien [&hellip;]<\/p>\n","protected":false},"author":5,"featured_media":48628,"comment_status":"open","ping_status":"open","sticky":false,"template":"","format":"standard","meta":{"_acf_changed":false,"footnotes":""},"categories":[7],"tags":[],"class_list":{"0":"post-48626","1":"post","2":"type-post","3":"status-publish","4":"format-standard","5":"has-post-thumbnail","7":"category-liga-betplay"},"acf":[],"yoast_head":"<!-- This site is optimized with the Yoast SEO plugin v26.8 - https:\/\/yoast.com\/product\/yoast-seo-wordpress\/ -->\n<title>Punto &#039;mateca\u00f1a&#039; en Palmaseca -<\/title>\n<meta name=\"robots\" content=\"index, follow, max-snippet:-1, max-image-preview:large, max-video-preview:-1\" \/>\n<link rel=\"canonical\" href=\"https:\/\/futbolhoy.co\/index.php\/2020\/03\/06\/punto-matecana-en-palmaseca\/\" \/>\n<meta property=\"og:locale\" content=\"es_ES\" \/>\n<meta property=\"og:type\" content=\"article\" \/>\n<meta property=\"og:title\" content=\"Punto &#039;mateca\u00f1a&#039; en Palmaseca -\" \/>\n<meta property=\"og:description\" content=\"Cali \u00a0y Pereira igualaron 2-2 en la apertura de la octava fecha de la Liga colombiana, un partido que cont\u00f3 una buena actuaci\u00f3n del cuadro visitante y una desafortunada noche para el arquero del conjunto &#039;azucarero&#039;, David Gonz\u00e1lez.\u00a0 Cali abri\u00f3 el marcador a los 42 minutos del compromiso, Agust\u00edn Palavecino asisti\u00f3 a Andr\u00e9s Balanta, quien [&hellip;]\" \/>\n<meta property=\"og:url\" content=\"https:\/\/futbolhoy.co\/index.php\/2020\/03\/06\/punto-matecana-en-palmaseca\/\" \/>\n<meta property=\"article:publisher\" content=\"https:\/\/www.facebook.com\/FutbolHoyCol\/\" \/>\n<meta property=\"article:published_time\" content=\"2020-03-07T03:03:43+00:00\" \/>\n<meta property=\"article:modified_time\" content=\"2020-03-10T23:15:48+00:00\" \/>\n<meta property=\"og:image\" content=\"https:\/\/futbolhoy.co\/wp-content\/uploads\/2020\/03\/IMG_20200306_220039.jpg\" \/>\n\t<meta property=\"og:image:width\" content=\"1080\" \/>\n\t<meta property=\"og:image:height\" content=\"1350\" \/>\n\t<meta property=\"og:image:type\" content=\"image\/jpeg\" \/>\n<meta name=\"author\" content=\"Laura Hern\u00e1ndez\" \/>\n<meta name=\"twitter:card\" content=\"summary_large_image\" \/>\n<meta name=\"twitter:creator\" content=\"@FutbolHoyCol\" \/>\n<meta name=\"twitter:site\" content=\"@FutbolHoyCol\" \/>\n<meta name=\"twitter:label1\" content=\"Escrito por\" \/>\n\t<meta name=\"twitter:data1\" content=\"Laura Hern\u00e1ndez\" \/>\n\t<meta name=\"twitter:label2\" content=\"Tiempo de lectura\" \/>\n\t<meta name=\"twitter:data2\" content=\"1 minuto\" \/>\n<script type=\"application\/ld+json\" class=\"yoast-schema-graph\">{\"@context\":\"https:\/\/schema.org\",\"@graph\":[{\"@type\":\"Article\",\"@id\":\"https:\/\/futbolhoy.co\/index.php\/2020\/03\/06\/punto-matecana-en-palmaseca\/#article\",\"isPartOf\":{\"@id\":\"https:\/\/futbolhoy.co\/index.php\/2020\/03\/06\/punto-matecana-en-palmaseca\/\"},\"author\":{\"name\":\"Laura Hern\u00e1ndez\",\"@id\":\"https:\/\/futbolhoy.co\/#\/schema\/person\/c4a353a512b127643723a34bb1812f7d\"},\"headline\":\"Punto 'mateca\u00f1a' en Palmaseca\",\"datePublished\":\"2020-03-07T03:03:43+00:00\",\"dateModified\":\"2020-03-10T23:15:48+00:00\",\"mainEntityOfPage\":{\"@id\":\"https:\/\/futbolhoy.co\/index.php\/2020\/03\/06\/punto-matecana-en-palmaseca\/\"},\"wordCount\":227,\"commentCount\":0,\"publisher\":{\"@id\":\"https:\/\/futbolhoy.co\/#organization\"},\"image\":{\"@id\":\"https:\/\/futbolhoy.co\/index.php\/2020\/03\/06\/punto-matecana-en-palmaseca\/#primaryimage\"},\"thumbnailUrl\":\"https:\/\/futbolhoy.co\/wp-content\/uploads\/2020\/03\/IMG_20200306_220039.jpg\",\"articleSection\":[\"Liga BetPlay\"],\"inLanguage\":\"es\",\"potentialAction\":[{\"@type\":\"CommentAction\",\"name\":\"Comment\",\"target\":[\"https:\/\/futbolhoy.co\/index.php\/2020\/03\/06\/punto-matecana-en-palmaseca\/#respond\"]}]},{\"@type\":\"WebPage\",\"@id\":\"https:\/\/futbolhoy.co\/index.php\/2020\/03\/06\/punto-matecana-en-palmaseca\/\",\"url\":\"https:\/\/futbolhoy.co\/index.php\/2020\/03\/06\/punto-matecana-en-palmaseca\/\",\"name\":\"Punto 'mateca\u00f1a' en Palmaseca -\",\"isPartOf\":{\"@id\":\"https:\/\/futbolhoy.co\/#website\"},\"primaryImageOfPage\":{\"@id\":\"https:\/\/futbolhoy.co\/index.php\/2020\/03\/06\/punto-matecana-en-palmaseca\/#primaryimage\"},\"image\":{\"@id\":\"https:\/\/futbolhoy.co\/index.php\/2020\/03\/06\/punto-matecana-en-palmaseca\/#primaryimage\"},\"thumbnailUrl\":\"https:\/\/futbolhoy.co\/wp-content\/uploads\/2020\/03\/IMG_20200306_220039.jpg\",\"datePublished\":\"2020-03-07T03:03:43+00:00\",\"dateModified\":\"2020-03-10T23:15:48+00:00\",\"breadcrumb\":{\"@id\":\"https:\/\/futbolhoy.co\/index.php\/2020\/03\/06\/punto-matecana-en-palmaseca\/#breadcrumb\"},\"inLanguage\":\"es\",\"potentialAction\":[{\"@type\":\"ReadAction\",\"target\":[\"https:\/\/futbolhoy.co\/index.php\/2020\/03\/06\/punto-matecana-en-palmaseca\/\"]}]},{\"@type\":\"ImageObject\",\"inLanguage\":\"es\",\"@id\":\"https:\/\/futbolhoy.co\/index.php\/2020\/03\/06\/punto-matecana-en-palmaseca\/#primaryimage\",\"url\":\"https:\/\/futbolhoy.co\/wp-content\/uploads\/2020\/03\/IMG_20200306_220039.jpg\",\"contentUrl\":\"https:\/\/futbolhoy.co\/wp-content\/uploads\/2020\/03\/IMG_20200306_220039.jpg\",\"width\":1080,\"height\":1350},{\"@type\":\"BreadcrumbList\",\"@id\":\"https:\/\/futbolhoy.co\/index.php\/2020\/03\/06\/punto-matecana-en-palmaseca\/#breadcrumb\",\"itemListElement\":[{\"@type\":\"ListItem\",\"position\":1,\"name\":\"Portada\",\"item\":\"https:\/\/futbolhoy.co\/\"},{\"@type\":\"ListItem\",\"position\":2,\"name\":\"Punto &#8216;mateca\u00f1a&#8217; en Palmaseca\"}]},{\"@type\":\"WebSite\",\"@id\":\"https:\/\/futbolhoy.co\/#website\",\"url\":\"https:\/\/futbolhoy.co\/\",\"name\":\"FutbolHoy\",\"description\":\"\",\"publisher\":{\"@id\":\"https:\/\/futbolhoy.co\/#organization\"},\"potentialAction\":[{\"@type\":\"SearchAction\",\"target\":{\"@type\":\"EntryPoint\",\"urlTemplate\":\"https:\/\/futbolhoy.co\/?s={search_term_string}\"},\"query-input\":{\"@type\":\"PropertyValueSpecification\",\"valueRequired\":true,\"valueName\":\"search_term_string\"}}],\"inLanguage\":\"es\"},{\"@type\":\"Organization\",\"@id\":\"https:\/\/futbolhoy.co\/#organization\",\"name\":\"Futbolhoy.co\",\"url\":\"https:\/\/futbolhoy.co\/\",\"logo\":{\"@type\":\"ImageObject\",\"inLanguage\":\"es\",\"@id\":\"https:\/\/futbolhoy.co\/#\/schema\/logo\/image\/\",\"url\":\"https:\/\/futbolhoy.co\/wp-content\/uploads\/2018\/08\/17426380_1906371736249227_6326180412931521141_n.jpg\",\"contentUrl\":\"https:\/\/futbolhoy.co\/wp-content\/uploads\/2018\/08\/17426380_1906371736249227_6326180412931521141_n.jpg\",\"width\":960,\"height\":960,\"caption\":\"Futbolhoy.co\"},\"image\":{\"@id\":\"https:\/\/futbolhoy.co\/#\/schema\/logo\/image\/\"},\"sameAs\":[\"https:\/\/www.facebook.com\/FutbolHoyCol\/\",\"https:\/\/x.com\/FutbolHoyCol\",\"https:\/\/www.instagram.com\/futbolhoycol\/\"]},{\"@type\":\"Person\",\"@id\":\"https:\/\/futbolhoy.co\/#\/schema\/person\/c4a353a512b127643723a34bb1812f7d\",\"name\":\"Laura Hern\u00e1ndez\",\"image\":{\"@type\":\"ImageObject\",\"inLanguage\":\"es\",\"@id\":\"https:\/\/futbolhoy.co\/#\/schema\/person\/image\/\",\"url\":\"https:\/\/secure.gravatar.com\/avatar\/d25959a15b9b293a743f99181c7cfd01?s=96&d=mm&r=g\",\"contentUrl\":\"https:\/\/secure.gravatar.com\/avatar\/d25959a15b9b293a743f99181c7cfd01?s=96&d=mm&r=g\",\"caption\":\"Laura Hern\u00e1ndez\"}}]}<\/script>\n<!-- \/ Yoast SEO plugin. -->","yoast_head_json":{"title":"Punto 'mateca\u00f1a' en Palmaseca -","robots":{"index":"index","follow":"follow","max-snippet":"max-snippet:-1","max-image-preview":"max-image-preview:large","max-video-preview":"max-video-preview:-1"},"canonical":"https:\/\/futbolhoy.co\/index.php\/2020\/03\/06\/punto-matecana-en-palmaseca\/","og_locale":"es_ES","og_type":"article","og_title":"Punto 'mateca\u00f1a' en Palmaseca -","og_description":"Cali \u00a0y Pereira igualaron 2-2 en la apertura de la octava fecha de la Liga colombiana, un partido que cont\u00f3 una buena actuaci\u00f3n del cuadro visitante y una desafortunada noche para el arquero del conjunto 'azucarero', David Gonz\u00e1lez.\u00a0 Cali abri\u00f3 el marcador a los 42 minutos del compromiso, Agust\u00edn Palavecino asisti\u00f3 a Andr\u00e9s Balanta, quien [&hellip;]","og_url":"https:\/\/futbolhoy.co\/index.php\/2020\/03\/06\/punto-matecana-en-palmaseca\/","article_publisher":"https:\/\/www.facebook.com\/FutbolHoyCol\/","article_published_time":"2020-03-07T03:03:43+00:00","article_modified_time":"2020-03-10T23:15:48+00:00","og_image":[{"width":1080,"height":1350,"url":"https:\/\/futbolhoy.co\/wp-content\/uploads\/2020\/03\/IMG_20200306_220039.jpg","type":"image\/jpeg"}],"author":"Laura Hern\u00e1ndez","twitter_card":"summary_large_image","twitter_creator":"@FutbolHoyCol","twitter_site":"@FutbolHoyCol","twitter_misc":{"Escrito por":"Laura Hern\u00e1ndez","Tiempo de lectura":"1 minuto"},"schema":{"@context":"https:\/\/schema.org","@graph":[{"@type":"Article","@id":"https:\/\/futbolhoy.co\/index.php\/2020\/03\/06\/punto-matecana-en-palmaseca\/#article","isPartOf":{"@id":"https:\/\/futbolhoy.co\/index.php\/2020\/03\/06\/punto-matecana-en-palmaseca\/"},"author":{"name":"Laura Hern\u00e1ndez","@id":"https:\/\/futbolhoy.co\/#\/schema\/person\/c4a353a512b127643723a34bb1812f7d"},"headline":"Punto 'mateca\u00f1a' en Palmaseca","datePublished":"2020-03-07T03:03:43+00:00","dateModified":"2020-03-10T23:15:48+00:00","mainEntityOfPage":{"@id":"https:\/\/futbolhoy.co\/index.php\/2020\/03\/06\/punto-matecana-en-palmaseca\/"},"wordCount":227,"commentCount":0,"publisher":{"@id":"https:\/\/futbolhoy.co\/#organization"},"image":{"@id":"https:\/\/futbolhoy.co\/index.php\/2020\/03\/06\/punto-matecana-en-palmaseca\/#primaryimage"},"thumbnailUrl":"https:\/\/futbolhoy.co\/wp-content\/uploads\/2020\/03\/IMG_20200306_220039.jpg","articleSection":["Liga BetPlay"],"inLanguage":"es","potentialAction":[{"@type":"CommentAction","name":"Comment","target":["https:\/\/futbolhoy.co\/index.php\/2020\/03\/06\/punto-matecana-en-palmaseca\/#respond"]}]},{"@type":"WebPage","@id":"https:\/\/futbolhoy.co\/index.php\/2020\/03\/06\/punto-matecana-en-palmaseca\/","url":"https:\/\/futbolhoy.co\/index.php\/2020\/03\/06\/punto-matecana-en-palmaseca\/","name":"Punto 'mateca\u00f1a' en Palmaseca -","isPartOf":{"@id":"https:\/\/futbolhoy.co\/#website"},"primaryImageOfPage":{"@id":"https:\/\/futbolhoy.co\/index.php\/2020\/03\/06\/punto-matecana-en-palmaseca\/#primaryimage"},"image":{"@id":"https:\/\/futbolhoy.co\/index.php\/2020\/03\/06\/punto-matecana-en-palmaseca\/#primaryimage"},"thumbnailUrl":"https:\/\/futbolhoy.co\/wp-content\/uploads\/2020\/03\/IMG_20200306_220039.jpg","datePublished":"2020-03-07T03:03:43+00:00","dateModified":"2020-03-10T23:15:48+00:00","breadcrumb":{"@id":"https:\/\/futbolhoy.co\/index.php\/2020\/03\/06\/punto-matecana-en-palmaseca\/#breadcrumb"},"inLanguage":"es","potentialAction":[{"@type":"ReadAction","target":["https:\/\/futbolhoy.co\/index.php\/2020\/03\/06\/punto-matecana-en-palmaseca\/"]}]},{"@type":"ImageObject","inLanguage":"es","@id":"https:\/\/futbolhoy.co\/index.php\/2020\/03\/06\/punto-matecana-en-palmaseca\/#primaryimage","url":"https:\/\/futbolhoy.co\/wp-content\/uploads\/2020\/03\/IMG_20200306_220039.jpg","contentUrl":"https:\/\/futbolhoy.co\/wp-content\/uploads\/2020\/03\/IMG_20200306_220039.jpg","width":1080,"height":1350},{"@type":"BreadcrumbList","@id":"https:\/\/futbolhoy.co\/index.php\/2020\/03\/06\/punto-matecana-en-palmaseca\/#breadcrumb","itemListElement":[{"@type":"ListItem","position":1,"name":"Portada","item":"https:\/\/futbolhoy.co\/"},{"@type":"ListItem","position":2,"name":"Punto &#8216;mateca\u00f1a&#8217; en Palmaseca"}]},{"@type":"WebSite","@id":"https:\/\/futbolhoy.co\/#website","url":"https:\/\/futbolhoy.co\/","name":"FutbolHoy","description":"","publisher":{"@id":"https:\/\/futbolhoy.co\/#organization"},"potentialAction":[{"@type":"SearchAction","target":{"@type":"EntryPoint","urlTemplate":"https:\/\/futbolhoy.co\/?s={search_term_string}"},"query-input":{"@type":"PropertyValueSpecification","valueRequired":true,"valueName":"search_term_string"}}],"inLanguage":"es"},{"@type":"Organization","@id":"https:\/\/futbolhoy.co\/#organization","name":"Futbolhoy.co","url":"https:\/\/futbolhoy.co\/","logo":{"@type":"ImageObject","inLanguage":"es","@id":"https:\/\/futbolhoy.co\/#\/schema\/logo\/image\/","url":"https:\/\/futbolhoy.co\/wp-content\/uploads\/2018\/08\/17426380_1906371736249227_6326180412931521141_n.jpg","contentUrl":"https:\/\/futbolhoy.co\/wp-content\/uploads\/2018\/08\/17426380_1906371736249227_6326180412931521141_n.jpg","width":960,"height":960,"caption":"Futbolhoy.co"},"image":{"@id":"https:\/\/futbolhoy.co\/#\/schema\/logo\/image\/"},"sameAs":["https:\/\/www.facebook.com\/FutbolHoyCol\/","https:\/\/x.com\/FutbolHoyCol","https:\/\/www.instagram.com\/futbolhoycol\/"]},{"@type":"Person","@id":"https:\/\/futbolhoy.co\/#\/schema\/person\/c4a353a512b127643723a34bb1812f7d","name":"Laura Hern\u00e1ndez","image":{"@type":"ImageObject","inLanguage":"es","@id":"https:\/\/futbolhoy.co\/#\/schema\/person\/image\/","url":"https:\/\/secure.gravatar.com\/avatar\/d25959a15b9b293a743f99181c7cfd01?s=96&d=mm&r=g","contentUrl":"https:\/\/secure.gravatar.com\/avatar\/d25959a15b9b293a743f99181c7cfd01?s=96&d=mm&r=g","caption":"Laura Hern\u00e1ndez"}}]}},"publishpress_future_action":{"enabled":false,"date":"2026-05-03 13:51:40","action":"change-status","newStatus":"draft","terms":[],"taxonomy":"category","extraData":[]},"publishpress_future_workflow_manual_trigger":{"enabledWorkflows":[]},"_links":{"self":[{"href":"https:\/\/futbolhoy.co\/index.php\/wp-json\/wp\/v2\/posts\/48626","targetHints":{"allow":["GET"]}}],"collection":[{"href":"https:\/\/futbolhoy.co\/index.php\/wp-json\/wp\/v2\/posts"}],"about":[{"href":"https:\/\/futbolhoy.co\/index.php\/wp-json\/wp\/v2\/types\/post"}],"author":[{"embeddable":true,"href":"https:\/\/futbolhoy.co\/index.php\/wp-json\/wp\/v2\/users\/5"}],"replies":[{"embeddable":true,"href":"https:\/\/futbolhoy.co\/index.php\/wp-json\/wp\/v2\/comments?post=48626"}],"version-history":[{"count":4,"href":"https:\/\/futbolhoy.co\/index.php\/wp-json\/wp\/v2\/posts\/48626\/revisions"}],"predecessor-version":[{"id":48633,"href":"https:\/\/futbolhoy.co\/index.php\/wp-json\/wp\/v2\/posts\/48626\/revisions\/48633"}],"wp:featuredmedia":[{"embeddable":true,"href":"https:\/\/futbolhoy.co\/index.php\/wp-json\/wp\/v2\/media\/48628"}],"wp:attachment":[{"href":"https:\/\/futbolhoy.co\/index.php\/wp-json\/wp\/v2\/media?parent=48626"}],"wp:term":[{"taxonomy":"category","embeddable":true,"href":"https:\/\/futbolhoy.co\/index.php\/wp-json\/wp\/v2\/categories?post=48626"},{"taxonomy":"post_tag","embeddable":true,"href":"https:\/\/futbolhoy.co\/index.php\/wp-json\/wp\/v2\/tags?post=48626"}],"curies":[{"name":"wp","href":"https:\/\/api.w.org\/{rel}","templated":true}]}}