{"id":48709,"date":"2020-03-08T09:30:01","date_gmt":"2020-03-08T14:30:01","guid":{"rendered":"https:\/\/futbolhoy.co\/?p=48709"},"modified":"2020-03-09T09:44:15","modified_gmt":"2020-03-09T14:44:15","slug":"piden-suspender-inmediatamente-la-serie-a","status":"publish","type":"post","link":"https:\/\/futbolhoy.co\/index.php\/2020\/03\/08\/piden-suspender-inmediatamente-la-serie-a\/","title":{"rendered":"Piden suspender \u201cinmediatamente\u201d la Serie A"},"content":{"rendered":"<p class=\"x_ydpc24ba52cMsoNormal\" style=\"text-align: justify;\"><span lang=\"ES\" style=\"font-family: helvetica, arial, sans-serif;\">El <strong>Ministro de Deportes<\/strong> italiano <strong>Vincenzo Spadafora<\/strong> pidi\u00f3 la \u201cinmediata suspensi\u00f3n\u201d de la <strong>Serie A<\/strong> de f\u00fatbol como consecuencia de la epidemia del <strong>coronavirus<\/strong>, que ha provocado m\u00e1s de 200 muertos en ese pa\u00eds.<\/span><\/p>\n<p class=\"x_ydpc24ba52cMsoNormal\" style=\"text-align: justify;\"><span lang=\"ES\" style=\"font-family: helvetica, arial, sans-serif;\">\"No tiene sentido ahora, cuando estamos pidiendo a los ciudadanos enormes sacrificios para prevenir la propagaci\u00f3n de la epidemia, poner en peligro la vida de jugadores, \u00e1rbitros, aficionados que seguramente se reunir\u00e1n para ver los partidos, no suspender temporalmente el f\u00fatbol\", escribi\u00f3 el ministro en Facebook.<\/span><\/p>\n<p class=\"x_ydpc24ba52cMsoNormal\" style=\"text-align: justify;\"><span lang=\"ES\" style=\"font-family: helvetica, arial, sans-serif;\">La jornada dominical, que comprende cinco partidos, no est\u00e1 suspendida, pero sus compromisos se deben cumplir sin la presencia de p\u00fablico.<\/span><\/p>\n<p class=\"x_ydpc24ba52cMsoNormal\" style=\"text-align: justify;\"><span lang=\"ES\" style=\"font-family: helvetica, arial, sans-serif;\">En la madrugada de este domingo, la Liga de Baloncesto hab\u00eda cancelado todos sus encuentros.<\/span><\/p>\n","protected":false},"excerpt":{"rendered":"<p>El Ministro de Deportes italiano Vincenzo Spadafora pidi\u00f3 la \u201cinmediata suspensi\u00f3n\u201d de la Serie A de f\u00fatbol como consecuencia de la epidemia del coronavirus, que ha provocado m\u00e1s de 200 muertos en ese pa\u00eds. \"No tiene sentido ahora, cuando estamos pidiendo a los ciudadanos enormes sacrificios para prevenir la propagaci\u00f3n de la epidemia, poner en [&hellip;]<\/p>\n","protected":false},"author":5,"featured_media":38042,"comment_status":"open","ping_status":"open","sticky":false,"template":"","format":"standard","meta":{"_acf_changed":false,"footnotes":""},"categories":[152],"tags":[],"class_list":{"0":"post-48709","1":"post","2":"type-post","3":"status-publish","4":"format-standard","5":"has-post-thumbnail","7":"category-mundo-futbol"},"acf":[],"yoast_head":"<!-- This site is optimized with the Yoast SEO plugin v26.8 - https:\/\/yoast.com\/product\/yoast-seo-wordpress\/ -->\n<title>Piden suspender \u201cinmediatamente\u201d la Serie A -<\/title>\n<meta name=\"robots\" content=\"index, follow, max-snippet:-1, max-image-preview:large, max-video-preview:-1\" \/>\n<link rel=\"canonical\" href=\"https:\/\/futbolhoy.co\/index.php\/2020\/03\/08\/piden-suspender-inmediatamente-la-serie-a\/\" \/>\n<meta property=\"og:locale\" content=\"es_ES\" \/>\n<meta property=\"og:type\" content=\"article\" \/>\n<meta property=\"og:title\" content=\"Piden suspender \u201cinmediatamente\u201d la Serie A -\" \/>\n<meta property=\"og:description\" content=\"El Ministro de Deportes italiano Vincenzo Spadafora pidi\u00f3 la \u201cinmediata suspensi\u00f3n\u201d de la Serie A de f\u00fatbol como consecuencia de la epidemia del coronavirus, que ha provocado m\u00e1s de 200 muertos en ese pa\u00eds. &quot;No tiene sentido ahora, cuando estamos pidiendo a los ciudadanos enormes sacrificios para prevenir la propagaci\u00f3n de la epidemia, poner en [&hellip;]\" \/>\n<meta property=\"og:url\" content=\"https:\/\/futbolhoy.co\/index.php\/2020\/03\/08\/piden-suspender-inmediatamente-la-serie-a\/\" \/>\n<meta property=\"article:publisher\" content=\"https:\/\/www.facebook.com\/FutbolHoyCol\/\" \/>\n<meta property=\"article:published_time\" content=\"2020-03-08T14:30:01+00:00\" \/>\n<meta property=\"article:modified_time\" content=\"2020-03-09T14:44:15+00:00\" \/>\n<meta property=\"og:image\" content=\"https:\/\/futbolhoy.co\/wp-content\/uploads\/2019\/06\/Milan.jpg\" \/>\n\t<meta property=\"og:image:width\" content=\"680\" \/>\n\t<meta property=\"og:image:height\" content=\"425\" \/>\n\t<meta property=\"og:image:type\" content=\"image\/jpeg\" \/>\n<meta name=\"author\" content=\"Laura Hern\u00e1ndez\" \/>\n<meta name=\"twitter:card\" content=\"summary_large_image\" \/>\n<meta name=\"twitter:creator\" content=\"@FutbolHoyCol\" \/>\n<meta name=\"twitter:site\" content=\"@FutbolHoyCol\" \/>\n<meta name=\"twitter:label1\" content=\"Escrito por\" \/>\n\t<meta name=\"twitter:data1\" content=\"Laura Hern\u00e1ndez\" \/>\n\t<meta name=\"twitter:label2\" content=\"Tiempo de lectura\" \/>\n\t<meta name=\"twitter:data2\" content=\"1 minuto\" \/>\n<script type=\"application\/ld+json\" class=\"yoast-schema-graph\">{\"@context\":\"https:\/\/schema.org\",\"@graph\":[{\"@type\":\"Article\",\"@id\":\"https:\/\/futbolhoy.co\/index.php\/2020\/03\/08\/piden-suspender-inmediatamente-la-serie-a\/#article\",\"isPartOf\":{\"@id\":\"https:\/\/futbolhoy.co\/index.php\/2020\/03\/08\/piden-suspender-inmediatamente-la-serie-a\/\"},\"author\":{\"name\":\"Laura Hern\u00e1ndez\",\"@id\":\"https:\/\/futbolhoy.co\/#\/schema\/person\/c4a353a512b127643723a34bb1812f7d\"},\"headline\":\"Piden suspender \u201cinmediatamente\u201d la Serie A\",\"datePublished\":\"2020-03-08T14:30:01+00:00\",\"dateModified\":\"2020-03-09T14:44:15+00:00\",\"mainEntityOfPage\":{\"@id\":\"https:\/\/futbolhoy.co\/index.php\/2020\/03\/08\/piden-suspender-inmediatamente-la-serie-a\/\"},\"wordCount\":130,\"commentCount\":0,\"publisher\":{\"@id\":\"https:\/\/futbolhoy.co\/#organization\"},\"image\":{\"@id\":\"https:\/\/futbolhoy.co\/index.php\/2020\/03\/08\/piden-suspender-inmediatamente-la-serie-a\/#primaryimage\"},\"thumbnailUrl\":\"https:\/\/futbolhoy.co\/wp-content\/uploads\/2019\/06\/Milan.jpg\",\"articleSection\":[\"Mundo Futbol\"],\"inLanguage\":\"es\",\"potentialAction\":[{\"@type\":\"CommentAction\",\"name\":\"Comment\",\"target\":[\"https:\/\/futbolhoy.co\/index.php\/2020\/03\/08\/piden-suspender-inmediatamente-la-serie-a\/#respond\"]}]},{\"@type\":\"WebPage\",\"@id\":\"https:\/\/futbolhoy.co\/index.php\/2020\/03\/08\/piden-suspender-inmediatamente-la-serie-a\/\",\"url\":\"https:\/\/futbolhoy.co\/index.php\/2020\/03\/08\/piden-suspender-inmediatamente-la-serie-a\/\",\"name\":\"Piden suspender \u201cinmediatamente\u201d la Serie A -\",\"isPartOf\":{\"@id\":\"https:\/\/futbolhoy.co\/#website\"},\"primaryImageOfPage\":{\"@id\":\"https:\/\/futbolhoy.co\/index.php\/2020\/03\/08\/piden-suspender-inmediatamente-la-serie-a\/#primaryimage\"},\"image\":{\"@id\":\"https:\/\/futbolhoy.co\/index.php\/2020\/03\/08\/piden-suspender-inmediatamente-la-serie-a\/#primaryimage\"},\"thumbnailUrl\":\"https:\/\/futbolhoy.co\/wp-content\/uploads\/2019\/06\/Milan.jpg\",\"datePublished\":\"2020-03-08T14:30:01+00:00\",\"dateModified\":\"2020-03-09T14:44:15+00:00\",\"breadcrumb\":{\"@id\":\"https:\/\/futbolhoy.co\/index.php\/2020\/03\/08\/piden-suspender-inmediatamente-la-serie-a\/#breadcrumb\"},\"inLanguage\":\"es\",\"potentialAction\":[{\"@type\":\"ReadAction\",\"target\":[\"https:\/\/futbolhoy.co\/index.php\/2020\/03\/08\/piden-suspender-inmediatamente-la-serie-a\/\"]}]},{\"@type\":\"ImageObject\",\"inLanguage\":\"es\",\"@id\":\"https:\/\/futbolhoy.co\/index.php\/2020\/03\/08\/piden-suspender-inmediatamente-la-serie-a\/#primaryimage\",\"url\":\"https:\/\/futbolhoy.co\/wp-content\/uploads\/2019\/06\/Milan.jpg\",\"contentUrl\":\"https:\/\/futbolhoy.co\/wp-content\/uploads\/2019\/06\/Milan.jpg\",\"width\":680,\"height\":425,\"caption\":\"@ACMilan\"},{\"@type\":\"BreadcrumbList\",\"@id\":\"https:\/\/futbolhoy.co\/index.php\/2020\/03\/08\/piden-suspender-inmediatamente-la-serie-a\/#breadcrumb\",\"itemListElement\":[{\"@type\":\"ListItem\",\"position\":1,\"name\":\"Portada\",\"item\":\"https:\/\/futbolhoy.co\/\"},{\"@type\":\"ListItem\",\"position\":2,\"name\":\"Piden suspender \u201cinmediatamente\u201d la Serie A\"}]},{\"@type\":\"WebSite\",\"@id\":\"https:\/\/futbolhoy.co\/#website\",\"url\":\"https:\/\/futbolhoy.co\/\",\"name\":\"FutbolHoy\",\"description\":\"\",\"publisher\":{\"@id\":\"https:\/\/futbolhoy.co\/#organization\"},\"potentialAction\":[{\"@type\":\"SearchAction\",\"target\":{\"@type\":\"EntryPoint\",\"urlTemplate\":\"https:\/\/futbolhoy.co\/?s={search_term_string}\"},\"query-input\":{\"@type\":\"PropertyValueSpecification\",\"valueRequired\":true,\"valueName\":\"search_term_string\"}}],\"inLanguage\":\"es\"},{\"@type\":\"Organization\",\"@id\":\"https:\/\/futbolhoy.co\/#organization\",\"name\":\"Futbolhoy.co\",\"url\":\"https:\/\/futbolhoy.co\/\",\"logo\":{\"@type\":\"ImageObject\",\"inLanguage\":\"es\",\"@id\":\"https:\/\/futbolhoy.co\/#\/schema\/logo\/image\/\",\"url\":\"https:\/\/futbolhoy.co\/wp-content\/uploads\/2018\/08\/17426380_1906371736249227_6326180412931521141_n.jpg\",\"contentUrl\":\"https:\/\/futbolhoy.co\/wp-content\/uploads\/2018\/08\/17426380_1906371736249227_6326180412931521141_n.jpg\",\"width\":960,\"height\":960,\"caption\":\"Futbolhoy.co\"},\"image\":{\"@id\":\"https:\/\/futbolhoy.co\/#\/schema\/logo\/image\/\"},\"sameAs\":[\"https:\/\/www.facebook.com\/FutbolHoyCol\/\",\"https:\/\/x.com\/FutbolHoyCol\",\"https:\/\/www.instagram.com\/futbolhoycol\/\"]},{\"@type\":\"Person\",\"@id\":\"https:\/\/futbolhoy.co\/#\/schema\/person\/c4a353a512b127643723a34bb1812f7d\",\"name\":\"Laura Hern\u00e1ndez\",\"image\":{\"@type\":\"ImageObject\",\"inLanguage\":\"es\",\"@id\":\"https:\/\/futbolhoy.co\/#\/schema\/person\/image\/\",\"url\":\"https:\/\/secure.gravatar.com\/avatar\/d25959a15b9b293a743f99181c7cfd01?s=96&d=mm&r=g\",\"contentUrl\":\"https:\/\/secure.gravatar.com\/avatar\/d25959a15b9b293a743f99181c7cfd01?s=96&d=mm&r=g\",\"caption\":\"Laura Hern\u00e1ndez\"}}]}<\/script>\n<!-- \/ Yoast SEO plugin. -->","yoast_head_json":{"title":"Piden suspender \u201cinmediatamente\u201d la Serie A -","robots":{"index":"index","follow":"follow","max-snippet":"max-snippet:-1","max-image-preview":"max-image-preview:large","max-video-preview":"max-video-preview:-1"},"canonical":"https:\/\/futbolhoy.co\/index.php\/2020\/03\/08\/piden-suspender-inmediatamente-la-serie-a\/","og_locale":"es_ES","og_type":"article","og_title":"Piden suspender \u201cinmediatamente\u201d la Serie A -","og_description":"El Ministro de Deportes italiano Vincenzo Spadafora pidi\u00f3 la \u201cinmediata suspensi\u00f3n\u201d de la Serie A de f\u00fatbol como consecuencia de la epidemia del coronavirus, que ha provocado m\u00e1s de 200 muertos en ese pa\u00eds. \"No tiene sentido ahora, cuando estamos pidiendo a los ciudadanos enormes sacrificios para prevenir la propagaci\u00f3n de la epidemia, poner en [&hellip;]","og_url":"https:\/\/futbolhoy.co\/index.php\/2020\/03\/08\/piden-suspender-inmediatamente-la-serie-a\/","article_publisher":"https:\/\/www.facebook.com\/FutbolHoyCol\/","article_published_time":"2020-03-08T14:30:01+00:00","article_modified_time":"2020-03-09T14:44:15+00:00","og_image":[{"width":680,"height":425,"url":"https:\/\/futbolhoy.co\/wp-content\/uploads\/2019\/06\/Milan.jpg","type":"image\/jpeg"}],"author":"Laura Hern\u00e1ndez","twitter_card":"summary_large_image","twitter_creator":"@FutbolHoyCol","twitter_site":"@FutbolHoyCol","twitter_misc":{"Escrito por":"Laura Hern\u00e1ndez","Tiempo de lectura":"1 minuto"},"schema":{"@context":"https:\/\/schema.org","@graph":[{"@type":"Article","@id":"https:\/\/futbolhoy.co\/index.php\/2020\/03\/08\/piden-suspender-inmediatamente-la-serie-a\/#article","isPartOf":{"@id":"https:\/\/futbolhoy.co\/index.php\/2020\/03\/08\/piden-suspender-inmediatamente-la-serie-a\/"},"author":{"name":"Laura Hern\u00e1ndez","@id":"https:\/\/futbolhoy.co\/#\/schema\/person\/c4a353a512b127643723a34bb1812f7d"},"headline":"Piden suspender \u201cinmediatamente\u201d la Serie A","datePublished":"2020-03-08T14:30:01+00:00","dateModified":"2020-03-09T14:44:15+00:00","mainEntityOfPage":{"@id":"https:\/\/futbolhoy.co\/index.php\/2020\/03\/08\/piden-suspender-inmediatamente-la-serie-a\/"},"wordCount":130,"commentCount":0,"publisher":{"@id":"https:\/\/futbolhoy.co\/#organization"},"image":{"@id":"https:\/\/futbolhoy.co\/index.php\/2020\/03\/08\/piden-suspender-inmediatamente-la-serie-a\/#primaryimage"},"thumbnailUrl":"https:\/\/futbolhoy.co\/wp-content\/uploads\/2019\/06\/Milan.jpg","articleSection":["Mundo Futbol"],"inLanguage":"es","potentialAction":[{"@type":"CommentAction","name":"Comment","target":["https:\/\/futbolhoy.co\/index.php\/2020\/03\/08\/piden-suspender-inmediatamente-la-serie-a\/#respond"]}]},{"@type":"WebPage","@id":"https:\/\/futbolhoy.co\/index.php\/2020\/03\/08\/piden-suspender-inmediatamente-la-serie-a\/","url":"https:\/\/futbolhoy.co\/index.php\/2020\/03\/08\/piden-suspender-inmediatamente-la-serie-a\/","name":"Piden suspender \u201cinmediatamente\u201d la Serie A -","isPartOf":{"@id":"https:\/\/futbolhoy.co\/#website"},"primaryImageOfPage":{"@id":"https:\/\/futbolhoy.co\/index.php\/2020\/03\/08\/piden-suspender-inmediatamente-la-serie-a\/#primaryimage"},"image":{"@id":"https:\/\/futbolhoy.co\/index.php\/2020\/03\/08\/piden-suspender-inmediatamente-la-serie-a\/#primaryimage"},"thumbnailUrl":"https:\/\/futbolhoy.co\/wp-content\/uploads\/2019\/06\/Milan.jpg","datePublished":"2020-03-08T14:30:01+00:00","dateModified":"2020-03-09T14:44:15+00:00","breadcrumb":{"@id":"https:\/\/futbolhoy.co\/index.php\/2020\/03\/08\/piden-suspender-inmediatamente-la-serie-a\/#breadcrumb"},"inLanguage":"es","potentialAction":[{"@type":"ReadAction","target":["https:\/\/futbolhoy.co\/index.php\/2020\/03\/08\/piden-suspender-inmediatamente-la-serie-a\/"]}]},{"@type":"ImageObject","inLanguage":"es","@id":"https:\/\/futbolhoy.co\/index.php\/2020\/03\/08\/piden-suspender-inmediatamente-la-serie-a\/#primaryimage","url":"https:\/\/futbolhoy.co\/wp-content\/uploads\/2019\/06\/Milan.jpg","contentUrl":"https:\/\/futbolhoy.co\/wp-content\/uploads\/2019\/06\/Milan.jpg","width":680,"height":425,"caption":"@ACMilan"},{"@type":"BreadcrumbList","@id":"https:\/\/futbolhoy.co\/index.php\/2020\/03\/08\/piden-suspender-inmediatamente-la-serie-a\/#breadcrumb","itemListElement":[{"@type":"ListItem","position":1,"name":"Portada","item":"https:\/\/futbolhoy.co\/"},{"@type":"ListItem","position":2,"name":"Piden suspender \u201cinmediatamente\u201d la Serie A"}]},{"@type":"WebSite","@id":"https:\/\/futbolhoy.co\/#website","url":"https:\/\/futbolhoy.co\/","name":"FutbolHoy","description":"","publisher":{"@id":"https:\/\/futbolhoy.co\/#organization"},"potentialAction":[{"@type":"SearchAction","target":{"@type":"EntryPoint","urlTemplate":"https:\/\/futbolhoy.co\/?s={search_term_string}"},"query-input":{"@type":"PropertyValueSpecification","valueRequired":true,"valueName":"search_term_string"}}],"inLanguage":"es"},{"@type":"Organization","@id":"https:\/\/futbolhoy.co\/#organization","name":"Futbolhoy.co","url":"https:\/\/futbolhoy.co\/","logo":{"@type":"ImageObject","inLanguage":"es","@id":"https:\/\/futbolhoy.co\/#\/schema\/logo\/image\/","url":"https:\/\/futbolhoy.co\/wp-content\/uploads\/2018\/08\/17426380_1906371736249227_6326180412931521141_n.jpg","contentUrl":"https:\/\/futbolhoy.co\/wp-content\/uploads\/2018\/08\/17426380_1906371736249227_6326180412931521141_n.jpg","width":960,"height":960,"caption":"Futbolhoy.co"},"image":{"@id":"https:\/\/futbolhoy.co\/#\/schema\/logo\/image\/"},"sameAs":["https:\/\/www.facebook.com\/FutbolHoyCol\/","https:\/\/x.com\/FutbolHoyCol","https:\/\/www.instagram.com\/futbolhoycol\/"]},{"@type":"Person","@id":"https:\/\/futbolhoy.co\/#\/schema\/person\/c4a353a512b127643723a34bb1812f7d","name":"Laura Hern\u00e1ndez","image":{"@type":"ImageObject","inLanguage":"es","@id":"https:\/\/futbolhoy.co\/#\/schema\/person\/image\/","url":"https:\/\/secure.gravatar.com\/avatar\/d25959a15b9b293a743f99181c7cfd01?s=96&d=mm&r=g","contentUrl":"https:\/\/secure.gravatar.com\/avatar\/d25959a15b9b293a743f99181c7cfd01?s=96&d=mm&r=g","caption":"Laura Hern\u00e1ndez"}}]}},"publishpress_future_action":{"enabled":false,"date":"2026-05-03 06:32:46","action":"change-status","newStatus":"draft","terms":[],"taxonomy":"category","extraData":[]},"publishpress_future_workflow_manual_trigger":{"enabledWorkflows":[]},"_links":{"self":[{"href":"https:\/\/futbolhoy.co\/index.php\/wp-json\/wp\/v2\/posts\/48709","targetHints":{"allow":["GET"]}}],"collection":[{"href":"https:\/\/futbolhoy.co\/index.php\/wp-json\/wp\/v2\/posts"}],"about":[{"href":"https:\/\/futbolhoy.co\/index.php\/wp-json\/wp\/v2\/types\/post"}],"author":[{"embeddable":true,"href":"https:\/\/futbolhoy.co\/index.php\/wp-json\/wp\/v2\/users\/5"}],"replies":[{"embeddable":true,"href":"https:\/\/futbolhoy.co\/index.php\/wp-json\/wp\/v2\/comments?post=48709"}],"version-history":[{"count":4,"href":"https:\/\/futbolhoy.co\/index.php\/wp-json\/wp\/v2\/posts\/48709\/revisions"}],"predecessor-version":[{"id":48713,"href":"https:\/\/futbolhoy.co\/index.php\/wp-json\/wp\/v2\/posts\/48709\/revisions\/48713"}],"wp:featuredmedia":[{"embeddable":true,"href":"https:\/\/futbolhoy.co\/index.php\/wp-json\/wp\/v2\/media\/38042"}],"wp:attachment":[{"href":"https:\/\/futbolhoy.co\/index.php\/wp-json\/wp\/v2\/media?parent=48709"}],"wp:term":[{"taxonomy":"category","embeddable":true,"href":"https:\/\/futbolhoy.co\/index.php\/wp-json\/wp\/v2\/categories?post=48709"},{"taxonomy":"post_tag","embeddable":true,"href":"https:\/\/futbolhoy.co\/index.php\/wp-json\/wp\/v2\/tags?post=48709"}],"curies":[{"name":"wp","href":"https:\/\/api.w.org\/{rel}","templated":true}]}}