{"id":49087,"date":"2020-03-16T08:01:51","date_gmt":"2020-03-16T13:01:51","guid":{"rendered":"https:\/\/futbolhoy.co\/?p=49087"},"modified":"2020-03-16T17:34:55","modified_gmt":"2020-03-16T22:34:55","slug":"no-hay-que-menospreciar-esta-situacion-james","status":"publish","type":"post","link":"https:\/\/futbolhoy.co\/index.php\/2020\/03\/16\/no-hay-que-menospreciar-esta-situacion-james\/","title":{"rendered":"No hay que menospreciar esta situaci\u00f3n: James"},"content":{"rendered":"<p style=\"text-align: justify;\"><span style=\"font-family: helvetica, arial, sans-serif;\"><strong>James Rodr\u00edguez<\/strong>, uno de los referentes del f\u00fatbol colombiano, invit\u00f3 a asumir con responsabilidad la pandemia que afecta a <strong>Europa<\/strong> y <strong>Am\u00e9rica.<\/strong><\/span><\/p>\n<p style=\"text-align: justify;\"><span style=\"font-family: helvetica, arial, sans-serif;\">\"El inter\u00e9s com\u00fan debe primar sobre el particular. La manera de sobre llevar este episodio es acatando las disposiciones de los gobiernos y el autocuidado\", escribi\u00f3 en sus redes sociales.<\/span><\/p>\n<p style=\"text-align: justify;\"><span style=\"font-family: helvetica, arial, sans-serif;\">\"No hay que menospreciar ni un segundo la situaci\u00f3n. Hag\u00e1mosla llevadera con responsabilidad... Tal vez es un buen momento para recuperar ese espacio en casa, para hablar en los hogares, para disfrutar de quienes m\u00e1s amamos. Mucha fuerza de voluntad para todos. Debemos salir adelante con la ayuda de Dios\", agreg\u00f3.<\/span><\/p>\n<p style=\"text-align: justify;\"><span style=\"font-family: helvetica, arial, sans-serif;\">El volante del <strong>Real<\/strong> <strong>Madrid<\/strong> permanece en su casa por orden del club, cumpliendo con el plan de trabajo trazado por su equipo.<\/span><\/p>\n","protected":false},"excerpt":{"rendered":"<p>James Rodr\u00edguez, uno de los referentes del f\u00fatbol colombiano, invit\u00f3 a asumir con responsabilidad la pandemia que afecta a Europa y Am\u00e9rica. \"El inter\u00e9s com\u00fan debe primar sobre el particular. La manera de sobre llevar este episodio es acatando las disposiciones de los gobiernos y el autocuidado\", escribi\u00f3 en sus redes sociales. \"No hay que [&hellip;]<\/p>\n","protected":false},"author":5,"featured_media":49088,"comment_status":"open","ping_status":"open","sticky":false,"template":"","format":"standard","meta":{"_acf_changed":false,"footnotes":""},"categories":[418],"tags":[1774,87],"class_list":{"0":"post-49087","1":"post","2":"type-post","3":"status-publish","4":"format-standard","5":"has-post-thumbnail","7":"category-colombia","8":"tag-coronavirus","9":"tag-james-rodriguez"},"acf":[],"yoast_head":"<!-- This site is optimized with the Yoast SEO plugin v26.8 - https:\/\/yoast.com\/product\/yoast-seo-wordpress\/ -->\n<title>No hay que menospreciar esta situaci\u00f3n: James -<\/title>\n<meta name=\"robots\" content=\"index, follow, max-snippet:-1, max-image-preview:large, max-video-preview:-1\" \/>\n<link rel=\"canonical\" href=\"https:\/\/futbolhoy.co\/index.php\/2020\/03\/16\/no-hay-que-menospreciar-esta-situacion-james\/\" \/>\n<meta property=\"og:locale\" content=\"es_ES\" \/>\n<meta property=\"og:type\" content=\"article\" \/>\n<meta property=\"og:title\" content=\"No hay que menospreciar esta situaci\u00f3n: James -\" \/>\n<meta property=\"og:description\" content=\"James Rodr\u00edguez, uno de los referentes del f\u00fatbol colombiano, invit\u00f3 a asumir con responsabilidad la pandemia que afecta a Europa y Am\u00e9rica. &quot;El inter\u00e9s com\u00fan debe primar sobre el particular. La manera de sobre llevar este episodio es acatando las disposiciones de los gobiernos y el autocuidado&quot;, escribi\u00f3 en sus redes sociales. &quot;No hay que [&hellip;]\" \/>\n<meta property=\"og:url\" content=\"https:\/\/futbolhoy.co\/index.php\/2020\/03\/16\/no-hay-que-menospreciar-esta-situacion-james\/\" \/>\n<meta property=\"article:publisher\" content=\"https:\/\/www.facebook.com\/FutbolHoyCol\/\" \/>\n<meta property=\"article:published_time\" content=\"2020-03-16T13:01:51+00:00\" \/>\n<meta property=\"article:modified_time\" content=\"2020-03-16T22:34:55+00:00\" \/>\n<meta property=\"og:image\" content=\"https:\/\/futbolhoy.co\/wp-content\/uploads\/2020\/03\/James.jpg\" \/>\n\t<meta property=\"og:image:width\" content=\"1200\" \/>\n\t<meta property=\"og:image:height\" content=\"1600\" \/>\n\t<meta property=\"og:image:type\" content=\"image\/jpeg\" \/>\n<meta name=\"author\" content=\"Laura Hern\u00e1ndez\" \/>\n<meta name=\"twitter:card\" content=\"summary_large_image\" \/>\n<meta name=\"twitter:creator\" content=\"@FutbolHoyCol\" \/>\n<meta name=\"twitter:site\" content=\"@FutbolHoyCol\" \/>\n<meta name=\"twitter:label1\" content=\"Escrito por\" \/>\n\t<meta name=\"twitter:data1\" content=\"Laura Hern\u00e1ndez\" \/>\n\t<meta name=\"twitter:label2\" content=\"Tiempo de lectura\" \/>\n\t<meta name=\"twitter:data2\" content=\"1 minuto\" \/>\n<script type=\"application\/ld+json\" class=\"yoast-schema-graph\">{\"@context\":\"https:\/\/schema.org\",\"@graph\":[{\"@type\":\"Article\",\"@id\":\"https:\/\/futbolhoy.co\/index.php\/2020\/03\/16\/no-hay-que-menospreciar-esta-situacion-james\/#article\",\"isPartOf\":{\"@id\":\"https:\/\/futbolhoy.co\/index.php\/2020\/03\/16\/no-hay-que-menospreciar-esta-situacion-james\/\"},\"author\":{\"name\":\"Laura Hern\u00e1ndez\",\"@id\":\"https:\/\/futbolhoy.co\/#\/schema\/person\/c4a353a512b127643723a34bb1812f7d\"},\"headline\":\"No hay que menospreciar esta situaci\u00f3n: James\",\"datePublished\":\"2020-03-16T13:01:51+00:00\",\"dateModified\":\"2020-03-16T22:34:55+00:00\",\"mainEntityOfPage\":{\"@id\":\"https:\/\/futbolhoy.co\/index.php\/2020\/03\/16\/no-hay-que-menospreciar-esta-situacion-james\/\"},\"wordCount\":142,\"commentCount\":0,\"publisher\":{\"@id\":\"https:\/\/futbolhoy.co\/#organization\"},\"image\":{\"@id\":\"https:\/\/futbolhoy.co\/index.php\/2020\/03\/16\/no-hay-que-menospreciar-esta-situacion-james\/#primaryimage\"},\"thumbnailUrl\":\"https:\/\/futbolhoy.co\/wp-content\/uploads\/2020\/03\/James.jpg\",\"keywords\":[\"coronavirus\",\"James Rodr\u00edguez\"],\"articleSection\":[\"Colombia\"],\"inLanguage\":\"es\",\"potentialAction\":[{\"@type\":\"CommentAction\",\"name\":\"Comment\",\"target\":[\"https:\/\/futbolhoy.co\/index.php\/2020\/03\/16\/no-hay-que-menospreciar-esta-situacion-james\/#respond\"]}]},{\"@type\":\"WebPage\",\"@id\":\"https:\/\/futbolhoy.co\/index.php\/2020\/03\/16\/no-hay-que-menospreciar-esta-situacion-james\/\",\"url\":\"https:\/\/futbolhoy.co\/index.php\/2020\/03\/16\/no-hay-que-menospreciar-esta-situacion-james\/\",\"name\":\"No hay que menospreciar esta situaci\u00f3n: James -\",\"isPartOf\":{\"@id\":\"https:\/\/futbolhoy.co\/#website\"},\"primaryImageOfPage\":{\"@id\":\"https:\/\/futbolhoy.co\/index.php\/2020\/03\/16\/no-hay-que-menospreciar-esta-situacion-james\/#primaryimage\"},\"image\":{\"@id\":\"https:\/\/futbolhoy.co\/index.php\/2020\/03\/16\/no-hay-que-menospreciar-esta-situacion-james\/#primaryimage\"},\"thumbnailUrl\":\"https:\/\/futbolhoy.co\/wp-content\/uploads\/2020\/03\/James.jpg\",\"datePublished\":\"2020-03-16T13:01:51+00:00\",\"dateModified\":\"2020-03-16T22:34:55+00:00\",\"breadcrumb\":{\"@id\":\"https:\/\/futbolhoy.co\/index.php\/2020\/03\/16\/no-hay-que-menospreciar-esta-situacion-james\/#breadcrumb\"},\"inLanguage\":\"es\",\"potentialAction\":[{\"@type\":\"ReadAction\",\"target\":[\"https:\/\/futbolhoy.co\/index.php\/2020\/03\/16\/no-hay-que-menospreciar-esta-situacion-james\/\"]}]},{\"@type\":\"ImageObject\",\"inLanguage\":\"es\",\"@id\":\"https:\/\/futbolhoy.co\/index.php\/2020\/03\/16\/no-hay-que-menospreciar-esta-situacion-james\/#primaryimage\",\"url\":\"https:\/\/futbolhoy.co\/wp-content\/uploads\/2020\/03\/James.jpg\",\"contentUrl\":\"https:\/\/futbolhoy.co\/wp-content\/uploads\/2020\/03\/James.jpg\",\"width\":1200,\"height\":1600},{\"@type\":\"BreadcrumbList\",\"@id\":\"https:\/\/futbolhoy.co\/index.php\/2020\/03\/16\/no-hay-que-menospreciar-esta-situacion-james\/#breadcrumb\",\"itemListElement\":[{\"@type\":\"ListItem\",\"position\":1,\"name\":\"Portada\",\"item\":\"https:\/\/futbolhoy.co\/\"},{\"@type\":\"ListItem\",\"position\":2,\"name\":\"No hay que menospreciar esta situaci\u00f3n: James\"}]},{\"@type\":\"WebSite\",\"@id\":\"https:\/\/futbolhoy.co\/#website\",\"url\":\"https:\/\/futbolhoy.co\/\",\"name\":\"FutbolHoy\",\"description\":\"\",\"publisher\":{\"@id\":\"https:\/\/futbolhoy.co\/#organization\"},\"potentialAction\":[{\"@type\":\"SearchAction\",\"target\":{\"@type\":\"EntryPoint\",\"urlTemplate\":\"https:\/\/futbolhoy.co\/?s={search_term_string}\"},\"query-input\":{\"@type\":\"PropertyValueSpecification\",\"valueRequired\":true,\"valueName\":\"search_term_string\"}}],\"inLanguage\":\"es\"},{\"@type\":\"Organization\",\"@id\":\"https:\/\/futbolhoy.co\/#organization\",\"name\":\"Futbolhoy.co\",\"url\":\"https:\/\/futbolhoy.co\/\",\"logo\":{\"@type\":\"ImageObject\",\"inLanguage\":\"es\",\"@id\":\"https:\/\/futbolhoy.co\/#\/schema\/logo\/image\/\",\"url\":\"https:\/\/futbolhoy.co\/wp-content\/uploads\/2018\/08\/17426380_1906371736249227_6326180412931521141_n.jpg\",\"contentUrl\":\"https:\/\/futbolhoy.co\/wp-content\/uploads\/2018\/08\/17426380_1906371736249227_6326180412931521141_n.jpg\",\"width\":960,\"height\":960,\"caption\":\"Futbolhoy.co\"},\"image\":{\"@id\":\"https:\/\/futbolhoy.co\/#\/schema\/logo\/image\/\"},\"sameAs\":[\"https:\/\/www.facebook.com\/FutbolHoyCol\/\",\"https:\/\/x.com\/FutbolHoyCol\",\"https:\/\/www.instagram.com\/futbolhoycol\/\"]},{\"@type\":\"Person\",\"@id\":\"https:\/\/futbolhoy.co\/#\/schema\/person\/c4a353a512b127643723a34bb1812f7d\",\"name\":\"Laura Hern\u00e1ndez\",\"image\":{\"@type\":\"ImageObject\",\"inLanguage\":\"es\",\"@id\":\"https:\/\/futbolhoy.co\/#\/schema\/person\/image\/\",\"url\":\"https:\/\/secure.gravatar.com\/avatar\/d25959a15b9b293a743f99181c7cfd01?s=96&d=mm&r=g\",\"contentUrl\":\"https:\/\/secure.gravatar.com\/avatar\/d25959a15b9b293a743f99181c7cfd01?s=96&d=mm&r=g\",\"caption\":\"Laura Hern\u00e1ndez\"}}]}<\/script>\n<!-- \/ Yoast SEO plugin. -->","yoast_head_json":{"title":"No hay que menospreciar esta situaci\u00f3n: James -","robots":{"index":"index","follow":"follow","max-snippet":"max-snippet:-1","max-image-preview":"max-image-preview:large","max-video-preview":"max-video-preview:-1"},"canonical":"https:\/\/futbolhoy.co\/index.php\/2020\/03\/16\/no-hay-que-menospreciar-esta-situacion-james\/","og_locale":"es_ES","og_type":"article","og_title":"No hay que menospreciar esta situaci\u00f3n: James -","og_description":"James Rodr\u00edguez, uno de los referentes del f\u00fatbol colombiano, invit\u00f3 a asumir con responsabilidad la pandemia que afecta a Europa y Am\u00e9rica. \"El inter\u00e9s com\u00fan debe primar sobre el particular. La manera de sobre llevar este episodio es acatando las disposiciones de los gobiernos y el autocuidado\", escribi\u00f3 en sus redes sociales. \"No hay que [&hellip;]","og_url":"https:\/\/futbolhoy.co\/index.php\/2020\/03\/16\/no-hay-que-menospreciar-esta-situacion-james\/","article_publisher":"https:\/\/www.facebook.com\/FutbolHoyCol\/","article_published_time":"2020-03-16T13:01:51+00:00","article_modified_time":"2020-03-16T22:34:55+00:00","og_image":[{"width":1200,"height":1600,"url":"https:\/\/futbolhoy.co\/wp-content\/uploads\/2020\/03\/James.jpg","type":"image\/jpeg"}],"author":"Laura Hern\u00e1ndez","twitter_card":"summary_large_image","twitter_creator":"@FutbolHoyCol","twitter_site":"@FutbolHoyCol","twitter_misc":{"Escrito por":"Laura Hern\u00e1ndez","Tiempo de lectura":"1 minuto"},"schema":{"@context":"https:\/\/schema.org","@graph":[{"@type":"Article","@id":"https:\/\/futbolhoy.co\/index.php\/2020\/03\/16\/no-hay-que-menospreciar-esta-situacion-james\/#article","isPartOf":{"@id":"https:\/\/futbolhoy.co\/index.php\/2020\/03\/16\/no-hay-que-menospreciar-esta-situacion-james\/"},"author":{"name":"Laura Hern\u00e1ndez","@id":"https:\/\/futbolhoy.co\/#\/schema\/person\/c4a353a512b127643723a34bb1812f7d"},"headline":"No hay que menospreciar esta situaci\u00f3n: James","datePublished":"2020-03-16T13:01:51+00:00","dateModified":"2020-03-16T22:34:55+00:00","mainEntityOfPage":{"@id":"https:\/\/futbolhoy.co\/index.php\/2020\/03\/16\/no-hay-que-menospreciar-esta-situacion-james\/"},"wordCount":142,"commentCount":0,"publisher":{"@id":"https:\/\/futbolhoy.co\/#organization"},"image":{"@id":"https:\/\/futbolhoy.co\/index.php\/2020\/03\/16\/no-hay-que-menospreciar-esta-situacion-james\/#primaryimage"},"thumbnailUrl":"https:\/\/futbolhoy.co\/wp-content\/uploads\/2020\/03\/James.jpg","keywords":["coronavirus","James Rodr\u00edguez"],"articleSection":["Colombia"],"inLanguage":"es","potentialAction":[{"@type":"CommentAction","name":"Comment","target":["https:\/\/futbolhoy.co\/index.php\/2020\/03\/16\/no-hay-que-menospreciar-esta-situacion-james\/#respond"]}]},{"@type":"WebPage","@id":"https:\/\/futbolhoy.co\/index.php\/2020\/03\/16\/no-hay-que-menospreciar-esta-situacion-james\/","url":"https:\/\/futbolhoy.co\/index.php\/2020\/03\/16\/no-hay-que-menospreciar-esta-situacion-james\/","name":"No hay que menospreciar esta situaci\u00f3n: James -","isPartOf":{"@id":"https:\/\/futbolhoy.co\/#website"},"primaryImageOfPage":{"@id":"https:\/\/futbolhoy.co\/index.php\/2020\/03\/16\/no-hay-que-menospreciar-esta-situacion-james\/#primaryimage"},"image":{"@id":"https:\/\/futbolhoy.co\/index.php\/2020\/03\/16\/no-hay-que-menospreciar-esta-situacion-james\/#primaryimage"},"thumbnailUrl":"https:\/\/futbolhoy.co\/wp-content\/uploads\/2020\/03\/James.jpg","datePublished":"2020-03-16T13:01:51+00:00","dateModified":"2020-03-16T22:34:55+00:00","breadcrumb":{"@id":"https:\/\/futbolhoy.co\/index.php\/2020\/03\/16\/no-hay-que-menospreciar-esta-situacion-james\/#breadcrumb"},"inLanguage":"es","potentialAction":[{"@type":"ReadAction","target":["https:\/\/futbolhoy.co\/index.php\/2020\/03\/16\/no-hay-que-menospreciar-esta-situacion-james\/"]}]},{"@type":"ImageObject","inLanguage":"es","@id":"https:\/\/futbolhoy.co\/index.php\/2020\/03\/16\/no-hay-que-menospreciar-esta-situacion-james\/#primaryimage","url":"https:\/\/futbolhoy.co\/wp-content\/uploads\/2020\/03\/James.jpg","contentUrl":"https:\/\/futbolhoy.co\/wp-content\/uploads\/2020\/03\/James.jpg","width":1200,"height":1600},{"@type":"BreadcrumbList","@id":"https:\/\/futbolhoy.co\/index.php\/2020\/03\/16\/no-hay-que-menospreciar-esta-situacion-james\/#breadcrumb","itemListElement":[{"@type":"ListItem","position":1,"name":"Portada","item":"https:\/\/futbolhoy.co\/"},{"@type":"ListItem","position":2,"name":"No hay que menospreciar esta situaci\u00f3n: James"}]},{"@type":"WebSite","@id":"https:\/\/futbolhoy.co\/#website","url":"https:\/\/futbolhoy.co\/","name":"FutbolHoy","description":"","publisher":{"@id":"https:\/\/futbolhoy.co\/#organization"},"potentialAction":[{"@type":"SearchAction","target":{"@type":"EntryPoint","urlTemplate":"https:\/\/futbolhoy.co\/?s={search_term_string}"},"query-input":{"@type":"PropertyValueSpecification","valueRequired":true,"valueName":"search_term_string"}}],"inLanguage":"es"},{"@type":"Organization","@id":"https:\/\/futbolhoy.co\/#organization","name":"Futbolhoy.co","url":"https:\/\/futbolhoy.co\/","logo":{"@type":"ImageObject","inLanguage":"es","@id":"https:\/\/futbolhoy.co\/#\/schema\/logo\/image\/","url":"https:\/\/futbolhoy.co\/wp-content\/uploads\/2018\/08\/17426380_1906371736249227_6326180412931521141_n.jpg","contentUrl":"https:\/\/futbolhoy.co\/wp-content\/uploads\/2018\/08\/17426380_1906371736249227_6326180412931521141_n.jpg","width":960,"height":960,"caption":"Futbolhoy.co"},"image":{"@id":"https:\/\/futbolhoy.co\/#\/schema\/logo\/image\/"},"sameAs":["https:\/\/www.facebook.com\/FutbolHoyCol\/","https:\/\/x.com\/FutbolHoyCol","https:\/\/www.instagram.com\/futbolhoycol\/"]},{"@type":"Person","@id":"https:\/\/futbolhoy.co\/#\/schema\/person\/c4a353a512b127643723a34bb1812f7d","name":"Laura Hern\u00e1ndez","image":{"@type":"ImageObject","inLanguage":"es","@id":"https:\/\/futbolhoy.co\/#\/schema\/person\/image\/","url":"https:\/\/secure.gravatar.com\/avatar\/d25959a15b9b293a743f99181c7cfd01?s=96&d=mm&r=g","contentUrl":"https:\/\/secure.gravatar.com\/avatar\/d25959a15b9b293a743f99181c7cfd01?s=96&d=mm&r=g","caption":"Laura Hern\u00e1ndez"}}]}},"publishpress_future_action":{"enabled":false,"date":"2026-05-03 12:23:20","action":"change-status","newStatus":"draft","terms":[],"taxonomy":"category","extraData":[]},"publishpress_future_workflow_manual_trigger":{"enabledWorkflows":[]},"_links":{"self":[{"href":"https:\/\/futbolhoy.co\/index.php\/wp-json\/wp\/v2\/posts\/49087","targetHints":{"allow":["GET"]}}],"collection":[{"href":"https:\/\/futbolhoy.co\/index.php\/wp-json\/wp\/v2\/posts"}],"about":[{"href":"https:\/\/futbolhoy.co\/index.php\/wp-json\/wp\/v2\/types\/post"}],"author":[{"embeddable":true,"href":"https:\/\/futbolhoy.co\/index.php\/wp-json\/wp\/v2\/users\/5"}],"replies":[{"embeddable":true,"href":"https:\/\/futbolhoy.co\/index.php\/wp-json\/wp\/v2\/comments?post=49087"}],"version-history":[{"count":1,"href":"https:\/\/futbolhoy.co\/index.php\/wp-json\/wp\/v2\/posts\/49087\/revisions"}],"predecessor-version":[{"id":49089,"href":"https:\/\/futbolhoy.co\/index.php\/wp-json\/wp\/v2\/posts\/49087\/revisions\/49089"}],"wp:featuredmedia":[{"embeddable":true,"href":"https:\/\/futbolhoy.co\/index.php\/wp-json\/wp\/v2\/media\/49088"}],"wp:attachment":[{"href":"https:\/\/futbolhoy.co\/index.php\/wp-json\/wp\/v2\/media?parent=49087"}],"wp:term":[{"taxonomy":"category","embeddable":true,"href":"https:\/\/futbolhoy.co\/index.php\/wp-json\/wp\/v2\/categories?post=49087"},{"taxonomy":"post_tag","embeddable":true,"href":"https:\/\/futbolhoy.co\/index.php\/wp-json\/wp\/v2\/tags?post=49087"}],"curies":[{"name":"wp","href":"https:\/\/api.w.org\/{rel}","templated":true}]}}