{"id":49159,"date":"2020-03-17T18:35:36","date_gmt":"2020-03-17T23:35:36","guid":{"rendered":"https:\/\/futbolhoy.co\/?p=49159"},"modified":"2020-10-08T14:49:59","modified_gmt":"2020-10-08T19:49:59","slug":"eliminatorias-conmebol-en-septiembre","status":"publish","type":"post","link":"https:\/\/futbolhoy.co\/index.php\/2020\/03\/17\/eliminatorias-conmebol-en-septiembre\/","title":{"rendered":"Eliminatorias Conmebol en septiembre"},"content":{"rendered":"<p style=\"text-align: justify;\"><span style=\"font-family: helvetica, arial, sans-serif;\">Las eliminatorias sudamericanas al\u00a0<b>Mundial Qatar 2022\u00a0<\/b>se iniciar\u00edan en septiembre, con el fin de trastocar lo menos posible el calendario de partidos previamente establecidos por la\u00a0<b>Conmebol<\/b>, utilizando las fechas previstas para el cumplimiento de las jornadas 3 y 4 seg\u00fan la programaci\u00f3n inicial.<\/span><\/p>\n<p style=\"text-align: justify;\"><span style=\"font-family: helvetica, arial, sans-serif;\">El presidente de la\u00a0<b>Federaci\u00f3n Colombiana de F\u00fatbol<\/b>,\u00a0<b>Ram\u00f3n Jesur\u00fan<\/b>, asegur\u00f3 que \u201cEl problema es lo apretado del calendario, d\u00f3nde ubicar los partidos que aplazamos en marzo y para ello sostendremos una videoconferencia este jueves (19) entre los dirigentes de las federaciones del \u00e1rea. Lo primero es la salud de los jugadores\u201d.<\/span><\/p>\n<p style=\"text-align: justify;\"><span style=\"font-family: helvetica, arial, sans-serif;\">Jesur\u00fan, en di\u00e1logo con\u00a0<i>Blu Radio<\/i>, agreg\u00f3 que seguramente los campeonatos locales y la\u00a0<b>Copa Libertadores<\/b>\u00a0se reanudar\u00e1n en junio, por lo que lo m\u00e1s sano es postergar al m\u00e1ximo el comienzo de la fase clasificatoria a la\u00a0<b>Copa del Mundo<\/b>.<\/span><\/p>\n<p style=\"text-align: justify;\"><span style=\"font-family: helvetica, arial, sans-serif;\">La primera jornada de las eliminatorias estaba prevista para el 27 de marzo con los juegos Colombia-Venezuela, Argentina-Ecuador, Brasil-Bolivia, Paraguay-Per\u00fa y Uruguay-Chile.<\/span><\/p>\n","protected":false},"excerpt":{"rendered":"<p>Las eliminatorias sudamericanas al\u00a0Mundial Qatar 2022\u00a0se iniciar\u00edan en septiembre, con el fin de trastocar lo menos posible el calendario de partidos previamente establecidos por la\u00a0Conmebol, utilizando las fechas previstas para el cumplimiento de las jornadas 3 y 4 seg\u00fan la programaci\u00f3n inicial. El presidente de la\u00a0Federaci\u00f3n Colombiana de F\u00fatbol,\u00a0Ram\u00f3n Jesur\u00fan, asegur\u00f3 que \u201cEl problema es [&hellip;]<\/p>\n","protected":false},"author":5,"featured_media":49160,"comment_status":"open","ping_status":"open","sticky":false,"template":"","format":"standard","meta":{"_acf_changed":false,"footnotes":""},"categories":[1965],"tags":[],"class_list":{"0":"post-49159","1":"post","2":"type-post","3":"status-publish","4":"format-standard","5":"has-post-thumbnail","7":"category-eli"},"acf":[],"yoast_head":"<!-- This site is optimized with the Yoast SEO plugin v26.8 - https:\/\/yoast.com\/product\/yoast-seo-wordpress\/ -->\n<title>Eliminatorias Conmebol en septiembre -<\/title>\n<meta name=\"robots\" content=\"index, follow, max-snippet:-1, max-image-preview:large, max-video-preview:-1\" \/>\n<link rel=\"canonical\" href=\"https:\/\/futbolhoy.co\/index.php\/2020\/03\/17\/eliminatorias-conmebol-en-septiembre\/\" \/>\n<meta property=\"og:locale\" content=\"es_ES\" \/>\n<meta property=\"og:type\" content=\"article\" \/>\n<meta property=\"og:title\" content=\"Eliminatorias Conmebol en septiembre -\" \/>\n<meta property=\"og:description\" content=\"Las eliminatorias sudamericanas al\u00a0Mundial Qatar 2022\u00a0se iniciar\u00edan en septiembre, con el fin de trastocar lo menos posible el calendario de partidos previamente establecidos por la\u00a0Conmebol, utilizando las fechas previstas para el cumplimiento de las jornadas 3 y 4 seg\u00fan la programaci\u00f3n inicial. El presidente de la\u00a0Federaci\u00f3n Colombiana de F\u00fatbol,\u00a0Ram\u00f3n Jesur\u00fan, asegur\u00f3 que \u201cEl problema es [&hellip;]\" \/>\n<meta property=\"og:url\" content=\"https:\/\/futbolhoy.co\/index.php\/2020\/03\/17\/eliminatorias-conmebol-en-septiembre\/\" \/>\n<meta property=\"article:publisher\" content=\"https:\/\/www.facebook.com\/FutbolHoyCol\/\" \/>\n<meta property=\"article:published_time\" content=\"2020-03-17T23:35:36+00:00\" \/>\n<meta property=\"article:modified_time\" content=\"2020-10-08T19:49:59+00:00\" \/>\n<meta property=\"og:image\" content=\"https:\/\/futbolhoy.co\/wp-content\/uploads\/2020\/03\/IMG_20200317_183516.jpg\" \/>\n\t<meta property=\"og:image:width\" content=\"820\" \/>\n\t<meta property=\"og:image:height\" content=\"480\" \/>\n\t<meta property=\"og:image:type\" content=\"image\/jpeg\" \/>\n<meta name=\"author\" content=\"Laura Hern\u00e1ndez\" \/>\n<meta name=\"twitter:card\" content=\"summary_large_image\" \/>\n<meta name=\"twitter:creator\" content=\"@FutbolHoyCol\" \/>\n<meta name=\"twitter:site\" content=\"@FutbolHoyCol\" \/>\n<meta name=\"twitter:label1\" content=\"Escrito por\" \/>\n\t<meta name=\"twitter:data1\" content=\"Laura Hern\u00e1ndez\" \/>\n\t<meta name=\"twitter:label2\" content=\"Tiempo de lectura\" \/>\n\t<meta name=\"twitter:data2\" content=\"1 minuto\" \/>\n<script type=\"application\/ld+json\" class=\"yoast-schema-graph\">{\"@context\":\"https:\/\/schema.org\",\"@graph\":[{\"@type\":\"Article\",\"@id\":\"https:\/\/futbolhoy.co\/index.php\/2020\/03\/17\/eliminatorias-conmebol-en-septiembre\/#article\",\"isPartOf\":{\"@id\":\"https:\/\/futbolhoy.co\/index.php\/2020\/03\/17\/eliminatorias-conmebol-en-septiembre\/\"},\"author\":{\"name\":\"Laura Hern\u00e1ndez\",\"@id\":\"https:\/\/futbolhoy.co\/#\/schema\/person\/c4a353a512b127643723a34bb1812f7d\"},\"headline\":\"Eliminatorias Conmebol en septiembre\",\"datePublished\":\"2020-03-17T23:35:36+00:00\",\"dateModified\":\"2020-10-08T19:49:59+00:00\",\"mainEntityOfPage\":{\"@id\":\"https:\/\/futbolhoy.co\/index.php\/2020\/03\/17\/eliminatorias-conmebol-en-septiembre\/\"},\"wordCount\":172,\"commentCount\":0,\"publisher\":{\"@id\":\"https:\/\/futbolhoy.co\/#organization\"},\"image\":{\"@id\":\"https:\/\/futbolhoy.co\/index.php\/2020\/03\/17\/eliminatorias-conmebol-en-septiembre\/#primaryimage\"},\"thumbnailUrl\":\"https:\/\/futbolhoy.co\/wp-content\/uploads\/2020\/03\/IMG_20200317_183516.jpg\",\"articleSection\":[\"Qatar 2022\"],\"inLanguage\":\"es\",\"potentialAction\":[{\"@type\":\"CommentAction\",\"name\":\"Comment\",\"target\":[\"https:\/\/futbolhoy.co\/index.php\/2020\/03\/17\/eliminatorias-conmebol-en-septiembre\/#respond\"]}]},{\"@type\":\"WebPage\",\"@id\":\"https:\/\/futbolhoy.co\/index.php\/2020\/03\/17\/eliminatorias-conmebol-en-septiembre\/\",\"url\":\"https:\/\/futbolhoy.co\/index.php\/2020\/03\/17\/eliminatorias-conmebol-en-septiembre\/\",\"name\":\"Eliminatorias Conmebol en septiembre -\",\"isPartOf\":{\"@id\":\"https:\/\/futbolhoy.co\/#website\"},\"primaryImageOfPage\":{\"@id\":\"https:\/\/futbolhoy.co\/index.php\/2020\/03\/17\/eliminatorias-conmebol-en-septiembre\/#primaryimage\"},\"image\":{\"@id\":\"https:\/\/futbolhoy.co\/index.php\/2020\/03\/17\/eliminatorias-conmebol-en-septiembre\/#primaryimage\"},\"thumbnailUrl\":\"https:\/\/futbolhoy.co\/wp-content\/uploads\/2020\/03\/IMG_20200317_183516.jpg\",\"datePublished\":\"2020-03-17T23:35:36+00:00\",\"dateModified\":\"2020-10-08T19:49:59+00:00\",\"breadcrumb\":{\"@id\":\"https:\/\/futbolhoy.co\/index.php\/2020\/03\/17\/eliminatorias-conmebol-en-septiembre\/#breadcrumb\"},\"inLanguage\":\"es\",\"potentialAction\":[{\"@type\":\"ReadAction\",\"target\":[\"https:\/\/futbolhoy.co\/index.php\/2020\/03\/17\/eliminatorias-conmebol-en-septiembre\/\"]}]},{\"@type\":\"ImageObject\",\"inLanguage\":\"es\",\"@id\":\"https:\/\/futbolhoy.co\/index.php\/2020\/03\/17\/eliminatorias-conmebol-en-septiembre\/#primaryimage\",\"url\":\"https:\/\/futbolhoy.co\/wp-content\/uploads\/2020\/03\/IMG_20200317_183516.jpg\",\"contentUrl\":\"https:\/\/futbolhoy.co\/wp-content\/uploads\/2020\/03\/IMG_20200317_183516.jpg\",\"width\":820,\"height\":480},{\"@type\":\"BreadcrumbList\",\"@id\":\"https:\/\/futbolhoy.co\/index.php\/2020\/03\/17\/eliminatorias-conmebol-en-septiembre\/#breadcrumb\",\"itemListElement\":[{\"@type\":\"ListItem\",\"position\":1,\"name\":\"Portada\",\"item\":\"https:\/\/futbolhoy.co\/\"},{\"@type\":\"ListItem\",\"position\":2,\"name\":\"Eliminatorias Conmebol en septiembre\"}]},{\"@type\":\"WebSite\",\"@id\":\"https:\/\/futbolhoy.co\/#website\",\"url\":\"https:\/\/futbolhoy.co\/\",\"name\":\"FutbolHoy\",\"description\":\"\",\"publisher\":{\"@id\":\"https:\/\/futbolhoy.co\/#organization\"},\"potentialAction\":[{\"@type\":\"SearchAction\",\"target\":{\"@type\":\"EntryPoint\",\"urlTemplate\":\"https:\/\/futbolhoy.co\/?s={search_term_string}\"},\"query-input\":{\"@type\":\"PropertyValueSpecification\",\"valueRequired\":true,\"valueName\":\"search_term_string\"}}],\"inLanguage\":\"es\"},{\"@type\":\"Organization\",\"@id\":\"https:\/\/futbolhoy.co\/#organization\",\"name\":\"Futbolhoy.co\",\"url\":\"https:\/\/futbolhoy.co\/\",\"logo\":{\"@type\":\"ImageObject\",\"inLanguage\":\"es\",\"@id\":\"https:\/\/futbolhoy.co\/#\/schema\/logo\/image\/\",\"url\":\"https:\/\/futbolhoy.co\/wp-content\/uploads\/2018\/08\/17426380_1906371736249227_6326180412931521141_n.jpg\",\"contentUrl\":\"https:\/\/futbolhoy.co\/wp-content\/uploads\/2018\/08\/17426380_1906371736249227_6326180412931521141_n.jpg\",\"width\":960,\"height\":960,\"caption\":\"Futbolhoy.co\"},\"image\":{\"@id\":\"https:\/\/futbolhoy.co\/#\/schema\/logo\/image\/\"},\"sameAs\":[\"https:\/\/www.facebook.com\/FutbolHoyCol\/\",\"https:\/\/x.com\/FutbolHoyCol\",\"https:\/\/www.instagram.com\/futbolhoycol\/\"]},{\"@type\":\"Person\",\"@id\":\"https:\/\/futbolhoy.co\/#\/schema\/person\/c4a353a512b127643723a34bb1812f7d\",\"name\":\"Laura Hern\u00e1ndez\",\"image\":{\"@type\":\"ImageObject\",\"inLanguage\":\"es\",\"@id\":\"https:\/\/futbolhoy.co\/#\/schema\/person\/image\/\",\"url\":\"https:\/\/secure.gravatar.com\/avatar\/d25959a15b9b293a743f99181c7cfd01?s=96&d=mm&r=g\",\"contentUrl\":\"https:\/\/secure.gravatar.com\/avatar\/d25959a15b9b293a743f99181c7cfd01?s=96&d=mm&r=g\",\"caption\":\"Laura Hern\u00e1ndez\"}}]}<\/script>\n<!-- \/ Yoast SEO plugin. -->","yoast_head_json":{"title":"Eliminatorias Conmebol en septiembre -","robots":{"index":"index","follow":"follow","max-snippet":"max-snippet:-1","max-image-preview":"max-image-preview:large","max-video-preview":"max-video-preview:-1"},"canonical":"https:\/\/futbolhoy.co\/index.php\/2020\/03\/17\/eliminatorias-conmebol-en-septiembre\/","og_locale":"es_ES","og_type":"article","og_title":"Eliminatorias Conmebol en septiembre -","og_description":"Las eliminatorias sudamericanas al\u00a0Mundial Qatar 2022\u00a0se iniciar\u00edan en septiembre, con el fin de trastocar lo menos posible el calendario de partidos previamente establecidos por la\u00a0Conmebol, utilizando las fechas previstas para el cumplimiento de las jornadas 3 y 4 seg\u00fan la programaci\u00f3n inicial. El presidente de la\u00a0Federaci\u00f3n Colombiana de F\u00fatbol,\u00a0Ram\u00f3n Jesur\u00fan, asegur\u00f3 que \u201cEl problema es [&hellip;]","og_url":"https:\/\/futbolhoy.co\/index.php\/2020\/03\/17\/eliminatorias-conmebol-en-septiembre\/","article_publisher":"https:\/\/www.facebook.com\/FutbolHoyCol\/","article_published_time":"2020-03-17T23:35:36+00:00","article_modified_time":"2020-10-08T19:49:59+00:00","og_image":[{"width":820,"height":480,"url":"https:\/\/futbolhoy.co\/wp-content\/uploads\/2020\/03\/IMG_20200317_183516.jpg","type":"image\/jpeg"}],"author":"Laura Hern\u00e1ndez","twitter_card":"summary_large_image","twitter_creator":"@FutbolHoyCol","twitter_site":"@FutbolHoyCol","twitter_misc":{"Escrito por":"Laura Hern\u00e1ndez","Tiempo de lectura":"1 minuto"},"schema":{"@context":"https:\/\/schema.org","@graph":[{"@type":"Article","@id":"https:\/\/futbolhoy.co\/index.php\/2020\/03\/17\/eliminatorias-conmebol-en-septiembre\/#article","isPartOf":{"@id":"https:\/\/futbolhoy.co\/index.php\/2020\/03\/17\/eliminatorias-conmebol-en-septiembre\/"},"author":{"name":"Laura Hern\u00e1ndez","@id":"https:\/\/futbolhoy.co\/#\/schema\/person\/c4a353a512b127643723a34bb1812f7d"},"headline":"Eliminatorias Conmebol en septiembre","datePublished":"2020-03-17T23:35:36+00:00","dateModified":"2020-10-08T19:49:59+00:00","mainEntityOfPage":{"@id":"https:\/\/futbolhoy.co\/index.php\/2020\/03\/17\/eliminatorias-conmebol-en-septiembre\/"},"wordCount":172,"commentCount":0,"publisher":{"@id":"https:\/\/futbolhoy.co\/#organization"},"image":{"@id":"https:\/\/futbolhoy.co\/index.php\/2020\/03\/17\/eliminatorias-conmebol-en-septiembre\/#primaryimage"},"thumbnailUrl":"https:\/\/futbolhoy.co\/wp-content\/uploads\/2020\/03\/IMG_20200317_183516.jpg","articleSection":["Qatar 2022"],"inLanguage":"es","potentialAction":[{"@type":"CommentAction","name":"Comment","target":["https:\/\/futbolhoy.co\/index.php\/2020\/03\/17\/eliminatorias-conmebol-en-septiembre\/#respond"]}]},{"@type":"WebPage","@id":"https:\/\/futbolhoy.co\/index.php\/2020\/03\/17\/eliminatorias-conmebol-en-septiembre\/","url":"https:\/\/futbolhoy.co\/index.php\/2020\/03\/17\/eliminatorias-conmebol-en-septiembre\/","name":"Eliminatorias Conmebol en septiembre -","isPartOf":{"@id":"https:\/\/futbolhoy.co\/#website"},"primaryImageOfPage":{"@id":"https:\/\/futbolhoy.co\/index.php\/2020\/03\/17\/eliminatorias-conmebol-en-septiembre\/#primaryimage"},"image":{"@id":"https:\/\/futbolhoy.co\/index.php\/2020\/03\/17\/eliminatorias-conmebol-en-septiembre\/#primaryimage"},"thumbnailUrl":"https:\/\/futbolhoy.co\/wp-content\/uploads\/2020\/03\/IMG_20200317_183516.jpg","datePublished":"2020-03-17T23:35:36+00:00","dateModified":"2020-10-08T19:49:59+00:00","breadcrumb":{"@id":"https:\/\/futbolhoy.co\/index.php\/2020\/03\/17\/eliminatorias-conmebol-en-septiembre\/#breadcrumb"},"inLanguage":"es","potentialAction":[{"@type":"ReadAction","target":["https:\/\/futbolhoy.co\/index.php\/2020\/03\/17\/eliminatorias-conmebol-en-septiembre\/"]}]},{"@type":"ImageObject","inLanguage":"es","@id":"https:\/\/futbolhoy.co\/index.php\/2020\/03\/17\/eliminatorias-conmebol-en-septiembre\/#primaryimage","url":"https:\/\/futbolhoy.co\/wp-content\/uploads\/2020\/03\/IMG_20200317_183516.jpg","contentUrl":"https:\/\/futbolhoy.co\/wp-content\/uploads\/2020\/03\/IMG_20200317_183516.jpg","width":820,"height":480},{"@type":"BreadcrumbList","@id":"https:\/\/futbolhoy.co\/index.php\/2020\/03\/17\/eliminatorias-conmebol-en-septiembre\/#breadcrumb","itemListElement":[{"@type":"ListItem","position":1,"name":"Portada","item":"https:\/\/futbolhoy.co\/"},{"@type":"ListItem","position":2,"name":"Eliminatorias Conmebol en septiembre"}]},{"@type":"WebSite","@id":"https:\/\/futbolhoy.co\/#website","url":"https:\/\/futbolhoy.co\/","name":"FutbolHoy","description":"","publisher":{"@id":"https:\/\/futbolhoy.co\/#organization"},"potentialAction":[{"@type":"SearchAction","target":{"@type":"EntryPoint","urlTemplate":"https:\/\/futbolhoy.co\/?s={search_term_string}"},"query-input":{"@type":"PropertyValueSpecification","valueRequired":true,"valueName":"search_term_string"}}],"inLanguage":"es"},{"@type":"Organization","@id":"https:\/\/futbolhoy.co\/#organization","name":"Futbolhoy.co","url":"https:\/\/futbolhoy.co\/","logo":{"@type":"ImageObject","inLanguage":"es","@id":"https:\/\/futbolhoy.co\/#\/schema\/logo\/image\/","url":"https:\/\/futbolhoy.co\/wp-content\/uploads\/2018\/08\/17426380_1906371736249227_6326180412931521141_n.jpg","contentUrl":"https:\/\/futbolhoy.co\/wp-content\/uploads\/2018\/08\/17426380_1906371736249227_6326180412931521141_n.jpg","width":960,"height":960,"caption":"Futbolhoy.co"},"image":{"@id":"https:\/\/futbolhoy.co\/#\/schema\/logo\/image\/"},"sameAs":["https:\/\/www.facebook.com\/FutbolHoyCol\/","https:\/\/x.com\/FutbolHoyCol","https:\/\/www.instagram.com\/futbolhoycol\/"]},{"@type":"Person","@id":"https:\/\/futbolhoy.co\/#\/schema\/person\/c4a353a512b127643723a34bb1812f7d","name":"Laura Hern\u00e1ndez","image":{"@type":"ImageObject","inLanguage":"es","@id":"https:\/\/futbolhoy.co\/#\/schema\/person\/image\/","url":"https:\/\/secure.gravatar.com\/avatar\/d25959a15b9b293a743f99181c7cfd01?s=96&d=mm&r=g","contentUrl":"https:\/\/secure.gravatar.com\/avatar\/d25959a15b9b293a743f99181c7cfd01?s=96&d=mm&r=g","caption":"Laura Hern\u00e1ndez"}}]}},"publishpress_future_action":{"enabled":false,"date":"2026-05-03 15:13:16","action":"change-status","newStatus":"draft","terms":[],"taxonomy":"category","extraData":[]},"publishpress_future_workflow_manual_trigger":{"enabledWorkflows":[]},"_links":{"self":[{"href":"https:\/\/futbolhoy.co\/index.php\/wp-json\/wp\/v2\/posts\/49159","targetHints":{"allow":["GET"]}}],"collection":[{"href":"https:\/\/futbolhoy.co\/index.php\/wp-json\/wp\/v2\/posts"}],"about":[{"href":"https:\/\/futbolhoy.co\/index.php\/wp-json\/wp\/v2\/types\/post"}],"author":[{"embeddable":true,"href":"https:\/\/futbolhoy.co\/index.php\/wp-json\/wp\/v2\/users\/5"}],"replies":[{"embeddable":true,"href":"https:\/\/futbolhoy.co\/index.php\/wp-json\/wp\/v2\/comments?post=49159"}],"version-history":[{"count":2,"href":"https:\/\/futbolhoy.co\/index.php\/wp-json\/wp\/v2\/posts\/49159\/revisions"}],"predecessor-version":[{"id":49162,"href":"https:\/\/futbolhoy.co\/index.php\/wp-json\/wp\/v2\/posts\/49159\/revisions\/49162"}],"wp:featuredmedia":[{"embeddable":true,"href":"https:\/\/futbolhoy.co\/index.php\/wp-json\/wp\/v2\/media\/49160"}],"wp:attachment":[{"href":"https:\/\/futbolhoy.co\/index.php\/wp-json\/wp\/v2\/media?parent=49159"}],"wp:term":[{"taxonomy":"category","embeddable":true,"href":"https:\/\/futbolhoy.co\/index.php\/wp-json\/wp\/v2\/categories?post=49159"},{"taxonomy":"post_tag","embeddable":true,"href":"https:\/\/futbolhoy.co\/index.php\/wp-json\/wp\/v2\/tags?post=49159"}],"curies":[{"name":"wp","href":"https:\/\/api.w.org\/{rel}","templated":true}]}}