{"id":49221,"date":"2020-03-21T13:57:13","date_gmt":"2020-03-21T18:57:13","guid":{"rendered":"https:\/\/futbolhoy.co\/?p=49221"},"modified":"2020-03-22T19:56:47","modified_gmt":"2020-03-23T00:56:47","slug":"junior-y-dim-multados-por-conmebol","status":"publish","type":"post","link":"https:\/\/futbolhoy.co\/index.php\/2020\/03\/21\/junior-y-dim-multados-por-conmebol\/","title":{"rendered":"Junior y DIM multados por Conmebol"},"content":{"rendered":"<p style=\"text-align: justify;\"><span style=\"font-family: helvetica, arial, sans-serif;\"><strong>Atl\u00e9tico Junior<\/strong>, su t\u00e9cnico, el uruguayo<strong> Julio Avelino Comesa\u00f1a<\/strong>; y el <strong>Independiente<\/strong> <strong>Medell\u00edn<\/strong>\u00a0fueron multados por la <strong>Conmebol<\/strong> por actuaciones irregulares en partidos de la <strong>Copa Libertadores.<\/strong><\/span><\/p>\n<p style=\"text-align: justify;\"><span style=\"font-family: helvetica, arial, sans-serif;\">Junior, por el partido de local ante <strong>Flamengo,<\/strong> en el <strong>Metropolitano<\/strong> (1-2), deber\u00e1 pagar 20.000 d\u00f3lares del dinero que recibe de las transmisiones de televisi\u00f3n y el entrenador del equipo \u2018tibur\u00f3n\u2019 recibi\u00f3 una advertencia.<\/span><\/p>\n<p style=\"text-align: justify;\"><span style=\"font-family: helvetica, arial, sans-serif;\">Por su parte, el \u2018poderoso\u2019 fue multado con 5.000 d\u00f3lares en el partido que perdi\u00f3 ante <strong>Boca<\/strong> <strong>Juniors<\/strong> en La Bombonera 3-0.<\/span><\/p>\n<p style=\"text-align: justify;\"><span style=\"font-family: helvetica, arial, sans-serif;\">Adem\u00e1s, fueron multados en el mismo torneo, el equipo \u2018xeneize\u2019, <strong>Colo Colo, Palestino, Jorge Wilstermann, LDUQ, Barcelona de Guayaquil, Cerro Porte\u00f1o, Guaran\u00ed, Defensa y Justicia, Atl\u00e9tico Tucum\u00e1n, Inter de Porto Alegre y Corinthians.<\/strong><\/span><\/p>\n","protected":false},"excerpt":{"rendered":"<p>Atl\u00e9tico Junior, su t\u00e9cnico, el uruguayo Julio Avelino Comesa\u00f1a; y el Independiente Medell\u00edn\u00a0fueron multados por la Conmebol por actuaciones irregulares en partidos de la Copa Libertadores. Junior, por el partido de local ante Flamengo, en el Metropolitano (1-2), deber\u00e1 pagar 20.000 d\u00f3lares del dinero que recibe de las transmisiones de televisi\u00f3n y el entrenador del [&hellip;]<\/p>\n","protected":false},"author":5,"featured_media":29291,"comment_status":"open","ping_status":"open","sticky":false,"template":"","format":"standard","meta":{"_acf_changed":false,"footnotes":""},"categories":[653],"tags":[121,115,90,228],"class_list":{"0":"post-49221","1":"post","2":"type-post","3":"status-publish","4":"format-standard","5":"has-post-thumbnail","7":"category-copa-libertadores","8":"tag-conmebol","9":"tag-copa-libertadores","10":"tag-junior","11":"tag-medellin"},"acf":[],"yoast_head":"<!-- This site is optimized with the Yoast SEO plugin v26.8 - https:\/\/yoast.com\/product\/yoast-seo-wordpress\/ -->\n<title>Junior y DIM multados por Conmebol -<\/title>\n<meta name=\"robots\" content=\"index, follow, max-snippet:-1, max-image-preview:large, max-video-preview:-1\" \/>\n<link rel=\"canonical\" href=\"https:\/\/futbolhoy.co\/index.php\/2020\/03\/21\/junior-y-dim-multados-por-conmebol\/\" \/>\n<meta property=\"og:locale\" content=\"es_ES\" \/>\n<meta property=\"og:type\" content=\"article\" \/>\n<meta property=\"og:title\" content=\"Junior y DIM multados por Conmebol -\" \/>\n<meta property=\"og:description\" content=\"Atl\u00e9tico Junior, su t\u00e9cnico, el uruguayo Julio Avelino Comesa\u00f1a; y el Independiente Medell\u00edn\u00a0fueron multados por la Conmebol por actuaciones irregulares en partidos de la Copa Libertadores. Junior, por el partido de local ante Flamengo, en el Metropolitano (1-2), deber\u00e1 pagar 20.000 d\u00f3lares del dinero que recibe de las transmisiones de televisi\u00f3n y el entrenador del [&hellip;]\" \/>\n<meta property=\"og:url\" content=\"https:\/\/futbolhoy.co\/index.php\/2020\/03\/21\/junior-y-dim-multados-por-conmebol\/\" \/>\n<meta property=\"article:publisher\" content=\"https:\/\/www.facebook.com\/FutbolHoyCol\/\" \/>\n<meta property=\"article:published_time\" content=\"2020-03-21T18:57:13+00:00\" \/>\n<meta property=\"article:modified_time\" content=\"2020-03-23T00:56:47+00:00\" \/>\n<meta property=\"og:image\" content=\"https:\/\/futbolhoy.co\/wp-content\/uploads\/2018\/12\/COMESA\u00d1A.jpeg\" \/>\n\t<meta property=\"og:image:width\" content=\"1280\" \/>\n\t<meta property=\"og:image:height\" content=\"600\" \/>\n\t<meta property=\"og:image:type\" content=\"image\/jpeg\" \/>\n<meta name=\"author\" content=\"Laura Hern\u00e1ndez\" \/>\n<meta name=\"twitter:card\" content=\"summary_large_image\" \/>\n<meta name=\"twitter:creator\" content=\"@FutbolHoyCol\" \/>\n<meta name=\"twitter:site\" content=\"@FutbolHoyCol\" \/>\n<meta name=\"twitter:label1\" content=\"Escrito por\" \/>\n\t<meta name=\"twitter:data1\" content=\"Laura Hern\u00e1ndez\" \/>\n\t<meta name=\"twitter:label2\" content=\"Tiempo de lectura\" \/>\n\t<meta name=\"twitter:data2\" content=\"1 minuto\" \/>\n<script type=\"application\/ld+json\" class=\"yoast-schema-graph\">{\"@context\":\"https:\/\/schema.org\",\"@graph\":[{\"@type\":\"Article\",\"@id\":\"https:\/\/futbolhoy.co\/index.php\/2020\/03\/21\/junior-y-dim-multados-por-conmebol\/#article\",\"isPartOf\":{\"@id\":\"https:\/\/futbolhoy.co\/index.php\/2020\/03\/21\/junior-y-dim-multados-por-conmebol\/\"},\"author\":{\"name\":\"Laura Hern\u00e1ndez\",\"@id\":\"https:\/\/futbolhoy.co\/#\/schema\/person\/c4a353a512b127643723a34bb1812f7d\"},\"headline\":\"Junior y DIM multados por Conmebol\",\"datePublished\":\"2020-03-21T18:57:13+00:00\",\"dateModified\":\"2020-03-23T00:56:47+00:00\",\"mainEntityOfPage\":{\"@id\":\"https:\/\/futbolhoy.co\/index.php\/2020\/03\/21\/junior-y-dim-multados-por-conmebol\/\"},\"wordCount\":132,\"commentCount\":0,\"publisher\":{\"@id\":\"https:\/\/futbolhoy.co\/#organization\"},\"image\":{\"@id\":\"https:\/\/futbolhoy.co\/index.php\/2020\/03\/21\/junior-y-dim-multados-por-conmebol\/#primaryimage\"},\"thumbnailUrl\":\"https:\/\/futbolhoy.co\/wp-content\/uploads\/2018\/12\/COMESA\u00d1A.jpeg\",\"keywords\":[\"Conmebol\",\"Copa Libertadores\",\"Junior\",\"Medell\u00edn\"],\"articleSection\":[\"Libertadores\"],\"inLanguage\":\"es\",\"potentialAction\":[{\"@type\":\"CommentAction\",\"name\":\"Comment\",\"target\":[\"https:\/\/futbolhoy.co\/index.php\/2020\/03\/21\/junior-y-dim-multados-por-conmebol\/#respond\"]}]},{\"@type\":\"WebPage\",\"@id\":\"https:\/\/futbolhoy.co\/index.php\/2020\/03\/21\/junior-y-dim-multados-por-conmebol\/\",\"url\":\"https:\/\/futbolhoy.co\/index.php\/2020\/03\/21\/junior-y-dim-multados-por-conmebol\/\",\"name\":\"Junior y DIM multados por Conmebol -\",\"isPartOf\":{\"@id\":\"https:\/\/futbolhoy.co\/#website\"},\"primaryImageOfPage\":{\"@id\":\"https:\/\/futbolhoy.co\/index.php\/2020\/03\/21\/junior-y-dim-multados-por-conmebol\/#primaryimage\"},\"image\":{\"@id\":\"https:\/\/futbolhoy.co\/index.php\/2020\/03\/21\/junior-y-dim-multados-por-conmebol\/#primaryimage\"},\"thumbnailUrl\":\"https:\/\/futbolhoy.co\/wp-content\/uploads\/2018\/12\/COMESA\u00d1A.jpeg\",\"datePublished\":\"2020-03-21T18:57:13+00:00\",\"dateModified\":\"2020-03-23T00:56:47+00:00\",\"breadcrumb\":{\"@id\":\"https:\/\/futbolhoy.co\/index.php\/2020\/03\/21\/junior-y-dim-multados-por-conmebol\/#breadcrumb\"},\"inLanguage\":\"es\",\"potentialAction\":[{\"@type\":\"ReadAction\",\"target\":[\"https:\/\/futbolhoy.co\/index.php\/2020\/03\/21\/junior-y-dim-multados-por-conmebol\/\"]}]},{\"@type\":\"ImageObject\",\"inLanguage\":\"es\",\"@id\":\"https:\/\/futbolhoy.co\/index.php\/2020\/03\/21\/junior-y-dim-multados-por-conmebol\/#primaryimage\",\"url\":\"https:\/\/futbolhoy.co\/wp-content\/uploads\/2018\/12\/COMESA\u00d1A.jpeg\",\"contentUrl\":\"https:\/\/futbolhoy.co\/wp-content\/uploads\/2018\/12\/COMESA\u00d1A.jpeg\",\"width\":1280,\"height\":600,\"caption\":\"Juniorfc.com\"},{\"@type\":\"BreadcrumbList\",\"@id\":\"https:\/\/futbolhoy.co\/index.php\/2020\/03\/21\/junior-y-dim-multados-por-conmebol\/#breadcrumb\",\"itemListElement\":[{\"@type\":\"ListItem\",\"position\":1,\"name\":\"Portada\",\"item\":\"https:\/\/futbolhoy.co\/\"},{\"@type\":\"ListItem\",\"position\":2,\"name\":\"Junior y DIM multados por Conmebol\"}]},{\"@type\":\"WebSite\",\"@id\":\"https:\/\/futbolhoy.co\/#website\",\"url\":\"https:\/\/futbolhoy.co\/\",\"name\":\"FutbolHoy\",\"description\":\"\",\"publisher\":{\"@id\":\"https:\/\/futbolhoy.co\/#organization\"},\"potentialAction\":[{\"@type\":\"SearchAction\",\"target\":{\"@type\":\"EntryPoint\",\"urlTemplate\":\"https:\/\/futbolhoy.co\/?s={search_term_string}\"},\"query-input\":{\"@type\":\"PropertyValueSpecification\",\"valueRequired\":true,\"valueName\":\"search_term_string\"}}],\"inLanguage\":\"es\"},{\"@type\":\"Organization\",\"@id\":\"https:\/\/futbolhoy.co\/#organization\",\"name\":\"Futbolhoy.co\",\"url\":\"https:\/\/futbolhoy.co\/\",\"logo\":{\"@type\":\"ImageObject\",\"inLanguage\":\"es\",\"@id\":\"https:\/\/futbolhoy.co\/#\/schema\/logo\/image\/\",\"url\":\"https:\/\/futbolhoy.co\/wp-content\/uploads\/2018\/08\/17426380_1906371736249227_6326180412931521141_n.jpg\",\"contentUrl\":\"https:\/\/futbolhoy.co\/wp-content\/uploads\/2018\/08\/17426380_1906371736249227_6326180412931521141_n.jpg\",\"width\":960,\"height\":960,\"caption\":\"Futbolhoy.co\"},\"image\":{\"@id\":\"https:\/\/futbolhoy.co\/#\/schema\/logo\/image\/\"},\"sameAs\":[\"https:\/\/www.facebook.com\/FutbolHoyCol\/\",\"https:\/\/x.com\/FutbolHoyCol\",\"https:\/\/www.instagram.com\/futbolhoycol\/\"]},{\"@type\":\"Person\",\"@id\":\"https:\/\/futbolhoy.co\/#\/schema\/person\/c4a353a512b127643723a34bb1812f7d\",\"name\":\"Laura Hern\u00e1ndez\",\"image\":{\"@type\":\"ImageObject\",\"inLanguage\":\"es\",\"@id\":\"https:\/\/futbolhoy.co\/#\/schema\/person\/image\/\",\"url\":\"https:\/\/secure.gravatar.com\/avatar\/d25959a15b9b293a743f99181c7cfd01?s=96&d=mm&r=g\",\"contentUrl\":\"https:\/\/secure.gravatar.com\/avatar\/d25959a15b9b293a743f99181c7cfd01?s=96&d=mm&r=g\",\"caption\":\"Laura Hern\u00e1ndez\"}}]}<\/script>\n<!-- \/ Yoast SEO plugin. -->","yoast_head_json":{"title":"Junior y DIM multados por Conmebol -","robots":{"index":"index","follow":"follow","max-snippet":"max-snippet:-1","max-image-preview":"max-image-preview:large","max-video-preview":"max-video-preview:-1"},"canonical":"https:\/\/futbolhoy.co\/index.php\/2020\/03\/21\/junior-y-dim-multados-por-conmebol\/","og_locale":"es_ES","og_type":"article","og_title":"Junior y DIM multados por Conmebol -","og_description":"Atl\u00e9tico Junior, su t\u00e9cnico, el uruguayo Julio Avelino Comesa\u00f1a; y el Independiente Medell\u00edn\u00a0fueron multados por la Conmebol por actuaciones irregulares en partidos de la Copa Libertadores. Junior, por el partido de local ante Flamengo, en el Metropolitano (1-2), deber\u00e1 pagar 20.000 d\u00f3lares del dinero que recibe de las transmisiones de televisi\u00f3n y el entrenador del [&hellip;]","og_url":"https:\/\/futbolhoy.co\/index.php\/2020\/03\/21\/junior-y-dim-multados-por-conmebol\/","article_publisher":"https:\/\/www.facebook.com\/FutbolHoyCol\/","article_published_time":"2020-03-21T18:57:13+00:00","article_modified_time":"2020-03-23T00:56:47+00:00","og_image":[{"width":1280,"height":600,"url":"https:\/\/futbolhoy.co\/wp-content\/uploads\/2018\/12\/COMESA\u00d1A.jpeg","type":"image\/jpeg"}],"author":"Laura Hern\u00e1ndez","twitter_card":"summary_large_image","twitter_creator":"@FutbolHoyCol","twitter_site":"@FutbolHoyCol","twitter_misc":{"Escrito por":"Laura Hern\u00e1ndez","Tiempo de lectura":"1 minuto"},"schema":{"@context":"https:\/\/schema.org","@graph":[{"@type":"Article","@id":"https:\/\/futbolhoy.co\/index.php\/2020\/03\/21\/junior-y-dim-multados-por-conmebol\/#article","isPartOf":{"@id":"https:\/\/futbolhoy.co\/index.php\/2020\/03\/21\/junior-y-dim-multados-por-conmebol\/"},"author":{"name":"Laura Hern\u00e1ndez","@id":"https:\/\/futbolhoy.co\/#\/schema\/person\/c4a353a512b127643723a34bb1812f7d"},"headline":"Junior y DIM multados por Conmebol","datePublished":"2020-03-21T18:57:13+00:00","dateModified":"2020-03-23T00:56:47+00:00","mainEntityOfPage":{"@id":"https:\/\/futbolhoy.co\/index.php\/2020\/03\/21\/junior-y-dim-multados-por-conmebol\/"},"wordCount":132,"commentCount":0,"publisher":{"@id":"https:\/\/futbolhoy.co\/#organization"},"image":{"@id":"https:\/\/futbolhoy.co\/index.php\/2020\/03\/21\/junior-y-dim-multados-por-conmebol\/#primaryimage"},"thumbnailUrl":"https:\/\/futbolhoy.co\/wp-content\/uploads\/2018\/12\/COMESA\u00d1A.jpeg","keywords":["Conmebol","Copa Libertadores","Junior","Medell\u00edn"],"articleSection":["Libertadores"],"inLanguage":"es","potentialAction":[{"@type":"CommentAction","name":"Comment","target":["https:\/\/futbolhoy.co\/index.php\/2020\/03\/21\/junior-y-dim-multados-por-conmebol\/#respond"]}]},{"@type":"WebPage","@id":"https:\/\/futbolhoy.co\/index.php\/2020\/03\/21\/junior-y-dim-multados-por-conmebol\/","url":"https:\/\/futbolhoy.co\/index.php\/2020\/03\/21\/junior-y-dim-multados-por-conmebol\/","name":"Junior y DIM multados por Conmebol -","isPartOf":{"@id":"https:\/\/futbolhoy.co\/#website"},"primaryImageOfPage":{"@id":"https:\/\/futbolhoy.co\/index.php\/2020\/03\/21\/junior-y-dim-multados-por-conmebol\/#primaryimage"},"image":{"@id":"https:\/\/futbolhoy.co\/index.php\/2020\/03\/21\/junior-y-dim-multados-por-conmebol\/#primaryimage"},"thumbnailUrl":"https:\/\/futbolhoy.co\/wp-content\/uploads\/2018\/12\/COMESA\u00d1A.jpeg","datePublished":"2020-03-21T18:57:13+00:00","dateModified":"2020-03-23T00:56:47+00:00","breadcrumb":{"@id":"https:\/\/futbolhoy.co\/index.php\/2020\/03\/21\/junior-y-dim-multados-por-conmebol\/#breadcrumb"},"inLanguage":"es","potentialAction":[{"@type":"ReadAction","target":["https:\/\/futbolhoy.co\/index.php\/2020\/03\/21\/junior-y-dim-multados-por-conmebol\/"]}]},{"@type":"ImageObject","inLanguage":"es","@id":"https:\/\/futbolhoy.co\/index.php\/2020\/03\/21\/junior-y-dim-multados-por-conmebol\/#primaryimage","url":"https:\/\/futbolhoy.co\/wp-content\/uploads\/2018\/12\/COMESA\u00d1A.jpeg","contentUrl":"https:\/\/futbolhoy.co\/wp-content\/uploads\/2018\/12\/COMESA\u00d1A.jpeg","width":1280,"height":600,"caption":"Juniorfc.com"},{"@type":"BreadcrumbList","@id":"https:\/\/futbolhoy.co\/index.php\/2020\/03\/21\/junior-y-dim-multados-por-conmebol\/#breadcrumb","itemListElement":[{"@type":"ListItem","position":1,"name":"Portada","item":"https:\/\/futbolhoy.co\/"},{"@type":"ListItem","position":2,"name":"Junior y DIM multados por Conmebol"}]},{"@type":"WebSite","@id":"https:\/\/futbolhoy.co\/#website","url":"https:\/\/futbolhoy.co\/","name":"FutbolHoy","description":"","publisher":{"@id":"https:\/\/futbolhoy.co\/#organization"},"potentialAction":[{"@type":"SearchAction","target":{"@type":"EntryPoint","urlTemplate":"https:\/\/futbolhoy.co\/?s={search_term_string}"},"query-input":{"@type":"PropertyValueSpecification","valueRequired":true,"valueName":"search_term_string"}}],"inLanguage":"es"},{"@type":"Organization","@id":"https:\/\/futbolhoy.co\/#organization","name":"Futbolhoy.co","url":"https:\/\/futbolhoy.co\/","logo":{"@type":"ImageObject","inLanguage":"es","@id":"https:\/\/futbolhoy.co\/#\/schema\/logo\/image\/","url":"https:\/\/futbolhoy.co\/wp-content\/uploads\/2018\/08\/17426380_1906371736249227_6326180412931521141_n.jpg","contentUrl":"https:\/\/futbolhoy.co\/wp-content\/uploads\/2018\/08\/17426380_1906371736249227_6326180412931521141_n.jpg","width":960,"height":960,"caption":"Futbolhoy.co"},"image":{"@id":"https:\/\/futbolhoy.co\/#\/schema\/logo\/image\/"},"sameAs":["https:\/\/www.facebook.com\/FutbolHoyCol\/","https:\/\/x.com\/FutbolHoyCol","https:\/\/www.instagram.com\/futbolhoycol\/"]},{"@type":"Person","@id":"https:\/\/futbolhoy.co\/#\/schema\/person\/c4a353a512b127643723a34bb1812f7d","name":"Laura Hern\u00e1ndez","image":{"@type":"ImageObject","inLanguage":"es","@id":"https:\/\/futbolhoy.co\/#\/schema\/person\/image\/","url":"https:\/\/secure.gravatar.com\/avatar\/d25959a15b9b293a743f99181c7cfd01?s=96&d=mm&r=g","contentUrl":"https:\/\/secure.gravatar.com\/avatar\/d25959a15b9b293a743f99181c7cfd01?s=96&d=mm&r=g","caption":"Laura Hern\u00e1ndez"}}]}},"publishpress_future_action":{"enabled":false,"date":"2026-05-03 16:19:02","action":"change-status","newStatus":"draft","terms":[],"taxonomy":"category","extraData":[]},"publishpress_future_workflow_manual_trigger":{"enabledWorkflows":[]},"_links":{"self":[{"href":"https:\/\/futbolhoy.co\/index.php\/wp-json\/wp\/v2\/posts\/49221","targetHints":{"allow":["GET"]}}],"collection":[{"href":"https:\/\/futbolhoy.co\/index.php\/wp-json\/wp\/v2\/posts"}],"about":[{"href":"https:\/\/futbolhoy.co\/index.php\/wp-json\/wp\/v2\/types\/post"}],"author":[{"embeddable":true,"href":"https:\/\/futbolhoy.co\/index.php\/wp-json\/wp\/v2\/users\/5"}],"replies":[{"embeddable":true,"href":"https:\/\/futbolhoy.co\/index.php\/wp-json\/wp\/v2\/comments?post=49221"}],"version-history":[{"count":1,"href":"https:\/\/futbolhoy.co\/index.php\/wp-json\/wp\/v2\/posts\/49221\/revisions"}],"predecessor-version":[{"id":49222,"href":"https:\/\/futbolhoy.co\/index.php\/wp-json\/wp\/v2\/posts\/49221\/revisions\/49222"}],"wp:featuredmedia":[{"embeddable":true,"href":"https:\/\/futbolhoy.co\/index.php\/wp-json\/wp\/v2\/media\/29291"}],"wp:attachment":[{"href":"https:\/\/futbolhoy.co\/index.php\/wp-json\/wp\/v2\/media?parent=49221"}],"wp:term":[{"taxonomy":"category","embeddable":true,"href":"https:\/\/futbolhoy.co\/index.php\/wp-json\/wp\/v2\/categories?post=49221"},{"taxonomy":"post_tag","embeddable":true,"href":"https:\/\/futbolhoy.co\/index.php\/wp-json\/wp\/v2\/tags?post=49221"}],"curies":[{"name":"wp","href":"https:\/\/api.w.org\/{rel}","templated":true}]}}