{"id":49223,"date":"2020-03-21T10:05:33","date_gmt":"2020-03-21T15:05:33","guid":{"rendered":"https:\/\/futbolhoy.co\/?p=49223"},"modified":"2020-03-22T10:52:44","modified_gmt":"2020-03-22T15:52:44","slug":"morelos-suena-para-ser-colchonero","status":"publish","type":"post","link":"https:\/\/futbolhoy.co\/index.php\/2020\/03\/21\/morelos-suena-para-ser-colchonero\/","title":{"rendered":"Morelos suena para ser \u2018colchonero\u2019"},"content":{"rendered":"<p style=\"text-align: justify;\"><span style=\"font-family: helvetica, arial, sans-serif;\">El delantero colombiano <strong>Alfredo Morelos,<\/strong> del <strong>Rangers<\/strong> de <strong>Escocia<\/strong>, estar\u00eda en los planes del <strong>Atl\u00e9tico de Madrid<\/strong> para la pr\u00f3xima temporada, seg\u00fan han informado algunos medios de prensa en territorio brit\u00e1nico.<\/span><\/p>\n<p style=\"text-align: justify;\"><span style=\"font-family: helvetica, arial, sans-serif;\">El conjunto \u2018colchonero\u2019 est\u00e1 en busca de un centro atacante ante las dificultades f\u00edsicas que han presentado varios de sus jugadores, y en la lista que en alg\u00fan momento aparecieron <strong>Falcao Garcia<\/strong> y el uruguayo <strong>Edinson Cavani,<\/strong> ahora surge el nombre del \u2018<strong><em>B\u00fafalo<\/em><\/strong>\u2019.<\/span><\/p>\n<p style=\"text-align: justify;\"><span style=\"font-family: helvetica, arial, sans-serif;\">Morelos, de 23 a\u00f1os, ha marcado 29 goles y ha realizado 10 asistencias en lo que va corrido de la temporada en todas las competiciones con el equipo azul de <strong>Glasgow.<\/strong><\/span><\/p>\n<p style=\"text-align: justify;\"><span style=\"font-family: helvetica, arial, sans-serif;\">La l\u00ednea de delanteros del Atl\u00e9tico la integran actualmente los espa\u00f1oles <strong>\u00c1lvaro<\/strong> <strong>Morata<\/strong> y <strong>Diego<\/strong> <strong>Costa<\/strong>, el portugu\u00e9s <strong>Joao<\/strong> <strong>F\u00e9lix<\/strong> y el serbio <strong>Iv\u00e1n<\/strong> <strong>Saponjic<\/strong>.<\/span><\/p>\n","protected":false},"excerpt":{"rendered":"<p>El delantero colombiano Alfredo Morelos, del Rangers de Escocia, estar\u00eda en los planes del Atl\u00e9tico de Madrid para la pr\u00f3xima temporada, seg\u00fan han informado algunos medios de prensa en territorio brit\u00e1nico. El conjunto \u2018colchonero\u2019 est\u00e1 en busca de un centro atacante ante las dificultades f\u00edsicas que han presentado varios de sus jugadores, y en la [&hellip;]<\/p>\n","protected":false},"author":5,"featured_media":43364,"comment_status":"open","ping_status":"open","sticky":false,"template":"","format":"standard","meta":{"_acf_changed":false,"footnotes":""},"categories":[418],"tags":[751,905],"class_list":{"0":"post-49223","1":"post","2":"type-post","3":"status-publish","4":"format-standard","5":"has-post-thumbnail","7":"category-colombia","8":"tag-alfredo-morelos","9":"tag-atletico-madrid"},"acf":[],"yoast_head":"<!-- This site is optimized with the Yoast SEO plugin v26.8 - https:\/\/yoast.com\/product\/yoast-seo-wordpress\/ -->\n<title>Morelos suena para ser \u2018colchonero\u2019 -<\/title>\n<meta name=\"robots\" content=\"index, follow, max-snippet:-1, max-image-preview:large, max-video-preview:-1\" \/>\n<link rel=\"canonical\" href=\"https:\/\/futbolhoy.co\/index.php\/2020\/03\/21\/morelos-suena-para-ser-colchonero\/\" \/>\n<meta property=\"og:locale\" content=\"es_ES\" \/>\n<meta property=\"og:type\" content=\"article\" \/>\n<meta property=\"og:title\" content=\"Morelos suena para ser \u2018colchonero\u2019 -\" \/>\n<meta property=\"og:description\" content=\"El delantero colombiano Alfredo Morelos, del Rangers de Escocia, estar\u00eda en los planes del Atl\u00e9tico de Madrid para la pr\u00f3xima temporada, seg\u00fan han informado algunos medios de prensa en territorio brit\u00e1nico. El conjunto \u2018colchonero\u2019 est\u00e1 en busca de un centro atacante ante las dificultades f\u00edsicas que han presentado varios de sus jugadores, y en la [&hellip;]\" \/>\n<meta property=\"og:url\" content=\"https:\/\/futbolhoy.co\/index.php\/2020\/03\/21\/morelos-suena-para-ser-colchonero\/\" \/>\n<meta property=\"article:publisher\" content=\"https:\/\/www.facebook.com\/FutbolHoyCol\/\" \/>\n<meta property=\"article:published_time\" content=\"2020-03-21T15:05:33+00:00\" \/>\n<meta property=\"article:modified_time\" content=\"2020-03-22T15:52:44+00:00\" \/>\n<meta property=\"og:image\" content=\"https:\/\/futbolhoy.co\/wp-content\/uploads\/2019\/11\/EIzStIKXsAYo9HX.jpg\" \/>\n\t<meta property=\"og:image:width\" content=\"680\" \/>\n\t<meta property=\"og:image:height\" content=\"452\" \/>\n\t<meta property=\"og:image:type\" content=\"image\/jpeg\" \/>\n<meta name=\"author\" content=\"Laura Hern\u00e1ndez\" \/>\n<meta name=\"twitter:card\" content=\"summary_large_image\" \/>\n<meta name=\"twitter:creator\" content=\"@FutbolHoyCol\" \/>\n<meta name=\"twitter:site\" content=\"@FutbolHoyCol\" \/>\n<meta name=\"twitter:label1\" content=\"Escrito por\" \/>\n\t<meta name=\"twitter:data1\" content=\"Laura Hern\u00e1ndez\" \/>\n\t<meta name=\"twitter:label2\" content=\"Tiempo de lectura\" \/>\n\t<meta name=\"twitter:data2\" content=\"1 minuto\" \/>\n<script type=\"application\/ld+json\" class=\"yoast-schema-graph\">{\"@context\":\"https:\/\/schema.org\",\"@graph\":[{\"@type\":\"Article\",\"@id\":\"https:\/\/futbolhoy.co\/index.php\/2020\/03\/21\/morelos-suena-para-ser-colchonero\/#article\",\"isPartOf\":{\"@id\":\"https:\/\/futbolhoy.co\/index.php\/2020\/03\/21\/morelos-suena-para-ser-colchonero\/\"},\"author\":{\"name\":\"Laura Hern\u00e1ndez\",\"@id\":\"https:\/\/futbolhoy.co\/#\/schema\/person\/c4a353a512b127643723a34bb1812f7d\"},\"headline\":\"Morelos suena para ser \u2018colchonero\u2019\",\"datePublished\":\"2020-03-21T15:05:33+00:00\",\"dateModified\":\"2020-03-22T15:52:44+00:00\",\"mainEntityOfPage\":{\"@id\":\"https:\/\/futbolhoy.co\/index.php\/2020\/03\/21\/morelos-suena-para-ser-colchonero\/\"},\"wordCount\":147,\"commentCount\":0,\"publisher\":{\"@id\":\"https:\/\/futbolhoy.co\/#organization\"},\"image\":{\"@id\":\"https:\/\/futbolhoy.co\/index.php\/2020\/03\/21\/morelos-suena-para-ser-colchonero\/#primaryimage\"},\"thumbnailUrl\":\"https:\/\/futbolhoy.co\/wp-content\/uploads\/2019\/11\/EIzStIKXsAYo9HX.jpg\",\"keywords\":[\"Alfredo Morelos\",\"Atl\u00e9tico Madrid\"],\"articleSection\":[\"Colombia\"],\"inLanguage\":\"es\",\"potentialAction\":[{\"@type\":\"CommentAction\",\"name\":\"Comment\",\"target\":[\"https:\/\/futbolhoy.co\/index.php\/2020\/03\/21\/morelos-suena-para-ser-colchonero\/#respond\"]}]},{\"@type\":\"WebPage\",\"@id\":\"https:\/\/futbolhoy.co\/index.php\/2020\/03\/21\/morelos-suena-para-ser-colchonero\/\",\"url\":\"https:\/\/futbolhoy.co\/index.php\/2020\/03\/21\/morelos-suena-para-ser-colchonero\/\",\"name\":\"Morelos suena para ser \u2018colchonero\u2019 -\",\"isPartOf\":{\"@id\":\"https:\/\/futbolhoy.co\/#website\"},\"primaryImageOfPage\":{\"@id\":\"https:\/\/futbolhoy.co\/index.php\/2020\/03\/21\/morelos-suena-para-ser-colchonero\/#primaryimage\"},\"image\":{\"@id\":\"https:\/\/futbolhoy.co\/index.php\/2020\/03\/21\/morelos-suena-para-ser-colchonero\/#primaryimage\"},\"thumbnailUrl\":\"https:\/\/futbolhoy.co\/wp-content\/uploads\/2019\/11\/EIzStIKXsAYo9HX.jpg\",\"datePublished\":\"2020-03-21T15:05:33+00:00\",\"dateModified\":\"2020-03-22T15:52:44+00:00\",\"breadcrumb\":{\"@id\":\"https:\/\/futbolhoy.co\/index.php\/2020\/03\/21\/morelos-suena-para-ser-colchonero\/#breadcrumb\"},\"inLanguage\":\"es\",\"potentialAction\":[{\"@type\":\"ReadAction\",\"target\":[\"https:\/\/futbolhoy.co\/index.php\/2020\/03\/21\/morelos-suena-para-ser-colchonero\/\"]}]},{\"@type\":\"ImageObject\",\"inLanguage\":\"es\",\"@id\":\"https:\/\/futbolhoy.co\/index.php\/2020\/03\/21\/morelos-suena-para-ser-colchonero\/#primaryimage\",\"url\":\"https:\/\/futbolhoy.co\/wp-content\/uploads\/2019\/11\/EIzStIKXsAYo9HX.jpg\",\"contentUrl\":\"https:\/\/futbolhoy.co\/wp-content\/uploads\/2019\/11\/EIzStIKXsAYo9HX.jpg\",\"width\":680,\"height\":452,\"caption\":\"Foto Twitter @RangersFC\"},{\"@type\":\"BreadcrumbList\",\"@id\":\"https:\/\/futbolhoy.co\/index.php\/2020\/03\/21\/morelos-suena-para-ser-colchonero\/#breadcrumb\",\"itemListElement\":[{\"@type\":\"ListItem\",\"position\":1,\"name\":\"Portada\",\"item\":\"https:\/\/futbolhoy.co\/\"},{\"@type\":\"ListItem\",\"position\":2,\"name\":\"Morelos suena para ser \u2018colchonero\u2019\"}]},{\"@type\":\"WebSite\",\"@id\":\"https:\/\/futbolhoy.co\/#website\",\"url\":\"https:\/\/futbolhoy.co\/\",\"name\":\"FutbolHoy\",\"description\":\"\",\"publisher\":{\"@id\":\"https:\/\/futbolhoy.co\/#organization\"},\"potentialAction\":[{\"@type\":\"SearchAction\",\"target\":{\"@type\":\"EntryPoint\",\"urlTemplate\":\"https:\/\/futbolhoy.co\/?s={search_term_string}\"},\"query-input\":{\"@type\":\"PropertyValueSpecification\",\"valueRequired\":true,\"valueName\":\"search_term_string\"}}],\"inLanguage\":\"es\"},{\"@type\":\"Organization\",\"@id\":\"https:\/\/futbolhoy.co\/#organization\",\"name\":\"Futbolhoy.co\",\"url\":\"https:\/\/futbolhoy.co\/\",\"logo\":{\"@type\":\"ImageObject\",\"inLanguage\":\"es\",\"@id\":\"https:\/\/futbolhoy.co\/#\/schema\/logo\/image\/\",\"url\":\"https:\/\/futbolhoy.co\/wp-content\/uploads\/2018\/08\/17426380_1906371736249227_6326180412931521141_n.jpg\",\"contentUrl\":\"https:\/\/futbolhoy.co\/wp-content\/uploads\/2018\/08\/17426380_1906371736249227_6326180412931521141_n.jpg\",\"width\":960,\"height\":960,\"caption\":\"Futbolhoy.co\"},\"image\":{\"@id\":\"https:\/\/futbolhoy.co\/#\/schema\/logo\/image\/\"},\"sameAs\":[\"https:\/\/www.facebook.com\/FutbolHoyCol\/\",\"https:\/\/x.com\/FutbolHoyCol\",\"https:\/\/www.instagram.com\/futbolhoycol\/\"]},{\"@type\":\"Person\",\"@id\":\"https:\/\/futbolhoy.co\/#\/schema\/person\/c4a353a512b127643723a34bb1812f7d\",\"name\":\"Laura Hern\u00e1ndez\",\"image\":{\"@type\":\"ImageObject\",\"inLanguage\":\"es\",\"@id\":\"https:\/\/futbolhoy.co\/#\/schema\/person\/image\/\",\"url\":\"https:\/\/secure.gravatar.com\/avatar\/d25959a15b9b293a743f99181c7cfd01?s=96&d=mm&r=g\",\"contentUrl\":\"https:\/\/secure.gravatar.com\/avatar\/d25959a15b9b293a743f99181c7cfd01?s=96&d=mm&r=g\",\"caption\":\"Laura Hern\u00e1ndez\"}}]}<\/script>\n<!-- \/ Yoast SEO plugin. -->","yoast_head_json":{"title":"Morelos suena para ser \u2018colchonero\u2019 -","robots":{"index":"index","follow":"follow","max-snippet":"max-snippet:-1","max-image-preview":"max-image-preview:large","max-video-preview":"max-video-preview:-1"},"canonical":"https:\/\/futbolhoy.co\/index.php\/2020\/03\/21\/morelos-suena-para-ser-colchonero\/","og_locale":"es_ES","og_type":"article","og_title":"Morelos suena para ser \u2018colchonero\u2019 -","og_description":"El delantero colombiano Alfredo Morelos, del Rangers de Escocia, estar\u00eda en los planes del Atl\u00e9tico de Madrid para la pr\u00f3xima temporada, seg\u00fan han informado algunos medios de prensa en territorio brit\u00e1nico. El conjunto \u2018colchonero\u2019 est\u00e1 en busca de un centro atacante ante las dificultades f\u00edsicas que han presentado varios de sus jugadores, y en la [&hellip;]","og_url":"https:\/\/futbolhoy.co\/index.php\/2020\/03\/21\/morelos-suena-para-ser-colchonero\/","article_publisher":"https:\/\/www.facebook.com\/FutbolHoyCol\/","article_published_time":"2020-03-21T15:05:33+00:00","article_modified_time":"2020-03-22T15:52:44+00:00","og_image":[{"width":680,"height":452,"url":"https:\/\/futbolhoy.co\/wp-content\/uploads\/2019\/11\/EIzStIKXsAYo9HX.jpg","type":"image\/jpeg"}],"author":"Laura Hern\u00e1ndez","twitter_card":"summary_large_image","twitter_creator":"@FutbolHoyCol","twitter_site":"@FutbolHoyCol","twitter_misc":{"Escrito por":"Laura Hern\u00e1ndez","Tiempo de lectura":"1 minuto"},"schema":{"@context":"https:\/\/schema.org","@graph":[{"@type":"Article","@id":"https:\/\/futbolhoy.co\/index.php\/2020\/03\/21\/morelos-suena-para-ser-colchonero\/#article","isPartOf":{"@id":"https:\/\/futbolhoy.co\/index.php\/2020\/03\/21\/morelos-suena-para-ser-colchonero\/"},"author":{"name":"Laura Hern\u00e1ndez","@id":"https:\/\/futbolhoy.co\/#\/schema\/person\/c4a353a512b127643723a34bb1812f7d"},"headline":"Morelos suena para ser \u2018colchonero\u2019","datePublished":"2020-03-21T15:05:33+00:00","dateModified":"2020-03-22T15:52:44+00:00","mainEntityOfPage":{"@id":"https:\/\/futbolhoy.co\/index.php\/2020\/03\/21\/morelos-suena-para-ser-colchonero\/"},"wordCount":147,"commentCount":0,"publisher":{"@id":"https:\/\/futbolhoy.co\/#organization"},"image":{"@id":"https:\/\/futbolhoy.co\/index.php\/2020\/03\/21\/morelos-suena-para-ser-colchonero\/#primaryimage"},"thumbnailUrl":"https:\/\/futbolhoy.co\/wp-content\/uploads\/2019\/11\/EIzStIKXsAYo9HX.jpg","keywords":["Alfredo Morelos","Atl\u00e9tico Madrid"],"articleSection":["Colombia"],"inLanguage":"es","potentialAction":[{"@type":"CommentAction","name":"Comment","target":["https:\/\/futbolhoy.co\/index.php\/2020\/03\/21\/morelos-suena-para-ser-colchonero\/#respond"]}]},{"@type":"WebPage","@id":"https:\/\/futbolhoy.co\/index.php\/2020\/03\/21\/morelos-suena-para-ser-colchonero\/","url":"https:\/\/futbolhoy.co\/index.php\/2020\/03\/21\/morelos-suena-para-ser-colchonero\/","name":"Morelos suena para ser \u2018colchonero\u2019 -","isPartOf":{"@id":"https:\/\/futbolhoy.co\/#website"},"primaryImageOfPage":{"@id":"https:\/\/futbolhoy.co\/index.php\/2020\/03\/21\/morelos-suena-para-ser-colchonero\/#primaryimage"},"image":{"@id":"https:\/\/futbolhoy.co\/index.php\/2020\/03\/21\/morelos-suena-para-ser-colchonero\/#primaryimage"},"thumbnailUrl":"https:\/\/futbolhoy.co\/wp-content\/uploads\/2019\/11\/EIzStIKXsAYo9HX.jpg","datePublished":"2020-03-21T15:05:33+00:00","dateModified":"2020-03-22T15:52:44+00:00","breadcrumb":{"@id":"https:\/\/futbolhoy.co\/index.php\/2020\/03\/21\/morelos-suena-para-ser-colchonero\/#breadcrumb"},"inLanguage":"es","potentialAction":[{"@type":"ReadAction","target":["https:\/\/futbolhoy.co\/index.php\/2020\/03\/21\/morelos-suena-para-ser-colchonero\/"]}]},{"@type":"ImageObject","inLanguage":"es","@id":"https:\/\/futbolhoy.co\/index.php\/2020\/03\/21\/morelos-suena-para-ser-colchonero\/#primaryimage","url":"https:\/\/futbolhoy.co\/wp-content\/uploads\/2019\/11\/EIzStIKXsAYo9HX.jpg","contentUrl":"https:\/\/futbolhoy.co\/wp-content\/uploads\/2019\/11\/EIzStIKXsAYo9HX.jpg","width":680,"height":452,"caption":"Foto Twitter @RangersFC"},{"@type":"BreadcrumbList","@id":"https:\/\/futbolhoy.co\/index.php\/2020\/03\/21\/morelos-suena-para-ser-colchonero\/#breadcrumb","itemListElement":[{"@type":"ListItem","position":1,"name":"Portada","item":"https:\/\/futbolhoy.co\/"},{"@type":"ListItem","position":2,"name":"Morelos suena para ser \u2018colchonero\u2019"}]},{"@type":"WebSite","@id":"https:\/\/futbolhoy.co\/#website","url":"https:\/\/futbolhoy.co\/","name":"FutbolHoy","description":"","publisher":{"@id":"https:\/\/futbolhoy.co\/#organization"},"potentialAction":[{"@type":"SearchAction","target":{"@type":"EntryPoint","urlTemplate":"https:\/\/futbolhoy.co\/?s={search_term_string}"},"query-input":{"@type":"PropertyValueSpecification","valueRequired":true,"valueName":"search_term_string"}}],"inLanguage":"es"},{"@type":"Organization","@id":"https:\/\/futbolhoy.co\/#organization","name":"Futbolhoy.co","url":"https:\/\/futbolhoy.co\/","logo":{"@type":"ImageObject","inLanguage":"es","@id":"https:\/\/futbolhoy.co\/#\/schema\/logo\/image\/","url":"https:\/\/futbolhoy.co\/wp-content\/uploads\/2018\/08\/17426380_1906371736249227_6326180412931521141_n.jpg","contentUrl":"https:\/\/futbolhoy.co\/wp-content\/uploads\/2018\/08\/17426380_1906371736249227_6326180412931521141_n.jpg","width":960,"height":960,"caption":"Futbolhoy.co"},"image":{"@id":"https:\/\/futbolhoy.co\/#\/schema\/logo\/image\/"},"sameAs":["https:\/\/www.facebook.com\/FutbolHoyCol\/","https:\/\/x.com\/FutbolHoyCol","https:\/\/www.instagram.com\/futbolhoycol\/"]},{"@type":"Person","@id":"https:\/\/futbolhoy.co\/#\/schema\/person\/c4a353a512b127643723a34bb1812f7d","name":"Laura Hern\u00e1ndez","image":{"@type":"ImageObject","inLanguage":"es","@id":"https:\/\/futbolhoy.co\/#\/schema\/person\/image\/","url":"https:\/\/secure.gravatar.com\/avatar\/d25959a15b9b293a743f99181c7cfd01?s=96&d=mm&r=g","contentUrl":"https:\/\/secure.gravatar.com\/avatar\/d25959a15b9b293a743f99181c7cfd01?s=96&d=mm&r=g","caption":"Laura Hern\u00e1ndez"}}]}},"publishpress_future_action":{"enabled":false,"date":"2026-05-03 18:57:42","action":"change-status","newStatus":"draft","terms":[],"taxonomy":"category","extraData":[]},"publishpress_future_workflow_manual_trigger":{"enabledWorkflows":[]},"_links":{"self":[{"href":"https:\/\/futbolhoy.co\/index.php\/wp-json\/wp\/v2\/posts\/49223","targetHints":{"allow":["GET"]}}],"collection":[{"href":"https:\/\/futbolhoy.co\/index.php\/wp-json\/wp\/v2\/posts"}],"about":[{"href":"https:\/\/futbolhoy.co\/index.php\/wp-json\/wp\/v2\/types\/post"}],"author":[{"embeddable":true,"href":"https:\/\/futbolhoy.co\/index.php\/wp-json\/wp\/v2\/users\/5"}],"replies":[{"embeddable":true,"href":"https:\/\/futbolhoy.co\/index.php\/wp-json\/wp\/v2\/comments?post=49223"}],"version-history":[{"count":1,"href":"https:\/\/futbolhoy.co\/index.php\/wp-json\/wp\/v2\/posts\/49223\/revisions"}],"predecessor-version":[{"id":49224,"href":"https:\/\/futbolhoy.co\/index.php\/wp-json\/wp\/v2\/posts\/49223\/revisions\/49224"}],"wp:featuredmedia":[{"embeddable":true,"href":"https:\/\/futbolhoy.co\/index.php\/wp-json\/wp\/v2\/media\/43364"}],"wp:attachment":[{"href":"https:\/\/futbolhoy.co\/index.php\/wp-json\/wp\/v2\/media?parent=49223"}],"wp:term":[{"taxonomy":"category","embeddable":true,"href":"https:\/\/futbolhoy.co\/index.php\/wp-json\/wp\/v2\/categories?post=49223"},{"taxonomy":"post_tag","embeddable":true,"href":"https:\/\/futbolhoy.co\/index.php\/wp-json\/wp\/v2\/tags?post=49223"}],"curies":[{"name":"wp","href":"https:\/\/api.w.org\/{rel}","templated":true}]}}