{"id":49227,"date":"2020-03-21T20:09:53","date_gmt":"2020-03-22T01:09:53","guid":{"rendered":"https:\/\/futbolhoy.co\/?p=49227"},"modified":"2020-03-22T11:08:32","modified_gmt":"2020-03-22T16:08:32","slug":"espana-pidio-aplazar-los-jjoo-tokio-2020","status":"publish","type":"post","link":"https:\/\/futbolhoy.co\/index.php\/2020\/03\/21\/espana-pidio-aplazar-los-jjoo-tokio-2020\/","title":{"rendered":"Espa\u00f1a pidi\u00f3 aplazar los JJOO Tokio 2020"},"content":{"rendered":"<p style=\"text-align: justify;\"><span style=\"font-family: helvetica, arial, sans-serif;\">La\u00a0<b>Real Federaci\u00f3n Espa\u00f1ola de F\u00fatbol<\/b>, liderada por su presidente\u00a0<b>Luis Rubiales<\/b>, solicit\u00f3 a\u00a0<b>Juan Antonio Samaranch<\/b>, primer vicepresidente del\u00a0<b>Comit\u00e9 Ol\u00edmpico Internacional<\/b>, el aplazamiento de los\u00a0<b>Juegos Ol\u00edmpicos Tokio 2020<\/b>, previstos del 24 de julio al 9 de agosto.<\/span><\/p>\n<p style=\"text-align: justify;\"><span style=\"font-family: helvetica, arial, sans-serif;\">\"Lo hizo en la reuni\u00f3n celebrada junto a otras federaciones deportivas espa\u00f1olas y a la que fue convocado por el presidente del\u00a0<b>COE<\/b>,\u00a0<b>Alejandro Blanco<\/b>. El presidente del f\u00fatbol espa\u00f1ol pidi\u00f3 que se centren todos los esfuerzos en apoyar a nuestra Administraci\u00f3n en la lucha contra el\u00a0<i>COVID-19<\/i>. En estos momentos, la salud debe prevalecer por encima de cualquier otra cuesti\u00f3n y debemos de estar al lado de nuestro Gobierno\", se\u00f1al\u00f3 el comunicado.<\/span><\/p>\n<p style=\"text-align: justify;\"><span style=\"font-family: helvetica, arial, sans-serif;\">La\u00a0<b>RFEF<\/b>\u00a0agreg\u00f3: \"El deporte es nuestra raz\u00f3n de ser, pero ahora debe quedar en un segundo plano. Seguimos trabajando para el f\u00fatbol y en soluciones para este sector, sin embargo, ahora el deber como espa\u00f1oles es mantenernos unidos y dejar suspendidas todas las pruebas deportivas, como desde el primer momento se hizo por parte de esta Federaci\u00f3n en cuanto a aquellas competiciones sobre las que tiene competencia\".<\/span><\/p>\n<p style=\"text-align: justify;\"><span style=\"font-family: helvetica, arial, sans-serif;\">\"Mostramos nuestro dolor por las v\u00edctimas de esta pandemia, nuestro p\u00e9same a los familiares, nuestro aliento para los sanitarios y Fuerzas y Cuerpos de Seguridad del Estado y todos aquellos que est\u00e1n manteniendo los servicios de la ciudadan\u00eda, a la vez que quedamos a disposici\u00f3n de las autoridades y nos ofrecemos para colaborar en todo aquello que se considere\", concluy\u00f3.<\/span><\/p>\n<p style=\"text-align: justify;\"><span style=\"font-family: helvetica, arial, sans-serif;\">Este mismo s\u00e1bado tambi\u00e9n solicit\u00f3 el aplazamiento de los Juegos la\u00a0<b>Real Federaci\u00f3n Espa\u00f1ola de Atletismo<\/b>, as\u00ed como los comit\u00e9s ol\u00edmpicos de\u00a0<b>Estados Unidos<\/b>,\u00a0<b>Brasil<\/b>,\u00a0<b>Noruega<\/b>.<\/span><\/p>\n","protected":false},"excerpt":{"rendered":"<p>La\u00a0Real Federaci\u00f3n Espa\u00f1ola de F\u00fatbol, liderada por su presidente\u00a0Luis Rubiales, solicit\u00f3 a\u00a0Juan Antonio Samaranch, primer vicepresidente del\u00a0Comit\u00e9 Ol\u00edmpico Internacional, el aplazamiento de los\u00a0Juegos Ol\u00edmpicos Tokio 2020, previstos del 24 de julio al 9 de agosto. \"Lo hizo en la reuni\u00f3n celebrada junto a otras federaciones deportivas espa\u00f1olas y a la que fue convocado por el [&hellip;]<\/p>\n","protected":false},"author":5,"featured_media":49233,"comment_status":"open","ping_status":"open","sticky":false,"template":"","format":"standard","meta":{"_acf_changed":false,"footnotes":""},"categories":[152],"tags":[],"class_list":{"0":"post-49227","1":"post","2":"type-post","3":"status-publish","4":"format-standard","5":"has-post-thumbnail","7":"category-mundo-futbol"},"acf":[],"yoast_head":"<!-- This site is optimized with the Yoast SEO plugin v26.8 - https:\/\/yoast.com\/product\/yoast-seo-wordpress\/ -->\n<title>Espa\u00f1a pidi\u00f3 aplazar los JJOO Tokio 2020 -<\/title>\n<meta name=\"robots\" content=\"index, follow, max-snippet:-1, max-image-preview:large, max-video-preview:-1\" \/>\n<link rel=\"canonical\" href=\"https:\/\/futbolhoy.co\/index.php\/2020\/03\/21\/espana-pidio-aplazar-los-jjoo-tokio-2020\/\" \/>\n<meta property=\"og:locale\" content=\"es_ES\" \/>\n<meta property=\"og:type\" content=\"article\" \/>\n<meta property=\"og:title\" content=\"Espa\u00f1a pidi\u00f3 aplazar los JJOO Tokio 2020 -\" \/>\n<meta property=\"og:description\" content=\"La\u00a0Real Federaci\u00f3n Espa\u00f1ola de F\u00fatbol, liderada por su presidente\u00a0Luis Rubiales, solicit\u00f3 a\u00a0Juan Antonio Samaranch, primer vicepresidente del\u00a0Comit\u00e9 Ol\u00edmpico Internacional, el aplazamiento de los\u00a0Juegos Ol\u00edmpicos Tokio 2020, previstos del 24 de julio al 9 de agosto. &quot;Lo hizo en la reuni\u00f3n celebrada junto a otras federaciones deportivas espa\u00f1olas y a la que fue convocado por el [&hellip;]\" \/>\n<meta property=\"og:url\" content=\"https:\/\/futbolhoy.co\/index.php\/2020\/03\/21\/espana-pidio-aplazar-los-jjoo-tokio-2020\/\" \/>\n<meta property=\"article:publisher\" content=\"https:\/\/www.facebook.com\/FutbolHoyCol\/\" \/>\n<meta property=\"article:published_time\" content=\"2020-03-22T01:09:53+00:00\" \/>\n<meta property=\"article:modified_time\" content=\"2020-03-22T16:08:32+00:00\" \/>\n<meta property=\"og:image\" content=\"https:\/\/futbolhoy.co\/wp-content\/uploads\/2020\/03\/IMG_20200321_212522-scaled.jpg\" \/>\n\t<meta property=\"og:image:width\" content=\"2560\" \/>\n\t<meta property=\"og:image:height\" content=\"1707\" \/>\n\t<meta property=\"og:image:type\" content=\"image\/jpeg\" \/>\n<meta name=\"author\" content=\"Laura Hern\u00e1ndez\" \/>\n<meta name=\"twitter:card\" content=\"summary_large_image\" \/>\n<meta name=\"twitter:creator\" content=\"@FutbolHoyCol\" \/>\n<meta name=\"twitter:site\" content=\"@FutbolHoyCol\" \/>\n<meta name=\"twitter:label1\" content=\"Escrito por\" \/>\n\t<meta name=\"twitter:data1\" content=\"Laura Hern\u00e1ndez\" \/>\n\t<meta name=\"twitter:label2\" content=\"Tiempo de lectura\" \/>\n\t<meta name=\"twitter:data2\" content=\"1 minuto\" \/>\n<script type=\"application\/ld+json\" class=\"yoast-schema-graph\">{\"@context\":\"https:\/\/schema.org\",\"@graph\":[{\"@type\":\"Article\",\"@id\":\"https:\/\/futbolhoy.co\/index.php\/2020\/03\/21\/espana-pidio-aplazar-los-jjoo-tokio-2020\/#article\",\"isPartOf\":{\"@id\":\"https:\/\/futbolhoy.co\/index.php\/2020\/03\/21\/espana-pidio-aplazar-los-jjoo-tokio-2020\/\"},\"author\":{\"name\":\"Laura Hern\u00e1ndez\",\"@id\":\"https:\/\/futbolhoy.co\/#\/schema\/person\/c4a353a512b127643723a34bb1812f7d\"},\"headline\":\"Espa\u00f1a pidi\u00f3 aplazar los JJOO Tokio 2020\",\"datePublished\":\"2020-03-22T01:09:53+00:00\",\"dateModified\":\"2020-03-22T16:08:32+00:00\",\"mainEntityOfPage\":{\"@id\":\"https:\/\/futbolhoy.co\/index.php\/2020\/03\/21\/espana-pidio-aplazar-los-jjoo-tokio-2020\/\"},\"wordCount\":298,\"commentCount\":0,\"publisher\":{\"@id\":\"https:\/\/futbolhoy.co\/#organization\"},\"image\":{\"@id\":\"https:\/\/futbolhoy.co\/index.php\/2020\/03\/21\/espana-pidio-aplazar-los-jjoo-tokio-2020\/#primaryimage\"},\"thumbnailUrl\":\"https:\/\/futbolhoy.co\/wp-content\/uploads\/2020\/03\/IMG_20200321_212522-scaled.jpg\",\"articleSection\":[\"Mundo Futbol\"],\"inLanguage\":\"es\",\"potentialAction\":[{\"@type\":\"CommentAction\",\"name\":\"Comment\",\"target\":[\"https:\/\/futbolhoy.co\/index.php\/2020\/03\/21\/espana-pidio-aplazar-los-jjoo-tokio-2020\/#respond\"]}]},{\"@type\":\"WebPage\",\"@id\":\"https:\/\/futbolhoy.co\/index.php\/2020\/03\/21\/espana-pidio-aplazar-los-jjoo-tokio-2020\/\",\"url\":\"https:\/\/futbolhoy.co\/index.php\/2020\/03\/21\/espana-pidio-aplazar-los-jjoo-tokio-2020\/\",\"name\":\"Espa\u00f1a pidi\u00f3 aplazar los JJOO Tokio 2020 -\",\"isPartOf\":{\"@id\":\"https:\/\/futbolhoy.co\/#website\"},\"primaryImageOfPage\":{\"@id\":\"https:\/\/futbolhoy.co\/index.php\/2020\/03\/21\/espana-pidio-aplazar-los-jjoo-tokio-2020\/#primaryimage\"},\"image\":{\"@id\":\"https:\/\/futbolhoy.co\/index.php\/2020\/03\/21\/espana-pidio-aplazar-los-jjoo-tokio-2020\/#primaryimage\"},\"thumbnailUrl\":\"https:\/\/futbolhoy.co\/wp-content\/uploads\/2020\/03\/IMG_20200321_212522-scaled.jpg\",\"datePublished\":\"2020-03-22T01:09:53+00:00\",\"dateModified\":\"2020-03-22T16:08:32+00:00\",\"breadcrumb\":{\"@id\":\"https:\/\/futbolhoy.co\/index.php\/2020\/03\/21\/espana-pidio-aplazar-los-jjoo-tokio-2020\/#breadcrumb\"},\"inLanguage\":\"es\",\"potentialAction\":[{\"@type\":\"ReadAction\",\"target\":[\"https:\/\/futbolhoy.co\/index.php\/2020\/03\/21\/espana-pidio-aplazar-los-jjoo-tokio-2020\/\"]}]},{\"@type\":\"ImageObject\",\"inLanguage\":\"es\",\"@id\":\"https:\/\/futbolhoy.co\/index.php\/2020\/03\/21\/espana-pidio-aplazar-los-jjoo-tokio-2020\/#primaryimage\",\"url\":\"https:\/\/futbolhoy.co\/wp-content\/uploads\/2020\/03\/IMG_20200321_212522-scaled.jpg\",\"contentUrl\":\"https:\/\/futbolhoy.co\/wp-content\/uploads\/2020\/03\/IMG_20200321_212522-scaled.jpg\",\"width\":2560,\"height\":1707},{\"@type\":\"BreadcrumbList\",\"@id\":\"https:\/\/futbolhoy.co\/index.php\/2020\/03\/21\/espana-pidio-aplazar-los-jjoo-tokio-2020\/#breadcrumb\",\"itemListElement\":[{\"@type\":\"ListItem\",\"position\":1,\"name\":\"Portada\",\"item\":\"https:\/\/futbolhoy.co\/\"},{\"@type\":\"ListItem\",\"position\":2,\"name\":\"Espa\u00f1a pidi\u00f3 aplazar los JJOO Tokio 2020\"}]},{\"@type\":\"WebSite\",\"@id\":\"https:\/\/futbolhoy.co\/#website\",\"url\":\"https:\/\/futbolhoy.co\/\",\"name\":\"FutbolHoy\",\"description\":\"\",\"publisher\":{\"@id\":\"https:\/\/futbolhoy.co\/#organization\"},\"potentialAction\":[{\"@type\":\"SearchAction\",\"target\":{\"@type\":\"EntryPoint\",\"urlTemplate\":\"https:\/\/futbolhoy.co\/?s={search_term_string}\"},\"query-input\":{\"@type\":\"PropertyValueSpecification\",\"valueRequired\":true,\"valueName\":\"search_term_string\"}}],\"inLanguage\":\"es\"},{\"@type\":\"Organization\",\"@id\":\"https:\/\/futbolhoy.co\/#organization\",\"name\":\"Futbolhoy.co\",\"url\":\"https:\/\/futbolhoy.co\/\",\"logo\":{\"@type\":\"ImageObject\",\"inLanguage\":\"es\",\"@id\":\"https:\/\/futbolhoy.co\/#\/schema\/logo\/image\/\",\"url\":\"https:\/\/futbolhoy.co\/wp-content\/uploads\/2018\/08\/17426380_1906371736249227_6326180412931521141_n.jpg\",\"contentUrl\":\"https:\/\/futbolhoy.co\/wp-content\/uploads\/2018\/08\/17426380_1906371736249227_6326180412931521141_n.jpg\",\"width\":960,\"height\":960,\"caption\":\"Futbolhoy.co\"},\"image\":{\"@id\":\"https:\/\/futbolhoy.co\/#\/schema\/logo\/image\/\"},\"sameAs\":[\"https:\/\/www.facebook.com\/FutbolHoyCol\/\",\"https:\/\/x.com\/FutbolHoyCol\",\"https:\/\/www.instagram.com\/futbolhoycol\/\"]},{\"@type\":\"Person\",\"@id\":\"https:\/\/futbolhoy.co\/#\/schema\/person\/c4a353a512b127643723a34bb1812f7d\",\"name\":\"Laura Hern\u00e1ndez\",\"image\":{\"@type\":\"ImageObject\",\"inLanguage\":\"es\",\"@id\":\"https:\/\/futbolhoy.co\/#\/schema\/person\/image\/\",\"url\":\"https:\/\/secure.gravatar.com\/avatar\/d25959a15b9b293a743f99181c7cfd01?s=96&d=mm&r=g\",\"contentUrl\":\"https:\/\/secure.gravatar.com\/avatar\/d25959a15b9b293a743f99181c7cfd01?s=96&d=mm&r=g\",\"caption\":\"Laura Hern\u00e1ndez\"}}]}<\/script>\n<!-- \/ Yoast SEO plugin. -->","yoast_head_json":{"title":"Espa\u00f1a pidi\u00f3 aplazar los JJOO Tokio 2020 -","robots":{"index":"index","follow":"follow","max-snippet":"max-snippet:-1","max-image-preview":"max-image-preview:large","max-video-preview":"max-video-preview:-1"},"canonical":"https:\/\/futbolhoy.co\/index.php\/2020\/03\/21\/espana-pidio-aplazar-los-jjoo-tokio-2020\/","og_locale":"es_ES","og_type":"article","og_title":"Espa\u00f1a pidi\u00f3 aplazar los JJOO Tokio 2020 -","og_description":"La\u00a0Real Federaci\u00f3n Espa\u00f1ola de F\u00fatbol, liderada por su presidente\u00a0Luis Rubiales, solicit\u00f3 a\u00a0Juan Antonio Samaranch, primer vicepresidente del\u00a0Comit\u00e9 Ol\u00edmpico Internacional, el aplazamiento de los\u00a0Juegos Ol\u00edmpicos Tokio 2020, previstos del 24 de julio al 9 de agosto. \"Lo hizo en la reuni\u00f3n celebrada junto a otras federaciones deportivas espa\u00f1olas y a la que fue convocado por el [&hellip;]","og_url":"https:\/\/futbolhoy.co\/index.php\/2020\/03\/21\/espana-pidio-aplazar-los-jjoo-tokio-2020\/","article_publisher":"https:\/\/www.facebook.com\/FutbolHoyCol\/","article_published_time":"2020-03-22T01:09:53+00:00","article_modified_time":"2020-03-22T16:08:32+00:00","og_image":[{"width":2560,"height":1707,"url":"https:\/\/futbolhoy.co\/wp-content\/uploads\/2020\/03\/IMG_20200321_212522-scaled.jpg","type":"image\/jpeg"}],"author":"Laura Hern\u00e1ndez","twitter_card":"summary_large_image","twitter_creator":"@FutbolHoyCol","twitter_site":"@FutbolHoyCol","twitter_misc":{"Escrito por":"Laura Hern\u00e1ndez","Tiempo de lectura":"1 minuto"},"schema":{"@context":"https:\/\/schema.org","@graph":[{"@type":"Article","@id":"https:\/\/futbolhoy.co\/index.php\/2020\/03\/21\/espana-pidio-aplazar-los-jjoo-tokio-2020\/#article","isPartOf":{"@id":"https:\/\/futbolhoy.co\/index.php\/2020\/03\/21\/espana-pidio-aplazar-los-jjoo-tokio-2020\/"},"author":{"name":"Laura Hern\u00e1ndez","@id":"https:\/\/futbolhoy.co\/#\/schema\/person\/c4a353a512b127643723a34bb1812f7d"},"headline":"Espa\u00f1a pidi\u00f3 aplazar los JJOO Tokio 2020","datePublished":"2020-03-22T01:09:53+00:00","dateModified":"2020-03-22T16:08:32+00:00","mainEntityOfPage":{"@id":"https:\/\/futbolhoy.co\/index.php\/2020\/03\/21\/espana-pidio-aplazar-los-jjoo-tokio-2020\/"},"wordCount":298,"commentCount":0,"publisher":{"@id":"https:\/\/futbolhoy.co\/#organization"},"image":{"@id":"https:\/\/futbolhoy.co\/index.php\/2020\/03\/21\/espana-pidio-aplazar-los-jjoo-tokio-2020\/#primaryimage"},"thumbnailUrl":"https:\/\/futbolhoy.co\/wp-content\/uploads\/2020\/03\/IMG_20200321_212522-scaled.jpg","articleSection":["Mundo Futbol"],"inLanguage":"es","potentialAction":[{"@type":"CommentAction","name":"Comment","target":["https:\/\/futbolhoy.co\/index.php\/2020\/03\/21\/espana-pidio-aplazar-los-jjoo-tokio-2020\/#respond"]}]},{"@type":"WebPage","@id":"https:\/\/futbolhoy.co\/index.php\/2020\/03\/21\/espana-pidio-aplazar-los-jjoo-tokio-2020\/","url":"https:\/\/futbolhoy.co\/index.php\/2020\/03\/21\/espana-pidio-aplazar-los-jjoo-tokio-2020\/","name":"Espa\u00f1a pidi\u00f3 aplazar los JJOO Tokio 2020 -","isPartOf":{"@id":"https:\/\/futbolhoy.co\/#website"},"primaryImageOfPage":{"@id":"https:\/\/futbolhoy.co\/index.php\/2020\/03\/21\/espana-pidio-aplazar-los-jjoo-tokio-2020\/#primaryimage"},"image":{"@id":"https:\/\/futbolhoy.co\/index.php\/2020\/03\/21\/espana-pidio-aplazar-los-jjoo-tokio-2020\/#primaryimage"},"thumbnailUrl":"https:\/\/futbolhoy.co\/wp-content\/uploads\/2020\/03\/IMG_20200321_212522-scaled.jpg","datePublished":"2020-03-22T01:09:53+00:00","dateModified":"2020-03-22T16:08:32+00:00","breadcrumb":{"@id":"https:\/\/futbolhoy.co\/index.php\/2020\/03\/21\/espana-pidio-aplazar-los-jjoo-tokio-2020\/#breadcrumb"},"inLanguage":"es","potentialAction":[{"@type":"ReadAction","target":["https:\/\/futbolhoy.co\/index.php\/2020\/03\/21\/espana-pidio-aplazar-los-jjoo-tokio-2020\/"]}]},{"@type":"ImageObject","inLanguage":"es","@id":"https:\/\/futbolhoy.co\/index.php\/2020\/03\/21\/espana-pidio-aplazar-los-jjoo-tokio-2020\/#primaryimage","url":"https:\/\/futbolhoy.co\/wp-content\/uploads\/2020\/03\/IMG_20200321_212522-scaled.jpg","contentUrl":"https:\/\/futbolhoy.co\/wp-content\/uploads\/2020\/03\/IMG_20200321_212522-scaled.jpg","width":2560,"height":1707},{"@type":"BreadcrumbList","@id":"https:\/\/futbolhoy.co\/index.php\/2020\/03\/21\/espana-pidio-aplazar-los-jjoo-tokio-2020\/#breadcrumb","itemListElement":[{"@type":"ListItem","position":1,"name":"Portada","item":"https:\/\/futbolhoy.co\/"},{"@type":"ListItem","position":2,"name":"Espa\u00f1a pidi\u00f3 aplazar los JJOO Tokio 2020"}]},{"@type":"WebSite","@id":"https:\/\/futbolhoy.co\/#website","url":"https:\/\/futbolhoy.co\/","name":"FutbolHoy","description":"","publisher":{"@id":"https:\/\/futbolhoy.co\/#organization"},"potentialAction":[{"@type":"SearchAction","target":{"@type":"EntryPoint","urlTemplate":"https:\/\/futbolhoy.co\/?s={search_term_string}"},"query-input":{"@type":"PropertyValueSpecification","valueRequired":true,"valueName":"search_term_string"}}],"inLanguage":"es"},{"@type":"Organization","@id":"https:\/\/futbolhoy.co\/#organization","name":"Futbolhoy.co","url":"https:\/\/futbolhoy.co\/","logo":{"@type":"ImageObject","inLanguage":"es","@id":"https:\/\/futbolhoy.co\/#\/schema\/logo\/image\/","url":"https:\/\/futbolhoy.co\/wp-content\/uploads\/2018\/08\/17426380_1906371736249227_6326180412931521141_n.jpg","contentUrl":"https:\/\/futbolhoy.co\/wp-content\/uploads\/2018\/08\/17426380_1906371736249227_6326180412931521141_n.jpg","width":960,"height":960,"caption":"Futbolhoy.co"},"image":{"@id":"https:\/\/futbolhoy.co\/#\/schema\/logo\/image\/"},"sameAs":["https:\/\/www.facebook.com\/FutbolHoyCol\/","https:\/\/x.com\/FutbolHoyCol","https:\/\/www.instagram.com\/futbolhoycol\/"]},{"@type":"Person","@id":"https:\/\/futbolhoy.co\/#\/schema\/person\/c4a353a512b127643723a34bb1812f7d","name":"Laura Hern\u00e1ndez","image":{"@type":"ImageObject","inLanguage":"es","@id":"https:\/\/futbolhoy.co\/#\/schema\/person\/image\/","url":"https:\/\/secure.gravatar.com\/avatar\/d25959a15b9b293a743f99181c7cfd01?s=96&d=mm&r=g","contentUrl":"https:\/\/secure.gravatar.com\/avatar\/d25959a15b9b293a743f99181c7cfd01?s=96&d=mm&r=g","caption":"Laura Hern\u00e1ndez"}}]}},"publishpress_future_action":{"enabled":false,"date":"2026-05-03 13:35:28","action":"change-status","newStatus":"draft","terms":[],"taxonomy":"category","extraData":[]},"publishpress_future_workflow_manual_trigger":{"enabledWorkflows":[]},"_links":{"self":[{"href":"https:\/\/futbolhoy.co\/index.php\/wp-json\/wp\/v2\/posts\/49227","targetHints":{"allow":["GET"]}}],"collection":[{"href":"https:\/\/futbolhoy.co\/index.php\/wp-json\/wp\/v2\/posts"}],"about":[{"href":"https:\/\/futbolhoy.co\/index.php\/wp-json\/wp\/v2\/types\/post"}],"author":[{"embeddable":true,"href":"https:\/\/futbolhoy.co\/index.php\/wp-json\/wp\/v2\/users\/5"}],"replies":[{"embeddable":true,"href":"https:\/\/futbolhoy.co\/index.php\/wp-json\/wp\/v2\/comments?post=49227"}],"version-history":[{"count":1,"href":"https:\/\/futbolhoy.co\/index.php\/wp-json\/wp\/v2\/posts\/49227\/revisions"}],"predecessor-version":[{"id":49234,"href":"https:\/\/futbolhoy.co\/index.php\/wp-json\/wp\/v2\/posts\/49227\/revisions\/49234"}],"wp:featuredmedia":[{"embeddable":true,"href":"https:\/\/futbolhoy.co\/index.php\/wp-json\/wp\/v2\/media\/49233"}],"wp:attachment":[{"href":"https:\/\/futbolhoy.co\/index.php\/wp-json\/wp\/v2\/media?parent=49227"}],"wp:term":[{"taxonomy":"category","embeddable":true,"href":"https:\/\/futbolhoy.co\/index.php\/wp-json\/wp\/v2\/categories?post=49227"},{"taxonomy":"post_tag","embeddable":true,"href":"https:\/\/futbolhoy.co\/index.php\/wp-json\/wp\/v2\/tags?post=49227"}],"curies":[{"name":"wp","href":"https:\/\/api.w.org\/{rel}","templated":true}]}}