{"id":4929,"date":"2017-09-11T19:48:56","date_gmt":"2017-09-12T00:48:56","guid":{"rendered":"http:\/\/futbolhoy.co\/?p=4929"},"modified":"2017-09-19T10:19:28","modified_gmt":"2017-09-19T15:19:28","slug":"colombia-se-prepara-para-el-mundial-sub-17","status":"publish","type":"post","link":"https:\/\/futbolhoy.co\/index.php\/2017\/09\/11\/colombia-se-prepara-para-el-mundial-sub-17\/","title":{"rendered":"Colombia se prepara para el Mundial sub 17"},"content":{"rendered":"<p style=\"text-align: justify;\">El seleccionado nacional contar\u00e1 con dos amistosos de preparaci\u00f3n, pensando en lo que ser\u00e1 su participaci\u00f3n en el Mundial sub 17 en la India.<\/p>\n<p style=\"text-align: justify;\"><!--more--><\/p>\n<p style=\"text-align: justify;\"><span style=\"font-weight: 400;\">La selecci\u00f3n Colombia sub 17, que dirige el t\u00e9cnico Orlando Restrepo, iniciar\u00e1 este lunes con 21 jugadores su \u00faltimo ciclo de preparaci\u00f3n de cara al Mundial de la India, programado del 6 al 28 de octubre.<\/span><\/p>\n<p style=\"text-align: justify;\"><span style=\"font-weight: 400;\">El equipo trabajar\u00e1 en la sede deportiva de la Federaci\u00f3n en Bogot\u00e1 y de no ocurrir nada extraordinario ese ser\u00e1 el grupo definitivo para competir en el campeonato del mundo; ya que el volante nari\u00f1ense Deiver Caicedo del Deportivo Cali, con molestias f\u00edsicas, ser\u00eda el \u00fanico que podr\u00eda ingresar al grupo viajero.<\/span><\/p>\n<p style=\"text-align: justify;\"><span style=\"font-weight: 400;\">El 18 de este mes Colombia jugar\u00e1 un \u00faltimo partido de preparaci\u00f3n en el pa\u00eds; mientras que el 25 se enfrentar\u00e1 a Nueva Zelanda en Nueva Delhi.<\/span><\/p>\n","protected":false},"excerpt":{"rendered":"<p>El seleccionado nacional contar\u00e1 con dos amistosos de preparaci\u00f3n, pensando en lo que ser\u00e1 su participaci\u00f3n en el Mundial sub 17 en la India.<\/p>\n","protected":false},"author":4,"featured_media":4932,"comment_status":"open","ping_status":"closed","sticky":false,"template":"","format":"standard","meta":{"_acf_changed":false,"footnotes":""},"categories":[153],"tags":[],"class_list":{"0":"post-4929","1":"post","2":"type-post","3":"status-publish","4":"format-standard","5":"has-post-thumbnail","7":"category-selecion-colombia"},"acf":[],"_links":{"self":[{"href":"https:\/\/futbolhoy.co\/index.php\/wp-json\/wp\/v2\/posts\/4929","targetHints":{"allow":["GET"]}}],"collection":[{"href":"https:\/\/futbolhoy.co\/index.php\/wp-json\/wp\/v2\/posts"}],"about":[{"href":"https:\/\/futbolhoy.co\/index.php\/wp-json\/wp\/v2\/types\/post"}],"author":[{"embeddable":true,"href":"https:\/\/futbolhoy.co\/index.php\/wp-json\/wp\/v2\/users\/4"}],"replies":[{"embeddable":true,"href":"https:\/\/futbolhoy.co\/index.php\/wp-json\/wp\/v2\/comments?post=4929"}],"version-history":[{"count":1,"href":"https:\/\/futbolhoy.co\/index.php\/wp-json\/wp\/v2\/posts\/4929\/revisions"}],"predecessor-version":[{"id":4933,"href":"https:\/\/futbolhoy.co\/index.php\/wp-json\/wp\/v2\/posts\/4929\/revisions\/4933"}],"wp:featuredmedia":[{"embeddable":true,"href":"https:\/\/futbolhoy.co\/index.php\/wp-json\/wp\/v2\/media\/4932"}],"wp:attachment":[{"href":"https:\/\/futbolhoy.co\/index.php\/wp-json\/wp\/v2\/media?parent=4929"}],"wp:term":[{"taxonomy":"category","embeddable":true,"href":"https:\/\/futbolhoy.co\/index.php\/wp-json\/wp\/v2\/categories?post=4929"},{"taxonomy":"post_tag","embeddable":true,"href":"https:\/\/futbolhoy.co\/index.php\/wp-json\/wp\/v2\/tags?post=4929"}],"curies":[{"name":"wp","href":"https:\/\/api.w.org\/{rel}","templated":true}]}}