{"id":49345,"date":"2020-03-26T18:28:54","date_gmt":"2020-03-26T23:28:54","guid":{"rendered":"https:\/\/futbolhoy.co\/?p=49345"},"modified":"2020-03-27T17:49:45","modified_gmt":"2020-03-27T22:49:45","slug":"barcelona-aprobo-reduccion-de-salarios","status":"publish","type":"post","link":"https:\/\/futbolhoy.co\/index.php\/2020\/03\/26\/barcelona-aprobo-reduccion-de-salarios\/","title":{"rendered":"Barcelona aprob\u00f3 reducci\u00f3n de salarios"},"content":{"rendered":"<p style=\"text-align: justify;\"><span style=\"font-family: helvetica, arial, sans-serif;\">El <strong>Barcelona<\/strong> anunci\u00f3 una reducci\u00f3n de sueldos para aliviar la situaci\u00f3n creada por la pandemia de coronavirus, que oblig\u00f3 a suspender las competencias deportivas en todo el mundo.<\/span><\/p>\n<p style=\"text-align: justify;\"><span style=\"font-family: helvetica, arial, sans-serif;\">La paralizaci\u00f3n del deporte en Espa\u00f1a\u00a0<i>\"supuso el cese de toda la actividad, deportiva y no deportiva, de nuestro club. Ante este escenario, la Junta Directiva ha decidido implementar una serie de medidas para paliar sus efectos y reducir las afectaciones econ\u00f3micas de esta crisis\"<\/i>, dice el comunicado del club.<\/span><\/p>\n<p style=\"text-align: justify;\"><span style=\"font-family: helvetica, arial, sans-serif;\">Tras una teleconferencia, la junta directiva del <strong>Bar\u00e7a<\/strong> decidi\u00f3 que todos los estamentos del club tendr\u00e1n que reducir los sueldos, como una de las forma de evitar p\u00e9rdidas millonarias por la paralizaci\u00f3n de las competencias, especialmente del f\u00fatbol.<\/span><\/p>\n<p style=\"text-align: justify;\"><span style=\"font-family: helvetica, arial, sans-serif;\"><i>\"B\u00e1sicamente se trata de una reducci\u00f3n de la jornada laboral, impuesta por las circunstancias y las medidas de protecci\u00f3n llevadas a cabo, y, como consecuencia, la reducci\u00f3n proporcional de las retribuciones previstas en los respectivos contratos\"<\/i>, agreg\u00f3 el club en su nota, sin precisar los porcentajes de esas rebajas.<\/span><\/p>\n<p style=\"text-align: justify;\"><span style=\"font-family: helvetica, arial, sans-serif;\">Los medios en Espa\u00f1a aseguran que la reducci\u00f3n estar\u00eda cercana al 70%, versi\u00f3n que no fue oficializada por la entidad deportiva.<\/span><\/p>\n<blockquote class=\"twitter-tweet\" data-width=\"550\" data-dnt=\"true\">\n<p lang=\"es\" dir=\"ltr\">\u26a0\ufe0f Atenci\u00f3n \u26a0\ufe0f<br \/>El Barcelona espa\u00f1ol tomar\u00e1 medidas de regulaci\u00f3n con sus empleados y jugadores. Establecer\u00e1 un Expediente laboral de regulaci\u00f3n de empleo d\u00f3nde se reducir\u00e1n las horas laboradas as\u00ed como los salarios.<a href=\"https:\/\/t.co\/YIGo3yhGKk\">https:\/\/t.co\/YIGo3yhGKk<\/a> <a href=\"https:\/\/t.co\/pfzh6Tsoui\">pic.twitter.com\/pfzh6Tsoui<\/a><\/p>\n<p>&mdash; F\u00fatbolHoy (@FutbolHoyCol) <a href=\"https:\/\/twitter.com\/FutbolHoyCol\/status\/1243293797804584961?ref_src=twsrc%5Etfw\">March 26, 2020<\/a><\/p><\/blockquote>\n<p><script async src=\"https:\/\/platform.twitter.com\/widgets.js\" charset=\"utf-8\"><\/script><\/p>\n<p>&nbsp;<\/p>\n","protected":false},"excerpt":{"rendered":"<p>El Barcelona anunci\u00f3 una reducci\u00f3n de sueldos para aliviar la situaci\u00f3n creada por la pandemia de coronavirus, que oblig\u00f3 a suspender las competencias deportivas en todo el mundo. La paralizaci\u00f3n del deporte en Espa\u00f1a\u00a0\"supuso el cese de toda la actividad, deportiva y no deportiva, de nuestro club. Ante este escenario, la Junta Directiva ha decidido [&hellip;]<\/p>\n","protected":false},"author":5,"featured_media":49360,"comment_status":"open","ping_status":"open","sticky":false,"template":"","format":"standard","meta":{"_acf_changed":false,"footnotes":""},"categories":[152],"tags":[722],"class_list":{"0":"post-49345","1":"post","2":"type-post","3":"status-publish","4":"format-standard","5":"has-post-thumbnail","7":"category-mundo-futbol","8":"tag-barcelona"},"acf":[],"yoast_head":"<!-- This site is optimized with the Yoast SEO plugin v26.8 - https:\/\/yoast.com\/product\/yoast-seo-wordpress\/ -->\n<title>Barcelona aprob\u00f3 reducci\u00f3n de salarios -<\/title>\n<meta name=\"robots\" content=\"index, follow, max-snippet:-1, max-image-preview:large, max-video-preview:-1\" \/>\n<link rel=\"canonical\" href=\"https:\/\/futbolhoy.co\/index.php\/2020\/03\/26\/barcelona-aprobo-reduccion-de-salarios\/\" \/>\n<meta property=\"og:locale\" content=\"es_ES\" \/>\n<meta property=\"og:type\" content=\"article\" \/>\n<meta property=\"og:title\" content=\"Barcelona aprob\u00f3 reducci\u00f3n de salarios -\" \/>\n<meta property=\"og:description\" content=\"El Barcelona anunci\u00f3 una reducci\u00f3n de sueldos para aliviar la situaci\u00f3n creada por la pandemia de coronavirus, que oblig\u00f3 a suspender las competencias deportivas en todo el mundo. La paralizaci\u00f3n del deporte en Espa\u00f1a\u00a0&quot;supuso el cese de toda la actividad, deportiva y no deportiva, de nuestro club. Ante este escenario, la Junta Directiva ha decidido [&hellip;]\" \/>\n<meta property=\"og:url\" content=\"https:\/\/futbolhoy.co\/index.php\/2020\/03\/26\/barcelona-aprobo-reduccion-de-salarios\/\" \/>\n<meta property=\"article:publisher\" content=\"https:\/\/www.facebook.com\/FutbolHoyCol\/\" \/>\n<meta property=\"article:published_time\" content=\"2020-03-26T23:28:54+00:00\" \/>\n<meta property=\"article:modified_time\" content=\"2020-03-27T22:49:45+00:00\" \/>\n<meta property=\"og:image\" content=\"https:\/\/futbolhoy.co\/wp-content\/uploads\/2020\/03\/IMG_20200326_183322.jpg\" \/>\n\t<meta property=\"og:image:width\" content=\"1600\" \/>\n\t<meta property=\"og:image:height\" content=\"1000\" \/>\n\t<meta property=\"og:image:type\" content=\"image\/jpeg\" \/>\n<meta name=\"author\" content=\"Laura Hern\u00e1ndez\" \/>\n<meta name=\"twitter:card\" content=\"summary_large_image\" \/>\n<meta name=\"twitter:creator\" content=\"@FutbolHoyCol\" \/>\n<meta name=\"twitter:site\" content=\"@FutbolHoyCol\" \/>\n<meta name=\"twitter:label1\" content=\"Escrito por\" \/>\n\t<meta name=\"twitter:data1\" content=\"Laura Hern\u00e1ndez\" \/>\n\t<meta name=\"twitter:label2\" content=\"Tiempo de lectura\" \/>\n\t<meta name=\"twitter:data2\" content=\"1 minuto\" \/>\n<script type=\"application\/ld+json\" class=\"yoast-schema-graph\">{\"@context\":\"https:\/\/schema.org\",\"@graph\":[{\"@type\":\"Article\",\"@id\":\"https:\/\/futbolhoy.co\/index.php\/2020\/03\/26\/barcelona-aprobo-reduccion-de-salarios\/#article\",\"isPartOf\":{\"@id\":\"https:\/\/futbolhoy.co\/index.php\/2020\/03\/26\/barcelona-aprobo-reduccion-de-salarios\/\"},\"author\":{\"name\":\"Laura Hern\u00e1ndez\",\"@id\":\"https:\/\/futbolhoy.co\/#\/schema\/person\/c4a353a512b127643723a34bb1812f7d\"},\"headline\":\"Barcelona aprob\u00f3 reducci\u00f3n de salarios\",\"datePublished\":\"2020-03-26T23:28:54+00:00\",\"dateModified\":\"2020-03-27T22:49:45+00:00\",\"mainEntityOfPage\":{\"@id\":\"https:\/\/futbolhoy.co\/index.php\/2020\/03\/26\/barcelona-aprobo-reduccion-de-salarios\/\"},\"wordCount\":216,\"commentCount\":0,\"publisher\":{\"@id\":\"https:\/\/futbolhoy.co\/#organization\"},\"image\":{\"@id\":\"https:\/\/futbolhoy.co\/index.php\/2020\/03\/26\/barcelona-aprobo-reduccion-de-salarios\/#primaryimage\"},\"thumbnailUrl\":\"https:\/\/futbolhoy.co\/wp-content\/uploads\/2020\/03\/IMG_20200326_183322.jpg\",\"keywords\":[\"Barcelona\"],\"articleSection\":[\"Mundo Futbol\"],\"inLanguage\":\"es\",\"potentialAction\":[{\"@type\":\"CommentAction\",\"name\":\"Comment\",\"target\":[\"https:\/\/futbolhoy.co\/index.php\/2020\/03\/26\/barcelona-aprobo-reduccion-de-salarios\/#respond\"]}]},{\"@type\":\"WebPage\",\"@id\":\"https:\/\/futbolhoy.co\/index.php\/2020\/03\/26\/barcelona-aprobo-reduccion-de-salarios\/\",\"url\":\"https:\/\/futbolhoy.co\/index.php\/2020\/03\/26\/barcelona-aprobo-reduccion-de-salarios\/\",\"name\":\"Barcelona aprob\u00f3 reducci\u00f3n de salarios -\",\"isPartOf\":{\"@id\":\"https:\/\/futbolhoy.co\/#website\"},\"primaryImageOfPage\":{\"@id\":\"https:\/\/futbolhoy.co\/index.php\/2020\/03\/26\/barcelona-aprobo-reduccion-de-salarios\/#primaryimage\"},\"image\":{\"@id\":\"https:\/\/futbolhoy.co\/index.php\/2020\/03\/26\/barcelona-aprobo-reduccion-de-salarios\/#primaryimage\"},\"thumbnailUrl\":\"https:\/\/futbolhoy.co\/wp-content\/uploads\/2020\/03\/IMG_20200326_183322.jpg\",\"datePublished\":\"2020-03-26T23:28:54+00:00\",\"dateModified\":\"2020-03-27T22:49:45+00:00\",\"breadcrumb\":{\"@id\":\"https:\/\/futbolhoy.co\/index.php\/2020\/03\/26\/barcelona-aprobo-reduccion-de-salarios\/#breadcrumb\"},\"inLanguage\":\"es\",\"potentialAction\":[{\"@type\":\"ReadAction\",\"target\":[\"https:\/\/futbolhoy.co\/index.php\/2020\/03\/26\/barcelona-aprobo-reduccion-de-salarios\/\"]}]},{\"@type\":\"ImageObject\",\"inLanguage\":\"es\",\"@id\":\"https:\/\/futbolhoy.co\/index.php\/2020\/03\/26\/barcelona-aprobo-reduccion-de-salarios\/#primaryimage\",\"url\":\"https:\/\/futbolhoy.co\/wp-content\/uploads\/2020\/03\/IMG_20200326_183322.jpg\",\"contentUrl\":\"https:\/\/futbolhoy.co\/wp-content\/uploads\/2020\/03\/IMG_20200326_183322.jpg\",\"width\":1600,\"height\":1000},{\"@type\":\"BreadcrumbList\",\"@id\":\"https:\/\/futbolhoy.co\/index.php\/2020\/03\/26\/barcelona-aprobo-reduccion-de-salarios\/#breadcrumb\",\"itemListElement\":[{\"@type\":\"ListItem\",\"position\":1,\"name\":\"Portada\",\"item\":\"https:\/\/futbolhoy.co\/\"},{\"@type\":\"ListItem\",\"position\":2,\"name\":\"Barcelona aprob\u00f3 reducci\u00f3n de salarios\"}]},{\"@type\":\"WebSite\",\"@id\":\"https:\/\/futbolhoy.co\/#website\",\"url\":\"https:\/\/futbolhoy.co\/\",\"name\":\"FutbolHoy\",\"description\":\"\",\"publisher\":{\"@id\":\"https:\/\/futbolhoy.co\/#organization\"},\"potentialAction\":[{\"@type\":\"SearchAction\",\"target\":{\"@type\":\"EntryPoint\",\"urlTemplate\":\"https:\/\/futbolhoy.co\/?s={search_term_string}\"},\"query-input\":{\"@type\":\"PropertyValueSpecification\",\"valueRequired\":true,\"valueName\":\"search_term_string\"}}],\"inLanguage\":\"es\"},{\"@type\":\"Organization\",\"@id\":\"https:\/\/futbolhoy.co\/#organization\",\"name\":\"Futbolhoy.co\",\"url\":\"https:\/\/futbolhoy.co\/\",\"logo\":{\"@type\":\"ImageObject\",\"inLanguage\":\"es\",\"@id\":\"https:\/\/futbolhoy.co\/#\/schema\/logo\/image\/\",\"url\":\"https:\/\/futbolhoy.co\/wp-content\/uploads\/2018\/08\/17426380_1906371736249227_6326180412931521141_n.jpg\",\"contentUrl\":\"https:\/\/futbolhoy.co\/wp-content\/uploads\/2018\/08\/17426380_1906371736249227_6326180412931521141_n.jpg\",\"width\":960,\"height\":960,\"caption\":\"Futbolhoy.co\"},\"image\":{\"@id\":\"https:\/\/futbolhoy.co\/#\/schema\/logo\/image\/\"},\"sameAs\":[\"https:\/\/www.facebook.com\/FutbolHoyCol\/\",\"https:\/\/x.com\/FutbolHoyCol\",\"https:\/\/www.instagram.com\/futbolhoycol\/\"]},{\"@type\":\"Person\",\"@id\":\"https:\/\/futbolhoy.co\/#\/schema\/person\/c4a353a512b127643723a34bb1812f7d\",\"name\":\"Laura Hern\u00e1ndez\",\"image\":{\"@type\":\"ImageObject\",\"inLanguage\":\"es\",\"@id\":\"https:\/\/futbolhoy.co\/#\/schema\/person\/image\/\",\"url\":\"https:\/\/secure.gravatar.com\/avatar\/d25959a15b9b293a743f99181c7cfd01?s=96&d=mm&r=g\",\"contentUrl\":\"https:\/\/secure.gravatar.com\/avatar\/d25959a15b9b293a743f99181c7cfd01?s=96&d=mm&r=g\",\"caption\":\"Laura Hern\u00e1ndez\"}}]}<\/script>\n<!-- \/ Yoast SEO plugin. -->","yoast_head_json":{"title":"Barcelona aprob\u00f3 reducci\u00f3n de salarios -","robots":{"index":"index","follow":"follow","max-snippet":"max-snippet:-1","max-image-preview":"max-image-preview:large","max-video-preview":"max-video-preview:-1"},"canonical":"https:\/\/futbolhoy.co\/index.php\/2020\/03\/26\/barcelona-aprobo-reduccion-de-salarios\/","og_locale":"es_ES","og_type":"article","og_title":"Barcelona aprob\u00f3 reducci\u00f3n de salarios -","og_description":"El Barcelona anunci\u00f3 una reducci\u00f3n de sueldos para aliviar la situaci\u00f3n creada por la pandemia de coronavirus, que oblig\u00f3 a suspender las competencias deportivas en todo el mundo. La paralizaci\u00f3n del deporte en Espa\u00f1a\u00a0\"supuso el cese de toda la actividad, deportiva y no deportiva, de nuestro club. Ante este escenario, la Junta Directiva ha decidido [&hellip;]","og_url":"https:\/\/futbolhoy.co\/index.php\/2020\/03\/26\/barcelona-aprobo-reduccion-de-salarios\/","article_publisher":"https:\/\/www.facebook.com\/FutbolHoyCol\/","article_published_time":"2020-03-26T23:28:54+00:00","article_modified_time":"2020-03-27T22:49:45+00:00","og_image":[{"width":1600,"height":1000,"url":"https:\/\/futbolhoy.co\/wp-content\/uploads\/2020\/03\/IMG_20200326_183322.jpg","type":"image\/jpeg"}],"author":"Laura Hern\u00e1ndez","twitter_card":"summary_large_image","twitter_creator":"@FutbolHoyCol","twitter_site":"@FutbolHoyCol","twitter_misc":{"Escrito por":"Laura Hern\u00e1ndez","Tiempo de lectura":"1 minuto"},"schema":{"@context":"https:\/\/schema.org","@graph":[{"@type":"Article","@id":"https:\/\/futbolhoy.co\/index.php\/2020\/03\/26\/barcelona-aprobo-reduccion-de-salarios\/#article","isPartOf":{"@id":"https:\/\/futbolhoy.co\/index.php\/2020\/03\/26\/barcelona-aprobo-reduccion-de-salarios\/"},"author":{"name":"Laura Hern\u00e1ndez","@id":"https:\/\/futbolhoy.co\/#\/schema\/person\/c4a353a512b127643723a34bb1812f7d"},"headline":"Barcelona aprob\u00f3 reducci\u00f3n de salarios","datePublished":"2020-03-26T23:28:54+00:00","dateModified":"2020-03-27T22:49:45+00:00","mainEntityOfPage":{"@id":"https:\/\/futbolhoy.co\/index.php\/2020\/03\/26\/barcelona-aprobo-reduccion-de-salarios\/"},"wordCount":216,"commentCount":0,"publisher":{"@id":"https:\/\/futbolhoy.co\/#organization"},"image":{"@id":"https:\/\/futbolhoy.co\/index.php\/2020\/03\/26\/barcelona-aprobo-reduccion-de-salarios\/#primaryimage"},"thumbnailUrl":"https:\/\/futbolhoy.co\/wp-content\/uploads\/2020\/03\/IMG_20200326_183322.jpg","keywords":["Barcelona"],"articleSection":["Mundo Futbol"],"inLanguage":"es","potentialAction":[{"@type":"CommentAction","name":"Comment","target":["https:\/\/futbolhoy.co\/index.php\/2020\/03\/26\/barcelona-aprobo-reduccion-de-salarios\/#respond"]}]},{"@type":"WebPage","@id":"https:\/\/futbolhoy.co\/index.php\/2020\/03\/26\/barcelona-aprobo-reduccion-de-salarios\/","url":"https:\/\/futbolhoy.co\/index.php\/2020\/03\/26\/barcelona-aprobo-reduccion-de-salarios\/","name":"Barcelona aprob\u00f3 reducci\u00f3n de salarios -","isPartOf":{"@id":"https:\/\/futbolhoy.co\/#website"},"primaryImageOfPage":{"@id":"https:\/\/futbolhoy.co\/index.php\/2020\/03\/26\/barcelona-aprobo-reduccion-de-salarios\/#primaryimage"},"image":{"@id":"https:\/\/futbolhoy.co\/index.php\/2020\/03\/26\/barcelona-aprobo-reduccion-de-salarios\/#primaryimage"},"thumbnailUrl":"https:\/\/futbolhoy.co\/wp-content\/uploads\/2020\/03\/IMG_20200326_183322.jpg","datePublished":"2020-03-26T23:28:54+00:00","dateModified":"2020-03-27T22:49:45+00:00","breadcrumb":{"@id":"https:\/\/futbolhoy.co\/index.php\/2020\/03\/26\/barcelona-aprobo-reduccion-de-salarios\/#breadcrumb"},"inLanguage":"es","potentialAction":[{"@type":"ReadAction","target":["https:\/\/futbolhoy.co\/index.php\/2020\/03\/26\/barcelona-aprobo-reduccion-de-salarios\/"]}]},{"@type":"ImageObject","inLanguage":"es","@id":"https:\/\/futbolhoy.co\/index.php\/2020\/03\/26\/barcelona-aprobo-reduccion-de-salarios\/#primaryimage","url":"https:\/\/futbolhoy.co\/wp-content\/uploads\/2020\/03\/IMG_20200326_183322.jpg","contentUrl":"https:\/\/futbolhoy.co\/wp-content\/uploads\/2020\/03\/IMG_20200326_183322.jpg","width":1600,"height":1000},{"@type":"BreadcrumbList","@id":"https:\/\/futbolhoy.co\/index.php\/2020\/03\/26\/barcelona-aprobo-reduccion-de-salarios\/#breadcrumb","itemListElement":[{"@type":"ListItem","position":1,"name":"Portada","item":"https:\/\/futbolhoy.co\/"},{"@type":"ListItem","position":2,"name":"Barcelona aprob\u00f3 reducci\u00f3n de salarios"}]},{"@type":"WebSite","@id":"https:\/\/futbolhoy.co\/#website","url":"https:\/\/futbolhoy.co\/","name":"FutbolHoy","description":"","publisher":{"@id":"https:\/\/futbolhoy.co\/#organization"},"potentialAction":[{"@type":"SearchAction","target":{"@type":"EntryPoint","urlTemplate":"https:\/\/futbolhoy.co\/?s={search_term_string}"},"query-input":{"@type":"PropertyValueSpecification","valueRequired":true,"valueName":"search_term_string"}}],"inLanguage":"es"},{"@type":"Organization","@id":"https:\/\/futbolhoy.co\/#organization","name":"Futbolhoy.co","url":"https:\/\/futbolhoy.co\/","logo":{"@type":"ImageObject","inLanguage":"es","@id":"https:\/\/futbolhoy.co\/#\/schema\/logo\/image\/","url":"https:\/\/futbolhoy.co\/wp-content\/uploads\/2018\/08\/17426380_1906371736249227_6326180412931521141_n.jpg","contentUrl":"https:\/\/futbolhoy.co\/wp-content\/uploads\/2018\/08\/17426380_1906371736249227_6326180412931521141_n.jpg","width":960,"height":960,"caption":"Futbolhoy.co"},"image":{"@id":"https:\/\/futbolhoy.co\/#\/schema\/logo\/image\/"},"sameAs":["https:\/\/www.facebook.com\/FutbolHoyCol\/","https:\/\/x.com\/FutbolHoyCol","https:\/\/www.instagram.com\/futbolhoycol\/"]},{"@type":"Person","@id":"https:\/\/futbolhoy.co\/#\/schema\/person\/c4a353a512b127643723a34bb1812f7d","name":"Laura Hern\u00e1ndez","image":{"@type":"ImageObject","inLanguage":"es","@id":"https:\/\/futbolhoy.co\/#\/schema\/person\/image\/","url":"https:\/\/secure.gravatar.com\/avatar\/d25959a15b9b293a743f99181c7cfd01?s=96&d=mm&r=g","contentUrl":"https:\/\/secure.gravatar.com\/avatar\/d25959a15b9b293a743f99181c7cfd01?s=96&d=mm&r=g","caption":"Laura Hern\u00e1ndez"}}]}},"publishpress_future_action":{"enabled":false,"date":"2026-05-03 16:28:17","action":"change-status","newStatus":"draft","terms":[],"taxonomy":"category","extraData":[]},"publishpress_future_workflow_manual_trigger":{"enabledWorkflows":[]},"_links":{"self":[{"href":"https:\/\/futbolhoy.co\/index.php\/wp-json\/wp\/v2\/posts\/49345","targetHints":{"allow":["GET"]}}],"collection":[{"href":"https:\/\/futbolhoy.co\/index.php\/wp-json\/wp\/v2\/posts"}],"about":[{"href":"https:\/\/futbolhoy.co\/index.php\/wp-json\/wp\/v2\/types\/post"}],"author":[{"embeddable":true,"href":"https:\/\/futbolhoy.co\/index.php\/wp-json\/wp\/v2\/users\/5"}],"replies":[{"embeddable":true,"href":"https:\/\/futbolhoy.co\/index.php\/wp-json\/wp\/v2\/comments?post=49345"}],"version-history":[{"count":3,"href":"https:\/\/futbolhoy.co\/index.php\/wp-json\/wp\/v2\/posts\/49345\/revisions"}],"predecessor-version":[{"id":49361,"href":"https:\/\/futbolhoy.co\/index.php\/wp-json\/wp\/v2\/posts\/49345\/revisions\/49361"}],"wp:featuredmedia":[{"embeddable":true,"href":"https:\/\/futbolhoy.co\/index.php\/wp-json\/wp\/v2\/media\/49360"}],"wp:attachment":[{"href":"https:\/\/futbolhoy.co\/index.php\/wp-json\/wp\/v2\/media?parent=49345"}],"wp:term":[{"taxonomy":"category","embeddable":true,"href":"https:\/\/futbolhoy.co\/index.php\/wp-json\/wp\/v2\/categories?post=49345"},{"taxonomy":"post_tag","embeddable":true,"href":"https:\/\/futbolhoy.co\/index.php\/wp-json\/wp\/v2\/tags?post=49345"}],"curies":[{"name":"wp","href":"https:\/\/api.w.org\/{rel}","templated":true}]}}