{"id":49348,"date":"2020-03-26T18:29:04","date_gmt":"2020-03-26T23:29:04","guid":{"rendered":"https:\/\/futbolhoy.co\/?p=49348"},"modified":"2020-03-27T17:50:22","modified_gmt":"2020-03-27T22:50:22","slug":"jugadores-de-millonarios-aceptan-ajuste-economico","status":"publish","type":"post","link":"https:\/\/futbolhoy.co\/index.php\/2020\/03\/26\/jugadores-de-millonarios-aceptan-ajuste-economico\/","title":{"rendered":"Jugadores de Millonarios aceptan ajuste econ\u00f3mico"},"content":{"rendered":"<p style=\"text-align: justify;\"><span style=\"font-family: helvetica, arial, sans-serif;\">El plantel profesional de <strong>Millonarios<\/strong> asimilar\u00e1 los ajustes salariales que plante\u00f3 la Junta Directiva, debido a la crisis del coronavirus, revel\u00f3 su capit\u00e1n<strong> David Mackalister Silva<\/strong>.<\/span><\/p>\n<p style=\"text-align: justify;\"><span style=\"font-family: helvetica, arial, sans-serif;\"><i>\"La posici\u00f3n de los jugadores es de total comprensi\u00f3n y apoyo por el momento que se est\u00e1 viviendo. Por eso somos un equipo, estamos para apoyarnos unos a otros\u201d<\/i>, dijo el volante bogotano.<\/span><\/p>\n<p style=\"text-align: justify;\"><span style=\"font-family: helvetica, arial, sans-serif;\"><i>\"Lo primordial ac\u00e1 es darle el 100% de su salario a las personas con m\u00e1s necesidades. Eso hace parte de la solidaridad de nuestro club\"<\/i>, agreg\u00f3<strong> Mackalister Silva<\/strong> en di\u00e1logo con el VBar de Caracol Radio.<\/span><\/p>\n<p style=\"text-align: justify;\"><span style=\"font-family: helvetica, arial, sans-serif;\">El jugador precis\u00f3 que una vez se supere esta crisis se pagar\u00e1n los dineros pendientes, posici\u00f3n que invit\u00f3 al plantel a ser solidarios con los empleados m\u00e1s necesitados.<\/span><\/p>\n","protected":false},"excerpt":{"rendered":"<p>El plantel profesional de Millonarios asimilar\u00e1 los ajustes salariales que plante\u00f3 la Junta Directiva, debido a la crisis del coronavirus, revel\u00f3 su capit\u00e1n David Mackalister Silva. \"La posici\u00f3n de los jugadores es de total comprensi\u00f3n y apoyo por el momento que se est\u00e1 viviendo. Por eso somos un equipo, estamos para apoyarnos unos a otros\u201d, [&hellip;]<\/p>\n","protected":false},"author":5,"featured_media":49349,"comment_status":"open","ping_status":"open","sticky":false,"template":"","format":"standard","meta":{"_acf_changed":false,"footnotes":""},"categories":[7],"tags":[148],"class_list":{"0":"post-49348","1":"post","2":"type-post","3":"status-publish","4":"format-standard","5":"has-post-thumbnail","7":"category-liga-betplay","8":"tag-millonarios"},"acf":[],"yoast_head":"<!-- This site is optimized with the Yoast SEO plugin v26.8 - https:\/\/yoast.com\/product\/yoast-seo-wordpress\/ -->\n<title>Jugadores de Millonarios aceptan ajuste econ\u00f3mico -<\/title>\n<meta name=\"robots\" content=\"index, follow, max-snippet:-1, max-image-preview:large, max-video-preview:-1\" \/>\n<link rel=\"canonical\" href=\"https:\/\/futbolhoy.co\/index.php\/2020\/03\/26\/jugadores-de-millonarios-aceptan-ajuste-economico\/\" \/>\n<meta property=\"og:locale\" content=\"es_ES\" \/>\n<meta property=\"og:type\" content=\"article\" \/>\n<meta property=\"og:title\" content=\"Jugadores de Millonarios aceptan ajuste econ\u00f3mico -\" \/>\n<meta property=\"og:description\" content=\"El plantel profesional de Millonarios asimilar\u00e1 los ajustes salariales que plante\u00f3 la Junta Directiva, debido a la crisis del coronavirus, revel\u00f3 su capit\u00e1n David Mackalister Silva. &quot;La posici\u00f3n de los jugadores es de total comprensi\u00f3n y apoyo por el momento que se est\u00e1 viviendo. Por eso somos un equipo, estamos para apoyarnos unos a otros\u201d, [&hellip;]\" \/>\n<meta property=\"og:url\" content=\"https:\/\/futbolhoy.co\/index.php\/2020\/03\/26\/jugadores-de-millonarios-aceptan-ajuste-economico\/\" \/>\n<meta property=\"article:publisher\" content=\"https:\/\/www.facebook.com\/FutbolHoyCol\/\" \/>\n<meta property=\"article:published_time\" content=\"2020-03-26T23:29:04+00:00\" \/>\n<meta property=\"article:modified_time\" content=\"2020-03-27T22:50:22+00:00\" \/>\n<meta property=\"og:image\" content=\"https:\/\/futbolhoy.co\/wp-content\/uploads\/2020\/03\/image00032-scaled-1.jpeg\" \/>\n\t<meta property=\"og:image:width\" content=\"2560\" \/>\n\t<meta property=\"og:image:height\" content=\"1707\" \/>\n\t<meta property=\"og:image:type\" content=\"image\/jpeg\" \/>\n<meta name=\"author\" content=\"Laura Hern\u00e1ndez\" \/>\n<meta name=\"twitter:card\" content=\"summary_large_image\" \/>\n<meta name=\"twitter:creator\" content=\"@FutbolHoyCol\" \/>\n<meta name=\"twitter:site\" content=\"@FutbolHoyCol\" \/>\n<meta name=\"twitter:label1\" content=\"Escrito por\" \/>\n\t<meta name=\"twitter:data1\" content=\"Laura Hern\u00e1ndez\" \/>\n\t<meta name=\"twitter:label2\" content=\"Tiempo de lectura\" \/>\n\t<meta name=\"twitter:data2\" content=\"1 minuto\" \/>\n<script type=\"application\/ld+json\" class=\"yoast-schema-graph\">{\"@context\":\"https:\/\/schema.org\",\"@graph\":[{\"@type\":\"Article\",\"@id\":\"https:\/\/futbolhoy.co\/index.php\/2020\/03\/26\/jugadores-de-millonarios-aceptan-ajuste-economico\/#article\",\"isPartOf\":{\"@id\":\"https:\/\/futbolhoy.co\/index.php\/2020\/03\/26\/jugadores-de-millonarios-aceptan-ajuste-economico\/\"},\"author\":{\"name\":\"Laura Hern\u00e1ndez\",\"@id\":\"https:\/\/futbolhoy.co\/#\/schema\/person\/c4a353a512b127643723a34bb1812f7d\"},\"headline\":\"Jugadores de Millonarios aceptan ajuste econ\u00f3mico\",\"datePublished\":\"2020-03-26T23:29:04+00:00\",\"dateModified\":\"2020-03-27T22:50:22+00:00\",\"mainEntityOfPage\":{\"@id\":\"https:\/\/futbolhoy.co\/index.php\/2020\/03\/26\/jugadores-de-millonarios-aceptan-ajuste-economico\/\"},\"wordCount\":137,\"commentCount\":0,\"publisher\":{\"@id\":\"https:\/\/futbolhoy.co\/#organization\"},\"image\":{\"@id\":\"https:\/\/futbolhoy.co\/index.php\/2020\/03\/26\/jugadores-de-millonarios-aceptan-ajuste-economico\/#primaryimage\"},\"thumbnailUrl\":\"https:\/\/futbolhoy.co\/wp-content\/uploads\/2020\/03\/image00032-scaled-1.jpeg\",\"keywords\":[\"Millonarios\"],\"articleSection\":[\"Liga BetPlay\"],\"inLanguage\":\"es\",\"potentialAction\":[{\"@type\":\"CommentAction\",\"name\":\"Comment\",\"target\":[\"https:\/\/futbolhoy.co\/index.php\/2020\/03\/26\/jugadores-de-millonarios-aceptan-ajuste-economico\/#respond\"]}]},{\"@type\":\"WebPage\",\"@id\":\"https:\/\/futbolhoy.co\/index.php\/2020\/03\/26\/jugadores-de-millonarios-aceptan-ajuste-economico\/\",\"url\":\"https:\/\/futbolhoy.co\/index.php\/2020\/03\/26\/jugadores-de-millonarios-aceptan-ajuste-economico\/\",\"name\":\"Jugadores de Millonarios aceptan ajuste econ\u00f3mico -\",\"isPartOf\":{\"@id\":\"https:\/\/futbolhoy.co\/#website\"},\"primaryImageOfPage\":{\"@id\":\"https:\/\/futbolhoy.co\/index.php\/2020\/03\/26\/jugadores-de-millonarios-aceptan-ajuste-economico\/#primaryimage\"},\"image\":{\"@id\":\"https:\/\/futbolhoy.co\/index.php\/2020\/03\/26\/jugadores-de-millonarios-aceptan-ajuste-economico\/#primaryimage\"},\"thumbnailUrl\":\"https:\/\/futbolhoy.co\/wp-content\/uploads\/2020\/03\/image00032-scaled-1.jpeg\",\"datePublished\":\"2020-03-26T23:29:04+00:00\",\"dateModified\":\"2020-03-27T22:50:22+00:00\",\"breadcrumb\":{\"@id\":\"https:\/\/futbolhoy.co\/index.php\/2020\/03\/26\/jugadores-de-millonarios-aceptan-ajuste-economico\/#breadcrumb\"},\"inLanguage\":\"es\",\"potentialAction\":[{\"@type\":\"ReadAction\",\"target\":[\"https:\/\/futbolhoy.co\/index.php\/2020\/03\/26\/jugadores-de-millonarios-aceptan-ajuste-economico\/\"]}]},{\"@type\":\"ImageObject\",\"inLanguage\":\"es\",\"@id\":\"https:\/\/futbolhoy.co\/index.php\/2020\/03\/26\/jugadores-de-millonarios-aceptan-ajuste-economico\/#primaryimage\",\"url\":\"https:\/\/futbolhoy.co\/wp-content\/uploads\/2020\/03\/image00032-scaled-1.jpeg\",\"contentUrl\":\"https:\/\/futbolhoy.co\/wp-content\/uploads\/2020\/03\/image00032-scaled-1.jpeg\",\"width\":2560,\"height\":1707},{\"@type\":\"BreadcrumbList\",\"@id\":\"https:\/\/futbolhoy.co\/index.php\/2020\/03\/26\/jugadores-de-millonarios-aceptan-ajuste-economico\/#breadcrumb\",\"itemListElement\":[{\"@type\":\"ListItem\",\"position\":1,\"name\":\"Portada\",\"item\":\"https:\/\/futbolhoy.co\/\"},{\"@type\":\"ListItem\",\"position\":2,\"name\":\"Jugadores de Millonarios aceptan ajuste econ\u00f3mico\"}]},{\"@type\":\"WebSite\",\"@id\":\"https:\/\/futbolhoy.co\/#website\",\"url\":\"https:\/\/futbolhoy.co\/\",\"name\":\"FutbolHoy\",\"description\":\"\",\"publisher\":{\"@id\":\"https:\/\/futbolhoy.co\/#organization\"},\"potentialAction\":[{\"@type\":\"SearchAction\",\"target\":{\"@type\":\"EntryPoint\",\"urlTemplate\":\"https:\/\/futbolhoy.co\/?s={search_term_string}\"},\"query-input\":{\"@type\":\"PropertyValueSpecification\",\"valueRequired\":true,\"valueName\":\"search_term_string\"}}],\"inLanguage\":\"es\"},{\"@type\":\"Organization\",\"@id\":\"https:\/\/futbolhoy.co\/#organization\",\"name\":\"Futbolhoy.co\",\"url\":\"https:\/\/futbolhoy.co\/\",\"logo\":{\"@type\":\"ImageObject\",\"inLanguage\":\"es\",\"@id\":\"https:\/\/futbolhoy.co\/#\/schema\/logo\/image\/\",\"url\":\"https:\/\/futbolhoy.co\/wp-content\/uploads\/2018\/08\/17426380_1906371736249227_6326180412931521141_n.jpg\",\"contentUrl\":\"https:\/\/futbolhoy.co\/wp-content\/uploads\/2018\/08\/17426380_1906371736249227_6326180412931521141_n.jpg\",\"width\":960,\"height\":960,\"caption\":\"Futbolhoy.co\"},\"image\":{\"@id\":\"https:\/\/futbolhoy.co\/#\/schema\/logo\/image\/\"},\"sameAs\":[\"https:\/\/www.facebook.com\/FutbolHoyCol\/\",\"https:\/\/x.com\/FutbolHoyCol\",\"https:\/\/www.instagram.com\/futbolhoycol\/\"]},{\"@type\":\"Person\",\"@id\":\"https:\/\/futbolhoy.co\/#\/schema\/person\/c4a353a512b127643723a34bb1812f7d\",\"name\":\"Laura Hern\u00e1ndez\",\"image\":{\"@type\":\"ImageObject\",\"inLanguage\":\"es\",\"@id\":\"https:\/\/futbolhoy.co\/#\/schema\/person\/image\/\",\"url\":\"https:\/\/secure.gravatar.com\/avatar\/d25959a15b9b293a743f99181c7cfd01?s=96&d=mm&r=g\",\"contentUrl\":\"https:\/\/secure.gravatar.com\/avatar\/d25959a15b9b293a743f99181c7cfd01?s=96&d=mm&r=g\",\"caption\":\"Laura Hern\u00e1ndez\"}}]}<\/script>\n<!-- \/ Yoast SEO plugin. -->","yoast_head_json":{"title":"Jugadores de Millonarios aceptan ajuste econ\u00f3mico -","robots":{"index":"index","follow":"follow","max-snippet":"max-snippet:-1","max-image-preview":"max-image-preview:large","max-video-preview":"max-video-preview:-1"},"canonical":"https:\/\/futbolhoy.co\/index.php\/2020\/03\/26\/jugadores-de-millonarios-aceptan-ajuste-economico\/","og_locale":"es_ES","og_type":"article","og_title":"Jugadores de Millonarios aceptan ajuste econ\u00f3mico -","og_description":"El plantel profesional de Millonarios asimilar\u00e1 los ajustes salariales que plante\u00f3 la Junta Directiva, debido a la crisis del coronavirus, revel\u00f3 su capit\u00e1n David Mackalister Silva. \"La posici\u00f3n de los jugadores es de total comprensi\u00f3n y apoyo por el momento que se est\u00e1 viviendo. Por eso somos un equipo, estamos para apoyarnos unos a otros\u201d, [&hellip;]","og_url":"https:\/\/futbolhoy.co\/index.php\/2020\/03\/26\/jugadores-de-millonarios-aceptan-ajuste-economico\/","article_publisher":"https:\/\/www.facebook.com\/FutbolHoyCol\/","article_published_time":"2020-03-26T23:29:04+00:00","article_modified_time":"2020-03-27T22:50:22+00:00","og_image":[{"width":2560,"height":1707,"url":"https:\/\/futbolhoy.co\/wp-content\/uploads\/2020\/03\/image00032-scaled-1.jpeg","type":"image\/jpeg"}],"author":"Laura Hern\u00e1ndez","twitter_card":"summary_large_image","twitter_creator":"@FutbolHoyCol","twitter_site":"@FutbolHoyCol","twitter_misc":{"Escrito por":"Laura Hern\u00e1ndez","Tiempo de lectura":"1 minuto"},"schema":{"@context":"https:\/\/schema.org","@graph":[{"@type":"Article","@id":"https:\/\/futbolhoy.co\/index.php\/2020\/03\/26\/jugadores-de-millonarios-aceptan-ajuste-economico\/#article","isPartOf":{"@id":"https:\/\/futbolhoy.co\/index.php\/2020\/03\/26\/jugadores-de-millonarios-aceptan-ajuste-economico\/"},"author":{"name":"Laura Hern\u00e1ndez","@id":"https:\/\/futbolhoy.co\/#\/schema\/person\/c4a353a512b127643723a34bb1812f7d"},"headline":"Jugadores de Millonarios aceptan ajuste econ\u00f3mico","datePublished":"2020-03-26T23:29:04+00:00","dateModified":"2020-03-27T22:50:22+00:00","mainEntityOfPage":{"@id":"https:\/\/futbolhoy.co\/index.php\/2020\/03\/26\/jugadores-de-millonarios-aceptan-ajuste-economico\/"},"wordCount":137,"commentCount":0,"publisher":{"@id":"https:\/\/futbolhoy.co\/#organization"},"image":{"@id":"https:\/\/futbolhoy.co\/index.php\/2020\/03\/26\/jugadores-de-millonarios-aceptan-ajuste-economico\/#primaryimage"},"thumbnailUrl":"https:\/\/futbolhoy.co\/wp-content\/uploads\/2020\/03\/image00032-scaled-1.jpeg","keywords":["Millonarios"],"articleSection":["Liga BetPlay"],"inLanguage":"es","potentialAction":[{"@type":"CommentAction","name":"Comment","target":["https:\/\/futbolhoy.co\/index.php\/2020\/03\/26\/jugadores-de-millonarios-aceptan-ajuste-economico\/#respond"]}]},{"@type":"WebPage","@id":"https:\/\/futbolhoy.co\/index.php\/2020\/03\/26\/jugadores-de-millonarios-aceptan-ajuste-economico\/","url":"https:\/\/futbolhoy.co\/index.php\/2020\/03\/26\/jugadores-de-millonarios-aceptan-ajuste-economico\/","name":"Jugadores de Millonarios aceptan ajuste econ\u00f3mico -","isPartOf":{"@id":"https:\/\/futbolhoy.co\/#website"},"primaryImageOfPage":{"@id":"https:\/\/futbolhoy.co\/index.php\/2020\/03\/26\/jugadores-de-millonarios-aceptan-ajuste-economico\/#primaryimage"},"image":{"@id":"https:\/\/futbolhoy.co\/index.php\/2020\/03\/26\/jugadores-de-millonarios-aceptan-ajuste-economico\/#primaryimage"},"thumbnailUrl":"https:\/\/futbolhoy.co\/wp-content\/uploads\/2020\/03\/image00032-scaled-1.jpeg","datePublished":"2020-03-26T23:29:04+00:00","dateModified":"2020-03-27T22:50:22+00:00","breadcrumb":{"@id":"https:\/\/futbolhoy.co\/index.php\/2020\/03\/26\/jugadores-de-millonarios-aceptan-ajuste-economico\/#breadcrumb"},"inLanguage":"es","potentialAction":[{"@type":"ReadAction","target":["https:\/\/futbolhoy.co\/index.php\/2020\/03\/26\/jugadores-de-millonarios-aceptan-ajuste-economico\/"]}]},{"@type":"ImageObject","inLanguage":"es","@id":"https:\/\/futbolhoy.co\/index.php\/2020\/03\/26\/jugadores-de-millonarios-aceptan-ajuste-economico\/#primaryimage","url":"https:\/\/futbolhoy.co\/wp-content\/uploads\/2020\/03\/image00032-scaled-1.jpeg","contentUrl":"https:\/\/futbolhoy.co\/wp-content\/uploads\/2020\/03\/image00032-scaled-1.jpeg","width":2560,"height":1707},{"@type":"BreadcrumbList","@id":"https:\/\/futbolhoy.co\/index.php\/2020\/03\/26\/jugadores-de-millonarios-aceptan-ajuste-economico\/#breadcrumb","itemListElement":[{"@type":"ListItem","position":1,"name":"Portada","item":"https:\/\/futbolhoy.co\/"},{"@type":"ListItem","position":2,"name":"Jugadores de Millonarios aceptan ajuste econ\u00f3mico"}]},{"@type":"WebSite","@id":"https:\/\/futbolhoy.co\/#website","url":"https:\/\/futbolhoy.co\/","name":"FutbolHoy","description":"","publisher":{"@id":"https:\/\/futbolhoy.co\/#organization"},"potentialAction":[{"@type":"SearchAction","target":{"@type":"EntryPoint","urlTemplate":"https:\/\/futbolhoy.co\/?s={search_term_string}"},"query-input":{"@type":"PropertyValueSpecification","valueRequired":true,"valueName":"search_term_string"}}],"inLanguage":"es"},{"@type":"Organization","@id":"https:\/\/futbolhoy.co\/#organization","name":"Futbolhoy.co","url":"https:\/\/futbolhoy.co\/","logo":{"@type":"ImageObject","inLanguage":"es","@id":"https:\/\/futbolhoy.co\/#\/schema\/logo\/image\/","url":"https:\/\/futbolhoy.co\/wp-content\/uploads\/2018\/08\/17426380_1906371736249227_6326180412931521141_n.jpg","contentUrl":"https:\/\/futbolhoy.co\/wp-content\/uploads\/2018\/08\/17426380_1906371736249227_6326180412931521141_n.jpg","width":960,"height":960,"caption":"Futbolhoy.co"},"image":{"@id":"https:\/\/futbolhoy.co\/#\/schema\/logo\/image\/"},"sameAs":["https:\/\/www.facebook.com\/FutbolHoyCol\/","https:\/\/x.com\/FutbolHoyCol","https:\/\/www.instagram.com\/futbolhoycol\/"]},{"@type":"Person","@id":"https:\/\/futbolhoy.co\/#\/schema\/person\/c4a353a512b127643723a34bb1812f7d","name":"Laura Hern\u00e1ndez","image":{"@type":"ImageObject","inLanguage":"es","@id":"https:\/\/futbolhoy.co\/#\/schema\/person\/image\/","url":"https:\/\/secure.gravatar.com\/avatar\/d25959a15b9b293a743f99181c7cfd01?s=96&d=mm&r=g","contentUrl":"https:\/\/secure.gravatar.com\/avatar\/d25959a15b9b293a743f99181c7cfd01?s=96&d=mm&r=g","caption":"Laura Hern\u00e1ndez"}}]}},"publishpress_future_action":{"enabled":false,"date":"2026-05-03 17:53:18","action":"change-status","newStatus":"draft","terms":[],"taxonomy":"category","extraData":[]},"publishpress_future_workflow_manual_trigger":{"enabledWorkflows":[]},"_links":{"self":[{"href":"https:\/\/futbolhoy.co\/index.php\/wp-json\/wp\/v2\/posts\/49348","targetHints":{"allow":["GET"]}}],"collection":[{"href":"https:\/\/futbolhoy.co\/index.php\/wp-json\/wp\/v2\/posts"}],"about":[{"href":"https:\/\/futbolhoy.co\/index.php\/wp-json\/wp\/v2\/types\/post"}],"author":[{"embeddable":true,"href":"https:\/\/futbolhoy.co\/index.php\/wp-json\/wp\/v2\/users\/5"}],"replies":[{"embeddable":true,"href":"https:\/\/futbolhoy.co\/index.php\/wp-json\/wp\/v2\/comments?post=49348"}],"version-history":[{"count":1,"href":"https:\/\/futbolhoy.co\/index.php\/wp-json\/wp\/v2\/posts\/49348\/revisions"}],"predecessor-version":[{"id":49356,"href":"https:\/\/futbolhoy.co\/index.php\/wp-json\/wp\/v2\/posts\/49348\/revisions\/49356"}],"wp:featuredmedia":[{"embeddable":true,"href":"https:\/\/futbolhoy.co\/index.php\/wp-json\/wp\/v2\/media\/49349"}],"wp:attachment":[{"href":"https:\/\/futbolhoy.co\/index.php\/wp-json\/wp\/v2\/media?parent=49348"}],"wp:term":[{"taxonomy":"category","embeddable":true,"href":"https:\/\/futbolhoy.co\/index.php\/wp-json\/wp\/v2\/categories?post=49348"},{"taxonomy":"post_tag","embeddable":true,"href":"https:\/\/futbolhoy.co\/index.php\/wp-json\/wp\/v2\/tags?post=49348"}],"curies":[{"name":"wp","href":"https:\/\/api.w.org\/{rel}","templated":true}]}}