{"id":49393,"date":"2020-03-28T10:56:42","date_gmt":"2020-03-28T15:56:42","guid":{"rendered":"https:\/\/futbolhoy.co\/?p=49393"},"modified":"2020-03-29T08:44:32","modified_gmt":"2020-03-29T13:44:32","slug":"cuadrado-acepto-reduccion-de-su-salario","status":"publish","type":"post","link":"https:\/\/futbolhoy.co\/index.php\/2020\/03\/28\/cuadrado-acepto-reduccion-de-su-salario\/","title":{"rendered":"Cuadrado acept\u00f3 reducci\u00f3n de su salario"},"content":{"rendered":"<p style=\"text-align: justify;\"><span style=\"font-family: helvetica, arial, sans-serif;\">El capit\u00e1n de la <strong>Juventus,<\/strong> <strong>Giorgio Chiellini,<\/strong> convenci\u00f3 a la gran mayor\u00eda del plantel profesional, incluido <strong>Cristiano<\/strong> <strong>Ronaldo<\/strong>, para reducirse el sueldo en estos momentos en el que el campeonato est\u00e1 detenido por la pandemia, seg\u00fan el diario deportivo, \"<em>Tuttosport<\/em>\".<\/span><\/p>\n<p style=\"text-align: justify;\"><span style=\"font-family: helvetica, arial, sans-serif;\">Chiellini, desde su habitaci\u00f3n del hotel donde est\u00e1 aislado, llam\u00f3 a todos sus compa\u00f1eros para convencerles de renunciar a una parte de sueldo y realizar as\u00ed \"un gesto de responsabilidad en un momento dif\u00edcil debido a la emergencia de <strong>Coronavirus\",<\/strong> anot\u00f3 el diario.<\/span><\/p>\n<p style=\"text-align: justify;\"><span style=\"font-family: helvetica, arial, sans-serif;\"><strong>\"Gianlugi Buffon, Leonardo Bonucci<\/strong> y Cristiano Ronaldo fueron los primeros en aceptar la reducci\u00f3n. En la lista tambi\u00e9n est\u00e1 el colombiano <strong>Cuadrado.<\/strong> Las opciones en la mesa son diferentes, pero en general todos los jugadores parecen estar de acuerdo en reducir sus salarios en este momento de crisis sin entrenamiento, ni partidos\", agreg\u00f3 Tuttosport.<\/span><\/p>\n","protected":false},"excerpt":{"rendered":"<p>El capit\u00e1n de la Juventus, Giorgio Chiellini, convenci\u00f3 a la gran mayor\u00eda del plantel profesional, incluido Cristiano Ronaldo, para reducirse el sueldo en estos momentos en el que el campeonato est\u00e1 detenido por la pandemia, seg\u00fan el diario deportivo, \"Tuttosport\". Chiellini, desde su habitaci\u00f3n del hotel donde est\u00e1 aislado, llam\u00f3 a todos sus compa\u00f1eros para [&hellip;]<\/p>\n","protected":false},"author":5,"featured_media":33487,"comment_status":"open","ping_status":"open","sticky":false,"template":"","format":"standard","meta":{"_acf_changed":false,"footnotes":""},"categories":[418],"tags":[1668,254],"class_list":{"0":"post-49393","1":"post","2":"type-post","3":"status-publish","4":"format-standard","5":"has-post-thumbnail","7":"category-colombia","8":"tag-cuadrado","9":"tag-juventus"},"acf":[],"yoast_head":"<!-- This site is optimized with the Yoast SEO plugin v26.8 - https:\/\/yoast.com\/product\/yoast-seo-wordpress\/ -->\n<title>Cuadrado acept\u00f3 reducci\u00f3n de su salario -<\/title>\n<meta name=\"robots\" content=\"index, follow, max-snippet:-1, max-image-preview:large, max-video-preview:-1\" \/>\n<link rel=\"canonical\" href=\"https:\/\/futbolhoy.co\/index.php\/2020\/03\/28\/cuadrado-acepto-reduccion-de-su-salario\/\" \/>\n<meta property=\"og:locale\" content=\"es_ES\" \/>\n<meta property=\"og:type\" content=\"article\" \/>\n<meta property=\"og:title\" content=\"Cuadrado acept\u00f3 reducci\u00f3n de su salario -\" \/>\n<meta property=\"og:description\" content=\"El capit\u00e1n de la Juventus, Giorgio Chiellini, convenci\u00f3 a la gran mayor\u00eda del plantel profesional, incluido Cristiano Ronaldo, para reducirse el sueldo en estos momentos en el que el campeonato est\u00e1 detenido por la pandemia, seg\u00fan el diario deportivo, &quot;Tuttosport&quot;. Chiellini, desde su habitaci\u00f3n del hotel donde est\u00e1 aislado, llam\u00f3 a todos sus compa\u00f1eros para [&hellip;]\" \/>\n<meta property=\"og:url\" content=\"https:\/\/futbolhoy.co\/index.php\/2020\/03\/28\/cuadrado-acepto-reduccion-de-su-salario\/\" \/>\n<meta property=\"article:publisher\" content=\"https:\/\/www.facebook.com\/FutbolHoyCol\/\" \/>\n<meta property=\"article:published_time\" content=\"2020-03-28T15:56:42+00:00\" \/>\n<meta property=\"article:modified_time\" content=\"2020-03-29T13:44:32+00:00\" \/>\n<meta property=\"og:image\" content=\"https:\/\/futbolhoy.co\/wp-content\/uploads\/2019\/03\/2019.jpg\" \/>\n\t<meta property=\"og:image:width\" content=\"1200\" \/>\n\t<meta property=\"og:image:height\" content=\"800\" \/>\n\t<meta property=\"og:image:type\" content=\"image\/jpeg\" \/>\n<meta name=\"author\" content=\"Laura Hern\u00e1ndez\" \/>\n<meta name=\"twitter:card\" content=\"summary_large_image\" \/>\n<meta name=\"twitter:creator\" content=\"@FutbolHoyCol\" \/>\n<meta name=\"twitter:site\" content=\"@FutbolHoyCol\" \/>\n<meta name=\"twitter:label1\" content=\"Escrito por\" \/>\n\t<meta name=\"twitter:data1\" content=\"Laura Hern\u00e1ndez\" \/>\n\t<meta name=\"twitter:label2\" content=\"Tiempo de lectura\" \/>\n\t<meta name=\"twitter:data2\" content=\"1 minuto\" \/>\n<script type=\"application\/ld+json\" class=\"yoast-schema-graph\">{\"@context\":\"https:\/\/schema.org\",\"@graph\":[{\"@type\":\"Article\",\"@id\":\"https:\/\/futbolhoy.co\/index.php\/2020\/03\/28\/cuadrado-acepto-reduccion-de-su-salario\/#article\",\"isPartOf\":{\"@id\":\"https:\/\/futbolhoy.co\/index.php\/2020\/03\/28\/cuadrado-acepto-reduccion-de-su-salario\/\"},\"author\":{\"name\":\"Laura Hern\u00e1ndez\",\"@id\":\"https:\/\/futbolhoy.co\/#\/schema\/person\/c4a353a512b127643723a34bb1812f7d\"},\"headline\":\"Cuadrado acept\u00f3 reducci\u00f3n de su salario\",\"datePublished\":\"2020-03-28T15:56:42+00:00\",\"dateModified\":\"2020-03-29T13:44:32+00:00\",\"mainEntityOfPage\":{\"@id\":\"https:\/\/futbolhoy.co\/index.php\/2020\/03\/28\/cuadrado-acepto-reduccion-de-su-salario\/\"},\"wordCount\":152,\"commentCount\":0,\"publisher\":{\"@id\":\"https:\/\/futbolhoy.co\/#organization\"},\"image\":{\"@id\":\"https:\/\/futbolhoy.co\/index.php\/2020\/03\/28\/cuadrado-acepto-reduccion-de-su-salario\/#primaryimage\"},\"thumbnailUrl\":\"https:\/\/futbolhoy.co\/wp-content\/uploads\/2019\/03\/2019.jpg\",\"keywords\":[\"Cuadrado\",\"Juventus\"],\"articleSection\":[\"Colombia\"],\"inLanguage\":\"es\",\"potentialAction\":[{\"@type\":\"CommentAction\",\"name\":\"Comment\",\"target\":[\"https:\/\/futbolhoy.co\/index.php\/2020\/03\/28\/cuadrado-acepto-reduccion-de-su-salario\/#respond\"]}]},{\"@type\":\"WebPage\",\"@id\":\"https:\/\/futbolhoy.co\/index.php\/2020\/03\/28\/cuadrado-acepto-reduccion-de-su-salario\/\",\"url\":\"https:\/\/futbolhoy.co\/index.php\/2020\/03\/28\/cuadrado-acepto-reduccion-de-su-salario\/\",\"name\":\"Cuadrado acept\u00f3 reducci\u00f3n de su salario -\",\"isPartOf\":{\"@id\":\"https:\/\/futbolhoy.co\/#website\"},\"primaryImageOfPage\":{\"@id\":\"https:\/\/futbolhoy.co\/index.php\/2020\/03\/28\/cuadrado-acepto-reduccion-de-su-salario\/#primaryimage\"},\"image\":{\"@id\":\"https:\/\/futbolhoy.co\/index.php\/2020\/03\/28\/cuadrado-acepto-reduccion-de-su-salario\/#primaryimage\"},\"thumbnailUrl\":\"https:\/\/futbolhoy.co\/wp-content\/uploads\/2019\/03\/2019.jpg\",\"datePublished\":\"2020-03-28T15:56:42+00:00\",\"dateModified\":\"2020-03-29T13:44:32+00:00\",\"breadcrumb\":{\"@id\":\"https:\/\/futbolhoy.co\/index.php\/2020\/03\/28\/cuadrado-acepto-reduccion-de-su-salario\/#breadcrumb\"},\"inLanguage\":\"es\",\"potentialAction\":[{\"@type\":\"ReadAction\",\"target\":[\"https:\/\/futbolhoy.co\/index.php\/2020\/03\/28\/cuadrado-acepto-reduccion-de-su-salario\/\"]}]},{\"@type\":\"ImageObject\",\"inLanguage\":\"es\",\"@id\":\"https:\/\/futbolhoy.co\/index.php\/2020\/03\/28\/cuadrado-acepto-reduccion-de-su-salario\/#primaryimage\",\"url\":\"https:\/\/futbolhoy.co\/wp-content\/uploads\/2019\/03\/2019.jpg\",\"contentUrl\":\"https:\/\/futbolhoy.co\/wp-content\/uploads\/2019\/03\/2019.jpg\",\"width\":1200,\"height\":800,\"caption\":\"@cuadrado\"},{\"@type\":\"BreadcrumbList\",\"@id\":\"https:\/\/futbolhoy.co\/index.php\/2020\/03\/28\/cuadrado-acepto-reduccion-de-su-salario\/#breadcrumb\",\"itemListElement\":[{\"@type\":\"ListItem\",\"position\":1,\"name\":\"Portada\",\"item\":\"https:\/\/futbolhoy.co\/\"},{\"@type\":\"ListItem\",\"position\":2,\"name\":\"Cuadrado acept\u00f3 reducci\u00f3n de su salario\"}]},{\"@type\":\"WebSite\",\"@id\":\"https:\/\/futbolhoy.co\/#website\",\"url\":\"https:\/\/futbolhoy.co\/\",\"name\":\"FutbolHoy\",\"description\":\"\",\"publisher\":{\"@id\":\"https:\/\/futbolhoy.co\/#organization\"},\"potentialAction\":[{\"@type\":\"SearchAction\",\"target\":{\"@type\":\"EntryPoint\",\"urlTemplate\":\"https:\/\/futbolhoy.co\/?s={search_term_string}\"},\"query-input\":{\"@type\":\"PropertyValueSpecification\",\"valueRequired\":true,\"valueName\":\"search_term_string\"}}],\"inLanguage\":\"es\"},{\"@type\":\"Organization\",\"@id\":\"https:\/\/futbolhoy.co\/#organization\",\"name\":\"Futbolhoy.co\",\"url\":\"https:\/\/futbolhoy.co\/\",\"logo\":{\"@type\":\"ImageObject\",\"inLanguage\":\"es\",\"@id\":\"https:\/\/futbolhoy.co\/#\/schema\/logo\/image\/\",\"url\":\"https:\/\/futbolhoy.co\/wp-content\/uploads\/2018\/08\/17426380_1906371736249227_6326180412931521141_n.jpg\",\"contentUrl\":\"https:\/\/futbolhoy.co\/wp-content\/uploads\/2018\/08\/17426380_1906371736249227_6326180412931521141_n.jpg\",\"width\":960,\"height\":960,\"caption\":\"Futbolhoy.co\"},\"image\":{\"@id\":\"https:\/\/futbolhoy.co\/#\/schema\/logo\/image\/\"},\"sameAs\":[\"https:\/\/www.facebook.com\/FutbolHoyCol\/\",\"https:\/\/x.com\/FutbolHoyCol\",\"https:\/\/www.instagram.com\/futbolhoycol\/\"]},{\"@type\":\"Person\",\"@id\":\"https:\/\/futbolhoy.co\/#\/schema\/person\/c4a353a512b127643723a34bb1812f7d\",\"name\":\"Laura Hern\u00e1ndez\",\"image\":{\"@type\":\"ImageObject\",\"inLanguage\":\"es\",\"@id\":\"https:\/\/futbolhoy.co\/#\/schema\/person\/image\/\",\"url\":\"https:\/\/secure.gravatar.com\/avatar\/d25959a15b9b293a743f99181c7cfd01?s=96&d=mm&r=g\",\"contentUrl\":\"https:\/\/secure.gravatar.com\/avatar\/d25959a15b9b293a743f99181c7cfd01?s=96&d=mm&r=g\",\"caption\":\"Laura Hern\u00e1ndez\"}}]}<\/script>\n<!-- \/ Yoast SEO plugin. -->","yoast_head_json":{"title":"Cuadrado acept\u00f3 reducci\u00f3n de su salario -","robots":{"index":"index","follow":"follow","max-snippet":"max-snippet:-1","max-image-preview":"max-image-preview:large","max-video-preview":"max-video-preview:-1"},"canonical":"https:\/\/futbolhoy.co\/index.php\/2020\/03\/28\/cuadrado-acepto-reduccion-de-su-salario\/","og_locale":"es_ES","og_type":"article","og_title":"Cuadrado acept\u00f3 reducci\u00f3n de su salario -","og_description":"El capit\u00e1n de la Juventus, Giorgio Chiellini, convenci\u00f3 a la gran mayor\u00eda del plantel profesional, incluido Cristiano Ronaldo, para reducirse el sueldo en estos momentos en el que el campeonato est\u00e1 detenido por la pandemia, seg\u00fan el diario deportivo, \"Tuttosport\". Chiellini, desde su habitaci\u00f3n del hotel donde est\u00e1 aislado, llam\u00f3 a todos sus compa\u00f1eros para [&hellip;]","og_url":"https:\/\/futbolhoy.co\/index.php\/2020\/03\/28\/cuadrado-acepto-reduccion-de-su-salario\/","article_publisher":"https:\/\/www.facebook.com\/FutbolHoyCol\/","article_published_time":"2020-03-28T15:56:42+00:00","article_modified_time":"2020-03-29T13:44:32+00:00","og_image":[{"width":1200,"height":800,"url":"https:\/\/futbolhoy.co\/wp-content\/uploads\/2019\/03\/2019.jpg","type":"image\/jpeg"}],"author":"Laura Hern\u00e1ndez","twitter_card":"summary_large_image","twitter_creator":"@FutbolHoyCol","twitter_site":"@FutbolHoyCol","twitter_misc":{"Escrito por":"Laura Hern\u00e1ndez","Tiempo de lectura":"1 minuto"},"schema":{"@context":"https:\/\/schema.org","@graph":[{"@type":"Article","@id":"https:\/\/futbolhoy.co\/index.php\/2020\/03\/28\/cuadrado-acepto-reduccion-de-su-salario\/#article","isPartOf":{"@id":"https:\/\/futbolhoy.co\/index.php\/2020\/03\/28\/cuadrado-acepto-reduccion-de-su-salario\/"},"author":{"name":"Laura Hern\u00e1ndez","@id":"https:\/\/futbolhoy.co\/#\/schema\/person\/c4a353a512b127643723a34bb1812f7d"},"headline":"Cuadrado acept\u00f3 reducci\u00f3n de su salario","datePublished":"2020-03-28T15:56:42+00:00","dateModified":"2020-03-29T13:44:32+00:00","mainEntityOfPage":{"@id":"https:\/\/futbolhoy.co\/index.php\/2020\/03\/28\/cuadrado-acepto-reduccion-de-su-salario\/"},"wordCount":152,"commentCount":0,"publisher":{"@id":"https:\/\/futbolhoy.co\/#organization"},"image":{"@id":"https:\/\/futbolhoy.co\/index.php\/2020\/03\/28\/cuadrado-acepto-reduccion-de-su-salario\/#primaryimage"},"thumbnailUrl":"https:\/\/futbolhoy.co\/wp-content\/uploads\/2019\/03\/2019.jpg","keywords":["Cuadrado","Juventus"],"articleSection":["Colombia"],"inLanguage":"es","potentialAction":[{"@type":"CommentAction","name":"Comment","target":["https:\/\/futbolhoy.co\/index.php\/2020\/03\/28\/cuadrado-acepto-reduccion-de-su-salario\/#respond"]}]},{"@type":"WebPage","@id":"https:\/\/futbolhoy.co\/index.php\/2020\/03\/28\/cuadrado-acepto-reduccion-de-su-salario\/","url":"https:\/\/futbolhoy.co\/index.php\/2020\/03\/28\/cuadrado-acepto-reduccion-de-su-salario\/","name":"Cuadrado acept\u00f3 reducci\u00f3n de su salario -","isPartOf":{"@id":"https:\/\/futbolhoy.co\/#website"},"primaryImageOfPage":{"@id":"https:\/\/futbolhoy.co\/index.php\/2020\/03\/28\/cuadrado-acepto-reduccion-de-su-salario\/#primaryimage"},"image":{"@id":"https:\/\/futbolhoy.co\/index.php\/2020\/03\/28\/cuadrado-acepto-reduccion-de-su-salario\/#primaryimage"},"thumbnailUrl":"https:\/\/futbolhoy.co\/wp-content\/uploads\/2019\/03\/2019.jpg","datePublished":"2020-03-28T15:56:42+00:00","dateModified":"2020-03-29T13:44:32+00:00","breadcrumb":{"@id":"https:\/\/futbolhoy.co\/index.php\/2020\/03\/28\/cuadrado-acepto-reduccion-de-su-salario\/#breadcrumb"},"inLanguage":"es","potentialAction":[{"@type":"ReadAction","target":["https:\/\/futbolhoy.co\/index.php\/2020\/03\/28\/cuadrado-acepto-reduccion-de-su-salario\/"]}]},{"@type":"ImageObject","inLanguage":"es","@id":"https:\/\/futbolhoy.co\/index.php\/2020\/03\/28\/cuadrado-acepto-reduccion-de-su-salario\/#primaryimage","url":"https:\/\/futbolhoy.co\/wp-content\/uploads\/2019\/03\/2019.jpg","contentUrl":"https:\/\/futbolhoy.co\/wp-content\/uploads\/2019\/03\/2019.jpg","width":1200,"height":800,"caption":"@cuadrado"},{"@type":"BreadcrumbList","@id":"https:\/\/futbolhoy.co\/index.php\/2020\/03\/28\/cuadrado-acepto-reduccion-de-su-salario\/#breadcrumb","itemListElement":[{"@type":"ListItem","position":1,"name":"Portada","item":"https:\/\/futbolhoy.co\/"},{"@type":"ListItem","position":2,"name":"Cuadrado acept\u00f3 reducci\u00f3n de su salario"}]},{"@type":"WebSite","@id":"https:\/\/futbolhoy.co\/#website","url":"https:\/\/futbolhoy.co\/","name":"FutbolHoy","description":"","publisher":{"@id":"https:\/\/futbolhoy.co\/#organization"},"potentialAction":[{"@type":"SearchAction","target":{"@type":"EntryPoint","urlTemplate":"https:\/\/futbolhoy.co\/?s={search_term_string}"},"query-input":{"@type":"PropertyValueSpecification","valueRequired":true,"valueName":"search_term_string"}}],"inLanguage":"es"},{"@type":"Organization","@id":"https:\/\/futbolhoy.co\/#organization","name":"Futbolhoy.co","url":"https:\/\/futbolhoy.co\/","logo":{"@type":"ImageObject","inLanguage":"es","@id":"https:\/\/futbolhoy.co\/#\/schema\/logo\/image\/","url":"https:\/\/futbolhoy.co\/wp-content\/uploads\/2018\/08\/17426380_1906371736249227_6326180412931521141_n.jpg","contentUrl":"https:\/\/futbolhoy.co\/wp-content\/uploads\/2018\/08\/17426380_1906371736249227_6326180412931521141_n.jpg","width":960,"height":960,"caption":"Futbolhoy.co"},"image":{"@id":"https:\/\/futbolhoy.co\/#\/schema\/logo\/image\/"},"sameAs":["https:\/\/www.facebook.com\/FutbolHoyCol\/","https:\/\/x.com\/FutbolHoyCol","https:\/\/www.instagram.com\/futbolhoycol\/"]},{"@type":"Person","@id":"https:\/\/futbolhoy.co\/#\/schema\/person\/c4a353a512b127643723a34bb1812f7d","name":"Laura Hern\u00e1ndez","image":{"@type":"ImageObject","inLanguage":"es","@id":"https:\/\/futbolhoy.co\/#\/schema\/person\/image\/","url":"https:\/\/secure.gravatar.com\/avatar\/d25959a15b9b293a743f99181c7cfd01?s=96&d=mm&r=g","contentUrl":"https:\/\/secure.gravatar.com\/avatar\/d25959a15b9b293a743f99181c7cfd01?s=96&d=mm&r=g","caption":"Laura Hern\u00e1ndez"}}]}},"publishpress_future_action":{"enabled":false,"date":"2026-05-04 05:03:06","action":"change-status","newStatus":"draft","terms":[],"taxonomy":"category","extraData":[]},"publishpress_future_workflow_manual_trigger":{"enabledWorkflows":[]},"_links":{"self":[{"href":"https:\/\/futbolhoy.co\/index.php\/wp-json\/wp\/v2\/posts\/49393","targetHints":{"allow":["GET"]}}],"collection":[{"href":"https:\/\/futbolhoy.co\/index.php\/wp-json\/wp\/v2\/posts"}],"about":[{"href":"https:\/\/futbolhoy.co\/index.php\/wp-json\/wp\/v2\/types\/post"}],"author":[{"embeddable":true,"href":"https:\/\/futbolhoy.co\/index.php\/wp-json\/wp\/v2\/users\/5"}],"replies":[{"embeddable":true,"href":"https:\/\/futbolhoy.co\/index.php\/wp-json\/wp\/v2\/comments?post=49393"}],"version-history":[{"count":1,"href":"https:\/\/futbolhoy.co\/index.php\/wp-json\/wp\/v2\/posts\/49393\/revisions"}],"predecessor-version":[{"id":49394,"href":"https:\/\/futbolhoy.co\/index.php\/wp-json\/wp\/v2\/posts\/49393\/revisions\/49394"}],"wp:featuredmedia":[{"embeddable":true,"href":"https:\/\/futbolhoy.co\/index.php\/wp-json\/wp\/v2\/media\/33487"}],"wp:attachment":[{"href":"https:\/\/futbolhoy.co\/index.php\/wp-json\/wp\/v2\/media?parent=49393"}],"wp:term":[{"taxonomy":"category","embeddable":true,"href":"https:\/\/futbolhoy.co\/index.php\/wp-json\/wp\/v2\/categories?post=49393"},{"taxonomy":"post_tag","embeddable":true,"href":"https:\/\/futbolhoy.co\/index.php\/wp-json\/wp\/v2\/tags?post=49393"}],"curies":[{"name":"wp","href":"https:\/\/api.w.org\/{rel}","templated":true}]}}