{"id":49405,"date":"2020-03-28T17:41:52","date_gmt":"2020-03-28T22:41:52","guid":{"rendered":"https:\/\/futbolhoy.co\/?p=49405"},"modified":"2020-03-29T10:18:52","modified_gmt":"2020-03-29T15:18:52","slug":"santiago-arias-en-la-mira-del-futbol-italiano","status":"publish","type":"post","link":"https:\/\/futbolhoy.co\/index.php\/2020\/03\/28\/santiago-arias-en-la-mira-del-futbol-italiano\/","title":{"rendered":"Santiago Arias en la \u2018mira\u2019 del f\u00fatbol italiano"},"content":{"rendered":"<p style=\"text-align: justify;\"><span style=\"font-family: helvetica, arial, sans-serif;\">El lateral antioque\u00f1o <strong>Santiago Arias<\/strong> del<strong> Atl\u00e9tico de Madrid,<\/strong> figura en los planes del <strong>Inter de Mil\u00e1n<\/strong> y <strong>N\u00e1poles<\/strong> para la pr\u00f3xima temporada, seg\u00fan Il Corriere dello Sport.<\/span><\/p>\n<p style=\"text-align: justify;\"><span style=\"font-family: helvetica, arial, sans-serif;\"><strong>Arias<\/strong>, quien perdi\u00f3 su posici\u00f3n como titular en el equipo \u2018colchonero\u2019 tras la llegada de<strong> Kieran Trippier<\/strong>, no seguir\u00eda en el f\u00fatbol espa\u00f1ol.<\/span><\/p>\n<p style=\"text-align: justify;\"><span style=\"font-family: helvetica, arial, sans-serif;\"><strong>N\u00e1poles<\/strong>, que ya hab\u00eda pretendido al colombiano en 2018, intentar\u00e1 nuevamente para fortalecer su l\u00ednea defensiva.<\/span><\/p>\n<p style=\"text-align: justify;\"><span style=\"font-family: helvetica, arial, sans-serif;\">Los napolitanos estuvieron muy cerca de vincularlo cuando estaba en el <strong>PSV<\/strong>, sin embargo, <strong>Arias<\/strong> prefiri\u00f3 a los espa\u00f1oles.<\/span><\/p>\n<p style=\"text-align: justify;\"><span style=\"font-family: helvetica, arial, sans-serif;\">De acuerdo con el mismo medio, los dirigidos por <strong>Gennaro Gattuso<\/strong> tambi\u00e9n buscar\u00edan un intercambio del polaco <strong>Arkadiusz Milik<\/strong> con <strong>Diego Costa<\/strong>; sin dejar de lado la opci\u00f3n del colombiano.<\/span><\/p>\n<p style=\"text-align: justify;\"><span style=\"font-family: helvetica, arial, sans-serif;\">En medios deportivos brit\u00e1nicos tambi\u00e9n se habl\u00f3 de un inter\u00e9s del <strong>Everton<\/strong>.<\/span><\/p>\n","protected":false},"excerpt":{"rendered":"<p>El lateral antioque\u00f1o Santiago Arias del Atl\u00e9tico de Madrid, figura en los planes del Inter de Mil\u00e1n y N\u00e1poles para la pr\u00f3xima temporada, seg\u00fan Il Corriere dello Sport. Arias, quien perdi\u00f3 su posici\u00f3n como titular en el equipo \u2018colchonero\u2019 tras la llegada de Kieran Trippier, no seguir\u00eda en el f\u00fatbol espa\u00f1ol. N\u00e1poles, que ya hab\u00eda [&hellip;]<\/p>\n","protected":false},"author":5,"featured_media":49408,"comment_status":"open","ping_status":"open","sticky":false,"template":"","format":"standard","meta":{"_acf_changed":false,"footnotes":""},"categories":[418],"tags":[],"class_list":{"0":"post-49405","1":"post","2":"type-post","3":"status-publish","4":"format-standard","5":"has-post-thumbnail","7":"category-colombia"},"acf":[],"yoast_head":"<!-- This site is optimized with the Yoast SEO plugin v26.8 - https:\/\/yoast.com\/product\/yoast-seo-wordpress\/ -->\n<title>Santiago Arias en la \u2018mira\u2019 del f\u00fatbol italiano -<\/title>\n<meta name=\"robots\" content=\"index, follow, max-snippet:-1, max-image-preview:large, max-video-preview:-1\" \/>\n<link rel=\"canonical\" href=\"https:\/\/futbolhoy.co\/index.php\/2020\/03\/28\/santiago-arias-en-la-mira-del-futbol-italiano\/\" \/>\n<meta property=\"og:locale\" content=\"es_ES\" \/>\n<meta property=\"og:type\" content=\"article\" \/>\n<meta property=\"og:title\" content=\"Santiago Arias en la \u2018mira\u2019 del f\u00fatbol italiano -\" \/>\n<meta property=\"og:description\" content=\"El lateral antioque\u00f1o Santiago Arias del Atl\u00e9tico de Madrid, figura en los planes del Inter de Mil\u00e1n y N\u00e1poles para la pr\u00f3xima temporada, seg\u00fan Il Corriere dello Sport. Arias, quien perdi\u00f3 su posici\u00f3n como titular en el equipo \u2018colchonero\u2019 tras la llegada de Kieran Trippier, no seguir\u00eda en el f\u00fatbol espa\u00f1ol. N\u00e1poles, que ya hab\u00eda [&hellip;]\" \/>\n<meta property=\"og:url\" content=\"https:\/\/futbolhoy.co\/index.php\/2020\/03\/28\/santiago-arias-en-la-mira-del-futbol-italiano\/\" \/>\n<meta property=\"article:publisher\" content=\"https:\/\/www.facebook.com\/FutbolHoyCol\/\" \/>\n<meta property=\"article:published_time\" content=\"2020-03-28T22:41:52+00:00\" \/>\n<meta property=\"article:modified_time\" content=\"2020-03-29T15:18:52+00:00\" \/>\n<meta property=\"og:image\" content=\"https:\/\/futbolhoy.co\/wp-content\/uploads\/2020\/03\/ET-kcO3XYAIaYwi.jpg\" \/>\n\t<meta property=\"og:image:width\" content=\"594\" \/>\n\t<meta property=\"og:image:height\" content=\"396\" \/>\n\t<meta property=\"og:image:type\" content=\"image\/jpeg\" \/>\n<meta name=\"author\" content=\"Laura Hern\u00e1ndez\" \/>\n<meta name=\"twitter:card\" content=\"summary_large_image\" \/>\n<meta name=\"twitter:creator\" content=\"@FutbolHoyCol\" \/>\n<meta name=\"twitter:site\" content=\"@FutbolHoyCol\" \/>\n<meta name=\"twitter:label1\" content=\"Escrito por\" \/>\n\t<meta name=\"twitter:data1\" content=\"Laura Hern\u00e1ndez\" \/>\n\t<meta name=\"twitter:label2\" content=\"Tiempo de lectura\" \/>\n\t<meta name=\"twitter:data2\" content=\"1 minuto\" \/>\n<script type=\"application\/ld+json\" class=\"yoast-schema-graph\">{\"@context\":\"https:\/\/schema.org\",\"@graph\":[{\"@type\":\"Article\",\"@id\":\"https:\/\/futbolhoy.co\/index.php\/2020\/03\/28\/santiago-arias-en-la-mira-del-futbol-italiano\/#article\",\"isPartOf\":{\"@id\":\"https:\/\/futbolhoy.co\/index.php\/2020\/03\/28\/santiago-arias-en-la-mira-del-futbol-italiano\/\"},\"author\":{\"name\":\"Laura Hern\u00e1ndez\",\"@id\":\"https:\/\/futbolhoy.co\/#\/schema\/person\/c4a353a512b127643723a34bb1812f7d\"},\"headline\":\"Santiago Arias en la \u2018mira\u2019 del f\u00fatbol italiano\",\"datePublished\":\"2020-03-28T22:41:52+00:00\",\"dateModified\":\"2020-03-29T15:18:52+00:00\",\"mainEntityOfPage\":{\"@id\":\"https:\/\/futbolhoy.co\/index.php\/2020\/03\/28\/santiago-arias-en-la-mira-del-futbol-italiano\/\"},\"wordCount\":156,\"commentCount\":0,\"publisher\":{\"@id\":\"https:\/\/futbolhoy.co\/#organization\"},\"image\":{\"@id\":\"https:\/\/futbolhoy.co\/index.php\/2020\/03\/28\/santiago-arias-en-la-mira-del-futbol-italiano\/#primaryimage\"},\"thumbnailUrl\":\"https:\/\/futbolhoy.co\/wp-content\/uploads\/2020\/03\/ET-kcO3XYAIaYwi.jpg\",\"articleSection\":[\"Colombia\"],\"inLanguage\":\"es\",\"potentialAction\":[{\"@type\":\"CommentAction\",\"name\":\"Comment\",\"target\":[\"https:\/\/futbolhoy.co\/index.php\/2020\/03\/28\/santiago-arias-en-la-mira-del-futbol-italiano\/#respond\"]}]},{\"@type\":\"WebPage\",\"@id\":\"https:\/\/futbolhoy.co\/index.php\/2020\/03\/28\/santiago-arias-en-la-mira-del-futbol-italiano\/\",\"url\":\"https:\/\/futbolhoy.co\/index.php\/2020\/03\/28\/santiago-arias-en-la-mira-del-futbol-italiano\/\",\"name\":\"Santiago Arias en la \u2018mira\u2019 del f\u00fatbol italiano -\",\"isPartOf\":{\"@id\":\"https:\/\/futbolhoy.co\/#website\"},\"primaryImageOfPage\":{\"@id\":\"https:\/\/futbolhoy.co\/index.php\/2020\/03\/28\/santiago-arias-en-la-mira-del-futbol-italiano\/#primaryimage\"},\"image\":{\"@id\":\"https:\/\/futbolhoy.co\/index.php\/2020\/03\/28\/santiago-arias-en-la-mira-del-futbol-italiano\/#primaryimage\"},\"thumbnailUrl\":\"https:\/\/futbolhoy.co\/wp-content\/uploads\/2020\/03\/ET-kcO3XYAIaYwi.jpg\",\"datePublished\":\"2020-03-28T22:41:52+00:00\",\"dateModified\":\"2020-03-29T15:18:52+00:00\",\"breadcrumb\":{\"@id\":\"https:\/\/futbolhoy.co\/index.php\/2020\/03\/28\/santiago-arias-en-la-mira-del-futbol-italiano\/#breadcrumb\"},\"inLanguage\":\"es\",\"potentialAction\":[{\"@type\":\"ReadAction\",\"target\":[\"https:\/\/futbolhoy.co\/index.php\/2020\/03\/28\/santiago-arias-en-la-mira-del-futbol-italiano\/\"]}]},{\"@type\":\"ImageObject\",\"inLanguage\":\"es\",\"@id\":\"https:\/\/futbolhoy.co\/index.php\/2020\/03\/28\/santiago-arias-en-la-mira-del-futbol-italiano\/#primaryimage\",\"url\":\"https:\/\/futbolhoy.co\/wp-content\/uploads\/2020\/03\/ET-kcO3XYAIaYwi.jpg\",\"contentUrl\":\"https:\/\/futbolhoy.co\/wp-content\/uploads\/2020\/03\/ET-kcO3XYAIaYwi.jpg\",\"width\":594,\"height\":396},{\"@type\":\"BreadcrumbList\",\"@id\":\"https:\/\/futbolhoy.co\/index.php\/2020\/03\/28\/santiago-arias-en-la-mira-del-futbol-italiano\/#breadcrumb\",\"itemListElement\":[{\"@type\":\"ListItem\",\"position\":1,\"name\":\"Portada\",\"item\":\"https:\/\/futbolhoy.co\/\"},{\"@type\":\"ListItem\",\"position\":2,\"name\":\"Santiago Arias en la \u2018mira\u2019 del f\u00fatbol italiano\"}]},{\"@type\":\"WebSite\",\"@id\":\"https:\/\/futbolhoy.co\/#website\",\"url\":\"https:\/\/futbolhoy.co\/\",\"name\":\"FutbolHoy\",\"description\":\"\",\"publisher\":{\"@id\":\"https:\/\/futbolhoy.co\/#organization\"},\"potentialAction\":[{\"@type\":\"SearchAction\",\"target\":{\"@type\":\"EntryPoint\",\"urlTemplate\":\"https:\/\/futbolhoy.co\/?s={search_term_string}\"},\"query-input\":{\"@type\":\"PropertyValueSpecification\",\"valueRequired\":true,\"valueName\":\"search_term_string\"}}],\"inLanguage\":\"es\"},{\"@type\":\"Organization\",\"@id\":\"https:\/\/futbolhoy.co\/#organization\",\"name\":\"Futbolhoy.co\",\"url\":\"https:\/\/futbolhoy.co\/\",\"logo\":{\"@type\":\"ImageObject\",\"inLanguage\":\"es\",\"@id\":\"https:\/\/futbolhoy.co\/#\/schema\/logo\/image\/\",\"url\":\"https:\/\/futbolhoy.co\/wp-content\/uploads\/2018\/08\/17426380_1906371736249227_6326180412931521141_n.jpg\",\"contentUrl\":\"https:\/\/futbolhoy.co\/wp-content\/uploads\/2018\/08\/17426380_1906371736249227_6326180412931521141_n.jpg\",\"width\":960,\"height\":960,\"caption\":\"Futbolhoy.co\"},\"image\":{\"@id\":\"https:\/\/futbolhoy.co\/#\/schema\/logo\/image\/\"},\"sameAs\":[\"https:\/\/www.facebook.com\/FutbolHoyCol\/\",\"https:\/\/x.com\/FutbolHoyCol\",\"https:\/\/www.instagram.com\/futbolhoycol\/\"]},{\"@type\":\"Person\",\"@id\":\"https:\/\/futbolhoy.co\/#\/schema\/person\/c4a353a512b127643723a34bb1812f7d\",\"name\":\"Laura Hern\u00e1ndez\",\"image\":{\"@type\":\"ImageObject\",\"inLanguage\":\"es\",\"@id\":\"https:\/\/futbolhoy.co\/#\/schema\/person\/image\/\",\"url\":\"https:\/\/secure.gravatar.com\/avatar\/d25959a15b9b293a743f99181c7cfd01?s=96&d=mm&r=g\",\"contentUrl\":\"https:\/\/secure.gravatar.com\/avatar\/d25959a15b9b293a743f99181c7cfd01?s=96&d=mm&r=g\",\"caption\":\"Laura Hern\u00e1ndez\"}}]}<\/script>\n<!-- \/ Yoast SEO plugin. -->","yoast_head_json":{"title":"Santiago Arias en la \u2018mira\u2019 del f\u00fatbol italiano -","robots":{"index":"index","follow":"follow","max-snippet":"max-snippet:-1","max-image-preview":"max-image-preview:large","max-video-preview":"max-video-preview:-1"},"canonical":"https:\/\/futbolhoy.co\/index.php\/2020\/03\/28\/santiago-arias-en-la-mira-del-futbol-italiano\/","og_locale":"es_ES","og_type":"article","og_title":"Santiago Arias en la \u2018mira\u2019 del f\u00fatbol italiano -","og_description":"El lateral antioque\u00f1o Santiago Arias del Atl\u00e9tico de Madrid, figura en los planes del Inter de Mil\u00e1n y N\u00e1poles para la pr\u00f3xima temporada, seg\u00fan Il Corriere dello Sport. Arias, quien perdi\u00f3 su posici\u00f3n como titular en el equipo \u2018colchonero\u2019 tras la llegada de Kieran Trippier, no seguir\u00eda en el f\u00fatbol espa\u00f1ol. N\u00e1poles, que ya hab\u00eda [&hellip;]","og_url":"https:\/\/futbolhoy.co\/index.php\/2020\/03\/28\/santiago-arias-en-la-mira-del-futbol-italiano\/","article_publisher":"https:\/\/www.facebook.com\/FutbolHoyCol\/","article_published_time":"2020-03-28T22:41:52+00:00","article_modified_time":"2020-03-29T15:18:52+00:00","og_image":[{"width":594,"height":396,"url":"https:\/\/futbolhoy.co\/wp-content\/uploads\/2020\/03\/ET-kcO3XYAIaYwi.jpg","type":"image\/jpeg"}],"author":"Laura Hern\u00e1ndez","twitter_card":"summary_large_image","twitter_creator":"@FutbolHoyCol","twitter_site":"@FutbolHoyCol","twitter_misc":{"Escrito por":"Laura Hern\u00e1ndez","Tiempo de lectura":"1 minuto"},"schema":{"@context":"https:\/\/schema.org","@graph":[{"@type":"Article","@id":"https:\/\/futbolhoy.co\/index.php\/2020\/03\/28\/santiago-arias-en-la-mira-del-futbol-italiano\/#article","isPartOf":{"@id":"https:\/\/futbolhoy.co\/index.php\/2020\/03\/28\/santiago-arias-en-la-mira-del-futbol-italiano\/"},"author":{"name":"Laura Hern\u00e1ndez","@id":"https:\/\/futbolhoy.co\/#\/schema\/person\/c4a353a512b127643723a34bb1812f7d"},"headline":"Santiago Arias en la \u2018mira\u2019 del f\u00fatbol italiano","datePublished":"2020-03-28T22:41:52+00:00","dateModified":"2020-03-29T15:18:52+00:00","mainEntityOfPage":{"@id":"https:\/\/futbolhoy.co\/index.php\/2020\/03\/28\/santiago-arias-en-la-mira-del-futbol-italiano\/"},"wordCount":156,"commentCount":0,"publisher":{"@id":"https:\/\/futbolhoy.co\/#organization"},"image":{"@id":"https:\/\/futbolhoy.co\/index.php\/2020\/03\/28\/santiago-arias-en-la-mira-del-futbol-italiano\/#primaryimage"},"thumbnailUrl":"https:\/\/futbolhoy.co\/wp-content\/uploads\/2020\/03\/ET-kcO3XYAIaYwi.jpg","articleSection":["Colombia"],"inLanguage":"es","potentialAction":[{"@type":"CommentAction","name":"Comment","target":["https:\/\/futbolhoy.co\/index.php\/2020\/03\/28\/santiago-arias-en-la-mira-del-futbol-italiano\/#respond"]}]},{"@type":"WebPage","@id":"https:\/\/futbolhoy.co\/index.php\/2020\/03\/28\/santiago-arias-en-la-mira-del-futbol-italiano\/","url":"https:\/\/futbolhoy.co\/index.php\/2020\/03\/28\/santiago-arias-en-la-mira-del-futbol-italiano\/","name":"Santiago Arias en la \u2018mira\u2019 del f\u00fatbol italiano -","isPartOf":{"@id":"https:\/\/futbolhoy.co\/#website"},"primaryImageOfPage":{"@id":"https:\/\/futbolhoy.co\/index.php\/2020\/03\/28\/santiago-arias-en-la-mira-del-futbol-italiano\/#primaryimage"},"image":{"@id":"https:\/\/futbolhoy.co\/index.php\/2020\/03\/28\/santiago-arias-en-la-mira-del-futbol-italiano\/#primaryimage"},"thumbnailUrl":"https:\/\/futbolhoy.co\/wp-content\/uploads\/2020\/03\/ET-kcO3XYAIaYwi.jpg","datePublished":"2020-03-28T22:41:52+00:00","dateModified":"2020-03-29T15:18:52+00:00","breadcrumb":{"@id":"https:\/\/futbolhoy.co\/index.php\/2020\/03\/28\/santiago-arias-en-la-mira-del-futbol-italiano\/#breadcrumb"},"inLanguage":"es","potentialAction":[{"@type":"ReadAction","target":["https:\/\/futbolhoy.co\/index.php\/2020\/03\/28\/santiago-arias-en-la-mira-del-futbol-italiano\/"]}]},{"@type":"ImageObject","inLanguage":"es","@id":"https:\/\/futbolhoy.co\/index.php\/2020\/03\/28\/santiago-arias-en-la-mira-del-futbol-italiano\/#primaryimage","url":"https:\/\/futbolhoy.co\/wp-content\/uploads\/2020\/03\/ET-kcO3XYAIaYwi.jpg","contentUrl":"https:\/\/futbolhoy.co\/wp-content\/uploads\/2020\/03\/ET-kcO3XYAIaYwi.jpg","width":594,"height":396},{"@type":"BreadcrumbList","@id":"https:\/\/futbolhoy.co\/index.php\/2020\/03\/28\/santiago-arias-en-la-mira-del-futbol-italiano\/#breadcrumb","itemListElement":[{"@type":"ListItem","position":1,"name":"Portada","item":"https:\/\/futbolhoy.co\/"},{"@type":"ListItem","position":2,"name":"Santiago Arias en la \u2018mira\u2019 del f\u00fatbol italiano"}]},{"@type":"WebSite","@id":"https:\/\/futbolhoy.co\/#website","url":"https:\/\/futbolhoy.co\/","name":"FutbolHoy","description":"","publisher":{"@id":"https:\/\/futbolhoy.co\/#organization"},"potentialAction":[{"@type":"SearchAction","target":{"@type":"EntryPoint","urlTemplate":"https:\/\/futbolhoy.co\/?s={search_term_string}"},"query-input":{"@type":"PropertyValueSpecification","valueRequired":true,"valueName":"search_term_string"}}],"inLanguage":"es"},{"@type":"Organization","@id":"https:\/\/futbolhoy.co\/#organization","name":"Futbolhoy.co","url":"https:\/\/futbolhoy.co\/","logo":{"@type":"ImageObject","inLanguage":"es","@id":"https:\/\/futbolhoy.co\/#\/schema\/logo\/image\/","url":"https:\/\/futbolhoy.co\/wp-content\/uploads\/2018\/08\/17426380_1906371736249227_6326180412931521141_n.jpg","contentUrl":"https:\/\/futbolhoy.co\/wp-content\/uploads\/2018\/08\/17426380_1906371736249227_6326180412931521141_n.jpg","width":960,"height":960,"caption":"Futbolhoy.co"},"image":{"@id":"https:\/\/futbolhoy.co\/#\/schema\/logo\/image\/"},"sameAs":["https:\/\/www.facebook.com\/FutbolHoyCol\/","https:\/\/x.com\/FutbolHoyCol","https:\/\/www.instagram.com\/futbolhoycol\/"]},{"@type":"Person","@id":"https:\/\/futbolhoy.co\/#\/schema\/person\/c4a353a512b127643723a34bb1812f7d","name":"Laura Hern\u00e1ndez","image":{"@type":"ImageObject","inLanguage":"es","@id":"https:\/\/futbolhoy.co\/#\/schema\/person\/image\/","url":"https:\/\/secure.gravatar.com\/avatar\/d25959a15b9b293a743f99181c7cfd01?s=96&d=mm&r=g","contentUrl":"https:\/\/secure.gravatar.com\/avatar\/d25959a15b9b293a743f99181c7cfd01?s=96&d=mm&r=g","caption":"Laura Hern\u00e1ndez"}}]}},"publishpress_future_action":{"enabled":false,"date":"2026-05-03 22:00:55","action":"change-status","newStatus":"draft","terms":[],"taxonomy":"category","extraData":[]},"publishpress_future_workflow_manual_trigger":{"enabledWorkflows":[]},"_links":{"self":[{"href":"https:\/\/futbolhoy.co\/index.php\/wp-json\/wp\/v2\/posts\/49405","targetHints":{"allow":["GET"]}}],"collection":[{"href":"https:\/\/futbolhoy.co\/index.php\/wp-json\/wp\/v2\/posts"}],"about":[{"href":"https:\/\/futbolhoy.co\/index.php\/wp-json\/wp\/v2\/types\/post"}],"author":[{"embeddable":true,"href":"https:\/\/futbolhoy.co\/index.php\/wp-json\/wp\/v2\/users\/5"}],"replies":[{"embeddable":true,"href":"https:\/\/futbolhoy.co\/index.php\/wp-json\/wp\/v2\/comments?post=49405"}],"version-history":[{"count":1,"href":"https:\/\/futbolhoy.co\/index.php\/wp-json\/wp\/v2\/posts\/49405\/revisions"}],"predecessor-version":[{"id":49411,"href":"https:\/\/futbolhoy.co\/index.php\/wp-json\/wp\/v2\/posts\/49405\/revisions\/49411"}],"wp:featuredmedia":[{"embeddable":true,"href":"https:\/\/futbolhoy.co\/index.php\/wp-json\/wp\/v2\/media\/49408"}],"wp:attachment":[{"href":"https:\/\/futbolhoy.co\/index.php\/wp-json\/wp\/v2\/media?parent=49405"}],"wp:term":[{"taxonomy":"category","embeddable":true,"href":"https:\/\/futbolhoy.co\/index.php\/wp-json\/wp\/v2\/categories?post=49405"},{"taxonomy":"post_tag","embeddable":true,"href":"https:\/\/futbolhoy.co\/index.php\/wp-json\/wp\/v2\/tags?post=49405"}],"curies":[{"name":"wp","href":"https:\/\/api.w.org\/{rel}","templated":true}]}}