{"id":49406,"date":"2020-03-28T17:41:44","date_gmt":"2020-03-28T22:41:44","guid":{"rendered":"https:\/\/futbolhoy.co\/?p=49406"},"modified":"2020-03-29T08:58:34","modified_gmt":"2020-03-29T13:58:34","slug":"salario-de-leicy-santos-tambien-sera-reducido","status":"publish","type":"post","link":"https:\/\/futbolhoy.co\/index.php\/2020\/03\/28\/salario-de-leicy-santos-tambien-sera-reducido\/","title":{"rendered":"Salario de Leicy Santos tambi\u00e9n ser\u00e1 reducido"},"content":{"rendered":"<p style=\"text-align: justify;\"><span style=\"font-family: helvetica, arial, sans-serif;\">La volante cordobesa<strong> Leicy Santos<\/strong>, quien juega con el <strong>Atl\u00e9tico de Madrid<\/strong>, asegur\u00f3 que el plantel profesional est\u00e1 dispuesto a asumir la reducci\u00f3n de sus salarios, debido a la crisis por la pandemia que vive el club espa\u00f1ol.<\/span><\/p>\n<p style=\"text-align: justify;\"><span style=\"font-family: helvetica, arial, sans-serif;\"><i>\"Estamos de acuerdo en que se haga y el club tome las medidas necesarias. Estamos abiertas a las decisiones del club y acatarlas de la mejor manera. Nos mandaron el comunicado, el mismo que envi\u00f3 a todos los empleados \"<\/i>, dijo Leicy en entrevista con W Radio.<\/span><\/p>\n<p style=\"text-align: justify;\"><span style=\"font-family: helvetica, arial, sans-serif;\">La colombiana adem\u00e1s se refiri\u00f3 a las rutinas que cumple en casa, debido al coronavirus.<\/span><\/p>\n<p style=\"text-align: justify;\"><span style=\"font-family: helvetica, arial, sans-serif;\"><i>\"Estoy en casa, siguiendo los protocolos del gobierno en Madrid. Vivo con otra jugadora del equipo. Estoy bien y tranquila de momento\"<\/i>, agreg\u00f3.<\/span><\/p>\n<p style=\"text-align: justify;\"><span style=\"font-family: helvetica, arial, sans-serif;\"><i>\u201cNo sabemos qu\u00e9 va a pasar con la liga. Lo que priorizamos es la salud. No me gustar\u00eda que cancelaran la liga para no afectar las competencias del pr\u00f3ximo a\u00f1o. Todas queremos acabar la liga, hay muchos equipos que est\u00e1n con la incertidumbre\"<\/i>, precis\u00f3 Leicy en referencia al futuro del torneo femenino espa\u00f1ol.<\/span><\/p>\n<p style=\"text-align: justify;\"><span style=\"font-family: helvetica, arial, sans-serif;\">La volante colombiana, que lleg\u00f3 al Atl\u00e9tico en agosto del 2019, lleva 5 goles en la temporada.<\/span><\/p>\n<p style=\"text-align: justify;\"><span style=\"font-family: helvetica, arial, sans-serif;\">.<\/span><\/p>\n","protected":false},"excerpt":{"rendered":"<p>La volante cordobesa Leicy Santos, quien juega con el Atl\u00e9tico de Madrid, asegur\u00f3 que el plantel profesional est\u00e1 dispuesto a asumir la reducci\u00f3n de sus salarios, debido a la crisis por la pandemia que vive el club espa\u00f1ol. \"Estamos de acuerdo en que se haga y el club tome las medidas necesarias. Estamos abiertas a [&hellip;]<\/p>\n","protected":false},"author":5,"featured_media":49409,"comment_status":"open","ping_status":"open","sticky":false,"template":"","format":"standard","meta":{"_acf_changed":false,"footnotes":""},"categories":[418],"tags":[],"class_list":{"0":"post-49406","1":"post","2":"type-post","3":"status-publish","4":"format-standard","5":"has-post-thumbnail","7":"category-colombia"},"acf":[],"yoast_head":"<!-- This site is optimized with the Yoast SEO plugin v26.8 - https:\/\/yoast.com\/product\/yoast-seo-wordpress\/ -->\n<title>Salario de Leicy Santos tambi\u00e9n ser\u00e1 reducido -<\/title>\n<meta name=\"robots\" content=\"index, follow, max-snippet:-1, max-image-preview:large, max-video-preview:-1\" \/>\n<link rel=\"canonical\" href=\"https:\/\/futbolhoy.co\/index.php\/2020\/03\/28\/salario-de-leicy-santos-tambien-sera-reducido\/\" \/>\n<meta property=\"og:locale\" content=\"es_ES\" \/>\n<meta property=\"og:type\" content=\"article\" \/>\n<meta property=\"og:title\" content=\"Salario de Leicy Santos tambi\u00e9n ser\u00e1 reducido -\" \/>\n<meta property=\"og:description\" content=\"La volante cordobesa Leicy Santos, quien juega con el Atl\u00e9tico de Madrid, asegur\u00f3 que el plantel profesional est\u00e1 dispuesto a asumir la reducci\u00f3n de sus salarios, debido a la crisis por la pandemia que vive el club espa\u00f1ol. &quot;Estamos de acuerdo en que se haga y el club tome las medidas necesarias. Estamos abiertas a [&hellip;]\" \/>\n<meta property=\"og:url\" content=\"https:\/\/futbolhoy.co\/index.php\/2020\/03\/28\/salario-de-leicy-santos-tambien-sera-reducido\/\" \/>\n<meta property=\"article:publisher\" content=\"https:\/\/www.facebook.com\/FutbolHoyCol\/\" \/>\n<meta property=\"article:published_time\" content=\"2020-03-28T22:41:44+00:00\" \/>\n<meta property=\"article:modified_time\" content=\"2020-03-29T13:58:34+00:00\" \/>\n<meta property=\"og:image\" content=\"https:\/\/futbolhoy.co\/wp-content\/uploads\/2020\/03\/ELyFDIZWkAI94_9.jpg\" \/>\n\t<meta property=\"og:image:width\" content=\"680\" \/>\n\t<meta property=\"og:image:height\" content=\"491\" \/>\n\t<meta property=\"og:image:type\" content=\"image\/jpeg\" \/>\n<meta name=\"author\" content=\"Laura Hern\u00e1ndez\" \/>\n<meta name=\"twitter:card\" content=\"summary_large_image\" \/>\n<meta name=\"twitter:creator\" content=\"@FutbolHoyCol\" \/>\n<meta name=\"twitter:site\" content=\"@FutbolHoyCol\" \/>\n<meta name=\"twitter:label1\" content=\"Escrito por\" \/>\n\t<meta name=\"twitter:data1\" content=\"Laura Hern\u00e1ndez\" \/>\n\t<meta name=\"twitter:label2\" content=\"Tiempo de lectura\" \/>\n\t<meta name=\"twitter:data2\" content=\"1 minuto\" \/>\n<script type=\"application\/ld+json\" class=\"yoast-schema-graph\">{\"@context\":\"https:\/\/schema.org\",\"@graph\":[{\"@type\":\"Article\",\"@id\":\"https:\/\/futbolhoy.co\/index.php\/2020\/03\/28\/salario-de-leicy-santos-tambien-sera-reducido\/#article\",\"isPartOf\":{\"@id\":\"https:\/\/futbolhoy.co\/index.php\/2020\/03\/28\/salario-de-leicy-santos-tambien-sera-reducido\/\"},\"author\":{\"name\":\"Laura Hern\u00e1ndez\",\"@id\":\"https:\/\/futbolhoy.co\/#\/schema\/person\/c4a353a512b127643723a34bb1812f7d\"},\"headline\":\"Salario de Leicy Santos tambi\u00e9n ser\u00e1 reducido\",\"datePublished\":\"2020-03-28T22:41:44+00:00\",\"dateModified\":\"2020-03-29T13:58:34+00:00\",\"mainEntityOfPage\":{\"@id\":\"https:\/\/futbolhoy.co\/index.php\/2020\/03\/28\/salario-de-leicy-santos-tambien-sera-reducido\/\"},\"wordCount\":208,\"commentCount\":0,\"publisher\":{\"@id\":\"https:\/\/futbolhoy.co\/#organization\"},\"image\":{\"@id\":\"https:\/\/futbolhoy.co\/index.php\/2020\/03\/28\/salario-de-leicy-santos-tambien-sera-reducido\/#primaryimage\"},\"thumbnailUrl\":\"https:\/\/futbolhoy.co\/wp-content\/uploads\/2020\/03\/ELyFDIZWkAI94_9.jpg\",\"articleSection\":[\"Colombia\"],\"inLanguage\":\"es\",\"potentialAction\":[{\"@type\":\"CommentAction\",\"name\":\"Comment\",\"target\":[\"https:\/\/futbolhoy.co\/index.php\/2020\/03\/28\/salario-de-leicy-santos-tambien-sera-reducido\/#respond\"]}]},{\"@type\":\"WebPage\",\"@id\":\"https:\/\/futbolhoy.co\/index.php\/2020\/03\/28\/salario-de-leicy-santos-tambien-sera-reducido\/\",\"url\":\"https:\/\/futbolhoy.co\/index.php\/2020\/03\/28\/salario-de-leicy-santos-tambien-sera-reducido\/\",\"name\":\"Salario de Leicy Santos tambi\u00e9n ser\u00e1 reducido -\",\"isPartOf\":{\"@id\":\"https:\/\/futbolhoy.co\/#website\"},\"primaryImageOfPage\":{\"@id\":\"https:\/\/futbolhoy.co\/index.php\/2020\/03\/28\/salario-de-leicy-santos-tambien-sera-reducido\/#primaryimage\"},\"image\":{\"@id\":\"https:\/\/futbolhoy.co\/index.php\/2020\/03\/28\/salario-de-leicy-santos-tambien-sera-reducido\/#primaryimage\"},\"thumbnailUrl\":\"https:\/\/futbolhoy.co\/wp-content\/uploads\/2020\/03\/ELyFDIZWkAI94_9.jpg\",\"datePublished\":\"2020-03-28T22:41:44+00:00\",\"dateModified\":\"2020-03-29T13:58:34+00:00\",\"breadcrumb\":{\"@id\":\"https:\/\/futbolhoy.co\/index.php\/2020\/03\/28\/salario-de-leicy-santos-tambien-sera-reducido\/#breadcrumb\"},\"inLanguage\":\"es\",\"potentialAction\":[{\"@type\":\"ReadAction\",\"target\":[\"https:\/\/futbolhoy.co\/index.php\/2020\/03\/28\/salario-de-leicy-santos-tambien-sera-reducido\/\"]}]},{\"@type\":\"ImageObject\",\"inLanguage\":\"es\",\"@id\":\"https:\/\/futbolhoy.co\/index.php\/2020\/03\/28\/salario-de-leicy-santos-tambien-sera-reducido\/#primaryimage\",\"url\":\"https:\/\/futbolhoy.co\/wp-content\/uploads\/2020\/03\/ELyFDIZWkAI94_9.jpg\",\"contentUrl\":\"https:\/\/futbolhoy.co\/wp-content\/uploads\/2020\/03\/ELyFDIZWkAI94_9.jpg\",\"width\":680,\"height\":491},{\"@type\":\"BreadcrumbList\",\"@id\":\"https:\/\/futbolhoy.co\/index.php\/2020\/03\/28\/salario-de-leicy-santos-tambien-sera-reducido\/#breadcrumb\",\"itemListElement\":[{\"@type\":\"ListItem\",\"position\":1,\"name\":\"Portada\",\"item\":\"https:\/\/futbolhoy.co\/\"},{\"@type\":\"ListItem\",\"position\":2,\"name\":\"Salario de Leicy Santos tambi\u00e9n ser\u00e1 reducido\"}]},{\"@type\":\"WebSite\",\"@id\":\"https:\/\/futbolhoy.co\/#website\",\"url\":\"https:\/\/futbolhoy.co\/\",\"name\":\"FutbolHoy\",\"description\":\"\",\"publisher\":{\"@id\":\"https:\/\/futbolhoy.co\/#organization\"},\"potentialAction\":[{\"@type\":\"SearchAction\",\"target\":{\"@type\":\"EntryPoint\",\"urlTemplate\":\"https:\/\/futbolhoy.co\/?s={search_term_string}\"},\"query-input\":{\"@type\":\"PropertyValueSpecification\",\"valueRequired\":true,\"valueName\":\"search_term_string\"}}],\"inLanguage\":\"es\"},{\"@type\":\"Organization\",\"@id\":\"https:\/\/futbolhoy.co\/#organization\",\"name\":\"Futbolhoy.co\",\"url\":\"https:\/\/futbolhoy.co\/\",\"logo\":{\"@type\":\"ImageObject\",\"inLanguage\":\"es\",\"@id\":\"https:\/\/futbolhoy.co\/#\/schema\/logo\/image\/\",\"url\":\"https:\/\/futbolhoy.co\/wp-content\/uploads\/2018\/08\/17426380_1906371736249227_6326180412931521141_n.jpg\",\"contentUrl\":\"https:\/\/futbolhoy.co\/wp-content\/uploads\/2018\/08\/17426380_1906371736249227_6326180412931521141_n.jpg\",\"width\":960,\"height\":960,\"caption\":\"Futbolhoy.co\"},\"image\":{\"@id\":\"https:\/\/futbolhoy.co\/#\/schema\/logo\/image\/\"},\"sameAs\":[\"https:\/\/www.facebook.com\/FutbolHoyCol\/\",\"https:\/\/x.com\/FutbolHoyCol\",\"https:\/\/www.instagram.com\/futbolhoycol\/\"]},{\"@type\":\"Person\",\"@id\":\"https:\/\/futbolhoy.co\/#\/schema\/person\/c4a353a512b127643723a34bb1812f7d\",\"name\":\"Laura Hern\u00e1ndez\",\"image\":{\"@type\":\"ImageObject\",\"inLanguage\":\"es\",\"@id\":\"https:\/\/futbolhoy.co\/#\/schema\/person\/image\/\",\"url\":\"https:\/\/secure.gravatar.com\/avatar\/d25959a15b9b293a743f99181c7cfd01?s=96&d=mm&r=g\",\"contentUrl\":\"https:\/\/secure.gravatar.com\/avatar\/d25959a15b9b293a743f99181c7cfd01?s=96&d=mm&r=g\",\"caption\":\"Laura Hern\u00e1ndez\"}}]}<\/script>\n<!-- \/ Yoast SEO plugin. -->","yoast_head_json":{"title":"Salario de Leicy Santos tambi\u00e9n ser\u00e1 reducido -","robots":{"index":"index","follow":"follow","max-snippet":"max-snippet:-1","max-image-preview":"max-image-preview:large","max-video-preview":"max-video-preview:-1"},"canonical":"https:\/\/futbolhoy.co\/index.php\/2020\/03\/28\/salario-de-leicy-santos-tambien-sera-reducido\/","og_locale":"es_ES","og_type":"article","og_title":"Salario de Leicy Santos tambi\u00e9n ser\u00e1 reducido -","og_description":"La volante cordobesa Leicy Santos, quien juega con el Atl\u00e9tico de Madrid, asegur\u00f3 que el plantel profesional est\u00e1 dispuesto a asumir la reducci\u00f3n de sus salarios, debido a la crisis por la pandemia que vive el club espa\u00f1ol. \"Estamos de acuerdo en que se haga y el club tome las medidas necesarias. Estamos abiertas a [&hellip;]","og_url":"https:\/\/futbolhoy.co\/index.php\/2020\/03\/28\/salario-de-leicy-santos-tambien-sera-reducido\/","article_publisher":"https:\/\/www.facebook.com\/FutbolHoyCol\/","article_published_time":"2020-03-28T22:41:44+00:00","article_modified_time":"2020-03-29T13:58:34+00:00","og_image":[{"width":680,"height":491,"url":"https:\/\/futbolhoy.co\/wp-content\/uploads\/2020\/03\/ELyFDIZWkAI94_9.jpg","type":"image\/jpeg"}],"author":"Laura Hern\u00e1ndez","twitter_card":"summary_large_image","twitter_creator":"@FutbolHoyCol","twitter_site":"@FutbolHoyCol","twitter_misc":{"Escrito por":"Laura Hern\u00e1ndez","Tiempo de lectura":"1 minuto"},"schema":{"@context":"https:\/\/schema.org","@graph":[{"@type":"Article","@id":"https:\/\/futbolhoy.co\/index.php\/2020\/03\/28\/salario-de-leicy-santos-tambien-sera-reducido\/#article","isPartOf":{"@id":"https:\/\/futbolhoy.co\/index.php\/2020\/03\/28\/salario-de-leicy-santos-tambien-sera-reducido\/"},"author":{"name":"Laura Hern\u00e1ndez","@id":"https:\/\/futbolhoy.co\/#\/schema\/person\/c4a353a512b127643723a34bb1812f7d"},"headline":"Salario de Leicy Santos tambi\u00e9n ser\u00e1 reducido","datePublished":"2020-03-28T22:41:44+00:00","dateModified":"2020-03-29T13:58:34+00:00","mainEntityOfPage":{"@id":"https:\/\/futbolhoy.co\/index.php\/2020\/03\/28\/salario-de-leicy-santos-tambien-sera-reducido\/"},"wordCount":208,"commentCount":0,"publisher":{"@id":"https:\/\/futbolhoy.co\/#organization"},"image":{"@id":"https:\/\/futbolhoy.co\/index.php\/2020\/03\/28\/salario-de-leicy-santos-tambien-sera-reducido\/#primaryimage"},"thumbnailUrl":"https:\/\/futbolhoy.co\/wp-content\/uploads\/2020\/03\/ELyFDIZWkAI94_9.jpg","articleSection":["Colombia"],"inLanguage":"es","potentialAction":[{"@type":"CommentAction","name":"Comment","target":["https:\/\/futbolhoy.co\/index.php\/2020\/03\/28\/salario-de-leicy-santos-tambien-sera-reducido\/#respond"]}]},{"@type":"WebPage","@id":"https:\/\/futbolhoy.co\/index.php\/2020\/03\/28\/salario-de-leicy-santos-tambien-sera-reducido\/","url":"https:\/\/futbolhoy.co\/index.php\/2020\/03\/28\/salario-de-leicy-santos-tambien-sera-reducido\/","name":"Salario de Leicy Santos tambi\u00e9n ser\u00e1 reducido -","isPartOf":{"@id":"https:\/\/futbolhoy.co\/#website"},"primaryImageOfPage":{"@id":"https:\/\/futbolhoy.co\/index.php\/2020\/03\/28\/salario-de-leicy-santos-tambien-sera-reducido\/#primaryimage"},"image":{"@id":"https:\/\/futbolhoy.co\/index.php\/2020\/03\/28\/salario-de-leicy-santos-tambien-sera-reducido\/#primaryimage"},"thumbnailUrl":"https:\/\/futbolhoy.co\/wp-content\/uploads\/2020\/03\/ELyFDIZWkAI94_9.jpg","datePublished":"2020-03-28T22:41:44+00:00","dateModified":"2020-03-29T13:58:34+00:00","breadcrumb":{"@id":"https:\/\/futbolhoy.co\/index.php\/2020\/03\/28\/salario-de-leicy-santos-tambien-sera-reducido\/#breadcrumb"},"inLanguage":"es","potentialAction":[{"@type":"ReadAction","target":["https:\/\/futbolhoy.co\/index.php\/2020\/03\/28\/salario-de-leicy-santos-tambien-sera-reducido\/"]}]},{"@type":"ImageObject","inLanguage":"es","@id":"https:\/\/futbolhoy.co\/index.php\/2020\/03\/28\/salario-de-leicy-santos-tambien-sera-reducido\/#primaryimage","url":"https:\/\/futbolhoy.co\/wp-content\/uploads\/2020\/03\/ELyFDIZWkAI94_9.jpg","contentUrl":"https:\/\/futbolhoy.co\/wp-content\/uploads\/2020\/03\/ELyFDIZWkAI94_9.jpg","width":680,"height":491},{"@type":"BreadcrumbList","@id":"https:\/\/futbolhoy.co\/index.php\/2020\/03\/28\/salario-de-leicy-santos-tambien-sera-reducido\/#breadcrumb","itemListElement":[{"@type":"ListItem","position":1,"name":"Portada","item":"https:\/\/futbolhoy.co\/"},{"@type":"ListItem","position":2,"name":"Salario de Leicy Santos tambi\u00e9n ser\u00e1 reducido"}]},{"@type":"WebSite","@id":"https:\/\/futbolhoy.co\/#website","url":"https:\/\/futbolhoy.co\/","name":"FutbolHoy","description":"","publisher":{"@id":"https:\/\/futbolhoy.co\/#organization"},"potentialAction":[{"@type":"SearchAction","target":{"@type":"EntryPoint","urlTemplate":"https:\/\/futbolhoy.co\/?s={search_term_string}"},"query-input":{"@type":"PropertyValueSpecification","valueRequired":true,"valueName":"search_term_string"}}],"inLanguage":"es"},{"@type":"Organization","@id":"https:\/\/futbolhoy.co\/#organization","name":"Futbolhoy.co","url":"https:\/\/futbolhoy.co\/","logo":{"@type":"ImageObject","inLanguage":"es","@id":"https:\/\/futbolhoy.co\/#\/schema\/logo\/image\/","url":"https:\/\/futbolhoy.co\/wp-content\/uploads\/2018\/08\/17426380_1906371736249227_6326180412931521141_n.jpg","contentUrl":"https:\/\/futbolhoy.co\/wp-content\/uploads\/2018\/08\/17426380_1906371736249227_6326180412931521141_n.jpg","width":960,"height":960,"caption":"Futbolhoy.co"},"image":{"@id":"https:\/\/futbolhoy.co\/#\/schema\/logo\/image\/"},"sameAs":["https:\/\/www.facebook.com\/FutbolHoyCol\/","https:\/\/x.com\/FutbolHoyCol","https:\/\/www.instagram.com\/futbolhoycol\/"]},{"@type":"Person","@id":"https:\/\/futbolhoy.co\/#\/schema\/person\/c4a353a512b127643723a34bb1812f7d","name":"Laura Hern\u00e1ndez","image":{"@type":"ImageObject","inLanguage":"es","@id":"https:\/\/futbolhoy.co\/#\/schema\/person\/image\/","url":"https:\/\/secure.gravatar.com\/avatar\/d25959a15b9b293a743f99181c7cfd01?s=96&d=mm&r=g","contentUrl":"https:\/\/secure.gravatar.com\/avatar\/d25959a15b9b293a743f99181c7cfd01?s=96&d=mm&r=g","caption":"Laura Hern\u00e1ndez"}}]}},"publishpress_future_action":{"enabled":false,"date":"2026-05-03 23:09:42","action":"change-status","newStatus":"draft","terms":[],"taxonomy":"category","extraData":[]},"publishpress_future_workflow_manual_trigger":{"enabledWorkflows":[]},"_links":{"self":[{"href":"https:\/\/futbolhoy.co\/index.php\/wp-json\/wp\/v2\/posts\/49406","targetHints":{"allow":["GET"]}}],"collection":[{"href":"https:\/\/futbolhoy.co\/index.php\/wp-json\/wp\/v2\/posts"}],"about":[{"href":"https:\/\/futbolhoy.co\/index.php\/wp-json\/wp\/v2\/types\/post"}],"author":[{"embeddable":true,"href":"https:\/\/futbolhoy.co\/index.php\/wp-json\/wp\/v2\/users\/5"}],"replies":[{"embeddable":true,"href":"https:\/\/futbolhoy.co\/index.php\/wp-json\/wp\/v2\/comments?post=49406"}],"version-history":[{"count":1,"href":"https:\/\/futbolhoy.co\/index.php\/wp-json\/wp\/v2\/posts\/49406\/revisions"}],"predecessor-version":[{"id":49410,"href":"https:\/\/futbolhoy.co\/index.php\/wp-json\/wp\/v2\/posts\/49406\/revisions\/49410"}],"wp:featuredmedia":[{"embeddable":true,"href":"https:\/\/futbolhoy.co\/index.php\/wp-json\/wp\/v2\/media\/49409"}],"wp:attachment":[{"href":"https:\/\/futbolhoy.co\/index.php\/wp-json\/wp\/v2\/media?parent=49406"}],"wp:term":[{"taxonomy":"category","embeddable":true,"href":"https:\/\/futbolhoy.co\/index.php\/wp-json\/wp\/v2\/categories?post=49406"},{"taxonomy":"post_tag","embeddable":true,"href":"https:\/\/futbolhoy.co\/index.php\/wp-json\/wp\/v2\/tags?post=49406"}],"curies":[{"name":"wp","href":"https:\/\/api.w.org\/{rel}","templated":true}]}}