{"id":49420,"date":"2020-03-28T19:00:18","date_gmt":"2020-03-29T00:00:18","guid":{"rendered":"https:\/\/futbolhoy.co\/?p=49420"},"modified":"2020-03-28T19:33:05","modified_gmt":"2020-03-29T00:33:05","slug":"un-dia-como-hoy-19-anos-del-primer-triunfo-de-ecuador-contra-brasil","status":"publish","type":"post","link":"https:\/\/futbolhoy.co\/index.php\/2020\/03\/28\/un-dia-como-hoy-19-anos-del-primer-triunfo-de-ecuador-contra-brasil\/","title":{"rendered":"Un d\u00eda como hoy: 19 a\u00f1os del primer triunfo de Ecuador contra Brasil"},"content":{"rendered":"<p style=\"text-align: justify;\"><span style=\"font-family: helvetica, arial, sans-serif;\">Un d\u00eda como hoy, 28 de marzo del a\u00f1o 2001, <strong>Ecuador<\/strong> venci\u00f3 1-0 a <strong>Brasil<\/strong> y logr\u00f3 su primera victoria contra la \"Canarinha\" en toda la historia bajo el mando del colombiano <strong>Hern\u00e1n Dario \"Bolillo\" G\u00f3mez.\u00a0<\/strong><\/span><\/p>\n<p style=\"text-align: justify;\"><span style=\"font-family: helvetica, arial, sans-serif;\">La haza\u00f1a de \"El tri\" se dio en el Estadio Atahualpa, en el partido por las eliminatorias del Mundial de Corea y Jap\u00f3n 2002. Primer Mundial para el seleccionado ecuatoriano.\u00a0<\/span><\/p>\n<p style=\"text-align: justify;\"><span style=\"font-family: helvetica, arial, sans-serif;\">El gol de la victoria fue obra de <strong>Agust\u00edn Delgado,<\/strong> goleador hist\u00f3rico de la selecci\u00f3n que anot\u00f3 tras un pase de <strong>Iv\u00e1n Kaviedes.<\/strong>\u00a0<\/span><\/p>\n<p><span style=\"font-family: helvetica, arial, sans-serif;\"><strong>Ecuador<\/strong> y <strong>Brasil<\/strong> se hab\u00edan enfrentado en 20 ocasiones, 19 triunfos de <strong>Brasil<\/strong> y un empate 0-0<\/span>.<\/p>\n<div style=\"width: 480px;\" class=\"wp-video\"><!--[if lt IE 9]><script>document.createElement('video');<\/script><![endif]-->\n<video class=\"wp-video-shortcode\" id=\"video-49420-1\" width=\"480\" height=\"360\" preload=\"metadata\" controls=\"controls\"><source type=\"video\/mp4\" src=\"https:\/\/futbolhoy.co\/wp-content\/uploads\/2020\/03\/ECUADOR-BRASIL.mp4?_=1\" \/><a href=\"https:\/\/futbolhoy.co\/wp-content\/uploads\/2020\/03\/ECUADOR-BRASIL.mp4\">https:\/\/futbolhoy.co\/wp-content\/uploads\/2020\/03\/ECUADOR-BRASIL.mp4<\/a><\/video><\/div>\n","protected":false},"excerpt":{"rendered":"<p>Un d\u00eda como hoy, 28 de marzo del a\u00f1o 2001, Ecuador venci\u00f3 1-0 a Brasil y logr\u00f3 su primera victoria contra la \"Canarinha\" en toda la historia bajo el mando del colombiano Hern\u00e1n Dario \"Bolillo\" G\u00f3mez.\u00a0 La haza\u00f1a de \"El tri\" se dio en el Estadio Atahualpa, en el partido por las eliminatorias del Mundial [&hellip;]<\/p>\n","protected":false},"author":5,"featured_media":49422,"comment_status":"open","ping_status":"open","sticky":false,"template":"","format":"video","meta":{"_acf_changed":false,"footnotes":""},"categories":[152],"tags":[],"class_list":{"0":"post-49420","1":"post","2":"type-post","3":"status-publish","4":"format-video","5":"has-post-thumbnail","7":"category-mundo-futbol","8":"post_format-post-format-video"},"acf":[],"yoast_head":"<!-- This site is optimized with the Yoast SEO plugin v26.8 - https:\/\/yoast.com\/product\/yoast-seo-wordpress\/ -->\n<title>Un d\u00eda como hoy: 19 a\u00f1os del primer triunfo de Ecuador contra Brasil -<\/title>\n<meta name=\"robots\" content=\"index, follow, max-snippet:-1, max-image-preview:large, max-video-preview:-1\" \/>\n<link rel=\"canonical\" href=\"https:\/\/futbolhoy.co\/index.php\/2020\/03\/28\/un-dia-como-hoy-19-anos-del-primer-triunfo-de-ecuador-contra-brasil\/\" \/>\n<meta property=\"og:locale\" content=\"es_ES\" \/>\n<meta property=\"og:type\" content=\"article\" \/>\n<meta property=\"og:title\" content=\"Un d\u00eda como hoy: 19 a\u00f1os del primer triunfo de Ecuador contra Brasil -\" \/>\n<meta property=\"og:description\" content=\"Un d\u00eda como hoy, 28 de marzo del a\u00f1o 2001, Ecuador venci\u00f3 1-0 a Brasil y logr\u00f3 su primera victoria contra la &quot;Canarinha&quot; en toda la historia bajo el mando del colombiano Hern\u00e1n Dario &quot;Bolillo&quot; G\u00f3mez.\u00a0 La haza\u00f1a de &quot;El tri&quot; se dio en el Estadio Atahualpa, en el partido por las eliminatorias del Mundial [&hellip;]\" \/>\n<meta property=\"og:url\" content=\"https:\/\/futbolhoy.co\/index.php\/2020\/03\/28\/un-dia-como-hoy-19-anos-del-primer-triunfo-de-ecuador-contra-brasil\/\" \/>\n<meta property=\"article:publisher\" content=\"https:\/\/www.facebook.com\/FutbolHoyCol\/\" \/>\n<meta property=\"article:published_time\" content=\"2020-03-29T00:00:18+00:00\" \/>\n<meta property=\"article:modified_time\" content=\"2020-03-29T00:33:05+00:00\" \/>\n<meta property=\"og:image\" content=\"https:\/\/futbolhoy.co\/wp-content\/uploads\/2020\/03\/C8AosXBXQAAvNco.jpg\" \/>\n\t<meta property=\"og:image:width\" content=\"567\" \/>\n\t<meta property=\"og:image:height\" content=\"353\" \/>\n\t<meta property=\"og:image:type\" content=\"image\/jpeg\" \/>\n<meta name=\"author\" content=\"Laura Hern\u00e1ndez\" \/>\n<meta name=\"twitter:card\" content=\"summary_large_image\" \/>\n<meta name=\"twitter:creator\" content=\"@FutbolHoyCol\" \/>\n<meta name=\"twitter:site\" content=\"@FutbolHoyCol\" \/>\n<meta name=\"twitter:label1\" content=\"Escrito por\" \/>\n\t<meta name=\"twitter:data1\" content=\"Laura Hern\u00e1ndez\" \/>\n\t<meta name=\"twitter:label2\" content=\"Tiempo de lectura\" \/>\n\t<meta name=\"twitter:data2\" content=\"1 minuto\" \/>\n<script type=\"application\/ld+json\" class=\"yoast-schema-graph\">{\"@context\":\"https:\/\/schema.org\",\"@graph\":[{\"@type\":\"Article\",\"@id\":\"https:\/\/futbolhoy.co\/index.php\/2020\/03\/28\/un-dia-como-hoy-19-anos-del-primer-triunfo-de-ecuador-contra-brasil\/#article\",\"isPartOf\":{\"@id\":\"https:\/\/futbolhoy.co\/index.php\/2020\/03\/28\/un-dia-como-hoy-19-anos-del-primer-triunfo-de-ecuador-contra-brasil\/\"},\"author\":{\"name\":\"Laura Hern\u00e1ndez\",\"@id\":\"https:\/\/futbolhoy.co\/#\/schema\/person\/c4a353a512b127643723a34bb1812f7d\"},\"headline\":\"Un d\u00eda como hoy: 19 a\u00f1os del primer triunfo de Ecuador contra Brasil\",\"datePublished\":\"2020-03-29T00:00:18+00:00\",\"dateModified\":\"2020-03-29T00:33:05+00:00\",\"mainEntityOfPage\":{\"@id\":\"https:\/\/futbolhoy.co\/index.php\/2020\/03\/28\/un-dia-como-hoy-19-anos-del-primer-triunfo-de-ecuador-contra-brasil\/\"},\"wordCount\":138,\"commentCount\":0,\"publisher\":{\"@id\":\"https:\/\/futbolhoy.co\/#organization\"},\"image\":{\"@id\":\"https:\/\/futbolhoy.co\/index.php\/2020\/03\/28\/un-dia-como-hoy-19-anos-del-primer-triunfo-de-ecuador-contra-brasil\/#primaryimage\"},\"thumbnailUrl\":\"https:\/\/futbolhoy.co\/wp-content\/uploads\/2020\/03\/C8AosXBXQAAvNco.jpg\",\"articleSection\":[\"Mundo Futbol\"],\"inLanguage\":\"es\",\"potentialAction\":[{\"@type\":\"CommentAction\",\"name\":\"Comment\",\"target\":[\"https:\/\/futbolhoy.co\/index.php\/2020\/03\/28\/un-dia-como-hoy-19-anos-del-primer-triunfo-de-ecuador-contra-brasil\/#respond\"]}]},{\"@type\":\"WebPage\",\"@id\":\"https:\/\/futbolhoy.co\/index.php\/2020\/03\/28\/un-dia-como-hoy-19-anos-del-primer-triunfo-de-ecuador-contra-brasil\/\",\"url\":\"https:\/\/futbolhoy.co\/index.php\/2020\/03\/28\/un-dia-como-hoy-19-anos-del-primer-triunfo-de-ecuador-contra-brasil\/\",\"name\":\"Un d\u00eda como hoy: 19 a\u00f1os del primer triunfo de Ecuador contra Brasil -\",\"isPartOf\":{\"@id\":\"https:\/\/futbolhoy.co\/#website\"},\"primaryImageOfPage\":{\"@id\":\"https:\/\/futbolhoy.co\/index.php\/2020\/03\/28\/un-dia-como-hoy-19-anos-del-primer-triunfo-de-ecuador-contra-brasil\/#primaryimage\"},\"image\":{\"@id\":\"https:\/\/futbolhoy.co\/index.php\/2020\/03\/28\/un-dia-como-hoy-19-anos-del-primer-triunfo-de-ecuador-contra-brasil\/#primaryimage\"},\"thumbnailUrl\":\"https:\/\/futbolhoy.co\/wp-content\/uploads\/2020\/03\/C8AosXBXQAAvNco.jpg\",\"datePublished\":\"2020-03-29T00:00:18+00:00\",\"dateModified\":\"2020-03-29T00:33:05+00:00\",\"breadcrumb\":{\"@id\":\"https:\/\/futbolhoy.co\/index.php\/2020\/03\/28\/un-dia-como-hoy-19-anos-del-primer-triunfo-de-ecuador-contra-brasil\/#breadcrumb\"},\"inLanguage\":\"es\",\"potentialAction\":[{\"@type\":\"ReadAction\",\"target\":[\"https:\/\/futbolhoy.co\/index.php\/2020\/03\/28\/un-dia-como-hoy-19-anos-del-primer-triunfo-de-ecuador-contra-brasil\/\"]}]},{\"@type\":\"ImageObject\",\"inLanguage\":\"es\",\"@id\":\"https:\/\/futbolhoy.co\/index.php\/2020\/03\/28\/un-dia-como-hoy-19-anos-del-primer-triunfo-de-ecuador-contra-brasil\/#primaryimage\",\"url\":\"https:\/\/futbolhoy.co\/wp-content\/uploads\/2020\/03\/C8AosXBXQAAvNco.jpg\",\"contentUrl\":\"https:\/\/futbolhoy.co\/wp-content\/uploads\/2020\/03\/C8AosXBXQAAvNco.jpg\",\"width\":567,\"height\":353},{\"@type\":\"BreadcrumbList\",\"@id\":\"https:\/\/futbolhoy.co\/index.php\/2020\/03\/28\/un-dia-como-hoy-19-anos-del-primer-triunfo-de-ecuador-contra-brasil\/#breadcrumb\",\"itemListElement\":[{\"@type\":\"ListItem\",\"position\":1,\"name\":\"Portada\",\"item\":\"https:\/\/futbolhoy.co\/\"},{\"@type\":\"ListItem\",\"position\":2,\"name\":\"Un d\u00eda como hoy: 19 a\u00f1os del primer triunfo de Ecuador contra Brasil\"}]},{\"@type\":\"WebSite\",\"@id\":\"https:\/\/futbolhoy.co\/#website\",\"url\":\"https:\/\/futbolhoy.co\/\",\"name\":\"FutbolHoy\",\"description\":\"\",\"publisher\":{\"@id\":\"https:\/\/futbolhoy.co\/#organization\"},\"potentialAction\":[{\"@type\":\"SearchAction\",\"target\":{\"@type\":\"EntryPoint\",\"urlTemplate\":\"https:\/\/futbolhoy.co\/?s={search_term_string}\"},\"query-input\":{\"@type\":\"PropertyValueSpecification\",\"valueRequired\":true,\"valueName\":\"search_term_string\"}}],\"inLanguage\":\"es\"},{\"@type\":\"Organization\",\"@id\":\"https:\/\/futbolhoy.co\/#organization\",\"name\":\"Futbolhoy.co\",\"url\":\"https:\/\/futbolhoy.co\/\",\"logo\":{\"@type\":\"ImageObject\",\"inLanguage\":\"es\",\"@id\":\"https:\/\/futbolhoy.co\/#\/schema\/logo\/image\/\",\"url\":\"https:\/\/futbolhoy.co\/wp-content\/uploads\/2018\/08\/17426380_1906371736249227_6326180412931521141_n.jpg\",\"contentUrl\":\"https:\/\/futbolhoy.co\/wp-content\/uploads\/2018\/08\/17426380_1906371736249227_6326180412931521141_n.jpg\",\"width\":960,\"height\":960,\"caption\":\"Futbolhoy.co\"},\"image\":{\"@id\":\"https:\/\/futbolhoy.co\/#\/schema\/logo\/image\/\"},\"sameAs\":[\"https:\/\/www.facebook.com\/FutbolHoyCol\/\",\"https:\/\/x.com\/FutbolHoyCol\",\"https:\/\/www.instagram.com\/futbolhoycol\/\"]},{\"@type\":\"Person\",\"@id\":\"https:\/\/futbolhoy.co\/#\/schema\/person\/c4a353a512b127643723a34bb1812f7d\",\"name\":\"Laura Hern\u00e1ndez\",\"image\":{\"@type\":\"ImageObject\",\"inLanguage\":\"es\",\"@id\":\"https:\/\/futbolhoy.co\/#\/schema\/person\/image\/\",\"url\":\"https:\/\/secure.gravatar.com\/avatar\/d25959a15b9b293a743f99181c7cfd01?s=96&d=mm&r=g\",\"contentUrl\":\"https:\/\/secure.gravatar.com\/avatar\/d25959a15b9b293a743f99181c7cfd01?s=96&d=mm&r=g\",\"caption\":\"Laura Hern\u00e1ndez\"}}]}<\/script>\n<!-- \/ Yoast SEO plugin. -->","yoast_head_json":{"title":"Un d\u00eda como hoy: 19 a\u00f1os del primer triunfo de Ecuador contra Brasil -","robots":{"index":"index","follow":"follow","max-snippet":"max-snippet:-1","max-image-preview":"max-image-preview:large","max-video-preview":"max-video-preview:-1"},"canonical":"https:\/\/futbolhoy.co\/index.php\/2020\/03\/28\/un-dia-como-hoy-19-anos-del-primer-triunfo-de-ecuador-contra-brasil\/","og_locale":"es_ES","og_type":"article","og_title":"Un d\u00eda como hoy: 19 a\u00f1os del primer triunfo de Ecuador contra Brasil -","og_description":"Un d\u00eda como hoy, 28 de marzo del a\u00f1o 2001, Ecuador venci\u00f3 1-0 a Brasil y logr\u00f3 su primera victoria contra la \"Canarinha\" en toda la historia bajo el mando del colombiano Hern\u00e1n Dario \"Bolillo\" G\u00f3mez.\u00a0 La haza\u00f1a de \"El tri\" se dio en el Estadio Atahualpa, en el partido por las eliminatorias del Mundial [&hellip;]","og_url":"https:\/\/futbolhoy.co\/index.php\/2020\/03\/28\/un-dia-como-hoy-19-anos-del-primer-triunfo-de-ecuador-contra-brasil\/","article_publisher":"https:\/\/www.facebook.com\/FutbolHoyCol\/","article_published_time":"2020-03-29T00:00:18+00:00","article_modified_time":"2020-03-29T00:33:05+00:00","og_image":[{"width":567,"height":353,"url":"https:\/\/futbolhoy.co\/wp-content\/uploads\/2020\/03\/C8AosXBXQAAvNco.jpg","type":"image\/jpeg"}],"author":"Laura Hern\u00e1ndez","twitter_card":"summary_large_image","twitter_creator":"@FutbolHoyCol","twitter_site":"@FutbolHoyCol","twitter_misc":{"Escrito por":"Laura Hern\u00e1ndez","Tiempo de lectura":"1 minuto"},"schema":{"@context":"https:\/\/schema.org","@graph":[{"@type":"Article","@id":"https:\/\/futbolhoy.co\/index.php\/2020\/03\/28\/un-dia-como-hoy-19-anos-del-primer-triunfo-de-ecuador-contra-brasil\/#article","isPartOf":{"@id":"https:\/\/futbolhoy.co\/index.php\/2020\/03\/28\/un-dia-como-hoy-19-anos-del-primer-triunfo-de-ecuador-contra-brasil\/"},"author":{"name":"Laura Hern\u00e1ndez","@id":"https:\/\/futbolhoy.co\/#\/schema\/person\/c4a353a512b127643723a34bb1812f7d"},"headline":"Un d\u00eda como hoy: 19 a\u00f1os del primer triunfo de Ecuador contra Brasil","datePublished":"2020-03-29T00:00:18+00:00","dateModified":"2020-03-29T00:33:05+00:00","mainEntityOfPage":{"@id":"https:\/\/futbolhoy.co\/index.php\/2020\/03\/28\/un-dia-como-hoy-19-anos-del-primer-triunfo-de-ecuador-contra-brasil\/"},"wordCount":138,"commentCount":0,"publisher":{"@id":"https:\/\/futbolhoy.co\/#organization"},"image":{"@id":"https:\/\/futbolhoy.co\/index.php\/2020\/03\/28\/un-dia-como-hoy-19-anos-del-primer-triunfo-de-ecuador-contra-brasil\/#primaryimage"},"thumbnailUrl":"https:\/\/futbolhoy.co\/wp-content\/uploads\/2020\/03\/C8AosXBXQAAvNco.jpg","articleSection":["Mundo Futbol"],"inLanguage":"es","potentialAction":[{"@type":"CommentAction","name":"Comment","target":["https:\/\/futbolhoy.co\/index.php\/2020\/03\/28\/un-dia-como-hoy-19-anos-del-primer-triunfo-de-ecuador-contra-brasil\/#respond"]}]},{"@type":"WebPage","@id":"https:\/\/futbolhoy.co\/index.php\/2020\/03\/28\/un-dia-como-hoy-19-anos-del-primer-triunfo-de-ecuador-contra-brasil\/","url":"https:\/\/futbolhoy.co\/index.php\/2020\/03\/28\/un-dia-como-hoy-19-anos-del-primer-triunfo-de-ecuador-contra-brasil\/","name":"Un d\u00eda como hoy: 19 a\u00f1os del primer triunfo de Ecuador contra Brasil -","isPartOf":{"@id":"https:\/\/futbolhoy.co\/#website"},"primaryImageOfPage":{"@id":"https:\/\/futbolhoy.co\/index.php\/2020\/03\/28\/un-dia-como-hoy-19-anos-del-primer-triunfo-de-ecuador-contra-brasil\/#primaryimage"},"image":{"@id":"https:\/\/futbolhoy.co\/index.php\/2020\/03\/28\/un-dia-como-hoy-19-anos-del-primer-triunfo-de-ecuador-contra-brasil\/#primaryimage"},"thumbnailUrl":"https:\/\/futbolhoy.co\/wp-content\/uploads\/2020\/03\/C8AosXBXQAAvNco.jpg","datePublished":"2020-03-29T00:00:18+00:00","dateModified":"2020-03-29T00:33:05+00:00","breadcrumb":{"@id":"https:\/\/futbolhoy.co\/index.php\/2020\/03\/28\/un-dia-como-hoy-19-anos-del-primer-triunfo-de-ecuador-contra-brasil\/#breadcrumb"},"inLanguage":"es","potentialAction":[{"@type":"ReadAction","target":["https:\/\/futbolhoy.co\/index.php\/2020\/03\/28\/un-dia-como-hoy-19-anos-del-primer-triunfo-de-ecuador-contra-brasil\/"]}]},{"@type":"ImageObject","inLanguage":"es","@id":"https:\/\/futbolhoy.co\/index.php\/2020\/03\/28\/un-dia-como-hoy-19-anos-del-primer-triunfo-de-ecuador-contra-brasil\/#primaryimage","url":"https:\/\/futbolhoy.co\/wp-content\/uploads\/2020\/03\/C8AosXBXQAAvNco.jpg","contentUrl":"https:\/\/futbolhoy.co\/wp-content\/uploads\/2020\/03\/C8AosXBXQAAvNco.jpg","width":567,"height":353},{"@type":"BreadcrumbList","@id":"https:\/\/futbolhoy.co\/index.php\/2020\/03\/28\/un-dia-como-hoy-19-anos-del-primer-triunfo-de-ecuador-contra-brasil\/#breadcrumb","itemListElement":[{"@type":"ListItem","position":1,"name":"Portada","item":"https:\/\/futbolhoy.co\/"},{"@type":"ListItem","position":2,"name":"Un d\u00eda como hoy: 19 a\u00f1os del primer triunfo de Ecuador contra Brasil"}]},{"@type":"WebSite","@id":"https:\/\/futbolhoy.co\/#website","url":"https:\/\/futbolhoy.co\/","name":"FutbolHoy","description":"","publisher":{"@id":"https:\/\/futbolhoy.co\/#organization"},"potentialAction":[{"@type":"SearchAction","target":{"@type":"EntryPoint","urlTemplate":"https:\/\/futbolhoy.co\/?s={search_term_string}"},"query-input":{"@type":"PropertyValueSpecification","valueRequired":true,"valueName":"search_term_string"}}],"inLanguage":"es"},{"@type":"Organization","@id":"https:\/\/futbolhoy.co\/#organization","name":"Futbolhoy.co","url":"https:\/\/futbolhoy.co\/","logo":{"@type":"ImageObject","inLanguage":"es","@id":"https:\/\/futbolhoy.co\/#\/schema\/logo\/image\/","url":"https:\/\/futbolhoy.co\/wp-content\/uploads\/2018\/08\/17426380_1906371736249227_6326180412931521141_n.jpg","contentUrl":"https:\/\/futbolhoy.co\/wp-content\/uploads\/2018\/08\/17426380_1906371736249227_6326180412931521141_n.jpg","width":960,"height":960,"caption":"Futbolhoy.co"},"image":{"@id":"https:\/\/futbolhoy.co\/#\/schema\/logo\/image\/"},"sameAs":["https:\/\/www.facebook.com\/FutbolHoyCol\/","https:\/\/x.com\/FutbolHoyCol","https:\/\/www.instagram.com\/futbolhoycol\/"]},{"@type":"Person","@id":"https:\/\/futbolhoy.co\/#\/schema\/person\/c4a353a512b127643723a34bb1812f7d","name":"Laura Hern\u00e1ndez","image":{"@type":"ImageObject","inLanguage":"es","@id":"https:\/\/futbolhoy.co\/#\/schema\/person\/image\/","url":"https:\/\/secure.gravatar.com\/avatar\/d25959a15b9b293a743f99181c7cfd01?s=96&d=mm&r=g","contentUrl":"https:\/\/secure.gravatar.com\/avatar\/d25959a15b9b293a743f99181c7cfd01?s=96&d=mm&r=g","caption":"Laura Hern\u00e1ndez"}}]}},"publishpress_future_action":{"enabled":false,"date":"2026-05-03 19:06:41","action":"change-status","newStatus":"draft","terms":[],"taxonomy":"category","extraData":[]},"publishpress_future_workflow_manual_trigger":{"enabledWorkflows":[]},"_links":{"self":[{"href":"https:\/\/futbolhoy.co\/index.php\/wp-json\/wp\/v2\/posts\/49420","targetHints":{"allow":["GET"]}}],"collection":[{"href":"https:\/\/futbolhoy.co\/index.php\/wp-json\/wp\/v2\/posts"}],"about":[{"href":"https:\/\/futbolhoy.co\/index.php\/wp-json\/wp\/v2\/types\/post"}],"author":[{"embeddable":true,"href":"https:\/\/futbolhoy.co\/index.php\/wp-json\/wp\/v2\/users\/5"}],"replies":[{"embeddable":true,"href":"https:\/\/futbolhoy.co\/index.php\/wp-json\/wp\/v2\/comments?post=49420"}],"version-history":[{"count":4,"href":"https:\/\/futbolhoy.co\/index.php\/wp-json\/wp\/v2\/posts\/49420\/revisions"}],"predecessor-version":[{"id":49426,"href":"https:\/\/futbolhoy.co\/index.php\/wp-json\/wp\/v2\/posts\/49420\/revisions\/49426"}],"wp:featuredmedia":[{"embeddable":true,"href":"https:\/\/futbolhoy.co\/index.php\/wp-json\/wp\/v2\/media\/49422"}],"wp:attachment":[{"href":"https:\/\/futbolhoy.co\/index.php\/wp-json\/wp\/v2\/media?parent=49420"}],"wp:term":[{"taxonomy":"category","embeddable":true,"href":"https:\/\/futbolhoy.co\/index.php\/wp-json\/wp\/v2\/categories?post=49420"},{"taxonomy":"post_tag","embeddable":true,"href":"https:\/\/futbolhoy.co\/index.php\/wp-json\/wp\/v2\/tags?post=49420"}],"curies":[{"name":"wp","href":"https:\/\/api.w.org\/{rel}","templated":true}]}}