{"id":49440,"date":"2020-03-29T05:06:37","date_gmt":"2020-03-29T10:06:37","guid":{"rendered":"https:\/\/futbolhoy.co\/?p=49440"},"modified":"2020-03-29T18:45:32","modified_gmt":"2020-03-29T23:45:32","slug":"feliz-cumpleanos-omar-perez-celebra-39-anos","status":"publish","type":"post","link":"https:\/\/futbolhoy.co\/index.php\/2020\/03\/29\/feliz-cumpleanos-omar-perez-celebra-39-anos\/","title":{"rendered":"\u00a1Feliz cumplea\u00f1os, Omar! Los 39 del \u00eddolo 'Cardenal'"},"content":{"rendered":"<p style=\"text-align: justify;\"><span style=\"font-family: helvetica, arial, sans-serif;\">Uno de los mayores \u00eddolos de <strong>Santa<\/strong> <strong>Fe,<\/strong> el m\u00e1s importante en las \u00faltimas d\u00e9cadas, celebra este domingo 39 a\u00f1os, <strong>Omar Sebasti\u00e1n P\u00e9rez<\/strong>, el volante argentino que conquist\u00f3 nueve t\u00edtulos con el cuadro 'Cardenal'.<\/span><\/p>\n<p style=\"text-align: justify;\"><span style=\"font-family: helvetica, arial, sans-serif;\">Naci\u00f3 en <strong>Santiago<\/strong> <strong>del Estero el 29<\/strong> de marzo de 1981, tras debutar en el 2000 con <strong>Boca<\/strong> <strong>Juniors<\/strong>, jugar para <strong>Banfield,<\/strong> tambi\u00e9n de su pa\u00eds, y haber tenido un paso por <strong>Jaguares<\/strong> de <strong>M\u00e9xico,<\/strong> <strong>Medell\u00edn, Real Cartagena<\/strong> y <strong>Junior<\/strong>, este su primer equipo en el f\u00fatbol colombiano y con el que fue campe\u00f3n en 2004, lleg\u00f3 al cuadro capitalino en 2009.<\/span><\/p>\n<p style=\"text-align: justify;\"><span style=\"font-family: helvetica, arial, sans-serif;\">El mismo a\u00f1o que se visit\u00f3 de rojo alcanz\u00f3 su primer t\u00edtulo, a los que se sumaron ocho m\u00e1s en una exitosa etapa de nueve a\u00f1os hasta el 2017. Gan\u00f3 tres <strong>Ligas<\/strong> (2012, 2014 y 2016), tres <strong>Superligas<\/strong> (2013, 2015 y 2017) y dos t\u00edtulos internacionales, una <strong>Copa Sudamericana<\/strong> (2015), este su logro m\u00e1s importante, y una <strong>Copa Suruga<\/strong>\u00a0<strong>Bank<\/strong> (2016).<\/span><\/p>\n<p style=\"text-align: justify;\"><span style=\"font-family: helvetica, arial, sans-serif;\">Fueron 374 partidos con la camiseta de Santa Fe, para un total de 77 goles marcados, siendo el octavo m\u00e1ximo anotador en la historia del equipo.<\/span><\/p>\n<p style=\"text-align: justify;\"><span style=\"font-family: helvetica, arial, sans-serif;\">Tras un paso por <strong>Patriotas<\/strong> en 2018, volvi\u00f3 al equipo de sus amores en 2019 para despedirse; sin embargo, una lesi\u00f3n de ligamento cruzado anterior de la rodilla derecha le impidi\u00f3 continuar la temporada y a la postre lo termin\u00f3 dejando fuera del equipo meses m\u00e1s tarde.<\/span><\/p>\n","protected":false},"excerpt":{"rendered":"<p>Uno de los mayores \u00eddolos de Santa Fe, el m\u00e1s importante en las \u00faltimas d\u00e9cadas, celebra este domingo 39 a\u00f1os, Omar Sebasti\u00e1n P\u00e9rez, el volante argentino que conquist\u00f3 nueve t\u00edtulos con el cuadro 'Cardenal'. Naci\u00f3 en Santiago del Estero el 29 de marzo de 1981, tras debutar en el 2000 con Boca Juniors, jugar para [&hellip;]<\/p>\n","protected":false},"author":5,"featured_media":49442,"comment_status":"open","ping_status":"open","sticky":false,"template":"","format":"standard","meta":{"_acf_changed":false,"footnotes":""},"categories":[7],"tags":[559,118],"class_list":{"0":"post-49440","1":"post","2":"type-post","3":"status-publish","4":"format-standard","5":"has-post-thumbnail","7":"category-liga-betplay","8":"tag-omar-perez","9":"tag-santa-fe"},"acf":[],"yoast_head":"<!-- This site is optimized with the Yoast SEO plugin v26.8 - https:\/\/yoast.com\/product\/yoast-seo-wordpress\/ -->\n<title>\u00a1Feliz cumplea\u00f1os, Omar! Los 39 del \u00eddolo &#039;Cardenal&#039; -<\/title>\n<meta name=\"robots\" content=\"index, follow, max-snippet:-1, max-image-preview:large, max-video-preview:-1\" \/>\n<link rel=\"canonical\" href=\"https:\/\/futbolhoy.co\/index.php\/2020\/03\/29\/feliz-cumpleanos-omar-perez-celebra-39-anos\/\" \/>\n<meta property=\"og:locale\" content=\"es_ES\" \/>\n<meta property=\"og:type\" content=\"article\" \/>\n<meta property=\"og:title\" content=\"\u00a1Feliz cumplea\u00f1os, Omar! Los 39 del \u00eddolo &#039;Cardenal&#039; -\" \/>\n<meta property=\"og:description\" content=\"Uno de los mayores \u00eddolos de Santa Fe, el m\u00e1s importante en las \u00faltimas d\u00e9cadas, celebra este domingo 39 a\u00f1os, Omar Sebasti\u00e1n P\u00e9rez, el volante argentino que conquist\u00f3 nueve t\u00edtulos con el cuadro &#039;Cardenal&#039;. Naci\u00f3 en Santiago del Estero el 29 de marzo de 1981, tras debutar en el 2000 con Boca Juniors, jugar para [&hellip;]\" \/>\n<meta property=\"og:url\" content=\"https:\/\/futbolhoy.co\/index.php\/2020\/03\/29\/feliz-cumpleanos-omar-perez-celebra-39-anos\/\" \/>\n<meta property=\"article:publisher\" content=\"https:\/\/www.facebook.com\/FutbolHoyCol\/\" \/>\n<meta property=\"article:published_time\" content=\"2020-03-29T10:06:37+00:00\" \/>\n<meta property=\"article:modified_time\" content=\"2020-03-29T23:45:32+00:00\" \/>\n<meta property=\"og:image\" content=\"https:\/\/futbolhoy.co\/wp-content\/uploads\/2020\/03\/Omar-1.jpg\" \/>\n\t<meta property=\"og:image:width\" content=\"1023\" \/>\n\t<meta property=\"og:image:height\" content=\"698\" \/>\n\t<meta property=\"og:image:type\" content=\"image\/jpeg\" \/>\n<meta name=\"author\" content=\"Laura Hern\u00e1ndez\" \/>\n<meta name=\"twitter:card\" content=\"summary_large_image\" \/>\n<meta name=\"twitter:creator\" content=\"@FutbolHoyCol\" \/>\n<meta name=\"twitter:site\" content=\"@FutbolHoyCol\" \/>\n<meta name=\"twitter:label1\" content=\"Escrito por\" \/>\n\t<meta name=\"twitter:data1\" content=\"Laura Hern\u00e1ndez\" \/>\n\t<meta name=\"twitter:label2\" content=\"Tiempo de lectura\" \/>\n\t<meta name=\"twitter:data2\" content=\"1 minuto\" \/>\n<script type=\"application\/ld+json\" class=\"yoast-schema-graph\">{\"@context\":\"https:\/\/schema.org\",\"@graph\":[{\"@type\":\"Article\",\"@id\":\"https:\/\/futbolhoy.co\/index.php\/2020\/03\/29\/feliz-cumpleanos-omar-perez-celebra-39-anos\/#article\",\"isPartOf\":{\"@id\":\"https:\/\/futbolhoy.co\/index.php\/2020\/03\/29\/feliz-cumpleanos-omar-perez-celebra-39-anos\/\"},\"author\":{\"name\":\"Laura Hern\u00e1ndez\",\"@id\":\"https:\/\/futbolhoy.co\/#\/schema\/person\/c4a353a512b127643723a34bb1812f7d\"},\"headline\":\"\u00a1Feliz cumplea\u00f1os, Omar! Los 39 del \u00eddolo 'Cardenal'\",\"datePublished\":\"2020-03-29T10:06:37+00:00\",\"dateModified\":\"2020-03-29T23:45:32+00:00\",\"mainEntityOfPage\":{\"@id\":\"https:\/\/futbolhoy.co\/index.php\/2020\/03\/29\/feliz-cumpleanos-omar-perez-celebra-39-anos\/\"},\"wordCount\":240,\"commentCount\":0,\"publisher\":{\"@id\":\"https:\/\/futbolhoy.co\/#organization\"},\"image\":{\"@id\":\"https:\/\/futbolhoy.co\/index.php\/2020\/03\/29\/feliz-cumpleanos-omar-perez-celebra-39-anos\/#primaryimage\"},\"thumbnailUrl\":\"https:\/\/futbolhoy.co\/wp-content\/uploads\/2020\/03\/Omar-1.jpg\",\"keywords\":[\"Omar Perez\",\"Santa Fe\"],\"articleSection\":[\"Liga BetPlay\"],\"inLanguage\":\"es\",\"potentialAction\":[{\"@type\":\"CommentAction\",\"name\":\"Comment\",\"target\":[\"https:\/\/futbolhoy.co\/index.php\/2020\/03\/29\/feliz-cumpleanos-omar-perez-celebra-39-anos\/#respond\"]}]},{\"@type\":\"WebPage\",\"@id\":\"https:\/\/futbolhoy.co\/index.php\/2020\/03\/29\/feliz-cumpleanos-omar-perez-celebra-39-anos\/\",\"url\":\"https:\/\/futbolhoy.co\/index.php\/2020\/03\/29\/feliz-cumpleanos-omar-perez-celebra-39-anos\/\",\"name\":\"\u00a1Feliz cumplea\u00f1os, Omar! Los 39 del \u00eddolo 'Cardenal' -\",\"isPartOf\":{\"@id\":\"https:\/\/futbolhoy.co\/#website\"},\"primaryImageOfPage\":{\"@id\":\"https:\/\/futbolhoy.co\/index.php\/2020\/03\/29\/feliz-cumpleanos-omar-perez-celebra-39-anos\/#primaryimage\"},\"image\":{\"@id\":\"https:\/\/futbolhoy.co\/index.php\/2020\/03\/29\/feliz-cumpleanos-omar-perez-celebra-39-anos\/#primaryimage\"},\"thumbnailUrl\":\"https:\/\/futbolhoy.co\/wp-content\/uploads\/2020\/03\/Omar-1.jpg\",\"datePublished\":\"2020-03-29T10:06:37+00:00\",\"dateModified\":\"2020-03-29T23:45:32+00:00\",\"breadcrumb\":{\"@id\":\"https:\/\/futbolhoy.co\/index.php\/2020\/03\/29\/feliz-cumpleanos-omar-perez-celebra-39-anos\/#breadcrumb\"},\"inLanguage\":\"es\",\"potentialAction\":[{\"@type\":\"ReadAction\",\"target\":[\"https:\/\/futbolhoy.co\/index.php\/2020\/03\/29\/feliz-cumpleanos-omar-perez-celebra-39-anos\/\"]}]},{\"@type\":\"ImageObject\",\"inLanguage\":\"es\",\"@id\":\"https:\/\/futbolhoy.co\/index.php\/2020\/03\/29\/feliz-cumpleanos-omar-perez-celebra-39-anos\/#primaryimage\",\"url\":\"https:\/\/futbolhoy.co\/wp-content\/uploads\/2020\/03\/Omar-1.jpg\",\"contentUrl\":\"https:\/\/futbolhoy.co\/wp-content\/uploads\/2020\/03\/Omar-1.jpg\",\"width\":1023,\"height\":698,\"caption\":\"@santafe\"},{\"@type\":\"BreadcrumbList\",\"@id\":\"https:\/\/futbolhoy.co\/index.php\/2020\/03\/29\/feliz-cumpleanos-omar-perez-celebra-39-anos\/#breadcrumb\",\"itemListElement\":[{\"@type\":\"ListItem\",\"position\":1,\"name\":\"Portada\",\"item\":\"https:\/\/futbolhoy.co\/\"},{\"@type\":\"ListItem\",\"position\":2,\"name\":\"\u00a1Feliz cumplea\u00f1os, Omar! Los 39 del \u00eddolo &#8216;Cardenal&#8217;\"}]},{\"@type\":\"WebSite\",\"@id\":\"https:\/\/futbolhoy.co\/#website\",\"url\":\"https:\/\/futbolhoy.co\/\",\"name\":\"FutbolHoy\",\"description\":\"\",\"publisher\":{\"@id\":\"https:\/\/futbolhoy.co\/#organization\"},\"potentialAction\":[{\"@type\":\"SearchAction\",\"target\":{\"@type\":\"EntryPoint\",\"urlTemplate\":\"https:\/\/futbolhoy.co\/?s={search_term_string}\"},\"query-input\":{\"@type\":\"PropertyValueSpecification\",\"valueRequired\":true,\"valueName\":\"search_term_string\"}}],\"inLanguage\":\"es\"},{\"@type\":\"Organization\",\"@id\":\"https:\/\/futbolhoy.co\/#organization\",\"name\":\"Futbolhoy.co\",\"url\":\"https:\/\/futbolhoy.co\/\",\"logo\":{\"@type\":\"ImageObject\",\"inLanguage\":\"es\",\"@id\":\"https:\/\/futbolhoy.co\/#\/schema\/logo\/image\/\",\"url\":\"https:\/\/futbolhoy.co\/wp-content\/uploads\/2018\/08\/17426380_1906371736249227_6326180412931521141_n.jpg\",\"contentUrl\":\"https:\/\/futbolhoy.co\/wp-content\/uploads\/2018\/08\/17426380_1906371736249227_6326180412931521141_n.jpg\",\"width\":960,\"height\":960,\"caption\":\"Futbolhoy.co\"},\"image\":{\"@id\":\"https:\/\/futbolhoy.co\/#\/schema\/logo\/image\/\"},\"sameAs\":[\"https:\/\/www.facebook.com\/FutbolHoyCol\/\",\"https:\/\/x.com\/FutbolHoyCol\",\"https:\/\/www.instagram.com\/futbolhoycol\/\"]},{\"@type\":\"Person\",\"@id\":\"https:\/\/futbolhoy.co\/#\/schema\/person\/c4a353a512b127643723a34bb1812f7d\",\"name\":\"Laura Hern\u00e1ndez\",\"image\":{\"@type\":\"ImageObject\",\"inLanguage\":\"es\",\"@id\":\"https:\/\/futbolhoy.co\/#\/schema\/person\/image\/\",\"url\":\"https:\/\/secure.gravatar.com\/avatar\/d25959a15b9b293a743f99181c7cfd01?s=96&d=mm&r=g\",\"contentUrl\":\"https:\/\/secure.gravatar.com\/avatar\/d25959a15b9b293a743f99181c7cfd01?s=96&d=mm&r=g\",\"caption\":\"Laura Hern\u00e1ndez\"}}]}<\/script>\n<!-- \/ Yoast SEO plugin. -->","yoast_head_json":{"title":"\u00a1Feliz cumplea\u00f1os, Omar! Los 39 del \u00eddolo 'Cardenal' -","robots":{"index":"index","follow":"follow","max-snippet":"max-snippet:-1","max-image-preview":"max-image-preview:large","max-video-preview":"max-video-preview:-1"},"canonical":"https:\/\/futbolhoy.co\/index.php\/2020\/03\/29\/feliz-cumpleanos-omar-perez-celebra-39-anos\/","og_locale":"es_ES","og_type":"article","og_title":"\u00a1Feliz cumplea\u00f1os, Omar! Los 39 del \u00eddolo 'Cardenal' -","og_description":"Uno de los mayores \u00eddolos de Santa Fe, el m\u00e1s importante en las \u00faltimas d\u00e9cadas, celebra este domingo 39 a\u00f1os, Omar Sebasti\u00e1n P\u00e9rez, el volante argentino que conquist\u00f3 nueve t\u00edtulos con el cuadro 'Cardenal'. Naci\u00f3 en Santiago del Estero el 29 de marzo de 1981, tras debutar en el 2000 con Boca Juniors, jugar para [&hellip;]","og_url":"https:\/\/futbolhoy.co\/index.php\/2020\/03\/29\/feliz-cumpleanos-omar-perez-celebra-39-anos\/","article_publisher":"https:\/\/www.facebook.com\/FutbolHoyCol\/","article_published_time":"2020-03-29T10:06:37+00:00","article_modified_time":"2020-03-29T23:45:32+00:00","og_image":[{"width":1023,"height":698,"url":"https:\/\/futbolhoy.co\/wp-content\/uploads\/2020\/03\/Omar-1.jpg","type":"image\/jpeg"}],"author":"Laura Hern\u00e1ndez","twitter_card":"summary_large_image","twitter_creator":"@FutbolHoyCol","twitter_site":"@FutbolHoyCol","twitter_misc":{"Escrito por":"Laura Hern\u00e1ndez","Tiempo de lectura":"1 minuto"},"schema":{"@context":"https:\/\/schema.org","@graph":[{"@type":"Article","@id":"https:\/\/futbolhoy.co\/index.php\/2020\/03\/29\/feliz-cumpleanos-omar-perez-celebra-39-anos\/#article","isPartOf":{"@id":"https:\/\/futbolhoy.co\/index.php\/2020\/03\/29\/feliz-cumpleanos-omar-perez-celebra-39-anos\/"},"author":{"name":"Laura Hern\u00e1ndez","@id":"https:\/\/futbolhoy.co\/#\/schema\/person\/c4a353a512b127643723a34bb1812f7d"},"headline":"\u00a1Feliz cumplea\u00f1os, Omar! Los 39 del \u00eddolo 'Cardenal'","datePublished":"2020-03-29T10:06:37+00:00","dateModified":"2020-03-29T23:45:32+00:00","mainEntityOfPage":{"@id":"https:\/\/futbolhoy.co\/index.php\/2020\/03\/29\/feliz-cumpleanos-omar-perez-celebra-39-anos\/"},"wordCount":240,"commentCount":0,"publisher":{"@id":"https:\/\/futbolhoy.co\/#organization"},"image":{"@id":"https:\/\/futbolhoy.co\/index.php\/2020\/03\/29\/feliz-cumpleanos-omar-perez-celebra-39-anos\/#primaryimage"},"thumbnailUrl":"https:\/\/futbolhoy.co\/wp-content\/uploads\/2020\/03\/Omar-1.jpg","keywords":["Omar Perez","Santa Fe"],"articleSection":["Liga BetPlay"],"inLanguage":"es","potentialAction":[{"@type":"CommentAction","name":"Comment","target":["https:\/\/futbolhoy.co\/index.php\/2020\/03\/29\/feliz-cumpleanos-omar-perez-celebra-39-anos\/#respond"]}]},{"@type":"WebPage","@id":"https:\/\/futbolhoy.co\/index.php\/2020\/03\/29\/feliz-cumpleanos-omar-perez-celebra-39-anos\/","url":"https:\/\/futbolhoy.co\/index.php\/2020\/03\/29\/feliz-cumpleanos-omar-perez-celebra-39-anos\/","name":"\u00a1Feliz cumplea\u00f1os, Omar! Los 39 del \u00eddolo 'Cardenal' -","isPartOf":{"@id":"https:\/\/futbolhoy.co\/#website"},"primaryImageOfPage":{"@id":"https:\/\/futbolhoy.co\/index.php\/2020\/03\/29\/feliz-cumpleanos-omar-perez-celebra-39-anos\/#primaryimage"},"image":{"@id":"https:\/\/futbolhoy.co\/index.php\/2020\/03\/29\/feliz-cumpleanos-omar-perez-celebra-39-anos\/#primaryimage"},"thumbnailUrl":"https:\/\/futbolhoy.co\/wp-content\/uploads\/2020\/03\/Omar-1.jpg","datePublished":"2020-03-29T10:06:37+00:00","dateModified":"2020-03-29T23:45:32+00:00","breadcrumb":{"@id":"https:\/\/futbolhoy.co\/index.php\/2020\/03\/29\/feliz-cumpleanos-omar-perez-celebra-39-anos\/#breadcrumb"},"inLanguage":"es","potentialAction":[{"@type":"ReadAction","target":["https:\/\/futbolhoy.co\/index.php\/2020\/03\/29\/feliz-cumpleanos-omar-perez-celebra-39-anos\/"]}]},{"@type":"ImageObject","inLanguage":"es","@id":"https:\/\/futbolhoy.co\/index.php\/2020\/03\/29\/feliz-cumpleanos-omar-perez-celebra-39-anos\/#primaryimage","url":"https:\/\/futbolhoy.co\/wp-content\/uploads\/2020\/03\/Omar-1.jpg","contentUrl":"https:\/\/futbolhoy.co\/wp-content\/uploads\/2020\/03\/Omar-1.jpg","width":1023,"height":698,"caption":"@santafe"},{"@type":"BreadcrumbList","@id":"https:\/\/futbolhoy.co\/index.php\/2020\/03\/29\/feliz-cumpleanos-omar-perez-celebra-39-anos\/#breadcrumb","itemListElement":[{"@type":"ListItem","position":1,"name":"Portada","item":"https:\/\/futbolhoy.co\/"},{"@type":"ListItem","position":2,"name":"\u00a1Feliz cumplea\u00f1os, Omar! Los 39 del \u00eddolo &#8216;Cardenal&#8217;"}]},{"@type":"WebSite","@id":"https:\/\/futbolhoy.co\/#website","url":"https:\/\/futbolhoy.co\/","name":"FutbolHoy","description":"","publisher":{"@id":"https:\/\/futbolhoy.co\/#organization"},"potentialAction":[{"@type":"SearchAction","target":{"@type":"EntryPoint","urlTemplate":"https:\/\/futbolhoy.co\/?s={search_term_string}"},"query-input":{"@type":"PropertyValueSpecification","valueRequired":true,"valueName":"search_term_string"}}],"inLanguage":"es"},{"@type":"Organization","@id":"https:\/\/futbolhoy.co\/#organization","name":"Futbolhoy.co","url":"https:\/\/futbolhoy.co\/","logo":{"@type":"ImageObject","inLanguage":"es","@id":"https:\/\/futbolhoy.co\/#\/schema\/logo\/image\/","url":"https:\/\/futbolhoy.co\/wp-content\/uploads\/2018\/08\/17426380_1906371736249227_6326180412931521141_n.jpg","contentUrl":"https:\/\/futbolhoy.co\/wp-content\/uploads\/2018\/08\/17426380_1906371736249227_6326180412931521141_n.jpg","width":960,"height":960,"caption":"Futbolhoy.co"},"image":{"@id":"https:\/\/futbolhoy.co\/#\/schema\/logo\/image\/"},"sameAs":["https:\/\/www.facebook.com\/FutbolHoyCol\/","https:\/\/x.com\/FutbolHoyCol","https:\/\/www.instagram.com\/futbolhoycol\/"]},{"@type":"Person","@id":"https:\/\/futbolhoy.co\/#\/schema\/person\/c4a353a512b127643723a34bb1812f7d","name":"Laura Hern\u00e1ndez","image":{"@type":"ImageObject","inLanguage":"es","@id":"https:\/\/futbolhoy.co\/#\/schema\/person\/image\/","url":"https:\/\/secure.gravatar.com\/avatar\/d25959a15b9b293a743f99181c7cfd01?s=96&d=mm&r=g","contentUrl":"https:\/\/secure.gravatar.com\/avatar\/d25959a15b9b293a743f99181c7cfd01?s=96&d=mm&r=g","caption":"Laura Hern\u00e1ndez"}}]}},"publishpress_future_action":{"enabled":false,"date":"2026-05-03 20:34:20","action":"change-status","newStatus":"draft","terms":[],"taxonomy":"category","extraData":[]},"publishpress_future_workflow_manual_trigger":{"enabledWorkflows":[]},"_links":{"self":[{"href":"https:\/\/futbolhoy.co\/index.php\/wp-json\/wp\/v2\/posts\/49440","targetHints":{"allow":["GET"]}}],"collection":[{"href":"https:\/\/futbolhoy.co\/index.php\/wp-json\/wp\/v2\/posts"}],"about":[{"href":"https:\/\/futbolhoy.co\/index.php\/wp-json\/wp\/v2\/types\/post"}],"author":[{"embeddable":true,"href":"https:\/\/futbolhoy.co\/index.php\/wp-json\/wp\/v2\/users\/5"}],"replies":[{"embeddable":true,"href":"https:\/\/futbolhoy.co\/index.php\/wp-json\/wp\/v2\/comments?post=49440"}],"version-history":[{"count":3,"href":"https:\/\/futbolhoy.co\/index.php\/wp-json\/wp\/v2\/posts\/49440\/revisions"}],"predecessor-version":[{"id":49445,"href":"https:\/\/futbolhoy.co\/index.php\/wp-json\/wp\/v2\/posts\/49440\/revisions\/49445"}],"wp:featuredmedia":[{"embeddable":true,"href":"https:\/\/futbolhoy.co\/index.php\/wp-json\/wp\/v2\/media\/49442"}],"wp:attachment":[{"href":"https:\/\/futbolhoy.co\/index.php\/wp-json\/wp\/v2\/media?parent=49440"}],"wp:term":[{"taxonomy":"category","embeddable":true,"href":"https:\/\/futbolhoy.co\/index.php\/wp-json\/wp\/v2\/categories?post=49440"},{"taxonomy":"post_tag","embeddable":true,"href":"https:\/\/futbolhoy.co\/index.php\/wp-json\/wp\/v2\/tags?post=49440"}],"curies":[{"name":"wp","href":"https:\/\/api.w.org\/{rel}","templated":true}]}}