{"id":49517,"date":"2020-03-31T09:41:57","date_gmt":"2020-03-31T14:41:57","guid":{"rendered":"https:\/\/futbolhoy.co\/?p=49517"},"modified":"2020-04-01T08:40:54","modified_gmt":"2020-04-01T13:40:54","slug":"salario-de-davinson-sanchez-no-sera-reducido","status":"publish","type":"post","link":"https:\/\/futbolhoy.co\/index.php\/2020\/03\/31\/salario-de-davinson-sanchez-no-sera-reducido\/","title":{"rendered":"Salario de D\u00e1vinson S\u00e1nchez se mantendr\u00e1"},"content":{"rendered":"<p style=\"text-align: justify;\"><span style=\"font-family: helvetica, arial, sans-serif;\"><strong>Tottenham<\/strong>, donde juega el colombiano <strong>D\u00e1vinson S\u00e1nchez<\/strong>, anunci\u00f3 una reducci\u00f3n del 20% del sueldo a sus 550 empleados, buscando suavizar los efectos econ\u00f3micos que est\u00e1 generando el <strong>coronavirus.<\/strong><\/span><\/p>\n<p style=\"text-align: justify;\"><span style=\"font-family: helvetica, arial, sans-serif;\">Esta iniciativa no tendr\u00e1 impacto en los jugadores, seg\u00fan explic\u00f3 en un comunicado <strong>Daniel Levy,<\/strong> propietario del club.<\/span><\/p>\n<p style=\"text-align: justify;\"><span style=\"font-family: helvetica, arial, sans-serif;\">\"Hemos visto como algunos de los clubes m\u00e1s grandes del mundo, como el <strong>Barcelona,<\/strong> el <strong>Bayern<\/strong>\u00a0<strong>M\u00fanich<\/strong> y la <strong>Juventus<\/strong> han tomado medidas para reducir sus costos. Hemos tomado la dif\u00edcil soluci\u00f3n, para proteger los empleos, de reducir la remuneraci\u00f3n de 550 empleados y directores de abril y mayo en un 20 %\", agreg\u00f3 Levy.<\/span><\/p>\n<p style=\"text-align: justify;\"><span style=\"font-family: helvetica, arial, sans-serif;\">La reducci\u00f3n del sueldo se aplicar\u00e1 durante los dos pr\u00f3ximos meses y el Tottenham continuar\u00e1 analizando la situaci\u00f3n para tomar pr\u00f3ximas medidas.<\/span><\/p>\n<p style=\"text-align: justify;\"><span style=\"font-family: helvetica, arial, sans-serif;\">La <strong>Liga Premier,<\/strong> al igual que la mayor\u00eda de ligas del mundo, lleva varias semanas suspendidas, a la espera de que la situaci\u00f3n mejore.<\/span><\/p>\n","protected":false},"excerpt":{"rendered":"<p>Tottenham, donde juega el colombiano D\u00e1vinson S\u00e1nchez, anunci\u00f3 una reducci\u00f3n del 20% del sueldo a sus 550 empleados, buscando suavizar los efectos econ\u00f3micos que est\u00e1 generando el coronavirus. Esta iniciativa no tendr\u00e1 impacto en los jugadores, seg\u00fan explic\u00f3 en un comunicado Daniel Levy, propietario del club. \"Hemos visto como algunos de los clubes m\u00e1s grandes [&hellip;]<\/p>\n","protected":false},"author":5,"featured_media":41132,"comment_status":"open","ping_status":"open","sticky":false,"template":"","format":"standard","meta":{"_acf_changed":false,"footnotes":""},"categories":[418],"tags":[216,666],"class_list":{"0":"post-49517","1":"post","2":"type-post","3":"status-publish","4":"format-standard","5":"has-post-thumbnail","7":"category-colombia","8":"tag-davinson-sanchez","9":"tag-tottenham"},"acf":[],"yoast_head":"<!-- This site is optimized with the Yoast SEO plugin v26.8 - https:\/\/yoast.com\/product\/yoast-seo-wordpress\/ -->\n<title>Salario de D\u00e1vinson S\u00e1nchez se mantendr\u00e1 -<\/title>\n<meta name=\"robots\" content=\"index, follow, max-snippet:-1, max-image-preview:large, max-video-preview:-1\" \/>\n<link rel=\"canonical\" href=\"https:\/\/futbolhoy.co\/index.php\/2020\/03\/31\/salario-de-davinson-sanchez-no-sera-reducido\/\" \/>\n<meta property=\"og:locale\" content=\"es_ES\" \/>\n<meta property=\"og:type\" content=\"article\" \/>\n<meta property=\"og:title\" content=\"Salario de D\u00e1vinson S\u00e1nchez se mantendr\u00e1 -\" \/>\n<meta property=\"og:description\" content=\"Tottenham, donde juega el colombiano D\u00e1vinson S\u00e1nchez, anunci\u00f3 una reducci\u00f3n del 20% del sueldo a sus 550 empleados, buscando suavizar los efectos econ\u00f3micos que est\u00e1 generando el coronavirus. Esta iniciativa no tendr\u00e1 impacto en los jugadores, seg\u00fan explic\u00f3 en un comunicado Daniel Levy, propietario del club. &quot;Hemos visto como algunos de los clubes m\u00e1s grandes [&hellip;]\" \/>\n<meta property=\"og:url\" content=\"https:\/\/futbolhoy.co\/index.php\/2020\/03\/31\/salario-de-davinson-sanchez-no-sera-reducido\/\" \/>\n<meta property=\"article:publisher\" content=\"https:\/\/www.facebook.com\/FutbolHoyCol\/\" \/>\n<meta property=\"article:published_time\" content=\"2020-03-31T14:41:57+00:00\" \/>\n<meta property=\"article:modified_time\" content=\"2020-04-01T13:40:54+00:00\" \/>\n<meta property=\"og:image\" content=\"https:\/\/futbolhoy.co\/wp-content\/uploads\/2019\/09\/Davinson.png\" \/>\n\t<meta property=\"og:image:width\" content=\"880\" \/>\n\t<meta property=\"og:image:height\" content=\"492\" \/>\n\t<meta property=\"og:image:type\" content=\"image\/png\" \/>\n<meta name=\"author\" content=\"Laura Hern\u00e1ndez\" \/>\n<meta name=\"twitter:card\" content=\"summary_large_image\" \/>\n<meta name=\"twitter:creator\" content=\"@FutbolHoyCol\" \/>\n<meta name=\"twitter:site\" content=\"@FutbolHoyCol\" \/>\n<meta name=\"twitter:label1\" content=\"Escrito por\" \/>\n\t<meta name=\"twitter:data1\" content=\"Laura Hern\u00e1ndez\" \/>\n\t<meta name=\"twitter:label2\" content=\"Tiempo de lectura\" \/>\n\t<meta name=\"twitter:data2\" content=\"1 minuto\" \/>\n<script type=\"application\/ld+json\" class=\"yoast-schema-graph\">{\"@context\":\"https:\/\/schema.org\",\"@graph\":[{\"@type\":\"Article\",\"@id\":\"https:\/\/futbolhoy.co\/index.php\/2020\/03\/31\/salario-de-davinson-sanchez-no-sera-reducido\/#article\",\"isPartOf\":{\"@id\":\"https:\/\/futbolhoy.co\/index.php\/2020\/03\/31\/salario-de-davinson-sanchez-no-sera-reducido\/\"},\"author\":{\"name\":\"Laura Hern\u00e1ndez\",\"@id\":\"https:\/\/futbolhoy.co\/#\/schema\/person\/c4a353a512b127643723a34bb1812f7d\"},\"headline\":\"Salario de D\u00e1vinson S\u00e1nchez se mantendr\u00e1\",\"datePublished\":\"2020-03-31T14:41:57+00:00\",\"dateModified\":\"2020-04-01T13:40:54+00:00\",\"mainEntityOfPage\":{\"@id\":\"https:\/\/futbolhoy.co\/index.php\/2020\/03\/31\/salario-de-davinson-sanchez-no-sera-reducido\/\"},\"wordCount\":166,\"commentCount\":0,\"publisher\":{\"@id\":\"https:\/\/futbolhoy.co\/#organization\"},\"image\":{\"@id\":\"https:\/\/futbolhoy.co\/index.php\/2020\/03\/31\/salario-de-davinson-sanchez-no-sera-reducido\/#primaryimage\"},\"thumbnailUrl\":\"https:\/\/futbolhoy.co\/wp-content\/uploads\/2019\/09\/Davinson.png\",\"keywords\":[\"D\u00e1vinson S\u00e1nchez\",\"Tottenham\"],\"articleSection\":[\"Colombia\"],\"inLanguage\":\"es\",\"potentialAction\":[{\"@type\":\"CommentAction\",\"name\":\"Comment\",\"target\":[\"https:\/\/futbolhoy.co\/index.php\/2020\/03\/31\/salario-de-davinson-sanchez-no-sera-reducido\/#respond\"]}]},{\"@type\":\"WebPage\",\"@id\":\"https:\/\/futbolhoy.co\/index.php\/2020\/03\/31\/salario-de-davinson-sanchez-no-sera-reducido\/\",\"url\":\"https:\/\/futbolhoy.co\/index.php\/2020\/03\/31\/salario-de-davinson-sanchez-no-sera-reducido\/\",\"name\":\"Salario de D\u00e1vinson S\u00e1nchez se mantendr\u00e1 -\",\"isPartOf\":{\"@id\":\"https:\/\/futbolhoy.co\/#website\"},\"primaryImageOfPage\":{\"@id\":\"https:\/\/futbolhoy.co\/index.php\/2020\/03\/31\/salario-de-davinson-sanchez-no-sera-reducido\/#primaryimage\"},\"image\":{\"@id\":\"https:\/\/futbolhoy.co\/index.php\/2020\/03\/31\/salario-de-davinson-sanchez-no-sera-reducido\/#primaryimage\"},\"thumbnailUrl\":\"https:\/\/futbolhoy.co\/wp-content\/uploads\/2019\/09\/Davinson.png\",\"datePublished\":\"2020-03-31T14:41:57+00:00\",\"dateModified\":\"2020-04-01T13:40:54+00:00\",\"breadcrumb\":{\"@id\":\"https:\/\/futbolhoy.co\/index.php\/2020\/03\/31\/salario-de-davinson-sanchez-no-sera-reducido\/#breadcrumb\"},\"inLanguage\":\"es\",\"potentialAction\":[{\"@type\":\"ReadAction\",\"target\":[\"https:\/\/futbolhoy.co\/index.php\/2020\/03\/31\/salario-de-davinson-sanchez-no-sera-reducido\/\"]}]},{\"@type\":\"ImageObject\",\"inLanguage\":\"es\",\"@id\":\"https:\/\/futbolhoy.co\/index.php\/2020\/03\/31\/salario-de-davinson-sanchez-no-sera-reducido\/#primaryimage\",\"url\":\"https:\/\/futbolhoy.co\/wp-content\/uploads\/2019\/09\/Davinson.png\",\"contentUrl\":\"https:\/\/futbolhoy.co\/wp-content\/uploads\/2019\/09\/Davinson.png\",\"width\":880,\"height\":492},{\"@type\":\"BreadcrumbList\",\"@id\":\"https:\/\/futbolhoy.co\/index.php\/2020\/03\/31\/salario-de-davinson-sanchez-no-sera-reducido\/#breadcrumb\",\"itemListElement\":[{\"@type\":\"ListItem\",\"position\":1,\"name\":\"Portada\",\"item\":\"https:\/\/futbolhoy.co\/\"},{\"@type\":\"ListItem\",\"position\":2,\"name\":\"Salario de D\u00e1vinson S\u00e1nchez se mantendr\u00e1\"}]},{\"@type\":\"WebSite\",\"@id\":\"https:\/\/futbolhoy.co\/#website\",\"url\":\"https:\/\/futbolhoy.co\/\",\"name\":\"FutbolHoy\",\"description\":\"\",\"publisher\":{\"@id\":\"https:\/\/futbolhoy.co\/#organization\"},\"potentialAction\":[{\"@type\":\"SearchAction\",\"target\":{\"@type\":\"EntryPoint\",\"urlTemplate\":\"https:\/\/futbolhoy.co\/?s={search_term_string}\"},\"query-input\":{\"@type\":\"PropertyValueSpecification\",\"valueRequired\":true,\"valueName\":\"search_term_string\"}}],\"inLanguage\":\"es\"},{\"@type\":\"Organization\",\"@id\":\"https:\/\/futbolhoy.co\/#organization\",\"name\":\"Futbolhoy.co\",\"url\":\"https:\/\/futbolhoy.co\/\",\"logo\":{\"@type\":\"ImageObject\",\"inLanguage\":\"es\",\"@id\":\"https:\/\/futbolhoy.co\/#\/schema\/logo\/image\/\",\"url\":\"https:\/\/futbolhoy.co\/wp-content\/uploads\/2018\/08\/17426380_1906371736249227_6326180412931521141_n.jpg\",\"contentUrl\":\"https:\/\/futbolhoy.co\/wp-content\/uploads\/2018\/08\/17426380_1906371736249227_6326180412931521141_n.jpg\",\"width\":960,\"height\":960,\"caption\":\"Futbolhoy.co\"},\"image\":{\"@id\":\"https:\/\/futbolhoy.co\/#\/schema\/logo\/image\/\"},\"sameAs\":[\"https:\/\/www.facebook.com\/FutbolHoyCol\/\",\"https:\/\/x.com\/FutbolHoyCol\",\"https:\/\/www.instagram.com\/futbolhoycol\/\"]},{\"@type\":\"Person\",\"@id\":\"https:\/\/futbolhoy.co\/#\/schema\/person\/c4a353a512b127643723a34bb1812f7d\",\"name\":\"Laura Hern\u00e1ndez\",\"image\":{\"@type\":\"ImageObject\",\"inLanguage\":\"es\",\"@id\":\"https:\/\/futbolhoy.co\/#\/schema\/person\/image\/\",\"url\":\"https:\/\/secure.gravatar.com\/avatar\/d25959a15b9b293a743f99181c7cfd01?s=96&d=mm&r=g\",\"contentUrl\":\"https:\/\/secure.gravatar.com\/avatar\/d25959a15b9b293a743f99181c7cfd01?s=96&d=mm&r=g\",\"caption\":\"Laura Hern\u00e1ndez\"}}]}<\/script>\n<!-- \/ Yoast SEO plugin. -->","yoast_head_json":{"title":"Salario de D\u00e1vinson S\u00e1nchez se mantendr\u00e1 -","robots":{"index":"index","follow":"follow","max-snippet":"max-snippet:-1","max-image-preview":"max-image-preview:large","max-video-preview":"max-video-preview:-1"},"canonical":"https:\/\/futbolhoy.co\/index.php\/2020\/03\/31\/salario-de-davinson-sanchez-no-sera-reducido\/","og_locale":"es_ES","og_type":"article","og_title":"Salario de D\u00e1vinson S\u00e1nchez se mantendr\u00e1 -","og_description":"Tottenham, donde juega el colombiano D\u00e1vinson S\u00e1nchez, anunci\u00f3 una reducci\u00f3n del 20% del sueldo a sus 550 empleados, buscando suavizar los efectos econ\u00f3micos que est\u00e1 generando el coronavirus. Esta iniciativa no tendr\u00e1 impacto en los jugadores, seg\u00fan explic\u00f3 en un comunicado Daniel Levy, propietario del club. \"Hemos visto como algunos de los clubes m\u00e1s grandes [&hellip;]","og_url":"https:\/\/futbolhoy.co\/index.php\/2020\/03\/31\/salario-de-davinson-sanchez-no-sera-reducido\/","article_publisher":"https:\/\/www.facebook.com\/FutbolHoyCol\/","article_published_time":"2020-03-31T14:41:57+00:00","article_modified_time":"2020-04-01T13:40:54+00:00","og_image":[{"width":880,"height":492,"url":"https:\/\/futbolhoy.co\/wp-content\/uploads\/2019\/09\/Davinson.png","type":"image\/png"}],"author":"Laura Hern\u00e1ndez","twitter_card":"summary_large_image","twitter_creator":"@FutbolHoyCol","twitter_site":"@FutbolHoyCol","twitter_misc":{"Escrito por":"Laura Hern\u00e1ndez","Tiempo de lectura":"1 minuto"},"schema":{"@context":"https:\/\/schema.org","@graph":[{"@type":"Article","@id":"https:\/\/futbolhoy.co\/index.php\/2020\/03\/31\/salario-de-davinson-sanchez-no-sera-reducido\/#article","isPartOf":{"@id":"https:\/\/futbolhoy.co\/index.php\/2020\/03\/31\/salario-de-davinson-sanchez-no-sera-reducido\/"},"author":{"name":"Laura Hern\u00e1ndez","@id":"https:\/\/futbolhoy.co\/#\/schema\/person\/c4a353a512b127643723a34bb1812f7d"},"headline":"Salario de D\u00e1vinson S\u00e1nchez se mantendr\u00e1","datePublished":"2020-03-31T14:41:57+00:00","dateModified":"2020-04-01T13:40:54+00:00","mainEntityOfPage":{"@id":"https:\/\/futbolhoy.co\/index.php\/2020\/03\/31\/salario-de-davinson-sanchez-no-sera-reducido\/"},"wordCount":166,"commentCount":0,"publisher":{"@id":"https:\/\/futbolhoy.co\/#organization"},"image":{"@id":"https:\/\/futbolhoy.co\/index.php\/2020\/03\/31\/salario-de-davinson-sanchez-no-sera-reducido\/#primaryimage"},"thumbnailUrl":"https:\/\/futbolhoy.co\/wp-content\/uploads\/2019\/09\/Davinson.png","keywords":["D\u00e1vinson S\u00e1nchez","Tottenham"],"articleSection":["Colombia"],"inLanguage":"es","potentialAction":[{"@type":"CommentAction","name":"Comment","target":["https:\/\/futbolhoy.co\/index.php\/2020\/03\/31\/salario-de-davinson-sanchez-no-sera-reducido\/#respond"]}]},{"@type":"WebPage","@id":"https:\/\/futbolhoy.co\/index.php\/2020\/03\/31\/salario-de-davinson-sanchez-no-sera-reducido\/","url":"https:\/\/futbolhoy.co\/index.php\/2020\/03\/31\/salario-de-davinson-sanchez-no-sera-reducido\/","name":"Salario de D\u00e1vinson S\u00e1nchez se mantendr\u00e1 -","isPartOf":{"@id":"https:\/\/futbolhoy.co\/#website"},"primaryImageOfPage":{"@id":"https:\/\/futbolhoy.co\/index.php\/2020\/03\/31\/salario-de-davinson-sanchez-no-sera-reducido\/#primaryimage"},"image":{"@id":"https:\/\/futbolhoy.co\/index.php\/2020\/03\/31\/salario-de-davinson-sanchez-no-sera-reducido\/#primaryimage"},"thumbnailUrl":"https:\/\/futbolhoy.co\/wp-content\/uploads\/2019\/09\/Davinson.png","datePublished":"2020-03-31T14:41:57+00:00","dateModified":"2020-04-01T13:40:54+00:00","breadcrumb":{"@id":"https:\/\/futbolhoy.co\/index.php\/2020\/03\/31\/salario-de-davinson-sanchez-no-sera-reducido\/#breadcrumb"},"inLanguage":"es","potentialAction":[{"@type":"ReadAction","target":["https:\/\/futbolhoy.co\/index.php\/2020\/03\/31\/salario-de-davinson-sanchez-no-sera-reducido\/"]}]},{"@type":"ImageObject","inLanguage":"es","@id":"https:\/\/futbolhoy.co\/index.php\/2020\/03\/31\/salario-de-davinson-sanchez-no-sera-reducido\/#primaryimage","url":"https:\/\/futbolhoy.co\/wp-content\/uploads\/2019\/09\/Davinson.png","contentUrl":"https:\/\/futbolhoy.co\/wp-content\/uploads\/2019\/09\/Davinson.png","width":880,"height":492},{"@type":"BreadcrumbList","@id":"https:\/\/futbolhoy.co\/index.php\/2020\/03\/31\/salario-de-davinson-sanchez-no-sera-reducido\/#breadcrumb","itemListElement":[{"@type":"ListItem","position":1,"name":"Portada","item":"https:\/\/futbolhoy.co\/"},{"@type":"ListItem","position":2,"name":"Salario de D\u00e1vinson S\u00e1nchez se mantendr\u00e1"}]},{"@type":"WebSite","@id":"https:\/\/futbolhoy.co\/#website","url":"https:\/\/futbolhoy.co\/","name":"FutbolHoy","description":"","publisher":{"@id":"https:\/\/futbolhoy.co\/#organization"},"potentialAction":[{"@type":"SearchAction","target":{"@type":"EntryPoint","urlTemplate":"https:\/\/futbolhoy.co\/?s={search_term_string}"},"query-input":{"@type":"PropertyValueSpecification","valueRequired":true,"valueName":"search_term_string"}}],"inLanguage":"es"},{"@type":"Organization","@id":"https:\/\/futbolhoy.co\/#organization","name":"Futbolhoy.co","url":"https:\/\/futbolhoy.co\/","logo":{"@type":"ImageObject","inLanguage":"es","@id":"https:\/\/futbolhoy.co\/#\/schema\/logo\/image\/","url":"https:\/\/futbolhoy.co\/wp-content\/uploads\/2018\/08\/17426380_1906371736249227_6326180412931521141_n.jpg","contentUrl":"https:\/\/futbolhoy.co\/wp-content\/uploads\/2018\/08\/17426380_1906371736249227_6326180412931521141_n.jpg","width":960,"height":960,"caption":"Futbolhoy.co"},"image":{"@id":"https:\/\/futbolhoy.co\/#\/schema\/logo\/image\/"},"sameAs":["https:\/\/www.facebook.com\/FutbolHoyCol\/","https:\/\/x.com\/FutbolHoyCol","https:\/\/www.instagram.com\/futbolhoycol\/"]},{"@type":"Person","@id":"https:\/\/futbolhoy.co\/#\/schema\/person\/c4a353a512b127643723a34bb1812f7d","name":"Laura Hern\u00e1ndez","image":{"@type":"ImageObject","inLanguage":"es","@id":"https:\/\/futbolhoy.co\/#\/schema\/person\/image\/","url":"https:\/\/secure.gravatar.com\/avatar\/d25959a15b9b293a743f99181c7cfd01?s=96&d=mm&r=g","contentUrl":"https:\/\/secure.gravatar.com\/avatar\/d25959a15b9b293a743f99181c7cfd01?s=96&d=mm&r=g","caption":"Laura Hern\u00e1ndez"}}]}},"publishpress_future_action":{"enabled":false,"date":"2026-05-03 21:47:42","action":"change-status","newStatus":"draft","terms":[],"taxonomy":"category","extraData":[]},"publishpress_future_workflow_manual_trigger":{"enabledWorkflows":[]},"_links":{"self":[{"href":"https:\/\/futbolhoy.co\/index.php\/wp-json\/wp\/v2\/posts\/49517","targetHints":{"allow":["GET"]}}],"collection":[{"href":"https:\/\/futbolhoy.co\/index.php\/wp-json\/wp\/v2\/posts"}],"about":[{"href":"https:\/\/futbolhoy.co\/index.php\/wp-json\/wp\/v2\/types\/post"}],"author":[{"embeddable":true,"href":"https:\/\/futbolhoy.co\/index.php\/wp-json\/wp\/v2\/users\/5"}],"replies":[{"embeddable":true,"href":"https:\/\/futbolhoy.co\/index.php\/wp-json\/wp\/v2\/comments?post=49517"}],"version-history":[{"count":3,"href":"https:\/\/futbolhoy.co\/index.php\/wp-json\/wp\/v2\/posts\/49517\/revisions"}],"predecessor-version":[{"id":49525,"href":"https:\/\/futbolhoy.co\/index.php\/wp-json\/wp\/v2\/posts\/49517\/revisions\/49525"}],"wp:featuredmedia":[{"embeddable":true,"href":"https:\/\/futbolhoy.co\/index.php\/wp-json\/wp\/v2\/media\/41132"}],"wp:attachment":[{"href":"https:\/\/futbolhoy.co\/index.php\/wp-json\/wp\/v2\/media?parent=49517"}],"wp:term":[{"taxonomy":"category","embeddable":true,"href":"https:\/\/futbolhoy.co\/index.php\/wp-json\/wp\/v2\/categories?post=49517"},{"taxonomy":"post_tag","embeddable":true,"href":"https:\/\/futbolhoy.co\/index.php\/wp-json\/wp\/v2\/tags?post=49517"}],"curies":[{"name":"wp","href":"https:\/\/api.w.org\/{rel}","templated":true}]}}