{"id":49526,"date":"2020-03-31T12:02:00","date_gmt":"2020-03-31T17:02:00","guid":{"rendered":"https:\/\/futbolhoy.co\/?p=49526"},"modified":"2020-04-01T08:45:28","modified_gmt":"2020-04-01T13:45:28","slug":"la-fifa-valora-una-ayuda-al-futbol-mundial","status":"publish","type":"post","link":"https:\/\/futbolhoy.co\/index.php\/2020\/03\/31\/la-fifa-valora-una-ayuda-al-futbol-mundial\/","title":{"rendered":"La FIFA valora una \"ayuda\" al f\u00fatbol mundial"},"content":{"rendered":"<p style=\"text-align: justify;\"><span style=\"font-family: helvetica, arial, sans-serif;\">La <strong>FIFA<\/strong> estudia diferentes alternativas para brindar \"una ayuda\" al f\u00fatbol mundial, mientras la pandemia del <strong>coronavirus<\/strong> tiene a este deporte al borde de una crisis sin precedentes.<\/span><\/p>\n<p style=\"text-align: justify;\"><span style=\"font-family: helvetica, arial, sans-serif;\">La entidad, con sede en <strong>Z\u00farich<\/strong>, asegur\u00f3 que su situaci\u00f3n econ\u00f3mica es \"s\u00f3lida\", con unos 1.500 millones de d\u00f3lares de reservas, pero est\u00e1 \"reflexionando sobre las posibilidades de proporcionar una ayuda a la comunidad del f\u00fatbol por todo el mundo\", dice el comunicado de FIFA.<\/span><\/p>\n<p style=\"text-align: justify;\"><span style=\"font-family: helvetica, arial, sans-serif;\">La rectora cre\u00f3 desde el 18 de marzo, un d\u00eda despu\u00e9s del aplazamiento de la <strong>Eurocopa-2020<\/strong> y la suspensi\u00f3n de todas las competencias de clubes, un grupo de trabajo que re\u00fane a las confederaciones para estudiar todas las consecuencias de la crisis.<\/span><\/p>\n<p style=\"text-align: justify;\"><span style=\"font-family: helvetica, arial, sans-serif;\">La forma y los detalles de esta asistencia \"est\u00e1n actualmente en estudio y son discutidas en colaboraci\u00f3n con las federaciones miembro de la FIFA y otros patrocinadores\", puntualiz\u00f3 la nota.<\/span><\/p>\n","protected":false},"excerpt":{"rendered":"<p>La FIFA estudia diferentes alternativas para brindar \"una ayuda\" al f\u00fatbol mundial, mientras la pandemia del coronavirus tiene a este deporte al borde de una crisis sin precedentes. La entidad, con sede en Z\u00farich, asegur\u00f3 que su situaci\u00f3n econ\u00f3mica es \"s\u00f3lida\", con unos 1.500 millones de d\u00f3lares de reservas, pero est\u00e1 \"reflexionando sobre las posibilidades [&hellip;]<\/p>\n","protected":false},"author":5,"featured_media":21981,"comment_status":"open","ping_status":"open","sticky":false,"template":"","format":"standard","meta":{"_acf_changed":false,"footnotes":""},"categories":[152],"tags":[1774,92],"class_list":{"0":"post-49526","1":"post","2":"type-post","3":"status-publish","4":"format-standard","5":"has-post-thumbnail","7":"category-mundo-futbol","8":"tag-coronavirus","9":"tag-fifa"},"acf":[],"yoast_head":"<!-- This site is optimized with the Yoast SEO plugin v26.8 - https:\/\/yoast.com\/product\/yoast-seo-wordpress\/ -->\n<title>La FIFA valora una &quot;ayuda&quot; al f\u00fatbol mundial -<\/title>\n<meta name=\"robots\" content=\"index, follow, max-snippet:-1, max-image-preview:large, max-video-preview:-1\" \/>\n<link rel=\"canonical\" href=\"https:\/\/futbolhoy.co\/index.php\/2020\/03\/31\/la-fifa-valora-una-ayuda-al-futbol-mundial\/\" \/>\n<meta property=\"og:locale\" content=\"es_ES\" \/>\n<meta property=\"og:type\" content=\"article\" \/>\n<meta property=\"og:title\" content=\"La FIFA valora una &quot;ayuda&quot; al f\u00fatbol mundial -\" \/>\n<meta property=\"og:description\" content=\"La FIFA estudia diferentes alternativas para brindar &quot;una ayuda&quot; al f\u00fatbol mundial, mientras la pandemia del coronavirus tiene a este deporte al borde de una crisis sin precedentes. La entidad, con sede en Z\u00farich, asegur\u00f3 que su situaci\u00f3n econ\u00f3mica es &quot;s\u00f3lida&quot;, con unos 1.500 millones de d\u00f3lares de reservas, pero est\u00e1 &quot;reflexionando sobre las posibilidades [&hellip;]\" \/>\n<meta property=\"og:url\" content=\"https:\/\/futbolhoy.co\/index.php\/2020\/03\/31\/la-fifa-valora-una-ayuda-al-futbol-mundial\/\" \/>\n<meta property=\"article:publisher\" content=\"https:\/\/www.facebook.com\/FutbolHoyCol\/\" \/>\n<meta property=\"article:published_time\" content=\"2020-03-31T17:02:00+00:00\" \/>\n<meta property=\"article:modified_time\" content=\"2020-04-01T13:45:28+00:00\" \/>\n<meta property=\"og:image\" content=\"https:\/\/futbolhoy.co\/wp-content\/uploads\/2018\/07\/Dg9yw7qWkAUuEqj.jpg\" \/>\n\t<meta property=\"og:image:width\" content=\"1200\" \/>\n\t<meta property=\"og:image:height\" content=\"800\" \/>\n\t<meta property=\"og:image:type\" content=\"image\/jpeg\" \/>\n<meta name=\"author\" content=\"Laura Hern\u00e1ndez\" \/>\n<meta name=\"twitter:card\" content=\"summary_large_image\" \/>\n<meta name=\"twitter:creator\" content=\"@FutbolHoyCol\" \/>\n<meta name=\"twitter:site\" content=\"@FutbolHoyCol\" \/>\n<meta name=\"twitter:label1\" content=\"Escrito por\" \/>\n\t<meta name=\"twitter:data1\" content=\"Laura Hern\u00e1ndez\" \/>\n\t<meta name=\"twitter:label2\" content=\"Tiempo de lectura\" \/>\n\t<meta name=\"twitter:data2\" content=\"1 minuto\" \/>\n<script type=\"application\/ld+json\" class=\"yoast-schema-graph\">{\"@context\":\"https:\/\/schema.org\",\"@graph\":[{\"@type\":\"Article\",\"@id\":\"https:\/\/futbolhoy.co\/index.php\/2020\/03\/31\/la-fifa-valora-una-ayuda-al-futbol-mundial\/#article\",\"isPartOf\":{\"@id\":\"https:\/\/futbolhoy.co\/index.php\/2020\/03\/31\/la-fifa-valora-una-ayuda-al-futbol-mundial\/\"},\"author\":{\"name\":\"Laura Hern\u00e1ndez\",\"@id\":\"https:\/\/futbolhoy.co\/#\/schema\/person\/c4a353a512b127643723a34bb1812f7d\"},\"headline\":\"La FIFA valora una \\\"ayuda\\\" al f\u00fatbol mundial\",\"datePublished\":\"2020-03-31T17:02:00+00:00\",\"dateModified\":\"2020-04-01T13:45:28+00:00\",\"mainEntityOfPage\":{\"@id\":\"https:\/\/futbolhoy.co\/index.php\/2020\/03\/31\/la-fifa-valora-una-ayuda-al-futbol-mundial\/\"},\"wordCount\":165,\"commentCount\":0,\"publisher\":{\"@id\":\"https:\/\/futbolhoy.co\/#organization\"},\"image\":{\"@id\":\"https:\/\/futbolhoy.co\/index.php\/2020\/03\/31\/la-fifa-valora-una-ayuda-al-futbol-mundial\/#primaryimage\"},\"thumbnailUrl\":\"https:\/\/futbolhoy.co\/wp-content\/uploads\/2018\/07\/Dg9yw7qWkAUuEqj.jpg\",\"keywords\":[\"coronavirus\",\"FIFA\"],\"articleSection\":[\"Mundo Futbol\"],\"inLanguage\":\"es\",\"potentialAction\":[{\"@type\":\"CommentAction\",\"name\":\"Comment\",\"target\":[\"https:\/\/futbolhoy.co\/index.php\/2020\/03\/31\/la-fifa-valora-una-ayuda-al-futbol-mundial\/#respond\"]}]},{\"@type\":\"WebPage\",\"@id\":\"https:\/\/futbolhoy.co\/index.php\/2020\/03\/31\/la-fifa-valora-una-ayuda-al-futbol-mundial\/\",\"url\":\"https:\/\/futbolhoy.co\/index.php\/2020\/03\/31\/la-fifa-valora-una-ayuda-al-futbol-mundial\/\",\"name\":\"La FIFA valora una \\\"ayuda\\\" al f\u00fatbol mundial -\",\"isPartOf\":{\"@id\":\"https:\/\/futbolhoy.co\/#website\"},\"primaryImageOfPage\":{\"@id\":\"https:\/\/futbolhoy.co\/index.php\/2020\/03\/31\/la-fifa-valora-una-ayuda-al-futbol-mundial\/#primaryimage\"},\"image\":{\"@id\":\"https:\/\/futbolhoy.co\/index.php\/2020\/03\/31\/la-fifa-valora-una-ayuda-al-futbol-mundial\/#primaryimage\"},\"thumbnailUrl\":\"https:\/\/futbolhoy.co\/wp-content\/uploads\/2018\/07\/Dg9yw7qWkAUuEqj.jpg\",\"datePublished\":\"2020-03-31T17:02:00+00:00\",\"dateModified\":\"2020-04-01T13:45:28+00:00\",\"breadcrumb\":{\"@id\":\"https:\/\/futbolhoy.co\/index.php\/2020\/03\/31\/la-fifa-valora-una-ayuda-al-futbol-mundial\/#breadcrumb\"},\"inLanguage\":\"es\",\"potentialAction\":[{\"@type\":\"ReadAction\",\"target\":[\"https:\/\/futbolhoy.co\/index.php\/2020\/03\/31\/la-fifa-valora-una-ayuda-al-futbol-mundial\/\"]}]},{\"@type\":\"ImageObject\",\"inLanguage\":\"es\",\"@id\":\"https:\/\/futbolhoy.co\/index.php\/2020\/03\/31\/la-fifa-valora-una-ayuda-al-futbol-mundial\/#primaryimage\",\"url\":\"https:\/\/futbolhoy.co\/wp-content\/uploads\/2018\/07\/Dg9yw7qWkAUuEqj.jpg\",\"contentUrl\":\"https:\/\/futbolhoy.co\/wp-content\/uploads\/2018\/07\/Dg9yw7qWkAUuEqj.jpg\",\"width\":1200,\"height\":800,\"caption\":\"Twitter @FIFAcom\"},{\"@type\":\"BreadcrumbList\",\"@id\":\"https:\/\/futbolhoy.co\/index.php\/2020\/03\/31\/la-fifa-valora-una-ayuda-al-futbol-mundial\/#breadcrumb\",\"itemListElement\":[{\"@type\":\"ListItem\",\"position\":1,\"name\":\"Portada\",\"item\":\"https:\/\/futbolhoy.co\/\"},{\"@type\":\"ListItem\",\"position\":2,\"name\":\"La FIFA valora una \u00abayuda\u00bb al f\u00fatbol mundial\"}]},{\"@type\":\"WebSite\",\"@id\":\"https:\/\/futbolhoy.co\/#website\",\"url\":\"https:\/\/futbolhoy.co\/\",\"name\":\"FutbolHoy\",\"description\":\"\",\"publisher\":{\"@id\":\"https:\/\/futbolhoy.co\/#organization\"},\"potentialAction\":[{\"@type\":\"SearchAction\",\"target\":{\"@type\":\"EntryPoint\",\"urlTemplate\":\"https:\/\/futbolhoy.co\/?s={search_term_string}\"},\"query-input\":{\"@type\":\"PropertyValueSpecification\",\"valueRequired\":true,\"valueName\":\"search_term_string\"}}],\"inLanguage\":\"es\"},{\"@type\":\"Organization\",\"@id\":\"https:\/\/futbolhoy.co\/#organization\",\"name\":\"Futbolhoy.co\",\"url\":\"https:\/\/futbolhoy.co\/\",\"logo\":{\"@type\":\"ImageObject\",\"inLanguage\":\"es\",\"@id\":\"https:\/\/futbolhoy.co\/#\/schema\/logo\/image\/\",\"url\":\"https:\/\/futbolhoy.co\/wp-content\/uploads\/2018\/08\/17426380_1906371736249227_6326180412931521141_n.jpg\",\"contentUrl\":\"https:\/\/futbolhoy.co\/wp-content\/uploads\/2018\/08\/17426380_1906371736249227_6326180412931521141_n.jpg\",\"width\":960,\"height\":960,\"caption\":\"Futbolhoy.co\"},\"image\":{\"@id\":\"https:\/\/futbolhoy.co\/#\/schema\/logo\/image\/\"},\"sameAs\":[\"https:\/\/www.facebook.com\/FutbolHoyCol\/\",\"https:\/\/x.com\/FutbolHoyCol\",\"https:\/\/www.instagram.com\/futbolhoycol\/\"]},{\"@type\":\"Person\",\"@id\":\"https:\/\/futbolhoy.co\/#\/schema\/person\/c4a353a512b127643723a34bb1812f7d\",\"name\":\"Laura Hern\u00e1ndez\",\"image\":{\"@type\":\"ImageObject\",\"inLanguage\":\"es\",\"@id\":\"https:\/\/futbolhoy.co\/#\/schema\/person\/image\/\",\"url\":\"https:\/\/secure.gravatar.com\/avatar\/d25959a15b9b293a743f99181c7cfd01?s=96&d=mm&r=g\",\"contentUrl\":\"https:\/\/secure.gravatar.com\/avatar\/d25959a15b9b293a743f99181c7cfd01?s=96&d=mm&r=g\",\"caption\":\"Laura Hern\u00e1ndez\"}}]}<\/script>\n<!-- \/ Yoast SEO plugin. -->","yoast_head_json":{"title":"La FIFA valora una \"ayuda\" al f\u00fatbol mundial -","robots":{"index":"index","follow":"follow","max-snippet":"max-snippet:-1","max-image-preview":"max-image-preview:large","max-video-preview":"max-video-preview:-1"},"canonical":"https:\/\/futbolhoy.co\/index.php\/2020\/03\/31\/la-fifa-valora-una-ayuda-al-futbol-mundial\/","og_locale":"es_ES","og_type":"article","og_title":"La FIFA valora una \"ayuda\" al f\u00fatbol mundial -","og_description":"La FIFA estudia diferentes alternativas para brindar \"una ayuda\" al f\u00fatbol mundial, mientras la pandemia del coronavirus tiene a este deporte al borde de una crisis sin precedentes. La entidad, con sede en Z\u00farich, asegur\u00f3 que su situaci\u00f3n econ\u00f3mica es \"s\u00f3lida\", con unos 1.500 millones de d\u00f3lares de reservas, pero est\u00e1 \"reflexionando sobre las posibilidades [&hellip;]","og_url":"https:\/\/futbolhoy.co\/index.php\/2020\/03\/31\/la-fifa-valora-una-ayuda-al-futbol-mundial\/","article_publisher":"https:\/\/www.facebook.com\/FutbolHoyCol\/","article_published_time":"2020-03-31T17:02:00+00:00","article_modified_time":"2020-04-01T13:45:28+00:00","og_image":[{"width":1200,"height":800,"url":"https:\/\/futbolhoy.co\/wp-content\/uploads\/2018\/07\/Dg9yw7qWkAUuEqj.jpg","type":"image\/jpeg"}],"author":"Laura Hern\u00e1ndez","twitter_card":"summary_large_image","twitter_creator":"@FutbolHoyCol","twitter_site":"@FutbolHoyCol","twitter_misc":{"Escrito por":"Laura Hern\u00e1ndez","Tiempo de lectura":"1 minuto"},"schema":{"@context":"https:\/\/schema.org","@graph":[{"@type":"Article","@id":"https:\/\/futbolhoy.co\/index.php\/2020\/03\/31\/la-fifa-valora-una-ayuda-al-futbol-mundial\/#article","isPartOf":{"@id":"https:\/\/futbolhoy.co\/index.php\/2020\/03\/31\/la-fifa-valora-una-ayuda-al-futbol-mundial\/"},"author":{"name":"Laura Hern\u00e1ndez","@id":"https:\/\/futbolhoy.co\/#\/schema\/person\/c4a353a512b127643723a34bb1812f7d"},"headline":"La FIFA valora una \"ayuda\" al f\u00fatbol mundial","datePublished":"2020-03-31T17:02:00+00:00","dateModified":"2020-04-01T13:45:28+00:00","mainEntityOfPage":{"@id":"https:\/\/futbolhoy.co\/index.php\/2020\/03\/31\/la-fifa-valora-una-ayuda-al-futbol-mundial\/"},"wordCount":165,"commentCount":0,"publisher":{"@id":"https:\/\/futbolhoy.co\/#organization"},"image":{"@id":"https:\/\/futbolhoy.co\/index.php\/2020\/03\/31\/la-fifa-valora-una-ayuda-al-futbol-mundial\/#primaryimage"},"thumbnailUrl":"https:\/\/futbolhoy.co\/wp-content\/uploads\/2018\/07\/Dg9yw7qWkAUuEqj.jpg","keywords":["coronavirus","FIFA"],"articleSection":["Mundo Futbol"],"inLanguage":"es","potentialAction":[{"@type":"CommentAction","name":"Comment","target":["https:\/\/futbolhoy.co\/index.php\/2020\/03\/31\/la-fifa-valora-una-ayuda-al-futbol-mundial\/#respond"]}]},{"@type":"WebPage","@id":"https:\/\/futbolhoy.co\/index.php\/2020\/03\/31\/la-fifa-valora-una-ayuda-al-futbol-mundial\/","url":"https:\/\/futbolhoy.co\/index.php\/2020\/03\/31\/la-fifa-valora-una-ayuda-al-futbol-mundial\/","name":"La FIFA valora una \"ayuda\" al f\u00fatbol mundial -","isPartOf":{"@id":"https:\/\/futbolhoy.co\/#website"},"primaryImageOfPage":{"@id":"https:\/\/futbolhoy.co\/index.php\/2020\/03\/31\/la-fifa-valora-una-ayuda-al-futbol-mundial\/#primaryimage"},"image":{"@id":"https:\/\/futbolhoy.co\/index.php\/2020\/03\/31\/la-fifa-valora-una-ayuda-al-futbol-mundial\/#primaryimage"},"thumbnailUrl":"https:\/\/futbolhoy.co\/wp-content\/uploads\/2018\/07\/Dg9yw7qWkAUuEqj.jpg","datePublished":"2020-03-31T17:02:00+00:00","dateModified":"2020-04-01T13:45:28+00:00","breadcrumb":{"@id":"https:\/\/futbolhoy.co\/index.php\/2020\/03\/31\/la-fifa-valora-una-ayuda-al-futbol-mundial\/#breadcrumb"},"inLanguage":"es","potentialAction":[{"@type":"ReadAction","target":["https:\/\/futbolhoy.co\/index.php\/2020\/03\/31\/la-fifa-valora-una-ayuda-al-futbol-mundial\/"]}]},{"@type":"ImageObject","inLanguage":"es","@id":"https:\/\/futbolhoy.co\/index.php\/2020\/03\/31\/la-fifa-valora-una-ayuda-al-futbol-mundial\/#primaryimage","url":"https:\/\/futbolhoy.co\/wp-content\/uploads\/2018\/07\/Dg9yw7qWkAUuEqj.jpg","contentUrl":"https:\/\/futbolhoy.co\/wp-content\/uploads\/2018\/07\/Dg9yw7qWkAUuEqj.jpg","width":1200,"height":800,"caption":"Twitter @FIFAcom"},{"@type":"BreadcrumbList","@id":"https:\/\/futbolhoy.co\/index.php\/2020\/03\/31\/la-fifa-valora-una-ayuda-al-futbol-mundial\/#breadcrumb","itemListElement":[{"@type":"ListItem","position":1,"name":"Portada","item":"https:\/\/futbolhoy.co\/"},{"@type":"ListItem","position":2,"name":"La FIFA valora una \u00abayuda\u00bb al f\u00fatbol mundial"}]},{"@type":"WebSite","@id":"https:\/\/futbolhoy.co\/#website","url":"https:\/\/futbolhoy.co\/","name":"FutbolHoy","description":"","publisher":{"@id":"https:\/\/futbolhoy.co\/#organization"},"potentialAction":[{"@type":"SearchAction","target":{"@type":"EntryPoint","urlTemplate":"https:\/\/futbolhoy.co\/?s={search_term_string}"},"query-input":{"@type":"PropertyValueSpecification","valueRequired":true,"valueName":"search_term_string"}}],"inLanguage":"es"},{"@type":"Organization","@id":"https:\/\/futbolhoy.co\/#organization","name":"Futbolhoy.co","url":"https:\/\/futbolhoy.co\/","logo":{"@type":"ImageObject","inLanguage":"es","@id":"https:\/\/futbolhoy.co\/#\/schema\/logo\/image\/","url":"https:\/\/futbolhoy.co\/wp-content\/uploads\/2018\/08\/17426380_1906371736249227_6326180412931521141_n.jpg","contentUrl":"https:\/\/futbolhoy.co\/wp-content\/uploads\/2018\/08\/17426380_1906371736249227_6326180412931521141_n.jpg","width":960,"height":960,"caption":"Futbolhoy.co"},"image":{"@id":"https:\/\/futbolhoy.co\/#\/schema\/logo\/image\/"},"sameAs":["https:\/\/www.facebook.com\/FutbolHoyCol\/","https:\/\/x.com\/FutbolHoyCol","https:\/\/www.instagram.com\/futbolhoycol\/"]},{"@type":"Person","@id":"https:\/\/futbolhoy.co\/#\/schema\/person\/c4a353a512b127643723a34bb1812f7d","name":"Laura Hern\u00e1ndez","image":{"@type":"ImageObject","inLanguage":"es","@id":"https:\/\/futbolhoy.co\/#\/schema\/person\/image\/","url":"https:\/\/secure.gravatar.com\/avatar\/d25959a15b9b293a743f99181c7cfd01?s=96&d=mm&r=g","contentUrl":"https:\/\/secure.gravatar.com\/avatar\/d25959a15b9b293a743f99181c7cfd01?s=96&d=mm&r=g","caption":"Laura Hern\u00e1ndez"}}]}},"publishpress_future_action":{"enabled":false,"date":"2026-05-03 21:48:02","action":"change-status","newStatus":"draft","terms":[],"taxonomy":"category","extraData":[]},"publishpress_future_workflow_manual_trigger":{"enabledWorkflows":[]},"_links":{"self":[{"href":"https:\/\/futbolhoy.co\/index.php\/wp-json\/wp\/v2\/posts\/49526","targetHints":{"allow":["GET"]}}],"collection":[{"href":"https:\/\/futbolhoy.co\/index.php\/wp-json\/wp\/v2\/posts"}],"about":[{"href":"https:\/\/futbolhoy.co\/index.php\/wp-json\/wp\/v2\/types\/post"}],"author":[{"embeddable":true,"href":"https:\/\/futbolhoy.co\/index.php\/wp-json\/wp\/v2\/users\/5"}],"replies":[{"embeddable":true,"href":"https:\/\/futbolhoy.co\/index.php\/wp-json\/wp\/v2\/comments?post=49526"}],"version-history":[{"count":1,"href":"https:\/\/futbolhoy.co\/index.php\/wp-json\/wp\/v2\/posts\/49526\/revisions"}],"predecessor-version":[{"id":49527,"href":"https:\/\/futbolhoy.co\/index.php\/wp-json\/wp\/v2\/posts\/49526\/revisions\/49527"}],"wp:featuredmedia":[{"embeddable":true,"href":"https:\/\/futbolhoy.co\/index.php\/wp-json\/wp\/v2\/media\/21981"}],"wp:attachment":[{"href":"https:\/\/futbolhoy.co\/index.php\/wp-json\/wp\/v2\/media?parent=49526"}],"wp:term":[{"taxonomy":"category","embeddable":true,"href":"https:\/\/futbolhoy.co\/index.php\/wp-json\/wp\/v2\/categories?post=49526"},{"taxonomy":"post_tag","embeddable":true,"href":"https:\/\/futbolhoy.co\/index.php\/wp-json\/wp\/v2\/tags?post=49526"}],"curies":[{"name":"wp","href":"https:\/\/api.w.org\/{rel}","templated":true}]}}