{"id":49557,"date":"2020-04-01T05:15:47","date_gmt":"2020-04-01T10:15:47","guid":{"rendered":"https:\/\/futbolhoy.co\/?p=49557"},"modified":"2020-04-01T19:22:28","modified_gmt":"2020-04-02T00:22:28","slug":"feliz-cumpleanos-toro-los-29-de-duvan-zapata","status":"publish","type":"post","link":"https:\/\/futbolhoy.co\/index.php\/2020\/04\/01\/feliz-cumpleanos-toro-los-29-de-duvan-zapata\/","title":{"rendered":"\u00a1Feliz cumplea\u00f1os, 'Toro'!: Los 29 de Duv\u00e1n Zapata"},"content":{"rendered":"<p style=\"text-align: justify;\"><span style=\"font-family: helvetica, arial, sans-serif;\">El 1 de abril de 1991 naci\u00f3 en <strong>El Tamboral<\/strong>, en <strong>Padilla, Cauca, Duv\u00e1n Zapata<\/strong>. El 'Toro' es hoy por hoy el m\u00e1ximo goleador colombiano en Italia con 79 anotaciones.<\/span><\/p>\n<p style=\"text-align: justify;\"><span style=\"font-family: helvetica, arial, sans-serif;\">Debut\u00f3 como profesional el 18 de mayo de 2008 en el <strong>Am\u00e9rica de Cali,<\/strong> equipo al que estuvo vinculado hasta el 2011 y con el que fue campe\u00f3n en su primer a\u00f1o.<\/span><\/p>\n<p style=\"text-align: justify;\"><span style=\"font-family: helvetica, arial, sans-serif;\">En 2011 lleg\u00f3 a <strong>Argentina<\/strong> para vestir los colores de<strong> Estudiantes de La Plata,<\/strong> cuadro en el que disput\u00f3 46 partidos y anot\u00f3 22 goles.<\/span><\/p>\n<p style=\"text-align: justify;\"><span style=\"font-family: helvetica, arial, sans-serif;\">El salto a <strong>Europa<\/strong> lo dio en 2013, donde arrib\u00f3 a <strong>Italia<\/strong> para no salir m\u00e1s de ese pa\u00eds, vistiendo las camisetas del <strong>Napoli<\/strong> (3013-2015), <strong>Udinese<\/strong> (2015-2016), <strong>Sampdoria<\/strong> (2017-2018) y <strong>Atalanta<\/strong> (2018-hasta el presente).<\/span><\/p>\n<p style=\"text-align: justify;\"><span style=\"font-family: helvetica, arial, sans-serif;\">En el cuadro de <strong>Bergamo<\/strong> ha desarrollado su mayor potencial, acumulando 33 goles marcados hasta la fecha, adem\u00e1s de ser part\u00edcipe en una hist\u00f3rica clasificaci\u00f3n a los cuartos de final de la<strong> Liga de Campeones<\/strong> del club 'aurinegro' este a\u00f1o.<\/span><\/p>\n<p style=\"text-align: justify;\"><span style=\"font-family: helvetica, arial, sans-serif;\">En total acumula 124 goles marcados en 12 a\u00f1os de carrera y tres t\u00edtulos, una <strong>Liga<\/strong> con Am\u00e9rica (2008), una C<strong>opa de Italia<\/strong> (2014) y una <strong>Supercopa<\/strong> <strong>de Italia<\/strong> (2014), ambas con el Napoli. Con la S<strong>elecci\u00f3n Colombia de mayores<\/strong> registra dos goles marcados; con la<strong> Selecci\u00f3n Sub-20<\/strong> anot\u00f3 un tanto en el <strong>Mundial de 2011.<\/strong><\/span><\/p>\n","protected":false},"excerpt":{"rendered":"<p>El 1 de abril de 1991 naci\u00f3 en El Tamboral, en Padilla, Cauca, Duv\u00e1n Zapata. El 'Toro' es hoy por hoy el m\u00e1ximo goleador colombiano en Italia con 79 anotaciones. Debut\u00f3 como profesional el 18 de mayo de 2008 en el Am\u00e9rica de Cali, equipo al que estuvo vinculado hasta el 2011 y con el [&hellip;]<\/p>\n","protected":false},"author":5,"featured_media":49558,"comment_status":"open","ping_status":"open","sticky":false,"template":"","format":"standard","meta":{"_acf_changed":false,"footnotes":""},"categories":[418],"tags":[154],"class_list":{"0":"post-49557","1":"post","2":"type-post","3":"status-publish","4":"format-standard","5":"has-post-thumbnail","7":"category-colombia","8":"tag-duvan-zapata"},"acf":[],"yoast_head":"<!-- This site is optimized with the Yoast SEO plugin v26.8 - https:\/\/yoast.com\/product\/yoast-seo-wordpress\/ -->\n<title>\u00a1Feliz cumplea\u00f1os, &#039;Toro&#039;!: Los 29 de Duv\u00e1n Zapata -<\/title>\n<meta name=\"robots\" content=\"index, follow, max-snippet:-1, max-image-preview:large, max-video-preview:-1\" \/>\n<link rel=\"canonical\" href=\"https:\/\/futbolhoy.co\/index.php\/2020\/04\/01\/feliz-cumpleanos-toro-los-29-de-duvan-zapata\/\" \/>\n<meta property=\"og:locale\" content=\"es_ES\" \/>\n<meta property=\"og:type\" content=\"article\" \/>\n<meta property=\"og:title\" content=\"\u00a1Feliz cumplea\u00f1os, &#039;Toro&#039;!: Los 29 de Duv\u00e1n Zapata -\" \/>\n<meta property=\"og:description\" content=\"El 1 de abril de 1991 naci\u00f3 en El Tamboral, en Padilla, Cauca, Duv\u00e1n Zapata. El &#039;Toro&#039; es hoy por hoy el m\u00e1ximo goleador colombiano en Italia con 79 anotaciones. Debut\u00f3 como profesional el 18 de mayo de 2008 en el Am\u00e9rica de Cali, equipo al que estuvo vinculado hasta el 2011 y con el [&hellip;]\" \/>\n<meta property=\"og:url\" content=\"https:\/\/futbolhoy.co\/index.php\/2020\/04\/01\/feliz-cumpleanos-toro-los-29-de-duvan-zapata\/\" \/>\n<meta property=\"article:publisher\" content=\"https:\/\/www.facebook.com\/FutbolHoyCol\/\" \/>\n<meta property=\"article:published_time\" content=\"2020-04-01T10:15:47+00:00\" \/>\n<meta property=\"article:modified_time\" content=\"2020-04-02T00:22:28+00:00\" \/>\n<meta property=\"og:image\" content=\"https:\/\/futbolhoy.co\/wp-content\/uploads\/2020\/04\/duvancho.png\" \/>\n\t<meta property=\"og:image:width\" content=\"919\" \/>\n\t<meta property=\"og:image:height\" content=\"821\" \/>\n\t<meta property=\"og:image:type\" content=\"image\/png\" \/>\n<meta name=\"author\" content=\"Laura Hern\u00e1ndez\" \/>\n<meta name=\"twitter:card\" content=\"summary_large_image\" \/>\n<meta name=\"twitter:creator\" content=\"@FutbolHoyCol\" \/>\n<meta name=\"twitter:site\" content=\"@FutbolHoyCol\" \/>\n<meta name=\"twitter:label1\" content=\"Escrito por\" \/>\n\t<meta name=\"twitter:data1\" content=\"Laura Hern\u00e1ndez\" \/>\n\t<meta name=\"twitter:label2\" content=\"Tiempo de lectura\" \/>\n\t<meta name=\"twitter:data2\" content=\"1 minuto\" \/>\n<script type=\"application\/ld+json\" class=\"yoast-schema-graph\">{\"@context\":\"https:\/\/schema.org\",\"@graph\":[{\"@type\":\"Article\",\"@id\":\"https:\/\/futbolhoy.co\/index.php\/2020\/04\/01\/feliz-cumpleanos-toro-los-29-de-duvan-zapata\/#article\",\"isPartOf\":{\"@id\":\"https:\/\/futbolhoy.co\/index.php\/2020\/04\/01\/feliz-cumpleanos-toro-los-29-de-duvan-zapata\/\"},\"author\":{\"name\":\"Laura Hern\u00e1ndez\",\"@id\":\"https:\/\/futbolhoy.co\/#\/schema\/person\/c4a353a512b127643723a34bb1812f7d\"},\"headline\":\"\u00a1Feliz cumplea\u00f1os, 'Toro'!: Los 29 de Duv\u00e1n Zapata\",\"datePublished\":\"2020-04-01T10:15:47+00:00\",\"dateModified\":\"2020-04-02T00:22:28+00:00\",\"mainEntityOfPage\":{\"@id\":\"https:\/\/futbolhoy.co\/index.php\/2020\/04\/01\/feliz-cumpleanos-toro-los-29-de-duvan-zapata\/\"},\"wordCount\":226,\"commentCount\":0,\"publisher\":{\"@id\":\"https:\/\/futbolhoy.co\/#organization\"},\"image\":{\"@id\":\"https:\/\/futbolhoy.co\/index.php\/2020\/04\/01\/feliz-cumpleanos-toro-los-29-de-duvan-zapata\/#primaryimage\"},\"thumbnailUrl\":\"https:\/\/futbolhoy.co\/wp-content\/uploads\/2020\/04\/duvancho.png\",\"keywords\":[\"Duv\u00e1n Zapata\"],\"articleSection\":[\"Colombia\"],\"inLanguage\":\"es\",\"potentialAction\":[{\"@type\":\"CommentAction\",\"name\":\"Comment\",\"target\":[\"https:\/\/futbolhoy.co\/index.php\/2020\/04\/01\/feliz-cumpleanos-toro-los-29-de-duvan-zapata\/#respond\"]}]},{\"@type\":\"WebPage\",\"@id\":\"https:\/\/futbolhoy.co\/index.php\/2020\/04\/01\/feliz-cumpleanos-toro-los-29-de-duvan-zapata\/\",\"url\":\"https:\/\/futbolhoy.co\/index.php\/2020\/04\/01\/feliz-cumpleanos-toro-los-29-de-duvan-zapata\/\",\"name\":\"\u00a1Feliz cumplea\u00f1os, 'Toro'!: Los 29 de Duv\u00e1n Zapata -\",\"isPartOf\":{\"@id\":\"https:\/\/futbolhoy.co\/#website\"},\"primaryImageOfPage\":{\"@id\":\"https:\/\/futbolhoy.co\/index.php\/2020\/04\/01\/feliz-cumpleanos-toro-los-29-de-duvan-zapata\/#primaryimage\"},\"image\":{\"@id\":\"https:\/\/futbolhoy.co\/index.php\/2020\/04\/01\/feliz-cumpleanos-toro-los-29-de-duvan-zapata\/#primaryimage\"},\"thumbnailUrl\":\"https:\/\/futbolhoy.co\/wp-content\/uploads\/2020\/04\/duvancho.png\",\"datePublished\":\"2020-04-01T10:15:47+00:00\",\"dateModified\":\"2020-04-02T00:22:28+00:00\",\"breadcrumb\":{\"@id\":\"https:\/\/futbolhoy.co\/index.php\/2020\/04\/01\/feliz-cumpleanos-toro-los-29-de-duvan-zapata\/#breadcrumb\"},\"inLanguage\":\"es\",\"potentialAction\":[{\"@type\":\"ReadAction\",\"target\":[\"https:\/\/futbolhoy.co\/index.php\/2020\/04\/01\/feliz-cumpleanos-toro-los-29-de-duvan-zapata\/\"]}]},{\"@type\":\"ImageObject\",\"inLanguage\":\"es\",\"@id\":\"https:\/\/futbolhoy.co\/index.php\/2020\/04\/01\/feliz-cumpleanos-toro-los-29-de-duvan-zapata\/#primaryimage\",\"url\":\"https:\/\/futbolhoy.co\/wp-content\/uploads\/2020\/04\/duvancho.png\",\"contentUrl\":\"https:\/\/futbolhoy.co\/wp-content\/uploads\/2020\/04\/duvancho.png\",\"width\":919,\"height\":821},{\"@type\":\"BreadcrumbList\",\"@id\":\"https:\/\/futbolhoy.co\/index.php\/2020\/04\/01\/feliz-cumpleanos-toro-los-29-de-duvan-zapata\/#breadcrumb\",\"itemListElement\":[{\"@type\":\"ListItem\",\"position\":1,\"name\":\"Portada\",\"item\":\"https:\/\/futbolhoy.co\/\"},{\"@type\":\"ListItem\",\"position\":2,\"name\":\"\u00a1Feliz cumplea\u00f1os, &#8216;Toro&#8217;!: Los 29 de Duv\u00e1n Zapata\"}]},{\"@type\":\"WebSite\",\"@id\":\"https:\/\/futbolhoy.co\/#website\",\"url\":\"https:\/\/futbolhoy.co\/\",\"name\":\"FutbolHoy\",\"description\":\"\",\"publisher\":{\"@id\":\"https:\/\/futbolhoy.co\/#organization\"},\"potentialAction\":[{\"@type\":\"SearchAction\",\"target\":{\"@type\":\"EntryPoint\",\"urlTemplate\":\"https:\/\/futbolhoy.co\/?s={search_term_string}\"},\"query-input\":{\"@type\":\"PropertyValueSpecification\",\"valueRequired\":true,\"valueName\":\"search_term_string\"}}],\"inLanguage\":\"es\"},{\"@type\":\"Organization\",\"@id\":\"https:\/\/futbolhoy.co\/#organization\",\"name\":\"Futbolhoy.co\",\"url\":\"https:\/\/futbolhoy.co\/\",\"logo\":{\"@type\":\"ImageObject\",\"inLanguage\":\"es\",\"@id\":\"https:\/\/futbolhoy.co\/#\/schema\/logo\/image\/\",\"url\":\"https:\/\/futbolhoy.co\/wp-content\/uploads\/2018\/08\/17426380_1906371736249227_6326180412931521141_n.jpg\",\"contentUrl\":\"https:\/\/futbolhoy.co\/wp-content\/uploads\/2018\/08\/17426380_1906371736249227_6326180412931521141_n.jpg\",\"width\":960,\"height\":960,\"caption\":\"Futbolhoy.co\"},\"image\":{\"@id\":\"https:\/\/futbolhoy.co\/#\/schema\/logo\/image\/\"},\"sameAs\":[\"https:\/\/www.facebook.com\/FutbolHoyCol\/\",\"https:\/\/x.com\/FutbolHoyCol\",\"https:\/\/www.instagram.com\/futbolhoycol\/\"]},{\"@type\":\"Person\",\"@id\":\"https:\/\/futbolhoy.co\/#\/schema\/person\/c4a353a512b127643723a34bb1812f7d\",\"name\":\"Laura Hern\u00e1ndez\",\"image\":{\"@type\":\"ImageObject\",\"inLanguage\":\"es\",\"@id\":\"https:\/\/futbolhoy.co\/#\/schema\/person\/image\/\",\"url\":\"https:\/\/secure.gravatar.com\/avatar\/d25959a15b9b293a743f99181c7cfd01?s=96&d=mm&r=g\",\"contentUrl\":\"https:\/\/secure.gravatar.com\/avatar\/d25959a15b9b293a743f99181c7cfd01?s=96&d=mm&r=g\",\"caption\":\"Laura Hern\u00e1ndez\"}}]}<\/script>\n<!-- \/ Yoast SEO plugin. -->","yoast_head_json":{"title":"\u00a1Feliz cumplea\u00f1os, 'Toro'!: Los 29 de Duv\u00e1n Zapata -","robots":{"index":"index","follow":"follow","max-snippet":"max-snippet:-1","max-image-preview":"max-image-preview:large","max-video-preview":"max-video-preview:-1"},"canonical":"https:\/\/futbolhoy.co\/index.php\/2020\/04\/01\/feliz-cumpleanos-toro-los-29-de-duvan-zapata\/","og_locale":"es_ES","og_type":"article","og_title":"\u00a1Feliz cumplea\u00f1os, 'Toro'!: Los 29 de Duv\u00e1n Zapata -","og_description":"El 1 de abril de 1991 naci\u00f3 en El Tamboral, en Padilla, Cauca, Duv\u00e1n Zapata. El 'Toro' es hoy por hoy el m\u00e1ximo goleador colombiano en Italia con 79 anotaciones. Debut\u00f3 como profesional el 18 de mayo de 2008 en el Am\u00e9rica de Cali, equipo al que estuvo vinculado hasta el 2011 y con el [&hellip;]","og_url":"https:\/\/futbolhoy.co\/index.php\/2020\/04\/01\/feliz-cumpleanos-toro-los-29-de-duvan-zapata\/","article_publisher":"https:\/\/www.facebook.com\/FutbolHoyCol\/","article_published_time":"2020-04-01T10:15:47+00:00","article_modified_time":"2020-04-02T00:22:28+00:00","og_image":[{"width":919,"height":821,"url":"https:\/\/futbolhoy.co\/wp-content\/uploads\/2020\/04\/duvancho.png","type":"image\/png"}],"author":"Laura Hern\u00e1ndez","twitter_card":"summary_large_image","twitter_creator":"@FutbolHoyCol","twitter_site":"@FutbolHoyCol","twitter_misc":{"Escrito por":"Laura Hern\u00e1ndez","Tiempo de lectura":"1 minuto"},"schema":{"@context":"https:\/\/schema.org","@graph":[{"@type":"Article","@id":"https:\/\/futbolhoy.co\/index.php\/2020\/04\/01\/feliz-cumpleanos-toro-los-29-de-duvan-zapata\/#article","isPartOf":{"@id":"https:\/\/futbolhoy.co\/index.php\/2020\/04\/01\/feliz-cumpleanos-toro-los-29-de-duvan-zapata\/"},"author":{"name":"Laura Hern\u00e1ndez","@id":"https:\/\/futbolhoy.co\/#\/schema\/person\/c4a353a512b127643723a34bb1812f7d"},"headline":"\u00a1Feliz cumplea\u00f1os, 'Toro'!: Los 29 de Duv\u00e1n Zapata","datePublished":"2020-04-01T10:15:47+00:00","dateModified":"2020-04-02T00:22:28+00:00","mainEntityOfPage":{"@id":"https:\/\/futbolhoy.co\/index.php\/2020\/04\/01\/feliz-cumpleanos-toro-los-29-de-duvan-zapata\/"},"wordCount":226,"commentCount":0,"publisher":{"@id":"https:\/\/futbolhoy.co\/#organization"},"image":{"@id":"https:\/\/futbolhoy.co\/index.php\/2020\/04\/01\/feliz-cumpleanos-toro-los-29-de-duvan-zapata\/#primaryimage"},"thumbnailUrl":"https:\/\/futbolhoy.co\/wp-content\/uploads\/2020\/04\/duvancho.png","keywords":["Duv\u00e1n Zapata"],"articleSection":["Colombia"],"inLanguage":"es","potentialAction":[{"@type":"CommentAction","name":"Comment","target":["https:\/\/futbolhoy.co\/index.php\/2020\/04\/01\/feliz-cumpleanos-toro-los-29-de-duvan-zapata\/#respond"]}]},{"@type":"WebPage","@id":"https:\/\/futbolhoy.co\/index.php\/2020\/04\/01\/feliz-cumpleanos-toro-los-29-de-duvan-zapata\/","url":"https:\/\/futbolhoy.co\/index.php\/2020\/04\/01\/feliz-cumpleanos-toro-los-29-de-duvan-zapata\/","name":"\u00a1Feliz cumplea\u00f1os, 'Toro'!: Los 29 de Duv\u00e1n Zapata -","isPartOf":{"@id":"https:\/\/futbolhoy.co\/#website"},"primaryImageOfPage":{"@id":"https:\/\/futbolhoy.co\/index.php\/2020\/04\/01\/feliz-cumpleanos-toro-los-29-de-duvan-zapata\/#primaryimage"},"image":{"@id":"https:\/\/futbolhoy.co\/index.php\/2020\/04\/01\/feliz-cumpleanos-toro-los-29-de-duvan-zapata\/#primaryimage"},"thumbnailUrl":"https:\/\/futbolhoy.co\/wp-content\/uploads\/2020\/04\/duvancho.png","datePublished":"2020-04-01T10:15:47+00:00","dateModified":"2020-04-02T00:22:28+00:00","breadcrumb":{"@id":"https:\/\/futbolhoy.co\/index.php\/2020\/04\/01\/feliz-cumpleanos-toro-los-29-de-duvan-zapata\/#breadcrumb"},"inLanguage":"es","potentialAction":[{"@type":"ReadAction","target":["https:\/\/futbolhoy.co\/index.php\/2020\/04\/01\/feliz-cumpleanos-toro-los-29-de-duvan-zapata\/"]}]},{"@type":"ImageObject","inLanguage":"es","@id":"https:\/\/futbolhoy.co\/index.php\/2020\/04\/01\/feliz-cumpleanos-toro-los-29-de-duvan-zapata\/#primaryimage","url":"https:\/\/futbolhoy.co\/wp-content\/uploads\/2020\/04\/duvancho.png","contentUrl":"https:\/\/futbolhoy.co\/wp-content\/uploads\/2020\/04\/duvancho.png","width":919,"height":821},{"@type":"BreadcrumbList","@id":"https:\/\/futbolhoy.co\/index.php\/2020\/04\/01\/feliz-cumpleanos-toro-los-29-de-duvan-zapata\/#breadcrumb","itemListElement":[{"@type":"ListItem","position":1,"name":"Portada","item":"https:\/\/futbolhoy.co\/"},{"@type":"ListItem","position":2,"name":"\u00a1Feliz cumplea\u00f1os, &#8216;Toro&#8217;!: Los 29 de Duv\u00e1n Zapata"}]},{"@type":"WebSite","@id":"https:\/\/futbolhoy.co\/#website","url":"https:\/\/futbolhoy.co\/","name":"FutbolHoy","description":"","publisher":{"@id":"https:\/\/futbolhoy.co\/#organization"},"potentialAction":[{"@type":"SearchAction","target":{"@type":"EntryPoint","urlTemplate":"https:\/\/futbolhoy.co\/?s={search_term_string}"},"query-input":{"@type":"PropertyValueSpecification","valueRequired":true,"valueName":"search_term_string"}}],"inLanguage":"es"},{"@type":"Organization","@id":"https:\/\/futbolhoy.co\/#organization","name":"Futbolhoy.co","url":"https:\/\/futbolhoy.co\/","logo":{"@type":"ImageObject","inLanguage":"es","@id":"https:\/\/futbolhoy.co\/#\/schema\/logo\/image\/","url":"https:\/\/futbolhoy.co\/wp-content\/uploads\/2018\/08\/17426380_1906371736249227_6326180412931521141_n.jpg","contentUrl":"https:\/\/futbolhoy.co\/wp-content\/uploads\/2018\/08\/17426380_1906371736249227_6326180412931521141_n.jpg","width":960,"height":960,"caption":"Futbolhoy.co"},"image":{"@id":"https:\/\/futbolhoy.co\/#\/schema\/logo\/image\/"},"sameAs":["https:\/\/www.facebook.com\/FutbolHoyCol\/","https:\/\/x.com\/FutbolHoyCol","https:\/\/www.instagram.com\/futbolhoycol\/"]},{"@type":"Person","@id":"https:\/\/futbolhoy.co\/#\/schema\/person\/c4a353a512b127643723a34bb1812f7d","name":"Laura Hern\u00e1ndez","image":{"@type":"ImageObject","inLanguage":"es","@id":"https:\/\/futbolhoy.co\/#\/schema\/person\/image\/","url":"https:\/\/secure.gravatar.com\/avatar\/d25959a15b9b293a743f99181c7cfd01?s=96&d=mm&r=g","contentUrl":"https:\/\/secure.gravatar.com\/avatar\/d25959a15b9b293a743f99181c7cfd01?s=96&d=mm&r=g","caption":"Laura Hern\u00e1ndez"}}]}},"publishpress_future_action":{"enabled":false,"date":"2026-05-04 05:59:05","action":"change-status","newStatus":"draft","terms":[],"taxonomy":"category","extraData":[]},"publishpress_future_workflow_manual_trigger":{"enabledWorkflows":[]},"_links":{"self":[{"href":"https:\/\/futbolhoy.co\/index.php\/wp-json\/wp\/v2\/posts\/49557","targetHints":{"allow":["GET"]}}],"collection":[{"href":"https:\/\/futbolhoy.co\/index.php\/wp-json\/wp\/v2\/posts"}],"about":[{"href":"https:\/\/futbolhoy.co\/index.php\/wp-json\/wp\/v2\/types\/post"}],"author":[{"embeddable":true,"href":"https:\/\/futbolhoy.co\/index.php\/wp-json\/wp\/v2\/users\/5"}],"replies":[{"embeddable":true,"href":"https:\/\/futbolhoy.co\/index.php\/wp-json\/wp\/v2\/comments?post=49557"}],"version-history":[{"count":1,"href":"https:\/\/futbolhoy.co\/index.php\/wp-json\/wp\/v2\/posts\/49557\/revisions"}],"predecessor-version":[{"id":49559,"href":"https:\/\/futbolhoy.co\/index.php\/wp-json\/wp\/v2\/posts\/49557\/revisions\/49559"}],"wp:featuredmedia":[{"embeddable":true,"href":"https:\/\/futbolhoy.co\/index.php\/wp-json\/wp\/v2\/media\/49558"}],"wp:attachment":[{"href":"https:\/\/futbolhoy.co\/index.php\/wp-json\/wp\/v2\/media?parent=49557"}],"wp:term":[{"taxonomy":"category","embeddable":true,"href":"https:\/\/futbolhoy.co\/index.php\/wp-json\/wp\/v2\/categories?post=49557"},{"taxonomy":"post_tag","embeddable":true,"href":"https:\/\/futbolhoy.co\/index.php\/wp-json\/wp\/v2\/tags?post=49557"}],"curies":[{"name":"wp","href":"https:\/\/api.w.org\/{rel}","templated":true}]}}