{"id":49566,"date":"2020-04-01T06:37:00","date_gmt":"2020-04-01T11:37:00","guid":{"rendered":"https:\/\/futbolhoy.co\/?p=49566"},"modified":"2020-04-01T19:22:21","modified_gmt":"2020-04-02T00:22:21","slug":"un-dia-como-hoy-paraguay-conquisto-america","status":"publish","type":"post","link":"https:\/\/futbolhoy.co\/index.php\/2020\/04\/01\/un-dia-como-hoy-paraguay-conquisto-america\/","title":{"rendered":"Un d\u00eda como hoy: Paraguay conquist\u00f3 Am\u00e9rica"},"content":{"rendered":"<p style=\"text-align: justify;\"><span style=\"font-family: helvetica, arial, sans-serif;\">Un d\u00eda como hoy, en el a\u00f1o 1953, Paraguay conquistaba Am\u00e9rica por primera vez en su historia llevandose el t\u00edtulo de la Copa disputada en Lima.\u00a0<\/span><\/p>\n<p style=\"text-align: justify;\"><span style=\"font-family: helvetica, arial, sans-serif;\">La selecci\u00f3n paraguaya logr\u00f3 el t\u00edtulo tras vencer 3-2 a Brasil en el Estadio Nacional de Lima. Por la \"albirroja\" marcaron Atilio L\u00f3pez, Manuel Gavil\u00e1n y Rub\u00e9n Fern\u00e1ndez, mientras que por Brasil los dos goles fueron de Baltazar.<\/span><\/p>\n<p style=\"text-align: justify;\"><strong><span style=\"font-family: helvetica, arial, sans-serif;\">Formaci\u00f3n del campe\u00f3n<\/span><\/strong><\/p>\n<p style=\"text-align: justify;\"><span style=\"font-family: helvetica, arial, sans-serif;\"><strong>Paraguay<\/strong>: Adolfo\u00a0Riquelme, Melanio Olmedo, Heriberto Herrera \u2013 Manuel Gavil\u00e1n, Victoriano Leguizam\u00f3n, Ireneo Hermosilla, \u00c1ngel Berni, Atilio L\u00f3pez (Silvio Parodi), Rub\u00e9n Fern\u00e1ndez, Juan \u00c1ngel Romero (Luis Lacasa), Antonio G\u00f3mez (Domingo Mart\u00ednez).<\/span><\/p>\n<p style=\"text-align: justify;\"><span style=\"font-family: helvetica, arial, sans-serif;\">Resultados en el campeonato\u00a0<\/span><\/p>\n<ul>\n<li style=\"text-align: justify;\"><span style=\"font-family: helvetica, arial, sans-serif;\">Paraguay 3 \u2013 0 Chile.\u00a0<strong><u>Goles<\/u><\/strong>: Rub\u00e9n Fern\u00e1ndez (2) y \u00c1ngel Berni.<\/span><\/li>\n<li style=\"text-align: justify;\"><span style=\"font-family: helvetica, arial, sans-serif;\">Paraguay 0 \u2013 0 Ecuador.<\/span><\/li>\n<li style=\"text-align: justify;\"><span style=\"font-family: helvetica, arial, sans-serif;\">Paraguay 2 \u2013 2 Per\u00fa.\u00a0<strong><u>Goles<\/u><\/strong>: Rub\u00e9n Fern\u00e1ndez y \u00c1ngel Berni.\u00a0<strong><u>Obs<\/u><\/strong>.: en este juego se perdieron los puntos, debido a que se realiz\u00f3 un cambio m\u00e1s de lo permitido.<\/span><\/li>\n<li style=\"text-align: justify;\"><span style=\"font-family: helvetica, arial, sans-serif;\">Paraguay 2 \u2013 2 Uruguay.\u00a0<strong><u>Goles<\/u><\/strong>: Atilio L\u00f3pez y \u00c1ngel Berni.<\/span><\/li>\n<li style=\"text-align: justify;\"><span style=\"font-family: helvetica, arial, sans-serif;\">Paraguay 2 \u2013 1 Bolivia.\u00a0<strong><u>Goles<\/u><\/strong>: Juan \u00c1ngel Romero y \u00c1ngel Berni.<\/span><\/li>\n<li style=\"text-align: justify;\"><span style=\"font-family: helvetica, arial, sans-serif;\">Paraguay 2 \u2013 1 Brasil.\u00a0<strong><u>Goles<\/u><\/strong>: Atilio L\u00f3pez y Pablo Le\u00f3n.<\/span><\/li>\n<\/ul>\n","protected":false},"excerpt":{"rendered":"<p>Un d\u00eda como hoy, en el a\u00f1o 1953, Paraguay conquistaba Am\u00e9rica por primera vez en su historia llevandose el t\u00edtulo de la Copa disputada en Lima.\u00a0 La selecci\u00f3n paraguaya logr\u00f3 el t\u00edtulo tras vencer 3-2 a Brasil en el Estadio Nacional de Lima. Por la \"albirroja\" marcaron Atilio L\u00f3pez, Manuel Gavil\u00e1n y Rub\u00e9n Fern\u00e1ndez, mientras [&hellip;]<\/p>\n","protected":false},"author":5,"featured_media":49567,"comment_status":"open","ping_status":"open","sticky":false,"template":"","format":"standard","meta":{"_acf_changed":false,"footnotes":""},"categories":[152],"tags":[],"class_list":{"0":"post-49566","1":"post","2":"type-post","3":"status-publish","4":"format-standard","5":"has-post-thumbnail","7":"category-mundo-futbol"},"acf":[],"yoast_head":"<!-- This site is optimized with the Yoast SEO plugin v26.8 - https:\/\/yoast.com\/product\/yoast-seo-wordpress\/ -->\n<title>Un d\u00eda como hoy: Paraguay conquist\u00f3 Am\u00e9rica -<\/title>\n<meta name=\"robots\" content=\"index, follow, max-snippet:-1, max-image-preview:large, max-video-preview:-1\" \/>\n<link rel=\"canonical\" href=\"https:\/\/futbolhoy.co\/index.php\/2020\/04\/01\/un-dia-como-hoy-paraguay-conquisto-america\/\" \/>\n<meta property=\"og:locale\" content=\"es_ES\" \/>\n<meta property=\"og:type\" content=\"article\" \/>\n<meta property=\"og:title\" content=\"Un d\u00eda como hoy: Paraguay conquist\u00f3 Am\u00e9rica -\" \/>\n<meta property=\"og:description\" content=\"Un d\u00eda como hoy, en el a\u00f1o 1953, Paraguay conquistaba Am\u00e9rica por primera vez en su historia llevandose el t\u00edtulo de la Copa disputada en Lima.\u00a0 La selecci\u00f3n paraguaya logr\u00f3 el t\u00edtulo tras vencer 3-2 a Brasil en el Estadio Nacional de Lima. Por la &quot;albirroja&quot; marcaron Atilio L\u00f3pez, Manuel Gavil\u00e1n y Rub\u00e9n Fern\u00e1ndez, mientras [&hellip;]\" \/>\n<meta property=\"og:url\" content=\"https:\/\/futbolhoy.co\/index.php\/2020\/04\/01\/un-dia-como-hoy-paraguay-conquisto-america\/\" \/>\n<meta property=\"article:publisher\" content=\"https:\/\/www.facebook.com\/FutbolHoyCol\/\" \/>\n<meta property=\"article:published_time\" content=\"2020-04-01T11:37:00+00:00\" \/>\n<meta property=\"article:modified_time\" content=\"2020-04-02T00:22:21+00:00\" \/>\n<meta property=\"og:image\" content=\"https:\/\/futbolhoy.co\/wp-content\/uploads\/2020\/04\/EUhZq70XgAAj9tx-1.jpg\" \/>\n\t<meta property=\"og:image:width\" content=\"680\" \/>\n\t<meta property=\"og:image:height\" content=\"437\" \/>\n\t<meta property=\"og:image:type\" content=\"image\/jpeg\" \/>\n<meta name=\"author\" content=\"Laura Hern\u00e1ndez\" \/>\n<meta name=\"twitter:card\" content=\"summary_large_image\" \/>\n<meta name=\"twitter:creator\" content=\"@FutbolHoyCol\" \/>\n<meta name=\"twitter:site\" content=\"@FutbolHoyCol\" \/>\n<meta name=\"twitter:label1\" content=\"Escrito por\" \/>\n\t<meta name=\"twitter:data1\" content=\"Laura Hern\u00e1ndez\" \/>\n\t<meta name=\"twitter:label2\" content=\"Tiempo de lectura\" \/>\n\t<meta name=\"twitter:data2\" content=\"1 minuto\" \/>\n<script type=\"application\/ld+json\" class=\"yoast-schema-graph\">{\"@context\":\"https:\/\/schema.org\",\"@graph\":[{\"@type\":\"Article\",\"@id\":\"https:\/\/futbolhoy.co\/index.php\/2020\/04\/01\/un-dia-como-hoy-paraguay-conquisto-america\/#article\",\"isPartOf\":{\"@id\":\"https:\/\/futbolhoy.co\/index.php\/2020\/04\/01\/un-dia-como-hoy-paraguay-conquisto-america\/\"},\"author\":{\"name\":\"Laura Hern\u00e1ndez\",\"@id\":\"https:\/\/futbolhoy.co\/#\/schema\/person\/c4a353a512b127643723a34bb1812f7d\"},\"headline\":\"Un d\u00eda como hoy: Paraguay conquist\u00f3 Am\u00e9rica\",\"datePublished\":\"2020-04-01T11:37:00+00:00\",\"dateModified\":\"2020-04-02T00:22:21+00:00\",\"mainEntityOfPage\":{\"@id\":\"https:\/\/futbolhoy.co\/index.php\/2020\/04\/01\/un-dia-como-hoy-paraguay-conquisto-america\/\"},\"wordCount\":198,\"commentCount\":0,\"publisher\":{\"@id\":\"https:\/\/futbolhoy.co\/#organization\"},\"image\":{\"@id\":\"https:\/\/futbolhoy.co\/index.php\/2020\/04\/01\/un-dia-como-hoy-paraguay-conquisto-america\/#primaryimage\"},\"thumbnailUrl\":\"https:\/\/futbolhoy.co\/wp-content\/uploads\/2020\/04\/EUhZq70XgAAj9tx-1.jpg\",\"articleSection\":[\"Mundo Futbol\"],\"inLanguage\":\"es\",\"potentialAction\":[{\"@type\":\"CommentAction\",\"name\":\"Comment\",\"target\":[\"https:\/\/futbolhoy.co\/index.php\/2020\/04\/01\/un-dia-como-hoy-paraguay-conquisto-america\/#respond\"]}]},{\"@type\":\"WebPage\",\"@id\":\"https:\/\/futbolhoy.co\/index.php\/2020\/04\/01\/un-dia-como-hoy-paraguay-conquisto-america\/\",\"url\":\"https:\/\/futbolhoy.co\/index.php\/2020\/04\/01\/un-dia-como-hoy-paraguay-conquisto-america\/\",\"name\":\"Un d\u00eda como hoy: Paraguay conquist\u00f3 Am\u00e9rica -\",\"isPartOf\":{\"@id\":\"https:\/\/futbolhoy.co\/#website\"},\"primaryImageOfPage\":{\"@id\":\"https:\/\/futbolhoy.co\/index.php\/2020\/04\/01\/un-dia-como-hoy-paraguay-conquisto-america\/#primaryimage\"},\"image\":{\"@id\":\"https:\/\/futbolhoy.co\/index.php\/2020\/04\/01\/un-dia-como-hoy-paraguay-conquisto-america\/#primaryimage\"},\"thumbnailUrl\":\"https:\/\/futbolhoy.co\/wp-content\/uploads\/2020\/04\/EUhZq70XgAAj9tx-1.jpg\",\"datePublished\":\"2020-04-01T11:37:00+00:00\",\"dateModified\":\"2020-04-02T00:22:21+00:00\",\"breadcrumb\":{\"@id\":\"https:\/\/futbolhoy.co\/index.php\/2020\/04\/01\/un-dia-como-hoy-paraguay-conquisto-america\/#breadcrumb\"},\"inLanguage\":\"es\",\"potentialAction\":[{\"@type\":\"ReadAction\",\"target\":[\"https:\/\/futbolhoy.co\/index.php\/2020\/04\/01\/un-dia-como-hoy-paraguay-conquisto-america\/\"]}]},{\"@type\":\"ImageObject\",\"inLanguage\":\"es\",\"@id\":\"https:\/\/futbolhoy.co\/index.php\/2020\/04\/01\/un-dia-como-hoy-paraguay-conquisto-america\/#primaryimage\",\"url\":\"https:\/\/futbolhoy.co\/wp-content\/uploads\/2020\/04\/EUhZq70XgAAj9tx-1.jpg\",\"contentUrl\":\"https:\/\/futbolhoy.co\/wp-content\/uploads\/2020\/04\/EUhZq70XgAAj9tx-1.jpg\",\"width\":680,\"height\":437},{\"@type\":\"BreadcrumbList\",\"@id\":\"https:\/\/futbolhoy.co\/index.php\/2020\/04\/01\/un-dia-como-hoy-paraguay-conquisto-america\/#breadcrumb\",\"itemListElement\":[{\"@type\":\"ListItem\",\"position\":1,\"name\":\"Portada\",\"item\":\"https:\/\/futbolhoy.co\/\"},{\"@type\":\"ListItem\",\"position\":2,\"name\":\"Un d\u00eda como hoy: Paraguay conquist\u00f3 Am\u00e9rica\"}]},{\"@type\":\"WebSite\",\"@id\":\"https:\/\/futbolhoy.co\/#website\",\"url\":\"https:\/\/futbolhoy.co\/\",\"name\":\"FutbolHoy\",\"description\":\"\",\"publisher\":{\"@id\":\"https:\/\/futbolhoy.co\/#organization\"},\"potentialAction\":[{\"@type\":\"SearchAction\",\"target\":{\"@type\":\"EntryPoint\",\"urlTemplate\":\"https:\/\/futbolhoy.co\/?s={search_term_string}\"},\"query-input\":{\"@type\":\"PropertyValueSpecification\",\"valueRequired\":true,\"valueName\":\"search_term_string\"}}],\"inLanguage\":\"es\"},{\"@type\":\"Organization\",\"@id\":\"https:\/\/futbolhoy.co\/#organization\",\"name\":\"Futbolhoy.co\",\"url\":\"https:\/\/futbolhoy.co\/\",\"logo\":{\"@type\":\"ImageObject\",\"inLanguage\":\"es\",\"@id\":\"https:\/\/futbolhoy.co\/#\/schema\/logo\/image\/\",\"url\":\"https:\/\/futbolhoy.co\/wp-content\/uploads\/2018\/08\/17426380_1906371736249227_6326180412931521141_n.jpg\",\"contentUrl\":\"https:\/\/futbolhoy.co\/wp-content\/uploads\/2018\/08\/17426380_1906371736249227_6326180412931521141_n.jpg\",\"width\":960,\"height\":960,\"caption\":\"Futbolhoy.co\"},\"image\":{\"@id\":\"https:\/\/futbolhoy.co\/#\/schema\/logo\/image\/\"},\"sameAs\":[\"https:\/\/www.facebook.com\/FutbolHoyCol\/\",\"https:\/\/x.com\/FutbolHoyCol\",\"https:\/\/www.instagram.com\/futbolhoycol\/\"]},{\"@type\":\"Person\",\"@id\":\"https:\/\/futbolhoy.co\/#\/schema\/person\/c4a353a512b127643723a34bb1812f7d\",\"name\":\"Laura Hern\u00e1ndez\",\"image\":{\"@type\":\"ImageObject\",\"inLanguage\":\"es\",\"@id\":\"https:\/\/futbolhoy.co\/#\/schema\/person\/image\/\",\"url\":\"https:\/\/secure.gravatar.com\/avatar\/d25959a15b9b293a743f99181c7cfd01?s=96&d=mm&r=g\",\"contentUrl\":\"https:\/\/secure.gravatar.com\/avatar\/d25959a15b9b293a743f99181c7cfd01?s=96&d=mm&r=g\",\"caption\":\"Laura Hern\u00e1ndez\"}}]}<\/script>\n<!-- \/ Yoast SEO plugin. -->","yoast_head_json":{"title":"Un d\u00eda como hoy: Paraguay conquist\u00f3 Am\u00e9rica -","robots":{"index":"index","follow":"follow","max-snippet":"max-snippet:-1","max-image-preview":"max-image-preview:large","max-video-preview":"max-video-preview:-1"},"canonical":"https:\/\/futbolhoy.co\/index.php\/2020\/04\/01\/un-dia-como-hoy-paraguay-conquisto-america\/","og_locale":"es_ES","og_type":"article","og_title":"Un d\u00eda como hoy: Paraguay conquist\u00f3 Am\u00e9rica -","og_description":"Un d\u00eda como hoy, en el a\u00f1o 1953, Paraguay conquistaba Am\u00e9rica por primera vez en su historia llevandose el t\u00edtulo de la Copa disputada en Lima.\u00a0 La selecci\u00f3n paraguaya logr\u00f3 el t\u00edtulo tras vencer 3-2 a Brasil en el Estadio Nacional de Lima. Por la \"albirroja\" marcaron Atilio L\u00f3pez, Manuel Gavil\u00e1n y Rub\u00e9n Fern\u00e1ndez, mientras [&hellip;]","og_url":"https:\/\/futbolhoy.co\/index.php\/2020\/04\/01\/un-dia-como-hoy-paraguay-conquisto-america\/","article_publisher":"https:\/\/www.facebook.com\/FutbolHoyCol\/","article_published_time":"2020-04-01T11:37:00+00:00","article_modified_time":"2020-04-02T00:22:21+00:00","og_image":[{"width":680,"height":437,"url":"https:\/\/futbolhoy.co\/wp-content\/uploads\/2020\/04\/EUhZq70XgAAj9tx-1.jpg","type":"image\/jpeg"}],"author":"Laura Hern\u00e1ndez","twitter_card":"summary_large_image","twitter_creator":"@FutbolHoyCol","twitter_site":"@FutbolHoyCol","twitter_misc":{"Escrito por":"Laura Hern\u00e1ndez","Tiempo de lectura":"1 minuto"},"schema":{"@context":"https:\/\/schema.org","@graph":[{"@type":"Article","@id":"https:\/\/futbolhoy.co\/index.php\/2020\/04\/01\/un-dia-como-hoy-paraguay-conquisto-america\/#article","isPartOf":{"@id":"https:\/\/futbolhoy.co\/index.php\/2020\/04\/01\/un-dia-como-hoy-paraguay-conquisto-america\/"},"author":{"name":"Laura Hern\u00e1ndez","@id":"https:\/\/futbolhoy.co\/#\/schema\/person\/c4a353a512b127643723a34bb1812f7d"},"headline":"Un d\u00eda como hoy: Paraguay conquist\u00f3 Am\u00e9rica","datePublished":"2020-04-01T11:37:00+00:00","dateModified":"2020-04-02T00:22:21+00:00","mainEntityOfPage":{"@id":"https:\/\/futbolhoy.co\/index.php\/2020\/04\/01\/un-dia-como-hoy-paraguay-conquisto-america\/"},"wordCount":198,"commentCount":0,"publisher":{"@id":"https:\/\/futbolhoy.co\/#organization"},"image":{"@id":"https:\/\/futbolhoy.co\/index.php\/2020\/04\/01\/un-dia-como-hoy-paraguay-conquisto-america\/#primaryimage"},"thumbnailUrl":"https:\/\/futbolhoy.co\/wp-content\/uploads\/2020\/04\/EUhZq70XgAAj9tx-1.jpg","articleSection":["Mundo Futbol"],"inLanguage":"es","potentialAction":[{"@type":"CommentAction","name":"Comment","target":["https:\/\/futbolhoy.co\/index.php\/2020\/04\/01\/un-dia-como-hoy-paraguay-conquisto-america\/#respond"]}]},{"@type":"WebPage","@id":"https:\/\/futbolhoy.co\/index.php\/2020\/04\/01\/un-dia-como-hoy-paraguay-conquisto-america\/","url":"https:\/\/futbolhoy.co\/index.php\/2020\/04\/01\/un-dia-como-hoy-paraguay-conquisto-america\/","name":"Un d\u00eda como hoy: Paraguay conquist\u00f3 Am\u00e9rica -","isPartOf":{"@id":"https:\/\/futbolhoy.co\/#website"},"primaryImageOfPage":{"@id":"https:\/\/futbolhoy.co\/index.php\/2020\/04\/01\/un-dia-como-hoy-paraguay-conquisto-america\/#primaryimage"},"image":{"@id":"https:\/\/futbolhoy.co\/index.php\/2020\/04\/01\/un-dia-como-hoy-paraguay-conquisto-america\/#primaryimage"},"thumbnailUrl":"https:\/\/futbolhoy.co\/wp-content\/uploads\/2020\/04\/EUhZq70XgAAj9tx-1.jpg","datePublished":"2020-04-01T11:37:00+00:00","dateModified":"2020-04-02T00:22:21+00:00","breadcrumb":{"@id":"https:\/\/futbolhoy.co\/index.php\/2020\/04\/01\/un-dia-como-hoy-paraguay-conquisto-america\/#breadcrumb"},"inLanguage":"es","potentialAction":[{"@type":"ReadAction","target":["https:\/\/futbolhoy.co\/index.php\/2020\/04\/01\/un-dia-como-hoy-paraguay-conquisto-america\/"]}]},{"@type":"ImageObject","inLanguage":"es","@id":"https:\/\/futbolhoy.co\/index.php\/2020\/04\/01\/un-dia-como-hoy-paraguay-conquisto-america\/#primaryimage","url":"https:\/\/futbolhoy.co\/wp-content\/uploads\/2020\/04\/EUhZq70XgAAj9tx-1.jpg","contentUrl":"https:\/\/futbolhoy.co\/wp-content\/uploads\/2020\/04\/EUhZq70XgAAj9tx-1.jpg","width":680,"height":437},{"@type":"BreadcrumbList","@id":"https:\/\/futbolhoy.co\/index.php\/2020\/04\/01\/un-dia-como-hoy-paraguay-conquisto-america\/#breadcrumb","itemListElement":[{"@type":"ListItem","position":1,"name":"Portada","item":"https:\/\/futbolhoy.co\/"},{"@type":"ListItem","position":2,"name":"Un d\u00eda como hoy: Paraguay conquist\u00f3 Am\u00e9rica"}]},{"@type":"WebSite","@id":"https:\/\/futbolhoy.co\/#website","url":"https:\/\/futbolhoy.co\/","name":"FutbolHoy","description":"","publisher":{"@id":"https:\/\/futbolhoy.co\/#organization"},"potentialAction":[{"@type":"SearchAction","target":{"@type":"EntryPoint","urlTemplate":"https:\/\/futbolhoy.co\/?s={search_term_string}"},"query-input":{"@type":"PropertyValueSpecification","valueRequired":true,"valueName":"search_term_string"}}],"inLanguage":"es"},{"@type":"Organization","@id":"https:\/\/futbolhoy.co\/#organization","name":"Futbolhoy.co","url":"https:\/\/futbolhoy.co\/","logo":{"@type":"ImageObject","inLanguage":"es","@id":"https:\/\/futbolhoy.co\/#\/schema\/logo\/image\/","url":"https:\/\/futbolhoy.co\/wp-content\/uploads\/2018\/08\/17426380_1906371736249227_6326180412931521141_n.jpg","contentUrl":"https:\/\/futbolhoy.co\/wp-content\/uploads\/2018\/08\/17426380_1906371736249227_6326180412931521141_n.jpg","width":960,"height":960,"caption":"Futbolhoy.co"},"image":{"@id":"https:\/\/futbolhoy.co\/#\/schema\/logo\/image\/"},"sameAs":["https:\/\/www.facebook.com\/FutbolHoyCol\/","https:\/\/x.com\/FutbolHoyCol","https:\/\/www.instagram.com\/futbolhoycol\/"]},{"@type":"Person","@id":"https:\/\/futbolhoy.co\/#\/schema\/person\/c4a353a512b127643723a34bb1812f7d","name":"Laura Hern\u00e1ndez","image":{"@type":"ImageObject","inLanguage":"es","@id":"https:\/\/futbolhoy.co\/#\/schema\/person\/image\/","url":"https:\/\/secure.gravatar.com\/avatar\/d25959a15b9b293a743f99181c7cfd01?s=96&d=mm&r=g","contentUrl":"https:\/\/secure.gravatar.com\/avatar\/d25959a15b9b293a743f99181c7cfd01?s=96&d=mm&r=g","caption":"Laura Hern\u00e1ndez"}}]}},"publishpress_future_action":{"enabled":false,"date":"2026-05-03 21:47:04","action":"change-status","newStatus":"draft","terms":[],"taxonomy":"category","extraData":[]},"publishpress_future_workflow_manual_trigger":{"enabledWorkflows":[]},"_links":{"self":[{"href":"https:\/\/futbolhoy.co\/index.php\/wp-json\/wp\/v2\/posts\/49566","targetHints":{"allow":["GET"]}}],"collection":[{"href":"https:\/\/futbolhoy.co\/index.php\/wp-json\/wp\/v2\/posts"}],"about":[{"href":"https:\/\/futbolhoy.co\/index.php\/wp-json\/wp\/v2\/types\/post"}],"author":[{"embeddable":true,"href":"https:\/\/futbolhoy.co\/index.php\/wp-json\/wp\/v2\/users\/5"}],"replies":[{"embeddable":true,"href":"https:\/\/futbolhoy.co\/index.php\/wp-json\/wp\/v2\/comments?post=49566"}],"version-history":[{"count":1,"href":"https:\/\/futbolhoy.co\/index.php\/wp-json\/wp\/v2\/posts\/49566\/revisions"}],"predecessor-version":[{"id":49568,"href":"https:\/\/futbolhoy.co\/index.php\/wp-json\/wp\/v2\/posts\/49566\/revisions\/49568"}],"wp:featuredmedia":[{"embeddable":true,"href":"https:\/\/futbolhoy.co\/index.php\/wp-json\/wp\/v2\/media\/49567"}],"wp:attachment":[{"href":"https:\/\/futbolhoy.co\/index.php\/wp-json\/wp\/v2\/media?parent=49566"}],"wp:term":[{"taxonomy":"category","embeddable":true,"href":"https:\/\/futbolhoy.co\/index.php\/wp-json\/wp\/v2\/categories?post=49566"},{"taxonomy":"post_tag","embeddable":true,"href":"https:\/\/futbolhoy.co\/index.php\/wp-json\/wp\/v2\/tags?post=49566"}],"curies":[{"name":"wp","href":"https:\/\/api.w.org\/{rel}","templated":true}]}}