{"id":49602,"date":"2020-04-02T17:12:29","date_gmt":"2020-04-02T22:12:29","guid":{"rendered":"https:\/\/futbolhoy.co\/?p=49602"},"modified":"2020-04-03T11:18:14","modified_gmt":"2020-04-03T16:18:14","slug":"conmebol-mostro-solidez-economica-en-crisis","status":"publish","type":"post","link":"https:\/\/futbolhoy.co\/index.php\/2020\/04\/02\/conmebol-mostro-solidez-economica-en-crisis\/","title":{"rendered":"Conmebol mostr\u00f3 solidez econ\u00f3mica"},"content":{"rendered":"<p style=\"text-align: justify;\"><span style=\"font-family: helvetica, arial, sans-serif;\">El presidente de la\u00a0<strong>Conmebol,<\/strong>\u00a0<strong>Alejandro Dom\u00ednguez,<\/strong> destac\u00f3 la solidez financiera del organismo para hacer frente al impacto generado por la crisis de la pandemia del\u00a0COVID-19; durante el Congreso Ordinario celebrado por vez primera a trav\u00e9s de videoconferencia.<\/span><\/p>\n<p style=\"text-align: justify;\"><span style=\"font-family: helvetica, arial, sans-serif;\">\"Esta crisis hoy nos encuentra en una posici\u00f3n s\u00f3lida, en el 2019 la Conmebol sigui\u00f3 avanzando y alcanz\u00f3 grandes logros, siendo la confederaci\u00f3n de mayor crecimiento en el mundo\", afirm\u00f3 Dom\u00ednguez.<\/span><\/p>\n<p style=\"text-align: justify;\"><span style=\"font-family: helvetica, arial, sans-serif;\">En ese sentido, <strong>Dom\u00ednguez<\/strong> record\u00f3 la decisi\u00f3n de poner 65 millones de d\u00f3lares a disposici\u00f3n de los clubes que disputan las copas <strong>Libertadores<\/strong> y <strong>Sudamericana,<\/strong> suspendidas de forma temporal por el coronavirus, como anticipo de hasta un 60 por ciento de sus derechos de participaci\u00f3n.<\/span><\/p>\n<p style=\"text-align: justify;\"><span style=\"font-family: helvetica, arial, sans-serif;\">\"Estamos viviendo una situaci\u00f3n sin precedentes, una pandemia global que amenaza no solo nuestra salud sino tambi\u00e9n nuestras econom\u00edas, la manera de relacionarnos y hasta la forma de vivir la pasi\u00f3n que nos une, el f\u00fatbol\", agreg\u00f3 Dom\u00ednguez.<\/span><\/p>\n<p style=\"text-align: justify;\"><span style=\"font-family: helvetica, arial, sans-serif;\">\"Como dirigente debemos cuidar del f\u00fatbol, ser conscientes de su importancia, de la fuente de trabajo que genera no solo a los futbolistas sino todo lo que hay a su alrededor\", a\u00f1adi\u00f3 el directivo.<\/span><\/p>\n<p style=\"text-align: justify;\"><span style=\"font-family: helvetica, arial, sans-serif;\">\"Nuestras competiciones de clubes el a\u00f1o pasado alcanzaron cifras r\u00e9cords, repartimos m\u00e1s de 210 millones de d\u00f3lares en nuestros torneos de clubes de los cuales 162 millones fueron para la\u00a0Copa Libertadores\u00a0y 52 millones para la\u00a0Copa Sudamericana\", sentenci\u00f3 Dom\u00ednguez.<\/span><\/p>\n<!--[if lt IE 9]><script>document.createElement('audio');<\/script><![endif]-->\n\t<div class=\"wp-playlist wp-audio-playlist wp-playlist-light\">\n\t\t\t<div class=\"wp-playlist-current-item\"><\/div>\n\t\t<audio controls=\"controls\" preload=\"none\" width=\"674\"\n\t\t\t><\/audio>\n\t<div class=\"wp-playlist-next\"><\/div>\n\t<div class=\"wp-playlist-prev\"><\/div>\n\t<noscript>\n\t<ol>\n\t\t<li><a href='https:\/\/futbolhoy.co\/wp-content\/uploads\/2020\/04\/Alejandro-Dom\u00ednguez.mp3'>Alejandro Dom\u00ednguez<\/a><\/li>\t<\/ol>\n\t<\/noscript>\n\t<script type=\"application\/json\" class=\"wp-playlist-script\">{\"type\":\"audio\",\"tracklist\":true,\"tracknumbers\":true,\"images\":true,\"artists\":true,\"tracks\":[{\"src\":\"https:\\\/\\\/futbolhoy.co\\\/wp-content\\\/uploads\\\/2020\\\/04\\\/Alejandro-Dom\\u00ednguez.mp3\",\"type\":\"audio\\\/mpeg\",\"title\":\"Alejandro Dom\\u00ednguez\",\"caption\":\"\",\"description\":\"\\\"Alejandro Dom\\u00ednguez\\\".\",\"meta\":{\"length_formatted\":\"2:57\"},\"image\":{\"src\":\"https:\\\/\\\/futbolhoy.co\\\/wp-includes\\\/images\\\/media\\\/audio.svg\",\"width\":48,\"height\":64},\"thumb\":{\"src\":\"https:\\\/\\\/futbolhoy.co\\\/wp-includes\\\/images\\\/media\\\/audio.svg\",\"width\":48,\"height\":64}}]}<\/script>\n<\/div>\n\t\n","protected":false},"excerpt":{"rendered":"<p>El presidente de la\u00a0Conmebol,\u00a0Alejandro Dom\u00ednguez, destac\u00f3 la solidez financiera del organismo para hacer frente al impacto generado por la crisis de la pandemia del\u00a0COVID-19; durante el Congreso Ordinario celebrado por vez primera a trav\u00e9s de videoconferencia. \"Esta crisis hoy nos encuentra en una posici\u00f3n s\u00f3lida, en el 2019 la Conmebol sigui\u00f3 avanzando y alcanz\u00f3 grandes [&hellip;]<\/p>\n","protected":false},"author":5,"featured_media":49603,"comment_status":"open","ping_status":"open","sticky":false,"template":"","format":"video","meta":{"_acf_changed":false,"footnotes":""},"categories":[152],"tags":[],"class_list":{"0":"post-49602","1":"post","2":"type-post","3":"status-publish","4":"format-video","5":"has-post-thumbnail","7":"category-mundo-futbol","8":"post_format-post-format-video"},"acf":[],"yoast_head":"<!-- This site is optimized with the Yoast SEO plugin v26.8 - https:\/\/yoast.com\/product\/yoast-seo-wordpress\/ -->\n<title>Conmebol mostr\u00f3 solidez econ\u00f3mica -<\/title>\n<meta name=\"robots\" content=\"index, follow, max-snippet:-1, max-image-preview:large, max-video-preview:-1\" \/>\n<link rel=\"canonical\" href=\"https:\/\/futbolhoy.co\/index.php\/2020\/04\/02\/conmebol-mostro-solidez-economica-en-crisis\/\" \/>\n<meta property=\"og:locale\" content=\"es_ES\" \/>\n<meta property=\"og:type\" content=\"article\" \/>\n<meta property=\"og:title\" content=\"Conmebol mostr\u00f3 solidez econ\u00f3mica -\" \/>\n<meta property=\"og:description\" content=\"El presidente de la\u00a0Conmebol,\u00a0Alejandro Dom\u00ednguez, destac\u00f3 la solidez financiera del organismo para hacer frente al impacto generado por la crisis de la pandemia del\u00a0COVID-19; durante el Congreso Ordinario celebrado por vez primera a trav\u00e9s de videoconferencia. &quot;Esta crisis hoy nos encuentra en una posici\u00f3n s\u00f3lida, en el 2019 la Conmebol sigui\u00f3 avanzando y alcanz\u00f3 grandes [&hellip;]\" \/>\n<meta property=\"og:url\" content=\"https:\/\/futbolhoy.co\/index.php\/2020\/04\/02\/conmebol-mostro-solidez-economica-en-crisis\/\" \/>\n<meta property=\"article:publisher\" content=\"https:\/\/www.facebook.com\/FutbolHoyCol\/\" \/>\n<meta property=\"article:published_time\" content=\"2020-04-02T22:12:29+00:00\" \/>\n<meta property=\"article:modified_time\" content=\"2020-04-03T16:18:14+00:00\" \/>\n<meta property=\"og:image\" content=\"https:\/\/futbolhoy.co\/wp-content\/uploads\/2020\/04\/IMG_20200402_180257.jpg\" \/>\n\t<meta property=\"og:image:width\" content=\"640\" \/>\n\t<meta property=\"og:image:height\" content=\"355\" \/>\n\t<meta property=\"og:image:type\" content=\"image\/jpeg\" \/>\n<meta name=\"author\" content=\"Laura Hern\u00e1ndez\" \/>\n<meta name=\"twitter:card\" content=\"summary_large_image\" \/>\n<meta name=\"twitter:creator\" content=\"@FutbolHoyCol\" \/>\n<meta name=\"twitter:site\" content=\"@FutbolHoyCol\" \/>\n<meta name=\"twitter:label1\" content=\"Escrito por\" \/>\n\t<meta name=\"twitter:data1\" content=\"Laura Hern\u00e1ndez\" \/>\n\t<meta name=\"twitter:label2\" content=\"Tiempo de lectura\" \/>\n\t<meta name=\"twitter:data2\" content=\"1 minuto\" \/>\n<script type=\"application\/ld+json\" class=\"yoast-schema-graph\">{\"@context\":\"https:\/\/schema.org\",\"@graph\":[{\"@type\":\"Article\",\"@id\":\"https:\/\/futbolhoy.co\/index.php\/2020\/04\/02\/conmebol-mostro-solidez-economica-en-crisis\/#article\",\"isPartOf\":{\"@id\":\"https:\/\/futbolhoy.co\/index.php\/2020\/04\/02\/conmebol-mostro-solidez-economica-en-crisis\/\"},\"author\":{\"name\":\"Laura Hern\u00e1ndez\",\"@id\":\"https:\/\/futbolhoy.co\/#\/schema\/person\/c4a353a512b127643723a34bb1812f7d\"},\"headline\":\"Conmebol mostr\u00f3 solidez econ\u00f3mica\",\"datePublished\":\"2020-04-02T22:12:29+00:00\",\"dateModified\":\"2020-04-03T16:18:14+00:00\",\"mainEntityOfPage\":{\"@id\":\"https:\/\/futbolhoy.co\/index.php\/2020\/04\/02\/conmebol-mostro-solidez-economica-en-crisis\/\"},\"wordCount\":253,\"commentCount\":0,\"publisher\":{\"@id\":\"https:\/\/futbolhoy.co\/#organization\"},\"image\":{\"@id\":\"https:\/\/futbolhoy.co\/index.php\/2020\/04\/02\/conmebol-mostro-solidez-economica-en-crisis\/#primaryimage\"},\"thumbnailUrl\":\"https:\/\/futbolhoy.co\/wp-content\/uploads\/2020\/04\/IMG_20200402_180257.jpg\",\"articleSection\":[\"Mundo Futbol\"],\"inLanguage\":\"es\",\"potentialAction\":[{\"@type\":\"CommentAction\",\"name\":\"Comment\",\"target\":[\"https:\/\/futbolhoy.co\/index.php\/2020\/04\/02\/conmebol-mostro-solidez-economica-en-crisis\/#respond\"]}]},{\"@type\":\"WebPage\",\"@id\":\"https:\/\/futbolhoy.co\/index.php\/2020\/04\/02\/conmebol-mostro-solidez-economica-en-crisis\/\",\"url\":\"https:\/\/futbolhoy.co\/index.php\/2020\/04\/02\/conmebol-mostro-solidez-economica-en-crisis\/\",\"name\":\"Conmebol mostr\u00f3 solidez econ\u00f3mica -\",\"isPartOf\":{\"@id\":\"https:\/\/futbolhoy.co\/#website\"},\"primaryImageOfPage\":{\"@id\":\"https:\/\/futbolhoy.co\/index.php\/2020\/04\/02\/conmebol-mostro-solidez-economica-en-crisis\/#primaryimage\"},\"image\":{\"@id\":\"https:\/\/futbolhoy.co\/index.php\/2020\/04\/02\/conmebol-mostro-solidez-economica-en-crisis\/#primaryimage\"},\"thumbnailUrl\":\"https:\/\/futbolhoy.co\/wp-content\/uploads\/2020\/04\/IMG_20200402_180257.jpg\",\"datePublished\":\"2020-04-02T22:12:29+00:00\",\"dateModified\":\"2020-04-03T16:18:14+00:00\",\"breadcrumb\":{\"@id\":\"https:\/\/futbolhoy.co\/index.php\/2020\/04\/02\/conmebol-mostro-solidez-economica-en-crisis\/#breadcrumb\"},\"inLanguage\":\"es\",\"potentialAction\":[{\"@type\":\"ReadAction\",\"target\":[\"https:\/\/futbolhoy.co\/index.php\/2020\/04\/02\/conmebol-mostro-solidez-economica-en-crisis\/\"]}]},{\"@type\":\"ImageObject\",\"inLanguage\":\"es\",\"@id\":\"https:\/\/futbolhoy.co\/index.php\/2020\/04\/02\/conmebol-mostro-solidez-economica-en-crisis\/#primaryimage\",\"url\":\"https:\/\/futbolhoy.co\/wp-content\/uploads\/2020\/04\/IMG_20200402_180257.jpg\",\"contentUrl\":\"https:\/\/futbolhoy.co\/wp-content\/uploads\/2020\/04\/IMG_20200402_180257.jpg\",\"width\":640,\"height\":355},{\"@type\":\"BreadcrumbList\",\"@id\":\"https:\/\/futbolhoy.co\/index.php\/2020\/04\/02\/conmebol-mostro-solidez-economica-en-crisis\/#breadcrumb\",\"itemListElement\":[{\"@type\":\"ListItem\",\"position\":1,\"name\":\"Portada\",\"item\":\"https:\/\/futbolhoy.co\/\"},{\"@type\":\"ListItem\",\"position\":2,\"name\":\"Conmebol mostr\u00f3 solidez econ\u00f3mica\"}]},{\"@type\":\"WebSite\",\"@id\":\"https:\/\/futbolhoy.co\/#website\",\"url\":\"https:\/\/futbolhoy.co\/\",\"name\":\"FutbolHoy\",\"description\":\"\",\"publisher\":{\"@id\":\"https:\/\/futbolhoy.co\/#organization\"},\"potentialAction\":[{\"@type\":\"SearchAction\",\"target\":{\"@type\":\"EntryPoint\",\"urlTemplate\":\"https:\/\/futbolhoy.co\/?s={search_term_string}\"},\"query-input\":{\"@type\":\"PropertyValueSpecification\",\"valueRequired\":true,\"valueName\":\"search_term_string\"}}],\"inLanguage\":\"es\"},{\"@type\":\"Organization\",\"@id\":\"https:\/\/futbolhoy.co\/#organization\",\"name\":\"Futbolhoy.co\",\"url\":\"https:\/\/futbolhoy.co\/\",\"logo\":{\"@type\":\"ImageObject\",\"inLanguage\":\"es\",\"@id\":\"https:\/\/futbolhoy.co\/#\/schema\/logo\/image\/\",\"url\":\"https:\/\/futbolhoy.co\/wp-content\/uploads\/2018\/08\/17426380_1906371736249227_6326180412931521141_n.jpg\",\"contentUrl\":\"https:\/\/futbolhoy.co\/wp-content\/uploads\/2018\/08\/17426380_1906371736249227_6326180412931521141_n.jpg\",\"width\":960,\"height\":960,\"caption\":\"Futbolhoy.co\"},\"image\":{\"@id\":\"https:\/\/futbolhoy.co\/#\/schema\/logo\/image\/\"},\"sameAs\":[\"https:\/\/www.facebook.com\/FutbolHoyCol\/\",\"https:\/\/x.com\/FutbolHoyCol\",\"https:\/\/www.instagram.com\/futbolhoycol\/\"]},{\"@type\":\"Person\",\"@id\":\"https:\/\/futbolhoy.co\/#\/schema\/person\/c4a353a512b127643723a34bb1812f7d\",\"name\":\"Laura Hern\u00e1ndez\",\"image\":{\"@type\":\"ImageObject\",\"inLanguage\":\"es\",\"@id\":\"https:\/\/futbolhoy.co\/#\/schema\/person\/image\/\",\"url\":\"https:\/\/secure.gravatar.com\/avatar\/d25959a15b9b293a743f99181c7cfd01?s=96&d=mm&r=g\",\"contentUrl\":\"https:\/\/secure.gravatar.com\/avatar\/d25959a15b9b293a743f99181c7cfd01?s=96&d=mm&r=g\",\"caption\":\"Laura Hern\u00e1ndez\"}}]}<\/script>\n<!-- \/ Yoast SEO plugin. -->","yoast_head_json":{"title":"Conmebol mostr\u00f3 solidez econ\u00f3mica -","robots":{"index":"index","follow":"follow","max-snippet":"max-snippet:-1","max-image-preview":"max-image-preview:large","max-video-preview":"max-video-preview:-1"},"canonical":"https:\/\/futbolhoy.co\/index.php\/2020\/04\/02\/conmebol-mostro-solidez-economica-en-crisis\/","og_locale":"es_ES","og_type":"article","og_title":"Conmebol mostr\u00f3 solidez econ\u00f3mica -","og_description":"El presidente de la\u00a0Conmebol,\u00a0Alejandro Dom\u00ednguez, destac\u00f3 la solidez financiera del organismo para hacer frente al impacto generado por la crisis de la pandemia del\u00a0COVID-19; durante el Congreso Ordinario celebrado por vez primera a trav\u00e9s de videoconferencia. \"Esta crisis hoy nos encuentra en una posici\u00f3n s\u00f3lida, en el 2019 la Conmebol sigui\u00f3 avanzando y alcanz\u00f3 grandes [&hellip;]","og_url":"https:\/\/futbolhoy.co\/index.php\/2020\/04\/02\/conmebol-mostro-solidez-economica-en-crisis\/","article_publisher":"https:\/\/www.facebook.com\/FutbolHoyCol\/","article_published_time":"2020-04-02T22:12:29+00:00","article_modified_time":"2020-04-03T16:18:14+00:00","og_image":[{"width":640,"height":355,"url":"https:\/\/futbolhoy.co\/wp-content\/uploads\/2020\/04\/IMG_20200402_180257.jpg","type":"image\/jpeg"}],"author":"Laura Hern\u00e1ndez","twitter_card":"summary_large_image","twitter_creator":"@FutbolHoyCol","twitter_site":"@FutbolHoyCol","twitter_misc":{"Escrito por":"Laura Hern\u00e1ndez","Tiempo de lectura":"1 minuto"},"schema":{"@context":"https:\/\/schema.org","@graph":[{"@type":"Article","@id":"https:\/\/futbolhoy.co\/index.php\/2020\/04\/02\/conmebol-mostro-solidez-economica-en-crisis\/#article","isPartOf":{"@id":"https:\/\/futbolhoy.co\/index.php\/2020\/04\/02\/conmebol-mostro-solidez-economica-en-crisis\/"},"author":{"name":"Laura Hern\u00e1ndez","@id":"https:\/\/futbolhoy.co\/#\/schema\/person\/c4a353a512b127643723a34bb1812f7d"},"headline":"Conmebol mostr\u00f3 solidez econ\u00f3mica","datePublished":"2020-04-02T22:12:29+00:00","dateModified":"2020-04-03T16:18:14+00:00","mainEntityOfPage":{"@id":"https:\/\/futbolhoy.co\/index.php\/2020\/04\/02\/conmebol-mostro-solidez-economica-en-crisis\/"},"wordCount":253,"commentCount":0,"publisher":{"@id":"https:\/\/futbolhoy.co\/#organization"},"image":{"@id":"https:\/\/futbolhoy.co\/index.php\/2020\/04\/02\/conmebol-mostro-solidez-economica-en-crisis\/#primaryimage"},"thumbnailUrl":"https:\/\/futbolhoy.co\/wp-content\/uploads\/2020\/04\/IMG_20200402_180257.jpg","articleSection":["Mundo Futbol"],"inLanguage":"es","potentialAction":[{"@type":"CommentAction","name":"Comment","target":["https:\/\/futbolhoy.co\/index.php\/2020\/04\/02\/conmebol-mostro-solidez-economica-en-crisis\/#respond"]}]},{"@type":"WebPage","@id":"https:\/\/futbolhoy.co\/index.php\/2020\/04\/02\/conmebol-mostro-solidez-economica-en-crisis\/","url":"https:\/\/futbolhoy.co\/index.php\/2020\/04\/02\/conmebol-mostro-solidez-economica-en-crisis\/","name":"Conmebol mostr\u00f3 solidez econ\u00f3mica -","isPartOf":{"@id":"https:\/\/futbolhoy.co\/#website"},"primaryImageOfPage":{"@id":"https:\/\/futbolhoy.co\/index.php\/2020\/04\/02\/conmebol-mostro-solidez-economica-en-crisis\/#primaryimage"},"image":{"@id":"https:\/\/futbolhoy.co\/index.php\/2020\/04\/02\/conmebol-mostro-solidez-economica-en-crisis\/#primaryimage"},"thumbnailUrl":"https:\/\/futbolhoy.co\/wp-content\/uploads\/2020\/04\/IMG_20200402_180257.jpg","datePublished":"2020-04-02T22:12:29+00:00","dateModified":"2020-04-03T16:18:14+00:00","breadcrumb":{"@id":"https:\/\/futbolhoy.co\/index.php\/2020\/04\/02\/conmebol-mostro-solidez-economica-en-crisis\/#breadcrumb"},"inLanguage":"es","potentialAction":[{"@type":"ReadAction","target":["https:\/\/futbolhoy.co\/index.php\/2020\/04\/02\/conmebol-mostro-solidez-economica-en-crisis\/"]}]},{"@type":"ImageObject","inLanguage":"es","@id":"https:\/\/futbolhoy.co\/index.php\/2020\/04\/02\/conmebol-mostro-solidez-economica-en-crisis\/#primaryimage","url":"https:\/\/futbolhoy.co\/wp-content\/uploads\/2020\/04\/IMG_20200402_180257.jpg","contentUrl":"https:\/\/futbolhoy.co\/wp-content\/uploads\/2020\/04\/IMG_20200402_180257.jpg","width":640,"height":355},{"@type":"BreadcrumbList","@id":"https:\/\/futbolhoy.co\/index.php\/2020\/04\/02\/conmebol-mostro-solidez-economica-en-crisis\/#breadcrumb","itemListElement":[{"@type":"ListItem","position":1,"name":"Portada","item":"https:\/\/futbolhoy.co\/"},{"@type":"ListItem","position":2,"name":"Conmebol mostr\u00f3 solidez econ\u00f3mica"}]},{"@type":"WebSite","@id":"https:\/\/futbolhoy.co\/#website","url":"https:\/\/futbolhoy.co\/","name":"FutbolHoy","description":"","publisher":{"@id":"https:\/\/futbolhoy.co\/#organization"},"potentialAction":[{"@type":"SearchAction","target":{"@type":"EntryPoint","urlTemplate":"https:\/\/futbolhoy.co\/?s={search_term_string}"},"query-input":{"@type":"PropertyValueSpecification","valueRequired":true,"valueName":"search_term_string"}}],"inLanguage":"es"},{"@type":"Organization","@id":"https:\/\/futbolhoy.co\/#organization","name":"Futbolhoy.co","url":"https:\/\/futbolhoy.co\/","logo":{"@type":"ImageObject","inLanguage":"es","@id":"https:\/\/futbolhoy.co\/#\/schema\/logo\/image\/","url":"https:\/\/futbolhoy.co\/wp-content\/uploads\/2018\/08\/17426380_1906371736249227_6326180412931521141_n.jpg","contentUrl":"https:\/\/futbolhoy.co\/wp-content\/uploads\/2018\/08\/17426380_1906371736249227_6326180412931521141_n.jpg","width":960,"height":960,"caption":"Futbolhoy.co"},"image":{"@id":"https:\/\/futbolhoy.co\/#\/schema\/logo\/image\/"},"sameAs":["https:\/\/www.facebook.com\/FutbolHoyCol\/","https:\/\/x.com\/FutbolHoyCol","https:\/\/www.instagram.com\/futbolhoycol\/"]},{"@type":"Person","@id":"https:\/\/futbolhoy.co\/#\/schema\/person\/c4a353a512b127643723a34bb1812f7d","name":"Laura Hern\u00e1ndez","image":{"@type":"ImageObject","inLanguage":"es","@id":"https:\/\/futbolhoy.co\/#\/schema\/person\/image\/","url":"https:\/\/secure.gravatar.com\/avatar\/d25959a15b9b293a743f99181c7cfd01?s=96&d=mm&r=g","contentUrl":"https:\/\/secure.gravatar.com\/avatar\/d25959a15b9b293a743f99181c7cfd01?s=96&d=mm&r=g","caption":"Laura Hern\u00e1ndez"}}]}},"publishpress_future_action":{"enabled":false,"date":"2026-05-03 20:25:08","action":"change-status","newStatus":"draft","terms":[],"taxonomy":"category","extraData":[]},"publishpress_future_workflow_manual_trigger":{"enabledWorkflows":[]},"_links":{"self":[{"href":"https:\/\/futbolhoy.co\/index.php\/wp-json\/wp\/v2\/posts\/49602","targetHints":{"allow":["GET"]}}],"collection":[{"href":"https:\/\/futbolhoy.co\/index.php\/wp-json\/wp\/v2\/posts"}],"about":[{"href":"https:\/\/futbolhoy.co\/index.php\/wp-json\/wp\/v2\/types\/post"}],"author":[{"embeddable":true,"href":"https:\/\/futbolhoy.co\/index.php\/wp-json\/wp\/v2\/users\/5"}],"replies":[{"embeddable":true,"href":"https:\/\/futbolhoy.co\/index.php\/wp-json\/wp\/v2\/comments?post=49602"}],"version-history":[{"count":3,"href":"https:\/\/futbolhoy.co\/index.php\/wp-json\/wp\/v2\/posts\/49602\/revisions"}],"predecessor-version":[{"id":49612,"href":"https:\/\/futbolhoy.co\/index.php\/wp-json\/wp\/v2\/posts\/49602\/revisions\/49612"}],"wp:featuredmedia":[{"embeddable":true,"href":"https:\/\/futbolhoy.co\/index.php\/wp-json\/wp\/v2\/media\/49603"}],"wp:attachment":[{"href":"https:\/\/futbolhoy.co\/index.php\/wp-json\/wp\/v2\/media?parent=49602"}],"wp:term":[{"taxonomy":"category","embeddable":true,"href":"https:\/\/futbolhoy.co\/index.php\/wp-json\/wp\/v2\/categories?post=49602"},{"taxonomy":"post_tag","embeddable":true,"href":"https:\/\/futbolhoy.co\/index.php\/wp-json\/wp\/v2\/tags?post=49602"}],"curies":[{"name":"wp","href":"https:\/\/api.w.org\/{rel}","templated":true}]}}