{"id":49713,"date":"2020-04-05T18:10:45","date_gmt":"2020-04-05T23:10:45","guid":{"rendered":"https:\/\/futbolhoy.co\/?p=49713"},"modified":"2020-04-06T10:48:15","modified_gmt":"2020-04-06T15:48:15","slug":"jackson-piensa-en-el-retiro","status":"publish","type":"post","link":"https:\/\/futbolhoy.co\/index.php\/2020\/04\/05\/jackson-piensa-en-el-retiro\/","title":{"rendered":"Jackson piensa en el retiro"},"content":{"rendered":"<p style=\"text-align: justify;\"><span style=\"font-family: helvetica, arial, sans-serif;\">El delantero colombiano\u00a0<b>Jackson Mart\u00ednez<\/b>, actualmente en el Portimonense de Portugal, anticip\u00f3 que est\u00e1 estudiando la posibilidad del retiro de la actividad profesional, al no sentirse en su mejor nivel.<\/span><\/p>\n<p style=\"text-align: justify;\"><span style=\"font-family: helvetica, arial, sans-serif;\">\u201cTengo que pensar en mi salud, no puedo equivocarme, s\u00e9 que no estoy al cien por cien y me lo plantear\u00e9 todo al final de la temporada\u201d, declar\u00f3 el\u00a0<i>\u2018Cha cha cha\u2019<\/i>\u00a0en entrevista concedida a\u00a0<i>Sport TV<\/i>\u00a0en territorio luso.<\/span><\/p>\n<p style=\"text-align: justify;\"><span style=\"font-family: helvetica, arial, sans-serif;\">El delantero chocoano de 33 a\u00f1os, vivi\u00f3 sus mejores \u00e9pocas como jugador en el\u00a0<b>Porto<\/b>, donde alcanz\u00f3 a marcar 91 goles y en su club actual logr\u00f3 recuperar lago de su prestigio, pedido por una severa lesi\u00f3n en un pie que no le permiti\u00f3 jugar durante dos a\u00f1os.<\/span><\/p>\n<p style=\"text-align: justify;\"><span style=\"font-family: helvetica, arial, sans-serif;\">En el\u00a0<b>Portimonense<\/b>, Jackson ha podido disputar 45 partidos y marc\u00f3 10 goles en temporada y media, lo que lo ha puesto a cuestionarse su futuro.<\/span><\/p>\n<p style=\"text-align: justify;\"><span style=\"font-family: helvetica, arial, sans-serif;\">Portimonense ocupa el pen\u00faltimo lugar en la tabla de posiciones de la\u00a0<b>Liga portuguesa<\/b>\u00a0y est\u00e1 en zona de descenso, por lo que depende de las decisiones de los dirigentes respecto al futuro del campeonato.<\/span><\/p>\n<p style=\"text-align: justify;\"><span style=\"font-family: helvetica, arial, sans-serif;\">\u201cNo s\u00e9 si sea posible terminarla, todos quieren jugar, pero hay que pensar primero en que lo m\u00e1s importante es la salud de las personas\u201d, declar\u00f3 Mart\u00ednez.<\/span><\/p>\n","protected":false},"excerpt":{"rendered":"<p>El delantero colombiano\u00a0Jackson Mart\u00ednez, actualmente en el Portimonense de Portugal, anticip\u00f3 que est\u00e1 estudiando la posibilidad del retiro de la actividad profesional, al no sentirse en su mejor nivel. \u201cTengo que pensar en mi salud, no puedo equivocarme, s\u00e9 que no estoy al cien por cien y me lo plantear\u00e9 todo al final de la [&hellip;]<\/p>\n","protected":false},"author":5,"featured_media":49714,"comment_status":"open","ping_status":"open","sticky":false,"template":"","format":"standard","meta":{"_acf_changed":false,"footnotes":""},"categories":[152],"tags":[],"class_list":{"0":"post-49713","1":"post","2":"type-post","3":"status-publish","4":"format-standard","5":"has-post-thumbnail","7":"category-mundo-futbol"},"acf":[],"yoast_head":"<!-- This site is optimized with the Yoast SEO plugin v26.8 - https:\/\/yoast.com\/product\/yoast-seo-wordpress\/ -->\n<title>Jackson piensa en el retiro -<\/title>\n<meta name=\"robots\" content=\"index, follow, max-snippet:-1, max-image-preview:large, max-video-preview:-1\" \/>\n<link rel=\"canonical\" href=\"https:\/\/futbolhoy.co\/index.php\/2020\/04\/05\/jackson-piensa-en-el-retiro\/\" \/>\n<meta property=\"og:locale\" content=\"es_ES\" \/>\n<meta property=\"og:type\" content=\"article\" \/>\n<meta property=\"og:title\" content=\"Jackson piensa en el retiro -\" \/>\n<meta property=\"og:description\" content=\"El delantero colombiano\u00a0Jackson Mart\u00ednez, actualmente en el Portimonense de Portugal, anticip\u00f3 que est\u00e1 estudiando la posibilidad del retiro de la actividad profesional, al no sentirse en su mejor nivel. \u201cTengo que pensar en mi salud, no puedo equivocarme, s\u00e9 que no estoy al cien por cien y me lo plantear\u00e9 todo al final de la [&hellip;]\" \/>\n<meta property=\"og:url\" content=\"https:\/\/futbolhoy.co\/index.php\/2020\/04\/05\/jackson-piensa-en-el-retiro\/\" \/>\n<meta property=\"article:publisher\" content=\"https:\/\/www.facebook.com\/FutbolHoyCol\/\" \/>\n<meta property=\"article:published_time\" content=\"2020-04-05T23:10:45+00:00\" \/>\n<meta property=\"article:modified_time\" content=\"2020-04-06T15:48:15+00:00\" \/>\n<meta property=\"og:image\" content=\"https:\/\/futbolhoy.co\/wp-content\/uploads\/2020\/04\/IMG_20200405_182246.jpg\" \/>\n\t<meta property=\"og:image:width\" content=\"736\" \/>\n\t<meta property=\"og:image:height\" content=\"416\" \/>\n\t<meta property=\"og:image:type\" content=\"image\/jpeg\" \/>\n<meta name=\"author\" content=\"Laura Hern\u00e1ndez\" \/>\n<meta name=\"twitter:card\" content=\"summary_large_image\" \/>\n<meta name=\"twitter:creator\" content=\"@FutbolHoyCol\" \/>\n<meta name=\"twitter:site\" content=\"@FutbolHoyCol\" \/>\n<meta name=\"twitter:label1\" content=\"Escrito por\" \/>\n\t<meta name=\"twitter:data1\" content=\"Laura Hern\u00e1ndez\" \/>\n\t<meta name=\"twitter:label2\" content=\"Tiempo de lectura\" \/>\n\t<meta name=\"twitter:data2\" content=\"1 minuto\" \/>\n<script type=\"application\/ld+json\" class=\"yoast-schema-graph\">{\"@context\":\"https:\/\/schema.org\",\"@graph\":[{\"@type\":\"Article\",\"@id\":\"https:\/\/futbolhoy.co\/index.php\/2020\/04\/05\/jackson-piensa-en-el-retiro\/#article\",\"isPartOf\":{\"@id\":\"https:\/\/futbolhoy.co\/index.php\/2020\/04\/05\/jackson-piensa-en-el-retiro\/\"},\"author\":{\"name\":\"Laura Hern\u00e1ndez\",\"@id\":\"https:\/\/futbolhoy.co\/#\/schema\/person\/c4a353a512b127643723a34bb1812f7d\"},\"headline\":\"Jackson piensa en el retiro\",\"datePublished\":\"2020-04-05T23:10:45+00:00\",\"dateModified\":\"2020-04-06T15:48:15+00:00\",\"mainEntityOfPage\":{\"@id\":\"https:\/\/futbolhoy.co\/index.php\/2020\/04\/05\/jackson-piensa-en-el-retiro\/\"},\"wordCount\":215,\"commentCount\":0,\"publisher\":{\"@id\":\"https:\/\/futbolhoy.co\/#organization\"},\"image\":{\"@id\":\"https:\/\/futbolhoy.co\/index.php\/2020\/04\/05\/jackson-piensa-en-el-retiro\/#primaryimage\"},\"thumbnailUrl\":\"https:\/\/futbolhoy.co\/wp-content\/uploads\/2020\/04\/IMG_20200405_182246.jpg\",\"articleSection\":[\"Mundo Futbol\"],\"inLanguage\":\"es\",\"potentialAction\":[{\"@type\":\"CommentAction\",\"name\":\"Comment\",\"target\":[\"https:\/\/futbolhoy.co\/index.php\/2020\/04\/05\/jackson-piensa-en-el-retiro\/#respond\"]}]},{\"@type\":\"WebPage\",\"@id\":\"https:\/\/futbolhoy.co\/index.php\/2020\/04\/05\/jackson-piensa-en-el-retiro\/\",\"url\":\"https:\/\/futbolhoy.co\/index.php\/2020\/04\/05\/jackson-piensa-en-el-retiro\/\",\"name\":\"Jackson piensa en el retiro -\",\"isPartOf\":{\"@id\":\"https:\/\/futbolhoy.co\/#website\"},\"primaryImageOfPage\":{\"@id\":\"https:\/\/futbolhoy.co\/index.php\/2020\/04\/05\/jackson-piensa-en-el-retiro\/#primaryimage\"},\"image\":{\"@id\":\"https:\/\/futbolhoy.co\/index.php\/2020\/04\/05\/jackson-piensa-en-el-retiro\/#primaryimage\"},\"thumbnailUrl\":\"https:\/\/futbolhoy.co\/wp-content\/uploads\/2020\/04\/IMG_20200405_182246.jpg\",\"datePublished\":\"2020-04-05T23:10:45+00:00\",\"dateModified\":\"2020-04-06T15:48:15+00:00\",\"breadcrumb\":{\"@id\":\"https:\/\/futbolhoy.co\/index.php\/2020\/04\/05\/jackson-piensa-en-el-retiro\/#breadcrumb\"},\"inLanguage\":\"es\",\"potentialAction\":[{\"@type\":\"ReadAction\",\"target\":[\"https:\/\/futbolhoy.co\/index.php\/2020\/04\/05\/jackson-piensa-en-el-retiro\/\"]}]},{\"@type\":\"ImageObject\",\"inLanguage\":\"es\",\"@id\":\"https:\/\/futbolhoy.co\/index.php\/2020\/04\/05\/jackson-piensa-en-el-retiro\/#primaryimage\",\"url\":\"https:\/\/futbolhoy.co\/wp-content\/uploads\/2020\/04\/IMG_20200405_182246.jpg\",\"contentUrl\":\"https:\/\/futbolhoy.co\/wp-content\/uploads\/2020\/04\/IMG_20200405_182246.jpg\",\"width\":736,\"height\":416},{\"@type\":\"BreadcrumbList\",\"@id\":\"https:\/\/futbolhoy.co\/index.php\/2020\/04\/05\/jackson-piensa-en-el-retiro\/#breadcrumb\",\"itemListElement\":[{\"@type\":\"ListItem\",\"position\":1,\"name\":\"Portada\",\"item\":\"https:\/\/futbolhoy.co\/\"},{\"@type\":\"ListItem\",\"position\":2,\"name\":\"Jackson piensa en el retiro\"}]},{\"@type\":\"WebSite\",\"@id\":\"https:\/\/futbolhoy.co\/#website\",\"url\":\"https:\/\/futbolhoy.co\/\",\"name\":\"FutbolHoy\",\"description\":\"\",\"publisher\":{\"@id\":\"https:\/\/futbolhoy.co\/#organization\"},\"potentialAction\":[{\"@type\":\"SearchAction\",\"target\":{\"@type\":\"EntryPoint\",\"urlTemplate\":\"https:\/\/futbolhoy.co\/?s={search_term_string}\"},\"query-input\":{\"@type\":\"PropertyValueSpecification\",\"valueRequired\":true,\"valueName\":\"search_term_string\"}}],\"inLanguage\":\"es\"},{\"@type\":\"Organization\",\"@id\":\"https:\/\/futbolhoy.co\/#organization\",\"name\":\"Futbolhoy.co\",\"url\":\"https:\/\/futbolhoy.co\/\",\"logo\":{\"@type\":\"ImageObject\",\"inLanguage\":\"es\",\"@id\":\"https:\/\/futbolhoy.co\/#\/schema\/logo\/image\/\",\"url\":\"https:\/\/futbolhoy.co\/wp-content\/uploads\/2018\/08\/17426380_1906371736249227_6326180412931521141_n.jpg\",\"contentUrl\":\"https:\/\/futbolhoy.co\/wp-content\/uploads\/2018\/08\/17426380_1906371736249227_6326180412931521141_n.jpg\",\"width\":960,\"height\":960,\"caption\":\"Futbolhoy.co\"},\"image\":{\"@id\":\"https:\/\/futbolhoy.co\/#\/schema\/logo\/image\/\"},\"sameAs\":[\"https:\/\/www.facebook.com\/FutbolHoyCol\/\",\"https:\/\/x.com\/FutbolHoyCol\",\"https:\/\/www.instagram.com\/futbolhoycol\/\"]},{\"@type\":\"Person\",\"@id\":\"https:\/\/futbolhoy.co\/#\/schema\/person\/c4a353a512b127643723a34bb1812f7d\",\"name\":\"Laura Hern\u00e1ndez\",\"image\":{\"@type\":\"ImageObject\",\"inLanguage\":\"es\",\"@id\":\"https:\/\/futbolhoy.co\/#\/schema\/person\/image\/\",\"url\":\"https:\/\/secure.gravatar.com\/avatar\/d25959a15b9b293a743f99181c7cfd01?s=96&d=mm&r=g\",\"contentUrl\":\"https:\/\/secure.gravatar.com\/avatar\/d25959a15b9b293a743f99181c7cfd01?s=96&d=mm&r=g\",\"caption\":\"Laura Hern\u00e1ndez\"}}]}<\/script>\n<!-- \/ Yoast SEO plugin. -->","yoast_head_json":{"title":"Jackson piensa en el retiro -","robots":{"index":"index","follow":"follow","max-snippet":"max-snippet:-1","max-image-preview":"max-image-preview:large","max-video-preview":"max-video-preview:-1"},"canonical":"https:\/\/futbolhoy.co\/index.php\/2020\/04\/05\/jackson-piensa-en-el-retiro\/","og_locale":"es_ES","og_type":"article","og_title":"Jackson piensa en el retiro -","og_description":"El delantero colombiano\u00a0Jackson Mart\u00ednez, actualmente en el Portimonense de Portugal, anticip\u00f3 que est\u00e1 estudiando la posibilidad del retiro de la actividad profesional, al no sentirse en su mejor nivel. \u201cTengo que pensar en mi salud, no puedo equivocarme, s\u00e9 que no estoy al cien por cien y me lo plantear\u00e9 todo al final de la [&hellip;]","og_url":"https:\/\/futbolhoy.co\/index.php\/2020\/04\/05\/jackson-piensa-en-el-retiro\/","article_publisher":"https:\/\/www.facebook.com\/FutbolHoyCol\/","article_published_time":"2020-04-05T23:10:45+00:00","article_modified_time":"2020-04-06T15:48:15+00:00","og_image":[{"width":736,"height":416,"url":"https:\/\/futbolhoy.co\/wp-content\/uploads\/2020\/04\/IMG_20200405_182246.jpg","type":"image\/jpeg"}],"author":"Laura Hern\u00e1ndez","twitter_card":"summary_large_image","twitter_creator":"@FutbolHoyCol","twitter_site":"@FutbolHoyCol","twitter_misc":{"Escrito por":"Laura Hern\u00e1ndez","Tiempo de lectura":"1 minuto"},"schema":{"@context":"https:\/\/schema.org","@graph":[{"@type":"Article","@id":"https:\/\/futbolhoy.co\/index.php\/2020\/04\/05\/jackson-piensa-en-el-retiro\/#article","isPartOf":{"@id":"https:\/\/futbolhoy.co\/index.php\/2020\/04\/05\/jackson-piensa-en-el-retiro\/"},"author":{"name":"Laura Hern\u00e1ndez","@id":"https:\/\/futbolhoy.co\/#\/schema\/person\/c4a353a512b127643723a34bb1812f7d"},"headline":"Jackson piensa en el retiro","datePublished":"2020-04-05T23:10:45+00:00","dateModified":"2020-04-06T15:48:15+00:00","mainEntityOfPage":{"@id":"https:\/\/futbolhoy.co\/index.php\/2020\/04\/05\/jackson-piensa-en-el-retiro\/"},"wordCount":215,"commentCount":0,"publisher":{"@id":"https:\/\/futbolhoy.co\/#organization"},"image":{"@id":"https:\/\/futbolhoy.co\/index.php\/2020\/04\/05\/jackson-piensa-en-el-retiro\/#primaryimage"},"thumbnailUrl":"https:\/\/futbolhoy.co\/wp-content\/uploads\/2020\/04\/IMG_20200405_182246.jpg","articleSection":["Mundo Futbol"],"inLanguage":"es","potentialAction":[{"@type":"CommentAction","name":"Comment","target":["https:\/\/futbolhoy.co\/index.php\/2020\/04\/05\/jackson-piensa-en-el-retiro\/#respond"]}]},{"@type":"WebPage","@id":"https:\/\/futbolhoy.co\/index.php\/2020\/04\/05\/jackson-piensa-en-el-retiro\/","url":"https:\/\/futbolhoy.co\/index.php\/2020\/04\/05\/jackson-piensa-en-el-retiro\/","name":"Jackson piensa en el retiro -","isPartOf":{"@id":"https:\/\/futbolhoy.co\/#website"},"primaryImageOfPage":{"@id":"https:\/\/futbolhoy.co\/index.php\/2020\/04\/05\/jackson-piensa-en-el-retiro\/#primaryimage"},"image":{"@id":"https:\/\/futbolhoy.co\/index.php\/2020\/04\/05\/jackson-piensa-en-el-retiro\/#primaryimage"},"thumbnailUrl":"https:\/\/futbolhoy.co\/wp-content\/uploads\/2020\/04\/IMG_20200405_182246.jpg","datePublished":"2020-04-05T23:10:45+00:00","dateModified":"2020-04-06T15:48:15+00:00","breadcrumb":{"@id":"https:\/\/futbolhoy.co\/index.php\/2020\/04\/05\/jackson-piensa-en-el-retiro\/#breadcrumb"},"inLanguage":"es","potentialAction":[{"@type":"ReadAction","target":["https:\/\/futbolhoy.co\/index.php\/2020\/04\/05\/jackson-piensa-en-el-retiro\/"]}]},{"@type":"ImageObject","inLanguage":"es","@id":"https:\/\/futbolhoy.co\/index.php\/2020\/04\/05\/jackson-piensa-en-el-retiro\/#primaryimage","url":"https:\/\/futbolhoy.co\/wp-content\/uploads\/2020\/04\/IMG_20200405_182246.jpg","contentUrl":"https:\/\/futbolhoy.co\/wp-content\/uploads\/2020\/04\/IMG_20200405_182246.jpg","width":736,"height":416},{"@type":"BreadcrumbList","@id":"https:\/\/futbolhoy.co\/index.php\/2020\/04\/05\/jackson-piensa-en-el-retiro\/#breadcrumb","itemListElement":[{"@type":"ListItem","position":1,"name":"Portada","item":"https:\/\/futbolhoy.co\/"},{"@type":"ListItem","position":2,"name":"Jackson piensa en el retiro"}]},{"@type":"WebSite","@id":"https:\/\/futbolhoy.co\/#website","url":"https:\/\/futbolhoy.co\/","name":"FutbolHoy","description":"","publisher":{"@id":"https:\/\/futbolhoy.co\/#organization"},"potentialAction":[{"@type":"SearchAction","target":{"@type":"EntryPoint","urlTemplate":"https:\/\/futbolhoy.co\/?s={search_term_string}"},"query-input":{"@type":"PropertyValueSpecification","valueRequired":true,"valueName":"search_term_string"}}],"inLanguage":"es"},{"@type":"Organization","@id":"https:\/\/futbolhoy.co\/#organization","name":"Futbolhoy.co","url":"https:\/\/futbolhoy.co\/","logo":{"@type":"ImageObject","inLanguage":"es","@id":"https:\/\/futbolhoy.co\/#\/schema\/logo\/image\/","url":"https:\/\/futbolhoy.co\/wp-content\/uploads\/2018\/08\/17426380_1906371736249227_6326180412931521141_n.jpg","contentUrl":"https:\/\/futbolhoy.co\/wp-content\/uploads\/2018\/08\/17426380_1906371736249227_6326180412931521141_n.jpg","width":960,"height":960,"caption":"Futbolhoy.co"},"image":{"@id":"https:\/\/futbolhoy.co\/#\/schema\/logo\/image\/"},"sameAs":["https:\/\/www.facebook.com\/FutbolHoyCol\/","https:\/\/x.com\/FutbolHoyCol","https:\/\/www.instagram.com\/futbolhoycol\/"]},{"@type":"Person","@id":"https:\/\/futbolhoy.co\/#\/schema\/person\/c4a353a512b127643723a34bb1812f7d","name":"Laura Hern\u00e1ndez","image":{"@type":"ImageObject","inLanguage":"es","@id":"https:\/\/futbolhoy.co\/#\/schema\/person\/image\/","url":"https:\/\/secure.gravatar.com\/avatar\/d25959a15b9b293a743f99181c7cfd01?s=96&d=mm&r=g","contentUrl":"https:\/\/secure.gravatar.com\/avatar\/d25959a15b9b293a743f99181c7cfd01?s=96&d=mm&r=g","caption":"Laura Hern\u00e1ndez"}}]}},"publishpress_future_action":{"enabled":false,"date":"2026-05-04 00:32:16","action":"change-status","newStatus":"draft","terms":[],"taxonomy":"category","extraData":[]},"publishpress_future_workflow_manual_trigger":{"enabledWorkflows":[]},"_links":{"self":[{"href":"https:\/\/futbolhoy.co\/index.php\/wp-json\/wp\/v2\/posts\/49713","targetHints":{"allow":["GET"]}}],"collection":[{"href":"https:\/\/futbolhoy.co\/index.php\/wp-json\/wp\/v2\/posts"}],"about":[{"href":"https:\/\/futbolhoy.co\/index.php\/wp-json\/wp\/v2\/types\/post"}],"author":[{"embeddable":true,"href":"https:\/\/futbolhoy.co\/index.php\/wp-json\/wp\/v2\/users\/5"}],"replies":[{"embeddable":true,"href":"https:\/\/futbolhoy.co\/index.php\/wp-json\/wp\/v2\/comments?post=49713"}],"version-history":[{"count":1,"href":"https:\/\/futbolhoy.co\/index.php\/wp-json\/wp\/v2\/posts\/49713\/revisions"}],"predecessor-version":[{"id":49715,"href":"https:\/\/futbolhoy.co\/index.php\/wp-json\/wp\/v2\/posts\/49713\/revisions\/49715"}],"wp:featuredmedia":[{"embeddable":true,"href":"https:\/\/futbolhoy.co\/index.php\/wp-json\/wp\/v2\/media\/49714"}],"wp:attachment":[{"href":"https:\/\/futbolhoy.co\/index.php\/wp-json\/wp\/v2\/media?parent=49713"}],"wp:term":[{"taxonomy":"category","embeddable":true,"href":"https:\/\/futbolhoy.co\/index.php\/wp-json\/wp\/v2\/categories?post=49713"},{"taxonomy":"post_tag","embeddable":true,"href":"https:\/\/futbolhoy.co\/index.php\/wp-json\/wp\/v2\/tags?post=49713"}],"curies":[{"name":"wp","href":"https:\/\/api.w.org\/{rel}","templated":true}]}}