{"id":49718,"date":"2020-04-06T09:40:00","date_gmt":"2020-04-06T14:40:00","guid":{"rendered":"https:\/\/futbolhoy.co\/?p=49718"},"modified":"2020-04-07T09:06:37","modified_gmt":"2020-04-07T14:06:37","slug":"ojala-pueda-regresar-algun-dia-a-boca-barrios","status":"publish","type":"post","link":"https:\/\/futbolhoy.co\/index.php\/2020\/04\/06\/ojala-pueda-regresar-algun-dia-a-boca-barrios\/","title":{"rendered":"Ojal\u00e1 pueda regresar alg\u00fan d\u00eda a Boca: Barrios"},"content":{"rendered":"<!--[if lt IE 9]><script>document.createElement('audio');<\/script><![endif]-->\n<audio class=\"wp-audio-shortcode\" id=\"audio-49718-1\" preload=\"none\" style=\"width: 100%;\" controls=\"controls\"><source type=\"audio\/mpeg\" src=\"https:\/\/futbolhoy.co\/wp-content\/uploads\/2020\/04\/ACERO-WILMAR-OK.mp3?_=1\" \/><a href=\"https:\/\/futbolhoy.co\/wp-content\/uploads\/2020\/04\/ACERO-WILMAR-OK.mp3\">https:\/\/futbolhoy.co\/wp-content\/uploads\/2020\/04\/ACERO-WILMAR-OK.mp3<\/a><\/audio>\n<p>(Wilmar Barrios en di\u00e1logo con Fox Sports)<\/p>\n<p style=\"text-align: justify;\"><span style=\"font-family: helvetica, arial, sans-serif;\">El volante cartagenero <strong>Wilmar Barrios<\/strong> dej\u00f3 abierta la opci\u00f3n de regresar a <strong>Boca Juniors,<\/strong> club que lo transfiri\u00f3 al <strong>Zenit<\/strong> de <strong>Rusia<\/strong> tras perder la final de la <strong>Copa Libertadores<\/strong> ante <strong>River Plate<\/strong> en 2018.<\/span><\/p>\n<p style=\"text-align: justify;\"><span style=\"font-family: helvetica, arial, sans-serif;\">\"Siento que todav\u00eda falta un cap\u00edtulo en Boca. Me qued\u00f3 pendiente ganar la final de la Libertadores. Creo que todo el proceso que ven\u00eda haciendo era para salir mejor. Ojal\u00e1 pueda regresar en alg\u00fan momento, a veces hasta sue\u00f1o volver a estar ah\u00ed\", sostuvo Barrios a<em> Fox Sports<\/em> en <strong>Argentina<\/strong>.<\/span><\/p>\n<p style=\"text-align: justify;\"><span style=\"font-family: helvetica, arial, sans-serif;\">El jugador, adem\u00e1s, elogi\u00f3 el trabajo de los tambi\u00e9n colombianos,<strong> Sebasti\u00e1n Villa y Jorman Campuzano,<\/strong> de quienes asegur\u00f3 est\u00e1n viviendo un gran momento en el equipo 'Xeneize'.<\/span><\/p>\n<p style=\"text-align: justify;\"><span style=\"font-family: helvetica, arial, sans-serif;\">\"Villa tiene condiciones. En este \u00faltimo torneo explot\u00f3\u2026Con Jorman tenemos algunas cosas parecidas. Sin embargo, \u00e9l tiene m\u00e1s juego con la pelota y yo m\u00e1s agresividad. Es un gran jugador y seguro que lo van a disfrutar por mucho tiempo\", coment\u00f3 Barrios a trav\u00e9s de Skype desde <strong>San Petersburgo.<\/strong><\/span><\/p>\n<p style=\"text-align: justify;\"><span style=\"font-family: helvetica, arial, sans-serif;\">El colombiano ha participado en 20 de los 22 partidos que ha disputado su equipo esta temporada, en la <strong>Liga de Rusia.<\/strong><\/span><\/p>\n","protected":false},"excerpt":{"rendered":"<p>(Wilmar Barrios en di\u00e1logo con Fox Sports) El volante cartagenero Wilmar Barrios dej\u00f3 abierta la opci\u00f3n de regresar a Boca Juniors, club que lo transfiri\u00f3 al Zenit de Rusia tras perder la final de la Copa Libertadores ante River Plate en 2018. \"Siento que todav\u00eda falta un cap\u00edtulo en Boca. Me qued\u00f3 pendiente ganar la [&hellip;]<\/p>\n","protected":false},"author":5,"featured_media":49720,"comment_status":"open","ping_status":"open","sticky":false,"template":"","format":"video","meta":{"_acf_changed":false,"footnotes":""},"categories":[418],"tags":[260,345],"class_list":{"0":"post-49718","1":"post","2":"type-post","3":"status-publish","4":"format-video","5":"has-post-thumbnail","7":"category-colombia","8":"tag-boca-juniors","9":"tag-wilmar-barrios","10":"post_format-post-format-video"},"acf":[],"yoast_head":"<!-- This site is optimized with the Yoast SEO plugin v26.8 - https:\/\/yoast.com\/product\/yoast-seo-wordpress\/ -->\n<title>Ojal\u00e1 pueda regresar alg\u00fan d\u00eda a Boca: Barrios -<\/title>\n<meta name=\"robots\" content=\"index, follow, max-snippet:-1, max-image-preview:large, max-video-preview:-1\" \/>\n<link rel=\"canonical\" href=\"https:\/\/futbolhoy.co\/index.php\/2020\/04\/06\/ojala-pueda-regresar-algun-dia-a-boca-barrios\/\" \/>\n<meta property=\"og:locale\" content=\"es_ES\" \/>\n<meta property=\"og:type\" content=\"article\" \/>\n<meta property=\"og:title\" content=\"Ojal\u00e1 pueda regresar alg\u00fan d\u00eda a Boca: Barrios -\" \/>\n<meta property=\"og:description\" content=\"(Wilmar Barrios en di\u00e1logo con Fox Sports) El volante cartagenero Wilmar Barrios dej\u00f3 abierta la opci\u00f3n de regresar a Boca Juniors, club que lo transfiri\u00f3 al Zenit de Rusia tras perder la final de la Copa Libertadores ante River Plate en 2018. &quot;Siento que todav\u00eda falta un cap\u00edtulo en Boca. Me qued\u00f3 pendiente ganar la [&hellip;]\" \/>\n<meta property=\"og:url\" content=\"https:\/\/futbolhoy.co\/index.php\/2020\/04\/06\/ojala-pueda-regresar-algun-dia-a-boca-barrios\/\" \/>\n<meta property=\"article:publisher\" content=\"https:\/\/www.facebook.com\/FutbolHoyCol\/\" \/>\n<meta property=\"article:published_time\" content=\"2020-04-06T14:40:00+00:00\" \/>\n<meta property=\"article:modified_time\" content=\"2020-04-07T14:06:37+00:00\" \/>\n<meta property=\"og:image\" content=\"https:\/\/futbolhoy.co\/wp-content\/uploads\/2020\/04\/DSje_aEX4AA1tER.jpg\" \/>\n\t<meta property=\"og:image:width\" content=\"1200\" \/>\n\t<meta property=\"og:image:height\" content=\"871\" \/>\n\t<meta property=\"og:image:type\" content=\"image\/jpeg\" \/>\n<meta name=\"author\" content=\"Laura Hern\u00e1ndez\" \/>\n<meta name=\"twitter:card\" content=\"summary_large_image\" \/>\n<meta name=\"twitter:creator\" content=\"@FutbolHoyCol\" \/>\n<meta name=\"twitter:site\" content=\"@FutbolHoyCol\" \/>\n<meta name=\"twitter:label1\" content=\"Escrito por\" \/>\n\t<meta name=\"twitter:data1\" content=\"Laura Hern\u00e1ndez\" \/>\n\t<meta name=\"twitter:label2\" content=\"Tiempo de lectura\" \/>\n\t<meta name=\"twitter:data2\" content=\"1 minuto\" \/>\n<script type=\"application\/ld+json\" class=\"yoast-schema-graph\">{\"@context\":\"https:\/\/schema.org\",\"@graph\":[{\"@type\":\"Article\",\"@id\":\"https:\/\/futbolhoy.co\/index.php\/2020\/04\/06\/ojala-pueda-regresar-algun-dia-a-boca-barrios\/#article\",\"isPartOf\":{\"@id\":\"https:\/\/futbolhoy.co\/index.php\/2020\/04\/06\/ojala-pueda-regresar-algun-dia-a-boca-barrios\/\"},\"author\":{\"name\":\"Laura Hern\u00e1ndez\",\"@id\":\"https:\/\/futbolhoy.co\/#\/schema\/person\/c4a353a512b127643723a34bb1812f7d\"},\"headline\":\"Ojal\u00e1 pueda regresar alg\u00fan d\u00eda a Boca: Barrios\",\"datePublished\":\"2020-04-06T14:40:00+00:00\",\"dateModified\":\"2020-04-07T14:06:37+00:00\",\"mainEntityOfPage\":{\"@id\":\"https:\/\/futbolhoy.co\/index.php\/2020\/04\/06\/ojala-pueda-regresar-algun-dia-a-boca-barrios\/\"},\"wordCount\":222,\"commentCount\":0,\"publisher\":{\"@id\":\"https:\/\/futbolhoy.co\/#organization\"},\"image\":{\"@id\":\"https:\/\/futbolhoy.co\/index.php\/2020\/04\/06\/ojala-pueda-regresar-algun-dia-a-boca-barrios\/#primaryimage\"},\"thumbnailUrl\":\"https:\/\/futbolhoy.co\/wp-content\/uploads\/2020\/04\/DSje_aEX4AA1tER.jpg\",\"keywords\":[\"Boca Juniors\",\"Wilmar barrios\"],\"articleSection\":[\"Colombia\"],\"inLanguage\":\"es\",\"potentialAction\":[{\"@type\":\"CommentAction\",\"name\":\"Comment\",\"target\":[\"https:\/\/futbolhoy.co\/index.php\/2020\/04\/06\/ojala-pueda-regresar-algun-dia-a-boca-barrios\/#respond\"]}]},{\"@type\":\"WebPage\",\"@id\":\"https:\/\/futbolhoy.co\/index.php\/2020\/04\/06\/ojala-pueda-regresar-algun-dia-a-boca-barrios\/\",\"url\":\"https:\/\/futbolhoy.co\/index.php\/2020\/04\/06\/ojala-pueda-regresar-algun-dia-a-boca-barrios\/\",\"name\":\"Ojal\u00e1 pueda regresar alg\u00fan d\u00eda a Boca: Barrios -\",\"isPartOf\":{\"@id\":\"https:\/\/futbolhoy.co\/#website\"},\"primaryImageOfPage\":{\"@id\":\"https:\/\/futbolhoy.co\/index.php\/2020\/04\/06\/ojala-pueda-regresar-algun-dia-a-boca-barrios\/#primaryimage\"},\"image\":{\"@id\":\"https:\/\/futbolhoy.co\/index.php\/2020\/04\/06\/ojala-pueda-regresar-algun-dia-a-boca-barrios\/#primaryimage\"},\"thumbnailUrl\":\"https:\/\/futbolhoy.co\/wp-content\/uploads\/2020\/04\/DSje_aEX4AA1tER.jpg\",\"datePublished\":\"2020-04-06T14:40:00+00:00\",\"dateModified\":\"2020-04-07T14:06:37+00:00\",\"breadcrumb\":{\"@id\":\"https:\/\/futbolhoy.co\/index.php\/2020\/04\/06\/ojala-pueda-regresar-algun-dia-a-boca-barrios\/#breadcrumb\"},\"inLanguage\":\"es\",\"potentialAction\":[{\"@type\":\"ReadAction\",\"target\":[\"https:\/\/futbolhoy.co\/index.php\/2020\/04\/06\/ojala-pueda-regresar-algun-dia-a-boca-barrios\/\"]}]},{\"@type\":\"ImageObject\",\"inLanguage\":\"es\",\"@id\":\"https:\/\/futbolhoy.co\/index.php\/2020\/04\/06\/ojala-pueda-regresar-algun-dia-a-boca-barrios\/#primaryimage\",\"url\":\"https:\/\/futbolhoy.co\/wp-content\/uploads\/2020\/04\/DSje_aEX4AA1tER.jpg\",\"contentUrl\":\"https:\/\/futbolhoy.co\/wp-content\/uploads\/2020\/04\/DSje_aEX4AA1tER.jpg\",\"width\":1200,\"height\":871},{\"@type\":\"BreadcrumbList\",\"@id\":\"https:\/\/futbolhoy.co\/index.php\/2020\/04\/06\/ojala-pueda-regresar-algun-dia-a-boca-barrios\/#breadcrumb\",\"itemListElement\":[{\"@type\":\"ListItem\",\"position\":1,\"name\":\"Portada\",\"item\":\"https:\/\/futbolhoy.co\/\"},{\"@type\":\"ListItem\",\"position\":2,\"name\":\"Ojal\u00e1 pueda regresar alg\u00fan d\u00eda a Boca: Barrios\"}]},{\"@type\":\"WebSite\",\"@id\":\"https:\/\/futbolhoy.co\/#website\",\"url\":\"https:\/\/futbolhoy.co\/\",\"name\":\"FutbolHoy\",\"description\":\"\",\"publisher\":{\"@id\":\"https:\/\/futbolhoy.co\/#organization\"},\"potentialAction\":[{\"@type\":\"SearchAction\",\"target\":{\"@type\":\"EntryPoint\",\"urlTemplate\":\"https:\/\/futbolhoy.co\/?s={search_term_string}\"},\"query-input\":{\"@type\":\"PropertyValueSpecification\",\"valueRequired\":true,\"valueName\":\"search_term_string\"}}],\"inLanguage\":\"es\"},{\"@type\":\"Organization\",\"@id\":\"https:\/\/futbolhoy.co\/#organization\",\"name\":\"Futbolhoy.co\",\"url\":\"https:\/\/futbolhoy.co\/\",\"logo\":{\"@type\":\"ImageObject\",\"inLanguage\":\"es\",\"@id\":\"https:\/\/futbolhoy.co\/#\/schema\/logo\/image\/\",\"url\":\"https:\/\/futbolhoy.co\/wp-content\/uploads\/2018\/08\/17426380_1906371736249227_6326180412931521141_n.jpg\",\"contentUrl\":\"https:\/\/futbolhoy.co\/wp-content\/uploads\/2018\/08\/17426380_1906371736249227_6326180412931521141_n.jpg\",\"width\":960,\"height\":960,\"caption\":\"Futbolhoy.co\"},\"image\":{\"@id\":\"https:\/\/futbolhoy.co\/#\/schema\/logo\/image\/\"},\"sameAs\":[\"https:\/\/www.facebook.com\/FutbolHoyCol\/\",\"https:\/\/x.com\/FutbolHoyCol\",\"https:\/\/www.instagram.com\/futbolhoycol\/\"]},{\"@type\":\"Person\",\"@id\":\"https:\/\/futbolhoy.co\/#\/schema\/person\/c4a353a512b127643723a34bb1812f7d\",\"name\":\"Laura Hern\u00e1ndez\",\"image\":{\"@type\":\"ImageObject\",\"inLanguage\":\"es\",\"@id\":\"https:\/\/futbolhoy.co\/#\/schema\/person\/image\/\",\"url\":\"https:\/\/secure.gravatar.com\/avatar\/d25959a15b9b293a743f99181c7cfd01?s=96&d=mm&r=g\",\"contentUrl\":\"https:\/\/secure.gravatar.com\/avatar\/d25959a15b9b293a743f99181c7cfd01?s=96&d=mm&r=g\",\"caption\":\"Laura Hern\u00e1ndez\"}}]}<\/script>\n<!-- \/ Yoast SEO plugin. -->","yoast_head_json":{"title":"Ojal\u00e1 pueda regresar alg\u00fan d\u00eda a Boca: Barrios -","robots":{"index":"index","follow":"follow","max-snippet":"max-snippet:-1","max-image-preview":"max-image-preview:large","max-video-preview":"max-video-preview:-1"},"canonical":"https:\/\/futbolhoy.co\/index.php\/2020\/04\/06\/ojala-pueda-regresar-algun-dia-a-boca-barrios\/","og_locale":"es_ES","og_type":"article","og_title":"Ojal\u00e1 pueda regresar alg\u00fan d\u00eda a Boca: Barrios -","og_description":"(Wilmar Barrios en di\u00e1logo con Fox Sports) El volante cartagenero Wilmar Barrios dej\u00f3 abierta la opci\u00f3n de regresar a Boca Juniors, club que lo transfiri\u00f3 al Zenit de Rusia tras perder la final de la Copa Libertadores ante River Plate en 2018. \"Siento que todav\u00eda falta un cap\u00edtulo en Boca. Me qued\u00f3 pendiente ganar la [&hellip;]","og_url":"https:\/\/futbolhoy.co\/index.php\/2020\/04\/06\/ojala-pueda-regresar-algun-dia-a-boca-barrios\/","article_publisher":"https:\/\/www.facebook.com\/FutbolHoyCol\/","article_published_time":"2020-04-06T14:40:00+00:00","article_modified_time":"2020-04-07T14:06:37+00:00","og_image":[{"width":1200,"height":871,"url":"https:\/\/futbolhoy.co\/wp-content\/uploads\/2020\/04\/DSje_aEX4AA1tER.jpg","type":"image\/jpeg"}],"author":"Laura Hern\u00e1ndez","twitter_card":"summary_large_image","twitter_creator":"@FutbolHoyCol","twitter_site":"@FutbolHoyCol","twitter_misc":{"Escrito por":"Laura Hern\u00e1ndez","Tiempo de lectura":"1 minuto"},"schema":{"@context":"https:\/\/schema.org","@graph":[{"@type":"Article","@id":"https:\/\/futbolhoy.co\/index.php\/2020\/04\/06\/ojala-pueda-regresar-algun-dia-a-boca-barrios\/#article","isPartOf":{"@id":"https:\/\/futbolhoy.co\/index.php\/2020\/04\/06\/ojala-pueda-regresar-algun-dia-a-boca-barrios\/"},"author":{"name":"Laura Hern\u00e1ndez","@id":"https:\/\/futbolhoy.co\/#\/schema\/person\/c4a353a512b127643723a34bb1812f7d"},"headline":"Ojal\u00e1 pueda regresar alg\u00fan d\u00eda a Boca: Barrios","datePublished":"2020-04-06T14:40:00+00:00","dateModified":"2020-04-07T14:06:37+00:00","mainEntityOfPage":{"@id":"https:\/\/futbolhoy.co\/index.php\/2020\/04\/06\/ojala-pueda-regresar-algun-dia-a-boca-barrios\/"},"wordCount":222,"commentCount":0,"publisher":{"@id":"https:\/\/futbolhoy.co\/#organization"},"image":{"@id":"https:\/\/futbolhoy.co\/index.php\/2020\/04\/06\/ojala-pueda-regresar-algun-dia-a-boca-barrios\/#primaryimage"},"thumbnailUrl":"https:\/\/futbolhoy.co\/wp-content\/uploads\/2020\/04\/DSje_aEX4AA1tER.jpg","keywords":["Boca Juniors","Wilmar barrios"],"articleSection":["Colombia"],"inLanguage":"es","potentialAction":[{"@type":"CommentAction","name":"Comment","target":["https:\/\/futbolhoy.co\/index.php\/2020\/04\/06\/ojala-pueda-regresar-algun-dia-a-boca-barrios\/#respond"]}]},{"@type":"WebPage","@id":"https:\/\/futbolhoy.co\/index.php\/2020\/04\/06\/ojala-pueda-regresar-algun-dia-a-boca-barrios\/","url":"https:\/\/futbolhoy.co\/index.php\/2020\/04\/06\/ojala-pueda-regresar-algun-dia-a-boca-barrios\/","name":"Ojal\u00e1 pueda regresar alg\u00fan d\u00eda a Boca: Barrios -","isPartOf":{"@id":"https:\/\/futbolhoy.co\/#website"},"primaryImageOfPage":{"@id":"https:\/\/futbolhoy.co\/index.php\/2020\/04\/06\/ojala-pueda-regresar-algun-dia-a-boca-barrios\/#primaryimage"},"image":{"@id":"https:\/\/futbolhoy.co\/index.php\/2020\/04\/06\/ojala-pueda-regresar-algun-dia-a-boca-barrios\/#primaryimage"},"thumbnailUrl":"https:\/\/futbolhoy.co\/wp-content\/uploads\/2020\/04\/DSje_aEX4AA1tER.jpg","datePublished":"2020-04-06T14:40:00+00:00","dateModified":"2020-04-07T14:06:37+00:00","breadcrumb":{"@id":"https:\/\/futbolhoy.co\/index.php\/2020\/04\/06\/ojala-pueda-regresar-algun-dia-a-boca-barrios\/#breadcrumb"},"inLanguage":"es","potentialAction":[{"@type":"ReadAction","target":["https:\/\/futbolhoy.co\/index.php\/2020\/04\/06\/ojala-pueda-regresar-algun-dia-a-boca-barrios\/"]}]},{"@type":"ImageObject","inLanguage":"es","@id":"https:\/\/futbolhoy.co\/index.php\/2020\/04\/06\/ojala-pueda-regresar-algun-dia-a-boca-barrios\/#primaryimage","url":"https:\/\/futbolhoy.co\/wp-content\/uploads\/2020\/04\/DSje_aEX4AA1tER.jpg","contentUrl":"https:\/\/futbolhoy.co\/wp-content\/uploads\/2020\/04\/DSje_aEX4AA1tER.jpg","width":1200,"height":871},{"@type":"BreadcrumbList","@id":"https:\/\/futbolhoy.co\/index.php\/2020\/04\/06\/ojala-pueda-regresar-algun-dia-a-boca-barrios\/#breadcrumb","itemListElement":[{"@type":"ListItem","position":1,"name":"Portada","item":"https:\/\/futbolhoy.co\/"},{"@type":"ListItem","position":2,"name":"Ojal\u00e1 pueda regresar alg\u00fan d\u00eda a Boca: Barrios"}]},{"@type":"WebSite","@id":"https:\/\/futbolhoy.co\/#website","url":"https:\/\/futbolhoy.co\/","name":"FutbolHoy","description":"","publisher":{"@id":"https:\/\/futbolhoy.co\/#organization"},"potentialAction":[{"@type":"SearchAction","target":{"@type":"EntryPoint","urlTemplate":"https:\/\/futbolhoy.co\/?s={search_term_string}"},"query-input":{"@type":"PropertyValueSpecification","valueRequired":true,"valueName":"search_term_string"}}],"inLanguage":"es"},{"@type":"Organization","@id":"https:\/\/futbolhoy.co\/#organization","name":"Futbolhoy.co","url":"https:\/\/futbolhoy.co\/","logo":{"@type":"ImageObject","inLanguage":"es","@id":"https:\/\/futbolhoy.co\/#\/schema\/logo\/image\/","url":"https:\/\/futbolhoy.co\/wp-content\/uploads\/2018\/08\/17426380_1906371736249227_6326180412931521141_n.jpg","contentUrl":"https:\/\/futbolhoy.co\/wp-content\/uploads\/2018\/08\/17426380_1906371736249227_6326180412931521141_n.jpg","width":960,"height":960,"caption":"Futbolhoy.co"},"image":{"@id":"https:\/\/futbolhoy.co\/#\/schema\/logo\/image\/"},"sameAs":["https:\/\/www.facebook.com\/FutbolHoyCol\/","https:\/\/x.com\/FutbolHoyCol","https:\/\/www.instagram.com\/futbolhoycol\/"]},{"@type":"Person","@id":"https:\/\/futbolhoy.co\/#\/schema\/person\/c4a353a512b127643723a34bb1812f7d","name":"Laura Hern\u00e1ndez","image":{"@type":"ImageObject","inLanguage":"es","@id":"https:\/\/futbolhoy.co\/#\/schema\/person\/image\/","url":"https:\/\/secure.gravatar.com\/avatar\/d25959a15b9b293a743f99181c7cfd01?s=96&d=mm&r=g","contentUrl":"https:\/\/secure.gravatar.com\/avatar\/d25959a15b9b293a743f99181c7cfd01?s=96&d=mm&r=g","caption":"Laura Hern\u00e1ndez"}}]}},"publishpress_future_action":{"enabled":false,"date":"2026-05-04 08:52:05","action":"change-status","newStatus":"draft","terms":[],"taxonomy":"category","extraData":[]},"publishpress_future_workflow_manual_trigger":{"enabledWorkflows":[]},"_links":{"self":[{"href":"https:\/\/futbolhoy.co\/index.php\/wp-json\/wp\/v2\/posts\/49718","targetHints":{"allow":["GET"]}}],"collection":[{"href":"https:\/\/futbolhoy.co\/index.php\/wp-json\/wp\/v2\/posts"}],"about":[{"href":"https:\/\/futbolhoy.co\/index.php\/wp-json\/wp\/v2\/types\/post"}],"author":[{"embeddable":true,"href":"https:\/\/futbolhoy.co\/index.php\/wp-json\/wp\/v2\/users\/5"}],"replies":[{"embeddable":true,"href":"https:\/\/futbolhoy.co\/index.php\/wp-json\/wp\/v2\/comments?post=49718"}],"version-history":[{"count":1,"href":"https:\/\/futbolhoy.co\/index.php\/wp-json\/wp\/v2\/posts\/49718\/revisions"}],"predecessor-version":[{"id":49721,"href":"https:\/\/futbolhoy.co\/index.php\/wp-json\/wp\/v2\/posts\/49718\/revisions\/49721"}],"wp:featuredmedia":[{"embeddable":true,"href":"https:\/\/futbolhoy.co\/index.php\/wp-json\/wp\/v2\/media\/49720"}],"wp:attachment":[{"href":"https:\/\/futbolhoy.co\/index.php\/wp-json\/wp\/v2\/media?parent=49718"}],"wp:term":[{"taxonomy":"category","embeddable":true,"href":"https:\/\/futbolhoy.co\/index.php\/wp-json\/wp\/v2\/categories?post=49718"},{"taxonomy":"post_tag","embeddable":true,"href":"https:\/\/futbolhoy.co\/index.php\/wp-json\/wp\/v2\/tags?post=49718"}],"curies":[{"name":"wp","href":"https:\/\/api.w.org\/{rel}","templated":true}]}}