{"id":49736,"date":"2020-04-06T08:02:30","date_gmt":"2020-04-06T13:02:30","guid":{"rendered":"https:\/\/futbolhoy.co\/?p=49736"},"modified":"2020-04-07T08:51:12","modified_gmt":"2020-04-07T13:51:12","slug":"un-dia-como-hoy-34-anos-de-la-pelota-naranja-del-beto","status":"publish","type":"post","link":"https:\/\/futbolhoy.co\/index.php\/2020\/04\/06\/un-dia-como-hoy-34-anos-de-la-pelota-naranja-del-beto\/","title":{"rendered":"Un d\u00eda como hoy: 34 a\u00f1os de la pelota naranja del 'Beto'"},"content":{"rendered":"<p style=\"text-align: justify;\"><span style=\"font-family: helvetica, arial, sans-serif;\">Un 6 de abril de 1986, hace 34 a\u00f1os, <strong>River Plate<\/strong> venci\u00f3 0-2 a <strong>Boca Juniors<\/strong> en el estadio <strong>La Bombonera<\/strong>, en un duelo que cont\u00f3 con bastantes particularidades, una de ellas, el uso de una pelota naranja durante los primeros 45 minutos del encuentro a pedido del portero <strong>Hugo<\/strong> <strong>Gatti,<\/strong> para mejorar su visibilidad.<\/span><\/p>\n<p style=\"text-align: justify;\"><span style=\"font-family: helvetica, arial, sans-serif;\">River se hab\u00eda consagrado campe\u00f3n a falta de cuatro jornadas, en la fecha 34, tras vencer 0-1 a <strong>Gimnasia<\/strong> en <strong>La Plata.<\/strong> En la 35 celebr\u00f3 el t\u00edtulo en el <strong>Monumental<\/strong>, cayendo 0-1 frente al <strong>Deportivo Espa\u00f1ol;<\/strong> sin embargo, en la jornada 36 decidi\u00f3 dar la vuelta ol\u00edmpica previo al compromiso, en campo de su archirrival.<\/span><\/p>\n<p style=\"text-align: justify;\"><span style=\"font-family: helvetica, arial, sans-serif;\">Norberto 'Beto' Alonso fue la gran figura de aquel encuentro al convertir dos anotaciones, la primera en el primer tiempo, tras un centro de <strong>Roque Alfaro<\/strong> a los 30 minutos. El gol de cabeza se hizo una instituci\u00f3n en el club 'Millonario', tras haberlo convertido con la pelota naranja.<\/span><\/p>\n<p style=\"text-align: justify;\"><span style=\"font-family: helvetica, arial, sans-serif;\">Para el segundo tiempo se continu\u00f3 el juego con la tradicional pelota blanca y ah\u00ed el 'Beto' marc\u00f3 el 2-0 definitivo del encuentro.<\/span><\/p>\n<blockquote class=\"twitter-tweet\">\n<p dir=\"ltr\" lang=\"es\"><a href=\"https:\/\/twitter.com\/hashtag\/UnD%C3%ADaComoHoy?src=hash&amp;ref_src=twsrc%5Etfw\">#UnD\u00edaComoHoy<\/a> \ud83d\udcc6 1986<\/p>\n<p>\ud83d\udcdc La leyenda del Beto y uno de sus cap\u00edtulos m\u00e1s gloriosos. <a href=\"https:\/\/twitter.com\/hashtag\/ElBetoYLaNaranja?src=hash&amp;ref_src=twsrc%5Etfw\">#ElBetoYLaNaranja<\/a> \ud83e\udde1\u26bd <a href=\"https:\/\/t.co\/5Le5I2bwPD\">pic.twitter.com\/5Le5I2bwPD<\/a><\/p>\n<p>\u2014 River Plate (@RiverPlate) <a href=\"https:\/\/twitter.com\/RiverPlate\/status\/1246996233463435266?ref_src=twsrc%5Etfw\">April 6, 2020<\/a><\/p><\/blockquote>\n<p><script async src=\"https:\/\/platform.twitter.com\/widgets.js\" charset=\"utf-8\"><\/script><\/p>\n","protected":false},"excerpt":{"rendered":"<p>Un 6 de abril de 1986, hace 34 a\u00f1os, River Plate venci\u00f3 0-2 a Boca Juniors en el estadio La Bombonera, en un duelo que cont\u00f3 con bastantes particularidades, una de ellas, el uso de una pelota naranja durante los primeros 45 minutos del encuentro a pedido del portero Hugo Gatti, para mejorar su visibilidad. [&hellip;]<\/p>\n","protected":false},"author":5,"featured_media":49738,"comment_status":"open","ping_status":"open","sticky":false,"template":"","format":"standard","meta":{"_acf_changed":false,"footnotes":""},"categories":[152],"tags":[1799,1800,84],"class_list":{"0":"post-49736","1":"post","2":"type-post","3":"status-publish","4":"format-standard","5":"has-post-thumbnail","7":"category-mundo-futbol","8":"tag-beto-alonso","9":"tag-pelota-naranja","10":"tag-river-plate"},"acf":[],"yoast_head":"<!-- This site is optimized with the Yoast SEO plugin v26.8 - https:\/\/yoast.com\/product\/yoast-seo-wordpress\/ -->\n<title>Un d\u00eda como hoy: 34 a\u00f1os de la pelota naranja del &#039;Beto&#039; -<\/title>\n<meta name=\"robots\" content=\"index, follow, max-snippet:-1, max-image-preview:large, max-video-preview:-1\" \/>\n<link rel=\"canonical\" href=\"https:\/\/futbolhoy.co\/index.php\/2020\/04\/06\/un-dia-como-hoy-34-anos-de-la-pelota-naranja-del-beto\/\" \/>\n<meta property=\"og:locale\" content=\"es_ES\" \/>\n<meta property=\"og:type\" content=\"article\" \/>\n<meta property=\"og:title\" content=\"Un d\u00eda como hoy: 34 a\u00f1os de la pelota naranja del &#039;Beto&#039; -\" \/>\n<meta property=\"og:description\" content=\"Un 6 de abril de 1986, hace 34 a\u00f1os, River Plate venci\u00f3 0-2 a Boca Juniors en el estadio La Bombonera, en un duelo que cont\u00f3 con bastantes particularidades, una de ellas, el uso de una pelota naranja durante los primeros 45 minutos del encuentro a pedido del portero Hugo Gatti, para mejorar su visibilidad. [&hellip;]\" \/>\n<meta property=\"og:url\" content=\"https:\/\/futbolhoy.co\/index.php\/2020\/04\/06\/un-dia-como-hoy-34-anos-de-la-pelota-naranja-del-beto\/\" \/>\n<meta property=\"article:publisher\" content=\"https:\/\/www.facebook.com\/FutbolHoyCol\/\" \/>\n<meta property=\"article:published_time\" content=\"2020-04-06T13:02:30+00:00\" \/>\n<meta property=\"article:modified_time\" content=\"2020-04-07T13:51:12+00:00\" \/>\n<meta property=\"og:image\" content=\"https:\/\/futbolhoy.co\/wp-content\/uploads\/2020\/04\/Pelota-naranja.png\" \/>\n\t<meta property=\"og:image:width\" content=\"897\" \/>\n\t<meta property=\"og:image:height\" content=\"504\" \/>\n\t<meta property=\"og:image:type\" content=\"image\/png\" \/>\n<meta name=\"author\" content=\"Laura Hern\u00e1ndez\" \/>\n<meta name=\"twitter:card\" content=\"summary_large_image\" \/>\n<meta name=\"twitter:creator\" content=\"@FutbolHoyCol\" \/>\n<meta name=\"twitter:site\" content=\"@FutbolHoyCol\" \/>\n<meta name=\"twitter:label1\" content=\"Escrito por\" \/>\n\t<meta name=\"twitter:data1\" content=\"Laura Hern\u00e1ndez\" \/>\n\t<meta name=\"twitter:label2\" content=\"Tiempo de lectura\" \/>\n\t<meta name=\"twitter:data2\" content=\"1 minuto\" \/>\n<script type=\"application\/ld+json\" class=\"yoast-schema-graph\">{\"@context\":\"https:\/\/schema.org\",\"@graph\":[{\"@type\":\"Article\",\"@id\":\"https:\/\/futbolhoy.co\/index.php\/2020\/04\/06\/un-dia-como-hoy-34-anos-de-la-pelota-naranja-del-beto\/#article\",\"isPartOf\":{\"@id\":\"https:\/\/futbolhoy.co\/index.php\/2020\/04\/06\/un-dia-como-hoy-34-anos-de-la-pelota-naranja-del-beto\/\"},\"author\":{\"name\":\"Laura Hern\u00e1ndez\",\"@id\":\"https:\/\/futbolhoy.co\/#\/schema\/person\/c4a353a512b127643723a34bb1812f7d\"},\"headline\":\"Un d\u00eda como hoy: 34 a\u00f1os de la pelota naranja del 'Beto'\",\"datePublished\":\"2020-04-06T13:02:30+00:00\",\"dateModified\":\"2020-04-07T13:51:12+00:00\",\"mainEntityOfPage\":{\"@id\":\"https:\/\/futbolhoy.co\/index.php\/2020\/04\/06\/un-dia-como-hoy-34-anos-de-la-pelota-naranja-del-beto\/\"},\"wordCount\":221,\"commentCount\":0,\"publisher\":{\"@id\":\"https:\/\/futbolhoy.co\/#organization\"},\"image\":{\"@id\":\"https:\/\/futbolhoy.co\/index.php\/2020\/04\/06\/un-dia-como-hoy-34-anos-de-la-pelota-naranja-del-beto\/#primaryimage\"},\"thumbnailUrl\":\"https:\/\/futbolhoy.co\/wp-content\/uploads\/2020\/04\/Pelota-naranja.png\",\"keywords\":[\"Beto Alonso\",\"Pelota naranja\",\"River Plate\"],\"articleSection\":[\"Mundo Futbol\"],\"inLanguage\":\"es\",\"potentialAction\":[{\"@type\":\"CommentAction\",\"name\":\"Comment\",\"target\":[\"https:\/\/futbolhoy.co\/index.php\/2020\/04\/06\/un-dia-como-hoy-34-anos-de-la-pelota-naranja-del-beto\/#respond\"]}]},{\"@type\":\"WebPage\",\"@id\":\"https:\/\/futbolhoy.co\/index.php\/2020\/04\/06\/un-dia-como-hoy-34-anos-de-la-pelota-naranja-del-beto\/\",\"url\":\"https:\/\/futbolhoy.co\/index.php\/2020\/04\/06\/un-dia-como-hoy-34-anos-de-la-pelota-naranja-del-beto\/\",\"name\":\"Un d\u00eda como hoy: 34 a\u00f1os de la pelota naranja del 'Beto' -\",\"isPartOf\":{\"@id\":\"https:\/\/futbolhoy.co\/#website\"},\"primaryImageOfPage\":{\"@id\":\"https:\/\/futbolhoy.co\/index.php\/2020\/04\/06\/un-dia-como-hoy-34-anos-de-la-pelota-naranja-del-beto\/#primaryimage\"},\"image\":{\"@id\":\"https:\/\/futbolhoy.co\/index.php\/2020\/04\/06\/un-dia-como-hoy-34-anos-de-la-pelota-naranja-del-beto\/#primaryimage\"},\"thumbnailUrl\":\"https:\/\/futbolhoy.co\/wp-content\/uploads\/2020\/04\/Pelota-naranja.png\",\"datePublished\":\"2020-04-06T13:02:30+00:00\",\"dateModified\":\"2020-04-07T13:51:12+00:00\",\"breadcrumb\":{\"@id\":\"https:\/\/futbolhoy.co\/index.php\/2020\/04\/06\/un-dia-como-hoy-34-anos-de-la-pelota-naranja-del-beto\/#breadcrumb\"},\"inLanguage\":\"es\",\"potentialAction\":[{\"@type\":\"ReadAction\",\"target\":[\"https:\/\/futbolhoy.co\/index.php\/2020\/04\/06\/un-dia-como-hoy-34-anos-de-la-pelota-naranja-del-beto\/\"]}]},{\"@type\":\"ImageObject\",\"inLanguage\":\"es\",\"@id\":\"https:\/\/futbolhoy.co\/index.php\/2020\/04\/06\/un-dia-como-hoy-34-anos-de-la-pelota-naranja-del-beto\/#primaryimage\",\"url\":\"https:\/\/futbolhoy.co\/wp-content\/uploads\/2020\/04\/Pelota-naranja.png\",\"contentUrl\":\"https:\/\/futbolhoy.co\/wp-content\/uploads\/2020\/04\/Pelota-naranja.png\",\"width\":897,\"height\":504},{\"@type\":\"BreadcrumbList\",\"@id\":\"https:\/\/futbolhoy.co\/index.php\/2020\/04\/06\/un-dia-como-hoy-34-anos-de-la-pelota-naranja-del-beto\/#breadcrumb\",\"itemListElement\":[{\"@type\":\"ListItem\",\"position\":1,\"name\":\"Portada\",\"item\":\"https:\/\/futbolhoy.co\/\"},{\"@type\":\"ListItem\",\"position\":2,\"name\":\"Un d\u00eda como hoy: 34 a\u00f1os de la pelota naranja del &#8216;Beto&#8217;\"}]},{\"@type\":\"WebSite\",\"@id\":\"https:\/\/futbolhoy.co\/#website\",\"url\":\"https:\/\/futbolhoy.co\/\",\"name\":\"FutbolHoy\",\"description\":\"\",\"publisher\":{\"@id\":\"https:\/\/futbolhoy.co\/#organization\"},\"potentialAction\":[{\"@type\":\"SearchAction\",\"target\":{\"@type\":\"EntryPoint\",\"urlTemplate\":\"https:\/\/futbolhoy.co\/?s={search_term_string}\"},\"query-input\":{\"@type\":\"PropertyValueSpecification\",\"valueRequired\":true,\"valueName\":\"search_term_string\"}}],\"inLanguage\":\"es\"},{\"@type\":\"Organization\",\"@id\":\"https:\/\/futbolhoy.co\/#organization\",\"name\":\"Futbolhoy.co\",\"url\":\"https:\/\/futbolhoy.co\/\",\"logo\":{\"@type\":\"ImageObject\",\"inLanguage\":\"es\",\"@id\":\"https:\/\/futbolhoy.co\/#\/schema\/logo\/image\/\",\"url\":\"https:\/\/futbolhoy.co\/wp-content\/uploads\/2018\/08\/17426380_1906371736249227_6326180412931521141_n.jpg\",\"contentUrl\":\"https:\/\/futbolhoy.co\/wp-content\/uploads\/2018\/08\/17426380_1906371736249227_6326180412931521141_n.jpg\",\"width\":960,\"height\":960,\"caption\":\"Futbolhoy.co\"},\"image\":{\"@id\":\"https:\/\/futbolhoy.co\/#\/schema\/logo\/image\/\"},\"sameAs\":[\"https:\/\/www.facebook.com\/FutbolHoyCol\/\",\"https:\/\/x.com\/FutbolHoyCol\",\"https:\/\/www.instagram.com\/futbolhoycol\/\"]},{\"@type\":\"Person\",\"@id\":\"https:\/\/futbolhoy.co\/#\/schema\/person\/c4a353a512b127643723a34bb1812f7d\",\"name\":\"Laura Hern\u00e1ndez\",\"image\":{\"@type\":\"ImageObject\",\"inLanguage\":\"es\",\"@id\":\"https:\/\/futbolhoy.co\/#\/schema\/person\/image\/\",\"url\":\"https:\/\/secure.gravatar.com\/avatar\/d25959a15b9b293a743f99181c7cfd01?s=96&d=mm&r=g\",\"contentUrl\":\"https:\/\/secure.gravatar.com\/avatar\/d25959a15b9b293a743f99181c7cfd01?s=96&d=mm&r=g\",\"caption\":\"Laura Hern\u00e1ndez\"}}]}<\/script>\n<!-- \/ Yoast SEO plugin. -->","yoast_head_json":{"title":"Un d\u00eda como hoy: 34 a\u00f1os de la pelota naranja del 'Beto' -","robots":{"index":"index","follow":"follow","max-snippet":"max-snippet:-1","max-image-preview":"max-image-preview:large","max-video-preview":"max-video-preview:-1"},"canonical":"https:\/\/futbolhoy.co\/index.php\/2020\/04\/06\/un-dia-como-hoy-34-anos-de-la-pelota-naranja-del-beto\/","og_locale":"es_ES","og_type":"article","og_title":"Un d\u00eda como hoy: 34 a\u00f1os de la pelota naranja del 'Beto' -","og_description":"Un 6 de abril de 1986, hace 34 a\u00f1os, River Plate venci\u00f3 0-2 a Boca Juniors en el estadio La Bombonera, en un duelo que cont\u00f3 con bastantes particularidades, una de ellas, el uso de una pelota naranja durante los primeros 45 minutos del encuentro a pedido del portero Hugo Gatti, para mejorar su visibilidad. [&hellip;]","og_url":"https:\/\/futbolhoy.co\/index.php\/2020\/04\/06\/un-dia-como-hoy-34-anos-de-la-pelota-naranja-del-beto\/","article_publisher":"https:\/\/www.facebook.com\/FutbolHoyCol\/","article_published_time":"2020-04-06T13:02:30+00:00","article_modified_time":"2020-04-07T13:51:12+00:00","og_image":[{"width":897,"height":504,"url":"https:\/\/futbolhoy.co\/wp-content\/uploads\/2020\/04\/Pelota-naranja.png","type":"image\/png"}],"author":"Laura Hern\u00e1ndez","twitter_card":"summary_large_image","twitter_creator":"@FutbolHoyCol","twitter_site":"@FutbolHoyCol","twitter_misc":{"Escrito por":"Laura Hern\u00e1ndez","Tiempo de lectura":"1 minuto"},"schema":{"@context":"https:\/\/schema.org","@graph":[{"@type":"Article","@id":"https:\/\/futbolhoy.co\/index.php\/2020\/04\/06\/un-dia-como-hoy-34-anos-de-la-pelota-naranja-del-beto\/#article","isPartOf":{"@id":"https:\/\/futbolhoy.co\/index.php\/2020\/04\/06\/un-dia-como-hoy-34-anos-de-la-pelota-naranja-del-beto\/"},"author":{"name":"Laura Hern\u00e1ndez","@id":"https:\/\/futbolhoy.co\/#\/schema\/person\/c4a353a512b127643723a34bb1812f7d"},"headline":"Un d\u00eda como hoy: 34 a\u00f1os de la pelota naranja del 'Beto'","datePublished":"2020-04-06T13:02:30+00:00","dateModified":"2020-04-07T13:51:12+00:00","mainEntityOfPage":{"@id":"https:\/\/futbolhoy.co\/index.php\/2020\/04\/06\/un-dia-como-hoy-34-anos-de-la-pelota-naranja-del-beto\/"},"wordCount":221,"commentCount":0,"publisher":{"@id":"https:\/\/futbolhoy.co\/#organization"},"image":{"@id":"https:\/\/futbolhoy.co\/index.php\/2020\/04\/06\/un-dia-como-hoy-34-anos-de-la-pelota-naranja-del-beto\/#primaryimage"},"thumbnailUrl":"https:\/\/futbolhoy.co\/wp-content\/uploads\/2020\/04\/Pelota-naranja.png","keywords":["Beto Alonso","Pelota naranja","River Plate"],"articleSection":["Mundo Futbol"],"inLanguage":"es","potentialAction":[{"@type":"CommentAction","name":"Comment","target":["https:\/\/futbolhoy.co\/index.php\/2020\/04\/06\/un-dia-como-hoy-34-anos-de-la-pelota-naranja-del-beto\/#respond"]}]},{"@type":"WebPage","@id":"https:\/\/futbolhoy.co\/index.php\/2020\/04\/06\/un-dia-como-hoy-34-anos-de-la-pelota-naranja-del-beto\/","url":"https:\/\/futbolhoy.co\/index.php\/2020\/04\/06\/un-dia-como-hoy-34-anos-de-la-pelota-naranja-del-beto\/","name":"Un d\u00eda como hoy: 34 a\u00f1os de la pelota naranja del 'Beto' -","isPartOf":{"@id":"https:\/\/futbolhoy.co\/#website"},"primaryImageOfPage":{"@id":"https:\/\/futbolhoy.co\/index.php\/2020\/04\/06\/un-dia-como-hoy-34-anos-de-la-pelota-naranja-del-beto\/#primaryimage"},"image":{"@id":"https:\/\/futbolhoy.co\/index.php\/2020\/04\/06\/un-dia-como-hoy-34-anos-de-la-pelota-naranja-del-beto\/#primaryimage"},"thumbnailUrl":"https:\/\/futbolhoy.co\/wp-content\/uploads\/2020\/04\/Pelota-naranja.png","datePublished":"2020-04-06T13:02:30+00:00","dateModified":"2020-04-07T13:51:12+00:00","breadcrumb":{"@id":"https:\/\/futbolhoy.co\/index.php\/2020\/04\/06\/un-dia-como-hoy-34-anos-de-la-pelota-naranja-del-beto\/#breadcrumb"},"inLanguage":"es","potentialAction":[{"@type":"ReadAction","target":["https:\/\/futbolhoy.co\/index.php\/2020\/04\/06\/un-dia-como-hoy-34-anos-de-la-pelota-naranja-del-beto\/"]}]},{"@type":"ImageObject","inLanguage":"es","@id":"https:\/\/futbolhoy.co\/index.php\/2020\/04\/06\/un-dia-como-hoy-34-anos-de-la-pelota-naranja-del-beto\/#primaryimage","url":"https:\/\/futbolhoy.co\/wp-content\/uploads\/2020\/04\/Pelota-naranja.png","contentUrl":"https:\/\/futbolhoy.co\/wp-content\/uploads\/2020\/04\/Pelota-naranja.png","width":897,"height":504},{"@type":"BreadcrumbList","@id":"https:\/\/futbolhoy.co\/index.php\/2020\/04\/06\/un-dia-como-hoy-34-anos-de-la-pelota-naranja-del-beto\/#breadcrumb","itemListElement":[{"@type":"ListItem","position":1,"name":"Portada","item":"https:\/\/futbolhoy.co\/"},{"@type":"ListItem","position":2,"name":"Un d\u00eda como hoy: 34 a\u00f1os de la pelota naranja del &#8216;Beto&#8217;"}]},{"@type":"WebSite","@id":"https:\/\/futbolhoy.co\/#website","url":"https:\/\/futbolhoy.co\/","name":"FutbolHoy","description":"","publisher":{"@id":"https:\/\/futbolhoy.co\/#organization"},"potentialAction":[{"@type":"SearchAction","target":{"@type":"EntryPoint","urlTemplate":"https:\/\/futbolhoy.co\/?s={search_term_string}"},"query-input":{"@type":"PropertyValueSpecification","valueRequired":true,"valueName":"search_term_string"}}],"inLanguage":"es"},{"@type":"Organization","@id":"https:\/\/futbolhoy.co\/#organization","name":"Futbolhoy.co","url":"https:\/\/futbolhoy.co\/","logo":{"@type":"ImageObject","inLanguage":"es","@id":"https:\/\/futbolhoy.co\/#\/schema\/logo\/image\/","url":"https:\/\/futbolhoy.co\/wp-content\/uploads\/2018\/08\/17426380_1906371736249227_6326180412931521141_n.jpg","contentUrl":"https:\/\/futbolhoy.co\/wp-content\/uploads\/2018\/08\/17426380_1906371736249227_6326180412931521141_n.jpg","width":960,"height":960,"caption":"Futbolhoy.co"},"image":{"@id":"https:\/\/futbolhoy.co\/#\/schema\/logo\/image\/"},"sameAs":["https:\/\/www.facebook.com\/FutbolHoyCol\/","https:\/\/x.com\/FutbolHoyCol","https:\/\/www.instagram.com\/futbolhoycol\/"]},{"@type":"Person","@id":"https:\/\/futbolhoy.co\/#\/schema\/person\/c4a353a512b127643723a34bb1812f7d","name":"Laura Hern\u00e1ndez","image":{"@type":"ImageObject","inLanguage":"es","@id":"https:\/\/futbolhoy.co\/#\/schema\/person\/image\/","url":"https:\/\/secure.gravatar.com\/avatar\/d25959a15b9b293a743f99181c7cfd01?s=96&d=mm&r=g","contentUrl":"https:\/\/secure.gravatar.com\/avatar\/d25959a15b9b293a743f99181c7cfd01?s=96&d=mm&r=g","caption":"Laura Hern\u00e1ndez"}}]}},"publishpress_future_action":{"enabled":false,"date":"2026-05-04 01:59:52","action":"change-status","newStatus":"draft","terms":[],"taxonomy":"category","extraData":[]},"publishpress_future_workflow_manual_trigger":{"enabledWorkflows":[]},"_links":{"self":[{"href":"https:\/\/futbolhoy.co\/index.php\/wp-json\/wp\/v2\/posts\/49736","targetHints":{"allow":["GET"]}}],"collection":[{"href":"https:\/\/futbolhoy.co\/index.php\/wp-json\/wp\/v2\/posts"}],"about":[{"href":"https:\/\/futbolhoy.co\/index.php\/wp-json\/wp\/v2\/types\/post"}],"author":[{"embeddable":true,"href":"https:\/\/futbolhoy.co\/index.php\/wp-json\/wp\/v2\/users\/5"}],"replies":[{"embeddable":true,"href":"https:\/\/futbolhoy.co\/index.php\/wp-json\/wp\/v2\/comments?post=49736"}],"version-history":[{"count":2,"href":"https:\/\/futbolhoy.co\/index.php\/wp-json\/wp\/v2\/posts\/49736\/revisions"}],"predecessor-version":[{"id":49760,"href":"https:\/\/futbolhoy.co\/index.php\/wp-json\/wp\/v2\/posts\/49736\/revisions\/49760"}],"wp:featuredmedia":[{"embeddable":true,"href":"https:\/\/futbolhoy.co\/index.php\/wp-json\/wp\/v2\/media\/49738"}],"wp:attachment":[{"href":"https:\/\/futbolhoy.co\/index.php\/wp-json\/wp\/v2\/media?parent=49736"}],"wp:term":[{"taxonomy":"category","embeddable":true,"href":"https:\/\/futbolhoy.co\/index.php\/wp-json\/wp\/v2\/categories?post=49736"},{"taxonomy":"post_tag","embeddable":true,"href":"https:\/\/futbolhoy.co\/index.php\/wp-json\/wp\/v2\/tags?post=49736"}],"curies":[{"name":"wp","href":"https:\/\/api.w.org\/{rel}","templated":true}]}}