{"id":49761,"date":"2020-04-07T09:06:28","date_gmt":"2020-04-07T14:06:28","guid":{"rendered":"https:\/\/futbolhoy.co\/?p=49761"},"modified":"2020-04-07T18:49:24","modified_gmt":"2020-04-07T23:49:24","slug":"hay-jorman-para-rato-en-boca","status":"publish","type":"post","link":"https:\/\/futbolhoy.co\/index.php\/2020\/04\/07\/hay-jorman-para-rato-en-boca\/","title":{"rendered":"Hay Jorman para rato en Boca"},"content":{"rendered":"<p style=\"text-align: justify;\"><span style=\"font-family: helvetica, arial, sans-serif;\">El volante colombiano <strong>Jorman Campuzano<\/strong> asegur\u00f3 que tiene la cabeza puesta en <strong>Boca Juniors,<\/strong> que espera quedarse mucho tiempo en el club y ganar la<strong> Copa Libertadores<\/strong> y muchos t\u00edtulos m\u00e1s.<\/span><\/p>\n<p style=\"text-align: justify;\"><span style=\"font-family: helvetica, arial, sans-serif;\">\"Estoy cumpliendo el sue\u00f1o de muchos ni\u00f1os en <strong>Colombia<\/strong> y <strong>Argentina.<\/strong> Los sue\u00f1os no se abandonan, hay que luchar por ellos\", a\u00f1adi\u00f3 el volante de 23 a\u00f1os.<\/span><\/p>\n<p style=\"text-align: justify;\"><span style=\"font-family: helvetica, arial, sans-serif;\">Respecto a la suspensi\u00f3n de la <strong>Copa de la Superliga<\/strong>, se\u00f1al\u00f3 que los jugadores extra\u00f1an tanto jugar, como los aficionados asistir al estadio, pero que deben cuidarse y no han perdido el contacto, ya que hacen sesiones de trabajo f\u00edsico donde se conectan a trav\u00e9s de 'Zoom'.<\/span><\/p>\n<p style=\"text-align: justify;\"><span style=\"font-family: helvetica, arial, sans-serif;\">Campuzano en di\u00e1logo con las redes sociales del club y algunos hinchas, entreg\u00f3 las siguientes declaraciones.<\/span><\/p>\n<p style=\"text-align: justify;\"><strong><span style=\"font-family: helvetica, arial, sans-serif;\">- \u00bfC\u00f3mo est\u00e1s pasando estos d\u00edas de cuarentena en tu casa y c\u00f3mo pasa los d\u00edas un deportista profesional estando encerrado?<\/span><\/strong><\/p>\n<p style=\"text-align: justify;\"><span style=\"font-family: helvetica, arial, sans-serif;\">- Para nosotros es un poco complicado no tener contacto con la pelota y con el campo, pero yo creo si eres un jugador profesional est\u00e1s 100% dedicado al f\u00fatbol. Trabajas en tu casa, as\u00ed sea con un plato o una cuchara, buscar alg\u00fan ejercicio que te ayude a mantenerte f\u00edsicamente. Con la familia comparto mucho m\u00e1s, inventamos juegos o buscamos por internet qu\u00e9 juegos podemos compartir con ellos.<\/span><\/p>\n<p style=\"text-align: justify;\"><strong><span style=\"font-family: helvetica, arial, sans-serif;\">-\u00bfC\u00f3mo llevas este parate obligatorio?<\/span><\/strong><\/p>\n<p style=\"text-align: justify;\"><span style=\"font-family: helvetica, arial, sans-serif;\">- Es complicado, porque nos gusta el f\u00fatbol y nos gusta estar en contacto con la pelota. Ahora podemos hacer los ejercicios que nos manda el profe (Lanatta) por ac\u00e1 (aplicaci\u00f3n de video llamada Zoom). La verdad que con estos medios tenemos la posibilidad de comunicarnos, de vernos y trabajar todos juntos que es lo importante. Siempre estamos en contacto con el cuerpo t\u00e9cnico y los compa\u00f1eros.<\/span><\/p>\n<p style=\"text-align: justify;\"><strong><span style=\"font-family: helvetica, arial, sans-serif;\">- \u00bfC\u00f3mo son estos entrenamientos virtuales?<\/span><\/strong><\/p>\n<p style=\"text-align: justify;\"><span style=\"font-family: helvetica, arial, sans-serif;\">- La verdad que s\u00e9 muy poco de tecnolog\u00eda, el profe (Lanatta) nos manda el link y \u00e9l nos va diciendo, a trav\u00e9s de la pantalla, los trabajos que tenemos que hacer. Sabemos que no es igual, porque no es como tener tu espacio y tu campo de juego donde pod\u00e9s hacer todos los ejercicios y eso es un poco complicado. Lo importante es seguir trabajando y no perder el ritmo. Lo de la aplicaci\u00f3n no s\u00e9 explic\u00e1rtelo, pero nos comunicamos todos. Yo simplemente paso la pantalla y los veo a todos. Veo como 18 pantallas todas juntas (risas).<\/span><\/p>\n<p style=\"text-align: justify;\"><strong><span style=\"font-family: helvetica, arial, sans-serif;\">- \u00bfQui\u00e9n es el m\u00e1s bromista de los tres colombianos? \u00bfVos, Fabra o Villa?<\/span><\/strong><\/p>\n<p style=\"text-align: justify;\"><span style=\"font-family: helvetica, arial, sans-serif;\">- Depende de la circunstancia. El m\u00e1s recochero, en el sentido de hacerte bromas, es Frank. Yo soy m\u00e1s de echar chistes. Y Villa es m\u00e1s de enojarse de nuestras bromas (risas). Cada quien tiene un poquito para hacer re\u00edr.<\/span><\/p>\n<p style=\"text-align: justify;\"><strong><span style=\"font-family: helvetica, arial, sans-serif;\">- Y es un sue\u00f1o estar en Boca porque no fue nada f\u00e1cil en tus inicios\u2026<\/span><\/strong><\/p>\n<p style=\"text-align: justify;\"><span style=\"font-family: helvetica, arial, sans-serif;\">- S\u00ed. Si saben algo de mi historia, saben que fue muy dif\u00edcil. Al d\u00eda de hoy lo vivo como algo muy lindo porque si bien esto es un sue\u00f1o que ten\u00eda desde ni\u00f1o, todos los tropiezos que me dio la vida me est\u00e1n dando ahora la sabidur\u00eda de vivir las cosas buenas.<\/span><\/p>\n<p style=\"text-align: justify;\"><strong><span style=\"font-family: helvetica, arial, sans-serif;\">- \u00bfCambi\u00f3 algo del Jorman Campuzano de sus inicios a este titular del Boca campe\u00f3n?<\/span><\/strong><\/p>\n<p style=\"text-align: justify;\"><span style=\"font-family: helvetica, arial, sans-serif;\">- S\u00ed, ha cambiado mucho. Cada a\u00f1o aprendo m\u00e1s. Los a\u00f1os te ense\u00f1an cosas nuevas en el f\u00fatbol. Primero le ped\u00ed a Dios el sue\u00f1o de ser profesional y ahora miro donde estoy y me digo \u201cEl Se\u00f1or adem\u00e1s de cumplirme ese sue\u00f1o me tiene para cosas grandes\u201d. Yo estoy cumpliendo el sue\u00f1o de muchos ni\u00f1os en Colombia o Argentina, muchos me tienen como ejemplo por lo que me toc\u00f3 vivir para llegar. He aprendido mucho de todos los entrenadores y equipos en los que estuve y he mejorado mucho en este tiempo.<\/span><\/p>\n<p style=\"text-align: justify;\"><strong><span style=\"font-family: helvetica, arial, sans-serif;\">- \u00bfSab\u00edas que muchos hinchas \u2018xeneizes\u2019 en las redes hablaban del \u201cBoca de Campuzano\u201d?<\/span><\/strong><\/p>\n<p style=\"text-align: justify;\"><span style=\"font-family: helvetica, arial, sans-serif;\">- Cuando salimos campeones no me lo cre\u00eda y despu\u00e9s no tuvimos ni tiempo de celebrar porque tuvimos que concentrar para el partido siguiente. Yo soy de ver muy poco las redes sociales pero algunos amigos y familiares me lo han dicho. Pienso que un s\u00f3lo jugador no gana un partido ni un campeonato. Esto va desde el utilero hasta el cuerpo t\u00e9cnico. Esto es de todos. Si lo han dicho, deber\u00edan poner \u201cel Boca de Campuzano y de todos sus compa\u00f1eros\u201d porque uno solo no puede lograr los objetivos.<\/span><\/p>\n<p style=\"text-align: justify;\"><strong><span style=\"font-family: helvetica, arial, sans-serif;\">- Imagino que la confianza de Russo debi\u00f3 ser muy importante y en una posici\u00f3n que antes ocuparon otros compatriotas como Chicho Serna o Wilmar Barrios\u2026<\/span><\/strong><\/p>\n<p style=\"text-align: justify;\"><span style=\"font-family: helvetica, arial, sans-serif;\">- La confianza de Russo fue muy importante desde el primer d\u00eda. Me entren\u00e9 duro porque sab\u00eda que hab\u00eda cometido un error al llegar tarde el primer d\u00eda. Compa\u00f1eros referentes que me conoc\u00edan y sab\u00edan de mis ganas y mi talento, me aconsejaron que la \u00fanica soluci\u00f3n era matarme en la cancha y entrenarme y entregarme al 101%. El apoyo de mis compa\u00f1eros fue clave. Russo tambi\u00e9n me dijo \u201cahora g\u00e1nate tu lugar con trabajo, sacrificio y con respeto a tus compa\u00f1eros\u201d. Desde ese d\u00eda empec\u00e9 a trabajar pensando en eso y cuando me dio la oportunidad la quise aprovechar desde el primer momento. Antes de llegar a Boca sab\u00eda que ac\u00e1 trataban muy bien y quer\u00edan mucho a los colombianos. Eso es por los jugadores que han pasado por el club como Wilmar o C\u00f3rdoba, Berm\u00fadez, Serna que hicieron que el pa\u00eds se ganara un respeto con todo lo que consiguieron. Ahora me toca a m\u00ed y quiero dejar mi nombre en alto en esta instituci\u00f3n y lograr muchas cosas con Boca.<\/span><\/p>\n<p style=\"text-align: justify;\"><strong><span style=\"font-family: helvetica, arial, sans-serif;\">- \u00bfEsta es tu mejor versi\u00f3n o todav\u00eda nos podemos ilusionar con m\u00e1s?<\/span><\/strong><\/p>\n<p style=\"text-align: justify;\"><span style=\"font-family: helvetica, arial, sans-serif;\">- No, tengo mucho m\u00e1s para dar. Tengo 23 a\u00f1os y soy de los m\u00e1s j\u00f3venes del plantel. Tengo grandes compa\u00f1eros, referentes y un gran cuerpo t\u00e9cnico del cual seguir aprendiendo.<\/span><\/p>\n<p style=\"text-align: justify;\"><strong><span style=\"font-family: helvetica, arial, sans-serif;\">- \u00bfY cu\u00e1l es tu modelo de 5 a seguir?<\/span><\/strong><\/p>\n<p style=\"text-align: justify;\"><span style=\"font-family: helvetica, arial, sans-serif;\">- Siempre me gustaron mucho Arturo Vidal y (Marco) Verrati. Tienen gran t\u00e9cnica, recuperaci\u00f3n y entrega. Que son cosas que en mi posici\u00f3n hay que tener s\u00ed o s\u00ed. Un 5 tiene que tener marca, quite y tambi\u00e9n saber pasar la pelota y obviamente la entrega que eso es fundamental. La entrega no puede faltar.<\/span><\/p>\n<p style=\"text-align: justify;\"><strong><span style=\"font-family: helvetica, arial, sans-serif;\">- \u00bfQu\u00e9 significa La Bombonera?<\/span><\/strong><\/p>\n<p style=\"text-align: justify;\"><span style=\"font-family: helvetica, arial, sans-serif;\">- No hay palabras para decirte que es La Bombonera y la hinchada de Boca. Cada partido te sorprende m\u00e1s. No se entiende de d\u00f3nde sacan tanta energ\u00eda para alentar y ese amor que sienten por la camiseta. Si lo tuviera que definir con una sola palabra ser\u00eda \u201c\u00fanico\u201d. Boca es un club \u00fanico, el hincha de Boca es \u00fanico y La Bombonera es \u00fanica.<\/span><\/p>\n<p style=\"text-align: justify;\"><strong><span style=\"font-family: helvetica, arial, sans-serif;\">- Ya saliste campe\u00f3n, fuiste titular, fuiste ovacionado \u00bfTe quedan sue\u00f1os por cumplir con Boca?<\/span><\/strong><\/p>\n<p style=\"text-align: justify;\"><span style=\"font-family: helvetica, arial, sans-serif;\">- Muchos. Tengo la cabeza puesta en Boca. Quiero ganar la Libertadores y seguir sumando t\u00edtulos. Quiero quedarme mucho tiempo en Boca.<\/span><\/p>\n<p style=\"text-align: justify;\"><strong><span style=\"font-family: helvetica, arial, sans-serif;\">- \u00bfQu\u00e9 mensaje les dar\u00edas a los chicos que por ah\u00ed la est\u00e1n pasando mal y que viven en situaciones complicadas?<\/span><\/strong><\/p>\n<p style=\"text-align: justify;\"><span style=\"font-family: helvetica, arial, sans-serif;\">- Al que tenga un sue\u00f1o le digo que no lo abandone, que siempre hay que luchar por sus sue\u00f1os. Siempre va a haber obst\u00e1culos pero hay que seguir luchando.<\/span><\/p>\n<p style=\"text-align: justify;\"><strong><span style=\"font-family: helvetica, arial, sans-serif;\">- \u00bfY un mensaje para el hincha?<\/span><\/strong><\/p>\n<p style=\"text-align: justify;\"><span style=\"font-family: helvetica, arial, sans-serif;\">- Al hincha de Boca le digo que as\u00ed como ellos extra\u00f1an ver a Boca e ir a La Bombonera, nosotros tambi\u00e9n lo extra\u00f1amos y los extra\u00f1amos a ellos. Ahora es momento de quedarse en casa para cuidar la vida. La vida es lo m\u00e1s importante que tenemos. Lo \u00fanico que no te dan dos veces. A nosotros nos hace falta la hinchada de Boca tanto como ellos nos extra\u00f1an a nosotros.<\/span><\/p>\n<p style=\"text-align: justify;\"><strong><span style=\"font-family: helvetica, arial, sans-serif;\">- \u00bfHay Campuzano para rato en Boca?<\/span><\/strong><\/p>\n<p style=\"text-align: justify;\"><span style=\"font-family: helvetica, arial, sans-serif;\">- S\u00ed, claro. Tengo varios a\u00f1os m\u00e1s de contrato y los quiero cumplir. Tengo muchos sue\u00f1os todav\u00eda por lograr en Boca. Hay Campuzano para rato.<\/span><\/p>\n<p style=\"text-align: justify;\"><em><span style=\"font-family: helvetica, arial, sans-serif;\">*Tomado de Soy Boca<\/span><\/em><\/p>\n","protected":false},"excerpt":{"rendered":"<p>El volante colombiano Jorman Campuzano asegur\u00f3 que tiene la cabeza puesta en Boca Juniors, que espera quedarse mucho tiempo en el club y ganar la Copa Libertadores y muchos t\u00edtulos m\u00e1s. \"Estoy cumpliendo el sue\u00f1o de muchos ni\u00f1os en Colombia y Argentina. Los sue\u00f1os no se abandonan, hay que luchar por ellos\", a\u00f1adi\u00f3 el volante [&hellip;]<\/p>\n","protected":false},"author":5,"featured_media":49762,"comment_status":"open","ping_status":"open","sticky":false,"template":"","format":"standard","meta":{"_acf_changed":false,"footnotes":""},"categories":[418],"tags":[260,1320],"class_list":{"0":"post-49761","1":"post","2":"type-post","3":"status-publish","4":"format-standard","5":"has-post-thumbnail","7":"category-colombia","8":"tag-boca-juniors","9":"tag-jorman-campuzano"},"acf":[],"yoast_head":"<!-- This site is optimized with the Yoast SEO plugin v26.8 - https:\/\/yoast.com\/product\/yoast-seo-wordpress\/ -->\n<title>Hay Jorman para rato en Boca -<\/title>\n<meta name=\"robots\" content=\"index, follow, max-snippet:-1, max-image-preview:large, max-video-preview:-1\" \/>\n<link rel=\"canonical\" href=\"https:\/\/futbolhoy.co\/index.php\/2020\/04\/07\/hay-jorman-para-rato-en-boca\/\" \/>\n<meta property=\"og:locale\" content=\"es_ES\" \/>\n<meta property=\"og:type\" content=\"article\" \/>\n<meta property=\"og:title\" content=\"Hay Jorman para rato en Boca -\" \/>\n<meta property=\"og:description\" content=\"El volante colombiano Jorman Campuzano asegur\u00f3 que tiene la cabeza puesta en Boca Juniors, que espera quedarse mucho tiempo en el club y ganar la Copa Libertadores y muchos t\u00edtulos m\u00e1s. &quot;Estoy cumpliendo el sue\u00f1o de muchos ni\u00f1os en Colombia y Argentina. Los sue\u00f1os no se abandonan, hay que luchar por ellos&quot;, a\u00f1adi\u00f3 el volante [&hellip;]\" \/>\n<meta property=\"og:url\" content=\"https:\/\/futbolhoy.co\/index.php\/2020\/04\/07\/hay-jorman-para-rato-en-boca\/\" \/>\n<meta property=\"article:publisher\" content=\"https:\/\/www.facebook.com\/FutbolHoyCol\/\" \/>\n<meta property=\"article:published_time\" content=\"2020-04-07T14:06:28+00:00\" \/>\n<meta property=\"article:modified_time\" content=\"2020-04-07T23:49:24+00:00\" \/>\n<meta property=\"og:image\" content=\"https:\/\/futbolhoy.co\/wp-content\/uploads\/2020\/04\/Campuzano.jpg\" \/>\n\t<meta property=\"og:image:width\" content=\"1024\" \/>\n\t<meta property=\"og:image:height\" content=\"683\" \/>\n\t<meta property=\"og:image:type\" content=\"image\/jpeg\" \/>\n<meta name=\"author\" content=\"Laura Hern\u00e1ndez\" \/>\n<meta name=\"twitter:card\" content=\"summary_large_image\" \/>\n<meta name=\"twitter:creator\" content=\"@FutbolHoyCol\" \/>\n<meta name=\"twitter:site\" content=\"@FutbolHoyCol\" \/>\n<meta name=\"twitter:label1\" content=\"Escrito por\" \/>\n\t<meta name=\"twitter:data1\" content=\"Laura Hern\u00e1ndez\" \/>\n\t<meta name=\"twitter:label2\" content=\"Tiempo de lectura\" \/>\n\t<meta name=\"twitter:data2\" content=\"7 minutos\" \/>\n<script type=\"application\/ld+json\" class=\"yoast-schema-graph\">{\"@context\":\"https:\/\/schema.org\",\"@graph\":[{\"@type\":\"Article\",\"@id\":\"https:\/\/futbolhoy.co\/index.php\/2020\/04\/07\/hay-jorman-para-rato-en-boca\/#article\",\"isPartOf\":{\"@id\":\"https:\/\/futbolhoy.co\/index.php\/2020\/04\/07\/hay-jorman-para-rato-en-boca\/\"},\"author\":{\"name\":\"Laura Hern\u00e1ndez\",\"@id\":\"https:\/\/futbolhoy.co\/#\/schema\/person\/c4a353a512b127643723a34bb1812f7d\"},\"headline\":\"Hay Jorman para rato en Boca\",\"datePublished\":\"2020-04-07T14:06:28+00:00\",\"dateModified\":\"2020-04-07T23:49:24+00:00\",\"mainEntityOfPage\":{\"@id\":\"https:\/\/futbolhoy.co\/index.php\/2020\/04\/07\/hay-jorman-para-rato-en-boca\/\"},\"wordCount\":1428,\"commentCount\":0,\"publisher\":{\"@id\":\"https:\/\/futbolhoy.co\/#organization\"},\"image\":{\"@id\":\"https:\/\/futbolhoy.co\/index.php\/2020\/04\/07\/hay-jorman-para-rato-en-boca\/#primaryimage\"},\"thumbnailUrl\":\"https:\/\/futbolhoy.co\/wp-content\/uploads\/2020\/04\/Campuzano.jpg\",\"keywords\":[\"Boca Juniors\",\"jorman campuzano\"],\"articleSection\":[\"Colombia\"],\"inLanguage\":\"es\",\"potentialAction\":[{\"@type\":\"CommentAction\",\"name\":\"Comment\",\"target\":[\"https:\/\/futbolhoy.co\/index.php\/2020\/04\/07\/hay-jorman-para-rato-en-boca\/#respond\"]}]},{\"@type\":\"WebPage\",\"@id\":\"https:\/\/futbolhoy.co\/index.php\/2020\/04\/07\/hay-jorman-para-rato-en-boca\/\",\"url\":\"https:\/\/futbolhoy.co\/index.php\/2020\/04\/07\/hay-jorman-para-rato-en-boca\/\",\"name\":\"Hay Jorman para rato en Boca -\",\"isPartOf\":{\"@id\":\"https:\/\/futbolhoy.co\/#website\"},\"primaryImageOfPage\":{\"@id\":\"https:\/\/futbolhoy.co\/index.php\/2020\/04\/07\/hay-jorman-para-rato-en-boca\/#primaryimage\"},\"image\":{\"@id\":\"https:\/\/futbolhoy.co\/index.php\/2020\/04\/07\/hay-jorman-para-rato-en-boca\/#primaryimage\"},\"thumbnailUrl\":\"https:\/\/futbolhoy.co\/wp-content\/uploads\/2020\/04\/Campuzano.jpg\",\"datePublished\":\"2020-04-07T14:06:28+00:00\",\"dateModified\":\"2020-04-07T23:49:24+00:00\",\"breadcrumb\":{\"@id\":\"https:\/\/futbolhoy.co\/index.php\/2020\/04\/07\/hay-jorman-para-rato-en-boca\/#breadcrumb\"},\"inLanguage\":\"es\",\"potentialAction\":[{\"@type\":\"ReadAction\",\"target\":[\"https:\/\/futbolhoy.co\/index.php\/2020\/04\/07\/hay-jorman-para-rato-en-boca\/\"]}]},{\"@type\":\"ImageObject\",\"inLanguage\":\"es\",\"@id\":\"https:\/\/futbolhoy.co\/index.php\/2020\/04\/07\/hay-jorman-para-rato-en-boca\/#primaryimage\",\"url\":\"https:\/\/futbolhoy.co\/wp-content\/uploads\/2020\/04\/Campuzano.jpg\",\"contentUrl\":\"https:\/\/futbolhoy.co\/wp-content\/uploads\/2020\/04\/Campuzano.jpg\",\"width\":1024,\"height\":683},{\"@type\":\"BreadcrumbList\",\"@id\":\"https:\/\/futbolhoy.co\/index.php\/2020\/04\/07\/hay-jorman-para-rato-en-boca\/#breadcrumb\",\"itemListElement\":[{\"@type\":\"ListItem\",\"position\":1,\"name\":\"Portada\",\"item\":\"https:\/\/futbolhoy.co\/\"},{\"@type\":\"ListItem\",\"position\":2,\"name\":\"Hay Jorman para rato en Boca\"}]},{\"@type\":\"WebSite\",\"@id\":\"https:\/\/futbolhoy.co\/#website\",\"url\":\"https:\/\/futbolhoy.co\/\",\"name\":\"FutbolHoy\",\"description\":\"\",\"publisher\":{\"@id\":\"https:\/\/futbolhoy.co\/#organization\"},\"potentialAction\":[{\"@type\":\"SearchAction\",\"target\":{\"@type\":\"EntryPoint\",\"urlTemplate\":\"https:\/\/futbolhoy.co\/?s={search_term_string}\"},\"query-input\":{\"@type\":\"PropertyValueSpecification\",\"valueRequired\":true,\"valueName\":\"search_term_string\"}}],\"inLanguage\":\"es\"},{\"@type\":\"Organization\",\"@id\":\"https:\/\/futbolhoy.co\/#organization\",\"name\":\"Futbolhoy.co\",\"url\":\"https:\/\/futbolhoy.co\/\",\"logo\":{\"@type\":\"ImageObject\",\"inLanguage\":\"es\",\"@id\":\"https:\/\/futbolhoy.co\/#\/schema\/logo\/image\/\",\"url\":\"https:\/\/futbolhoy.co\/wp-content\/uploads\/2018\/08\/17426380_1906371736249227_6326180412931521141_n.jpg\",\"contentUrl\":\"https:\/\/futbolhoy.co\/wp-content\/uploads\/2018\/08\/17426380_1906371736249227_6326180412931521141_n.jpg\",\"width\":960,\"height\":960,\"caption\":\"Futbolhoy.co\"},\"image\":{\"@id\":\"https:\/\/futbolhoy.co\/#\/schema\/logo\/image\/\"},\"sameAs\":[\"https:\/\/www.facebook.com\/FutbolHoyCol\/\",\"https:\/\/x.com\/FutbolHoyCol\",\"https:\/\/www.instagram.com\/futbolhoycol\/\"]},{\"@type\":\"Person\",\"@id\":\"https:\/\/futbolhoy.co\/#\/schema\/person\/c4a353a512b127643723a34bb1812f7d\",\"name\":\"Laura Hern\u00e1ndez\",\"image\":{\"@type\":\"ImageObject\",\"inLanguage\":\"es\",\"@id\":\"https:\/\/futbolhoy.co\/#\/schema\/person\/image\/\",\"url\":\"https:\/\/secure.gravatar.com\/avatar\/d25959a15b9b293a743f99181c7cfd01?s=96&d=mm&r=g\",\"contentUrl\":\"https:\/\/secure.gravatar.com\/avatar\/d25959a15b9b293a743f99181c7cfd01?s=96&d=mm&r=g\",\"caption\":\"Laura Hern\u00e1ndez\"}}]}<\/script>\n<!-- \/ Yoast SEO plugin. -->","yoast_head_json":{"title":"Hay Jorman para rato en Boca -","robots":{"index":"index","follow":"follow","max-snippet":"max-snippet:-1","max-image-preview":"max-image-preview:large","max-video-preview":"max-video-preview:-1"},"canonical":"https:\/\/futbolhoy.co\/index.php\/2020\/04\/07\/hay-jorman-para-rato-en-boca\/","og_locale":"es_ES","og_type":"article","og_title":"Hay Jorman para rato en Boca -","og_description":"El volante colombiano Jorman Campuzano asegur\u00f3 que tiene la cabeza puesta en Boca Juniors, que espera quedarse mucho tiempo en el club y ganar la Copa Libertadores y muchos t\u00edtulos m\u00e1s. \"Estoy cumpliendo el sue\u00f1o de muchos ni\u00f1os en Colombia y Argentina. Los sue\u00f1os no se abandonan, hay que luchar por ellos\", a\u00f1adi\u00f3 el volante [&hellip;]","og_url":"https:\/\/futbolhoy.co\/index.php\/2020\/04\/07\/hay-jorman-para-rato-en-boca\/","article_publisher":"https:\/\/www.facebook.com\/FutbolHoyCol\/","article_published_time":"2020-04-07T14:06:28+00:00","article_modified_time":"2020-04-07T23:49:24+00:00","og_image":[{"width":1024,"height":683,"url":"https:\/\/futbolhoy.co\/wp-content\/uploads\/2020\/04\/Campuzano.jpg","type":"image\/jpeg"}],"author":"Laura Hern\u00e1ndez","twitter_card":"summary_large_image","twitter_creator":"@FutbolHoyCol","twitter_site":"@FutbolHoyCol","twitter_misc":{"Escrito por":"Laura Hern\u00e1ndez","Tiempo de lectura":"7 minutos"},"schema":{"@context":"https:\/\/schema.org","@graph":[{"@type":"Article","@id":"https:\/\/futbolhoy.co\/index.php\/2020\/04\/07\/hay-jorman-para-rato-en-boca\/#article","isPartOf":{"@id":"https:\/\/futbolhoy.co\/index.php\/2020\/04\/07\/hay-jorman-para-rato-en-boca\/"},"author":{"name":"Laura Hern\u00e1ndez","@id":"https:\/\/futbolhoy.co\/#\/schema\/person\/c4a353a512b127643723a34bb1812f7d"},"headline":"Hay Jorman para rato en Boca","datePublished":"2020-04-07T14:06:28+00:00","dateModified":"2020-04-07T23:49:24+00:00","mainEntityOfPage":{"@id":"https:\/\/futbolhoy.co\/index.php\/2020\/04\/07\/hay-jorman-para-rato-en-boca\/"},"wordCount":1428,"commentCount":0,"publisher":{"@id":"https:\/\/futbolhoy.co\/#organization"},"image":{"@id":"https:\/\/futbolhoy.co\/index.php\/2020\/04\/07\/hay-jorman-para-rato-en-boca\/#primaryimage"},"thumbnailUrl":"https:\/\/futbolhoy.co\/wp-content\/uploads\/2020\/04\/Campuzano.jpg","keywords":["Boca Juniors","jorman campuzano"],"articleSection":["Colombia"],"inLanguage":"es","potentialAction":[{"@type":"CommentAction","name":"Comment","target":["https:\/\/futbolhoy.co\/index.php\/2020\/04\/07\/hay-jorman-para-rato-en-boca\/#respond"]}]},{"@type":"WebPage","@id":"https:\/\/futbolhoy.co\/index.php\/2020\/04\/07\/hay-jorman-para-rato-en-boca\/","url":"https:\/\/futbolhoy.co\/index.php\/2020\/04\/07\/hay-jorman-para-rato-en-boca\/","name":"Hay Jorman para rato en Boca -","isPartOf":{"@id":"https:\/\/futbolhoy.co\/#website"},"primaryImageOfPage":{"@id":"https:\/\/futbolhoy.co\/index.php\/2020\/04\/07\/hay-jorman-para-rato-en-boca\/#primaryimage"},"image":{"@id":"https:\/\/futbolhoy.co\/index.php\/2020\/04\/07\/hay-jorman-para-rato-en-boca\/#primaryimage"},"thumbnailUrl":"https:\/\/futbolhoy.co\/wp-content\/uploads\/2020\/04\/Campuzano.jpg","datePublished":"2020-04-07T14:06:28+00:00","dateModified":"2020-04-07T23:49:24+00:00","breadcrumb":{"@id":"https:\/\/futbolhoy.co\/index.php\/2020\/04\/07\/hay-jorman-para-rato-en-boca\/#breadcrumb"},"inLanguage":"es","potentialAction":[{"@type":"ReadAction","target":["https:\/\/futbolhoy.co\/index.php\/2020\/04\/07\/hay-jorman-para-rato-en-boca\/"]}]},{"@type":"ImageObject","inLanguage":"es","@id":"https:\/\/futbolhoy.co\/index.php\/2020\/04\/07\/hay-jorman-para-rato-en-boca\/#primaryimage","url":"https:\/\/futbolhoy.co\/wp-content\/uploads\/2020\/04\/Campuzano.jpg","contentUrl":"https:\/\/futbolhoy.co\/wp-content\/uploads\/2020\/04\/Campuzano.jpg","width":1024,"height":683},{"@type":"BreadcrumbList","@id":"https:\/\/futbolhoy.co\/index.php\/2020\/04\/07\/hay-jorman-para-rato-en-boca\/#breadcrumb","itemListElement":[{"@type":"ListItem","position":1,"name":"Portada","item":"https:\/\/futbolhoy.co\/"},{"@type":"ListItem","position":2,"name":"Hay Jorman para rato en Boca"}]},{"@type":"WebSite","@id":"https:\/\/futbolhoy.co\/#website","url":"https:\/\/futbolhoy.co\/","name":"FutbolHoy","description":"","publisher":{"@id":"https:\/\/futbolhoy.co\/#organization"},"potentialAction":[{"@type":"SearchAction","target":{"@type":"EntryPoint","urlTemplate":"https:\/\/futbolhoy.co\/?s={search_term_string}"},"query-input":{"@type":"PropertyValueSpecification","valueRequired":true,"valueName":"search_term_string"}}],"inLanguage":"es"},{"@type":"Organization","@id":"https:\/\/futbolhoy.co\/#organization","name":"Futbolhoy.co","url":"https:\/\/futbolhoy.co\/","logo":{"@type":"ImageObject","inLanguage":"es","@id":"https:\/\/futbolhoy.co\/#\/schema\/logo\/image\/","url":"https:\/\/futbolhoy.co\/wp-content\/uploads\/2018\/08\/17426380_1906371736249227_6326180412931521141_n.jpg","contentUrl":"https:\/\/futbolhoy.co\/wp-content\/uploads\/2018\/08\/17426380_1906371736249227_6326180412931521141_n.jpg","width":960,"height":960,"caption":"Futbolhoy.co"},"image":{"@id":"https:\/\/futbolhoy.co\/#\/schema\/logo\/image\/"},"sameAs":["https:\/\/www.facebook.com\/FutbolHoyCol\/","https:\/\/x.com\/FutbolHoyCol","https:\/\/www.instagram.com\/futbolhoycol\/"]},{"@type":"Person","@id":"https:\/\/futbolhoy.co\/#\/schema\/person\/c4a353a512b127643723a34bb1812f7d","name":"Laura Hern\u00e1ndez","image":{"@type":"ImageObject","inLanguage":"es","@id":"https:\/\/futbolhoy.co\/#\/schema\/person\/image\/","url":"https:\/\/secure.gravatar.com\/avatar\/d25959a15b9b293a743f99181c7cfd01?s=96&d=mm&r=g","contentUrl":"https:\/\/secure.gravatar.com\/avatar\/d25959a15b9b293a743f99181c7cfd01?s=96&d=mm&r=g","caption":"Laura Hern\u00e1ndez"}}]}},"publishpress_future_action":{"enabled":false,"date":"2026-05-04 01:51:35","action":"change-status","newStatus":"draft","terms":[],"taxonomy":"category","extraData":[]},"publishpress_future_workflow_manual_trigger":{"enabledWorkflows":[]},"_links":{"self":[{"href":"https:\/\/futbolhoy.co\/index.php\/wp-json\/wp\/v2\/posts\/49761","targetHints":{"allow":["GET"]}}],"collection":[{"href":"https:\/\/futbolhoy.co\/index.php\/wp-json\/wp\/v2\/posts"}],"about":[{"href":"https:\/\/futbolhoy.co\/index.php\/wp-json\/wp\/v2\/types\/post"}],"author":[{"embeddable":true,"href":"https:\/\/futbolhoy.co\/index.php\/wp-json\/wp\/v2\/users\/5"}],"replies":[{"embeddable":true,"href":"https:\/\/futbolhoy.co\/index.php\/wp-json\/wp\/v2\/comments?post=49761"}],"version-history":[{"count":2,"href":"https:\/\/futbolhoy.co\/index.php\/wp-json\/wp\/v2\/posts\/49761\/revisions"}],"predecessor-version":[{"id":49764,"href":"https:\/\/futbolhoy.co\/index.php\/wp-json\/wp\/v2\/posts\/49761\/revisions\/49764"}],"wp:featuredmedia":[{"embeddable":true,"href":"https:\/\/futbolhoy.co\/index.php\/wp-json\/wp\/v2\/media\/49762"}],"wp:attachment":[{"href":"https:\/\/futbolhoy.co\/index.php\/wp-json\/wp\/v2\/media?parent=49761"}],"wp:term":[{"taxonomy":"category","embeddable":true,"href":"https:\/\/futbolhoy.co\/index.php\/wp-json\/wp\/v2\/categories?post=49761"},{"taxonomy":"post_tag","embeddable":true,"href":"https:\/\/futbolhoy.co\/index.php\/wp-json\/wp\/v2\/tags?post=49761"}],"curies":[{"name":"wp","href":"https:\/\/api.w.org\/{rel}","templated":true}]}}