{"id":49766,"date":"2020-04-07T07:35:58","date_gmt":"2020-04-07T12:35:58","guid":{"rendered":"https:\/\/futbolhoy.co\/?p=49766"},"modified":"2020-04-07T18:48:54","modified_gmt":"2020-04-07T23:48:54","slug":"liverpool-debe-ser-campeon-presidente-de-la-uefa","status":"publish","type":"post","link":"https:\/\/futbolhoy.co\/index.php\/2020\/04\/07\/liverpool-debe-ser-campeon-presidente-de-la-uefa\/","title":{"rendered":"\u201cLiverpool debe ser campe\u00f3n\u201d, presidente de la UEFA"},"content":{"rendered":"<p style=\"text-align: justify;\"><span style=\"font-family: helvetica, arial, sans-serif;\"><strong>Aleksander Cefer\u00edn<\/strong>, presidente de la <strong>UEFA,<\/strong> asegur\u00f3 que el <strong>Liverpool<\/strong> deber\u00eda ser declarado campe\u00f3n de la <strong>Liga Premier<\/strong> con alg\u00fan argumento de consenso si no se logra terminar el campeonato.<\/span><\/p>\n<p style=\"text-align: justify;\"><span style=\"font-family: helvetica, arial, sans-serif;\">\"Es imposible que Liverpool termine sin el t\u00edtulo, si se juegan los partidos, lo ganar\u00e1 en la cancha. De lo contrario deber\u00eda buscarse un criterio con base en los resultados\", indic\u00f3 Ceferin al diario esloveno <em>Ekipa<\/em>.<\/span><\/p>\n<p style=\"text-align: justify;\"><span style=\"font-family: helvetica, arial, sans-serif;\">Liverpool es l\u00edder en <strong>Inglaterra<\/strong> con 25 puntos de ventaja sobre su escolta en la tabla de posiciones, el <strong>Manchester City,<\/strong> a falta de 9 fechas para terminar el campeonato.<\/span><\/p>\n","protected":false},"excerpt":{"rendered":"<p>Aleksander Cefer\u00edn, presidente de la UEFA, asegur\u00f3 que el Liverpool deber\u00eda ser declarado campe\u00f3n de la Liga Premier con alg\u00fan argumento de consenso si no se logra terminar el campeonato. \"Es imposible que Liverpool termine sin el t\u00edtulo, si se juegan los partidos, lo ganar\u00e1 en la cancha. De lo contrario deber\u00eda buscarse un criterio [&hellip;]<\/p>\n","protected":false},"author":5,"featured_media":35203,"comment_status":"open","ping_status":"open","sticky":false,"template":"","format":"standard","meta":{"_acf_changed":false,"footnotes":""},"categories":[152],"tags":[79,126],"class_list":{"0":"post-49766","1":"post","2":"type-post","3":"status-publish","4":"format-standard","5":"has-post-thumbnail","7":"category-mundo-futbol","8":"tag-liverpool","9":"tag-uefa"},"acf":[],"yoast_head":"<!-- This site is optimized with the Yoast SEO plugin v26.8 - https:\/\/yoast.com\/product\/yoast-seo-wordpress\/ -->\n<title>\u201cLiverpool debe ser campe\u00f3n\u201d, presidente de la UEFA -<\/title>\n<meta name=\"robots\" content=\"index, follow, max-snippet:-1, max-image-preview:large, max-video-preview:-1\" \/>\n<link rel=\"canonical\" href=\"https:\/\/futbolhoy.co\/index.php\/2020\/04\/07\/liverpool-debe-ser-campeon-presidente-de-la-uefa\/\" \/>\n<meta property=\"og:locale\" content=\"es_ES\" \/>\n<meta property=\"og:type\" content=\"article\" \/>\n<meta property=\"og:title\" content=\"\u201cLiverpool debe ser campe\u00f3n\u201d, presidente de la UEFA -\" \/>\n<meta property=\"og:description\" content=\"Aleksander Cefer\u00edn, presidente de la UEFA, asegur\u00f3 que el Liverpool deber\u00eda ser declarado campe\u00f3n de la Liga Premier con alg\u00fan argumento de consenso si no se logra terminar el campeonato. &quot;Es imposible que Liverpool termine sin el t\u00edtulo, si se juegan los partidos, lo ganar\u00e1 en la cancha. De lo contrario deber\u00eda buscarse un criterio [&hellip;]\" \/>\n<meta property=\"og:url\" content=\"https:\/\/futbolhoy.co\/index.php\/2020\/04\/07\/liverpool-debe-ser-campeon-presidente-de-la-uefa\/\" \/>\n<meta property=\"article:publisher\" content=\"https:\/\/www.facebook.com\/FutbolHoyCol\/\" \/>\n<meta property=\"article:published_time\" content=\"2020-04-07T12:35:58+00:00\" \/>\n<meta property=\"article:modified_time\" content=\"2020-04-07T23:48:54+00:00\" \/>\n<meta property=\"og:image\" content=\"https:\/\/futbolhoy.co\/wp-content\/uploads\/2019\/05\/D5_foczWkAEmIB8_50.jpg\" \/>\n\t<meta property=\"og:image:width\" content=\"1845\" \/>\n\t<meta property=\"og:image:height\" content=\"1386\" \/>\n\t<meta property=\"og:image:type\" content=\"image\/jpeg\" \/>\n<meta name=\"author\" content=\"Laura Hern\u00e1ndez\" \/>\n<meta name=\"twitter:card\" content=\"summary_large_image\" \/>\n<meta name=\"twitter:creator\" content=\"@FutbolHoyCol\" \/>\n<meta name=\"twitter:site\" content=\"@FutbolHoyCol\" \/>\n<meta name=\"twitter:label1\" content=\"Escrito por\" \/>\n\t<meta name=\"twitter:data1\" content=\"Laura Hern\u00e1ndez\" \/>\n\t<meta name=\"twitter:label2\" content=\"Tiempo de lectura\" \/>\n\t<meta name=\"twitter:data2\" content=\"1 minuto\" \/>\n<script type=\"application\/ld+json\" class=\"yoast-schema-graph\">{\"@context\":\"https:\/\/schema.org\",\"@graph\":[{\"@type\":\"Article\",\"@id\":\"https:\/\/futbolhoy.co\/index.php\/2020\/04\/07\/liverpool-debe-ser-campeon-presidente-de-la-uefa\/#article\",\"isPartOf\":{\"@id\":\"https:\/\/futbolhoy.co\/index.php\/2020\/04\/07\/liverpool-debe-ser-campeon-presidente-de-la-uefa\/\"},\"author\":{\"name\":\"Laura Hern\u00e1ndez\",\"@id\":\"https:\/\/futbolhoy.co\/#\/schema\/person\/c4a353a512b127643723a34bb1812f7d\"},\"headline\":\"\u201cLiverpool debe ser campe\u00f3n\u201d, presidente de la UEFA\",\"datePublished\":\"2020-04-07T12:35:58+00:00\",\"dateModified\":\"2020-04-07T23:48:54+00:00\",\"mainEntityOfPage\":{\"@id\":\"https:\/\/futbolhoy.co\/index.php\/2020\/04\/07\/liverpool-debe-ser-campeon-presidente-de-la-uefa\/\"},\"wordCount\":110,\"commentCount\":0,\"publisher\":{\"@id\":\"https:\/\/futbolhoy.co\/#organization\"},\"image\":{\"@id\":\"https:\/\/futbolhoy.co\/index.php\/2020\/04\/07\/liverpool-debe-ser-campeon-presidente-de-la-uefa\/#primaryimage\"},\"thumbnailUrl\":\"https:\/\/futbolhoy.co\/wp-content\/uploads\/2019\/05\/D5_foczWkAEmIB8_50.jpg\",\"keywords\":[\"Liverpool\",\"UEFA\"],\"articleSection\":[\"Mundo Futbol\"],\"inLanguage\":\"es\",\"potentialAction\":[{\"@type\":\"CommentAction\",\"name\":\"Comment\",\"target\":[\"https:\/\/futbolhoy.co\/index.php\/2020\/04\/07\/liverpool-debe-ser-campeon-presidente-de-la-uefa\/#respond\"]}]},{\"@type\":\"WebPage\",\"@id\":\"https:\/\/futbolhoy.co\/index.php\/2020\/04\/07\/liverpool-debe-ser-campeon-presidente-de-la-uefa\/\",\"url\":\"https:\/\/futbolhoy.co\/index.php\/2020\/04\/07\/liverpool-debe-ser-campeon-presidente-de-la-uefa\/\",\"name\":\"\u201cLiverpool debe ser campe\u00f3n\u201d, presidente de la UEFA -\",\"isPartOf\":{\"@id\":\"https:\/\/futbolhoy.co\/#website\"},\"primaryImageOfPage\":{\"@id\":\"https:\/\/futbolhoy.co\/index.php\/2020\/04\/07\/liverpool-debe-ser-campeon-presidente-de-la-uefa\/#primaryimage\"},\"image\":{\"@id\":\"https:\/\/futbolhoy.co\/index.php\/2020\/04\/07\/liverpool-debe-ser-campeon-presidente-de-la-uefa\/#primaryimage\"},\"thumbnailUrl\":\"https:\/\/futbolhoy.co\/wp-content\/uploads\/2019\/05\/D5_foczWkAEmIB8_50.jpg\",\"datePublished\":\"2020-04-07T12:35:58+00:00\",\"dateModified\":\"2020-04-07T23:48:54+00:00\",\"breadcrumb\":{\"@id\":\"https:\/\/futbolhoy.co\/index.php\/2020\/04\/07\/liverpool-debe-ser-campeon-presidente-de-la-uefa\/#breadcrumb\"},\"inLanguage\":\"es\",\"potentialAction\":[{\"@type\":\"ReadAction\",\"target\":[\"https:\/\/futbolhoy.co\/index.php\/2020\/04\/07\/liverpool-debe-ser-campeon-presidente-de-la-uefa\/\"]}]},{\"@type\":\"ImageObject\",\"inLanguage\":\"es\",\"@id\":\"https:\/\/futbolhoy.co\/index.php\/2020\/04\/07\/liverpool-debe-ser-campeon-presidente-de-la-uefa\/#primaryimage\",\"url\":\"https:\/\/futbolhoy.co\/wp-content\/uploads\/2019\/05\/D5_foczWkAEmIB8_50.jpg\",\"contentUrl\":\"https:\/\/futbolhoy.co\/wp-content\/uploads\/2019\/05\/D5_foczWkAEmIB8_50.jpg\",\"width\":1845,\"height\":1386,\"caption\":\"Twitter @ChampionsLeague\"},{\"@type\":\"BreadcrumbList\",\"@id\":\"https:\/\/futbolhoy.co\/index.php\/2020\/04\/07\/liverpool-debe-ser-campeon-presidente-de-la-uefa\/#breadcrumb\",\"itemListElement\":[{\"@type\":\"ListItem\",\"position\":1,\"name\":\"Portada\",\"item\":\"https:\/\/futbolhoy.co\/\"},{\"@type\":\"ListItem\",\"position\":2,\"name\":\"\u201cLiverpool debe ser campe\u00f3n\u201d, presidente de la UEFA\"}]},{\"@type\":\"WebSite\",\"@id\":\"https:\/\/futbolhoy.co\/#website\",\"url\":\"https:\/\/futbolhoy.co\/\",\"name\":\"FutbolHoy\",\"description\":\"\",\"publisher\":{\"@id\":\"https:\/\/futbolhoy.co\/#organization\"},\"potentialAction\":[{\"@type\":\"SearchAction\",\"target\":{\"@type\":\"EntryPoint\",\"urlTemplate\":\"https:\/\/futbolhoy.co\/?s={search_term_string}\"},\"query-input\":{\"@type\":\"PropertyValueSpecification\",\"valueRequired\":true,\"valueName\":\"search_term_string\"}}],\"inLanguage\":\"es\"},{\"@type\":\"Organization\",\"@id\":\"https:\/\/futbolhoy.co\/#organization\",\"name\":\"Futbolhoy.co\",\"url\":\"https:\/\/futbolhoy.co\/\",\"logo\":{\"@type\":\"ImageObject\",\"inLanguage\":\"es\",\"@id\":\"https:\/\/futbolhoy.co\/#\/schema\/logo\/image\/\",\"url\":\"https:\/\/futbolhoy.co\/wp-content\/uploads\/2018\/08\/17426380_1906371736249227_6326180412931521141_n.jpg\",\"contentUrl\":\"https:\/\/futbolhoy.co\/wp-content\/uploads\/2018\/08\/17426380_1906371736249227_6326180412931521141_n.jpg\",\"width\":960,\"height\":960,\"caption\":\"Futbolhoy.co\"},\"image\":{\"@id\":\"https:\/\/futbolhoy.co\/#\/schema\/logo\/image\/\"},\"sameAs\":[\"https:\/\/www.facebook.com\/FutbolHoyCol\/\",\"https:\/\/x.com\/FutbolHoyCol\",\"https:\/\/www.instagram.com\/futbolhoycol\/\"]},{\"@type\":\"Person\",\"@id\":\"https:\/\/futbolhoy.co\/#\/schema\/person\/c4a353a512b127643723a34bb1812f7d\",\"name\":\"Laura Hern\u00e1ndez\",\"image\":{\"@type\":\"ImageObject\",\"inLanguage\":\"es\",\"@id\":\"https:\/\/futbolhoy.co\/#\/schema\/person\/image\/\",\"url\":\"https:\/\/secure.gravatar.com\/avatar\/d25959a15b9b293a743f99181c7cfd01?s=96&d=mm&r=g\",\"contentUrl\":\"https:\/\/secure.gravatar.com\/avatar\/d25959a15b9b293a743f99181c7cfd01?s=96&d=mm&r=g\",\"caption\":\"Laura Hern\u00e1ndez\"}}]}<\/script>\n<!-- \/ Yoast SEO plugin. -->","yoast_head_json":{"title":"\u201cLiverpool debe ser campe\u00f3n\u201d, presidente de la UEFA -","robots":{"index":"index","follow":"follow","max-snippet":"max-snippet:-1","max-image-preview":"max-image-preview:large","max-video-preview":"max-video-preview:-1"},"canonical":"https:\/\/futbolhoy.co\/index.php\/2020\/04\/07\/liverpool-debe-ser-campeon-presidente-de-la-uefa\/","og_locale":"es_ES","og_type":"article","og_title":"\u201cLiverpool debe ser campe\u00f3n\u201d, presidente de la UEFA -","og_description":"Aleksander Cefer\u00edn, presidente de la UEFA, asegur\u00f3 que el Liverpool deber\u00eda ser declarado campe\u00f3n de la Liga Premier con alg\u00fan argumento de consenso si no se logra terminar el campeonato. \"Es imposible que Liverpool termine sin el t\u00edtulo, si se juegan los partidos, lo ganar\u00e1 en la cancha. De lo contrario deber\u00eda buscarse un criterio [&hellip;]","og_url":"https:\/\/futbolhoy.co\/index.php\/2020\/04\/07\/liverpool-debe-ser-campeon-presidente-de-la-uefa\/","article_publisher":"https:\/\/www.facebook.com\/FutbolHoyCol\/","article_published_time":"2020-04-07T12:35:58+00:00","article_modified_time":"2020-04-07T23:48:54+00:00","og_image":[{"width":1845,"height":1386,"url":"https:\/\/futbolhoy.co\/wp-content\/uploads\/2019\/05\/D5_foczWkAEmIB8_50.jpg","type":"image\/jpeg"}],"author":"Laura Hern\u00e1ndez","twitter_card":"summary_large_image","twitter_creator":"@FutbolHoyCol","twitter_site":"@FutbolHoyCol","twitter_misc":{"Escrito por":"Laura Hern\u00e1ndez","Tiempo de lectura":"1 minuto"},"schema":{"@context":"https:\/\/schema.org","@graph":[{"@type":"Article","@id":"https:\/\/futbolhoy.co\/index.php\/2020\/04\/07\/liverpool-debe-ser-campeon-presidente-de-la-uefa\/#article","isPartOf":{"@id":"https:\/\/futbolhoy.co\/index.php\/2020\/04\/07\/liverpool-debe-ser-campeon-presidente-de-la-uefa\/"},"author":{"name":"Laura Hern\u00e1ndez","@id":"https:\/\/futbolhoy.co\/#\/schema\/person\/c4a353a512b127643723a34bb1812f7d"},"headline":"\u201cLiverpool debe ser campe\u00f3n\u201d, presidente de la UEFA","datePublished":"2020-04-07T12:35:58+00:00","dateModified":"2020-04-07T23:48:54+00:00","mainEntityOfPage":{"@id":"https:\/\/futbolhoy.co\/index.php\/2020\/04\/07\/liverpool-debe-ser-campeon-presidente-de-la-uefa\/"},"wordCount":110,"commentCount":0,"publisher":{"@id":"https:\/\/futbolhoy.co\/#organization"},"image":{"@id":"https:\/\/futbolhoy.co\/index.php\/2020\/04\/07\/liverpool-debe-ser-campeon-presidente-de-la-uefa\/#primaryimage"},"thumbnailUrl":"https:\/\/futbolhoy.co\/wp-content\/uploads\/2019\/05\/D5_foczWkAEmIB8_50.jpg","keywords":["Liverpool","UEFA"],"articleSection":["Mundo Futbol"],"inLanguage":"es","potentialAction":[{"@type":"CommentAction","name":"Comment","target":["https:\/\/futbolhoy.co\/index.php\/2020\/04\/07\/liverpool-debe-ser-campeon-presidente-de-la-uefa\/#respond"]}]},{"@type":"WebPage","@id":"https:\/\/futbolhoy.co\/index.php\/2020\/04\/07\/liverpool-debe-ser-campeon-presidente-de-la-uefa\/","url":"https:\/\/futbolhoy.co\/index.php\/2020\/04\/07\/liverpool-debe-ser-campeon-presidente-de-la-uefa\/","name":"\u201cLiverpool debe ser campe\u00f3n\u201d, presidente de la UEFA -","isPartOf":{"@id":"https:\/\/futbolhoy.co\/#website"},"primaryImageOfPage":{"@id":"https:\/\/futbolhoy.co\/index.php\/2020\/04\/07\/liverpool-debe-ser-campeon-presidente-de-la-uefa\/#primaryimage"},"image":{"@id":"https:\/\/futbolhoy.co\/index.php\/2020\/04\/07\/liverpool-debe-ser-campeon-presidente-de-la-uefa\/#primaryimage"},"thumbnailUrl":"https:\/\/futbolhoy.co\/wp-content\/uploads\/2019\/05\/D5_foczWkAEmIB8_50.jpg","datePublished":"2020-04-07T12:35:58+00:00","dateModified":"2020-04-07T23:48:54+00:00","breadcrumb":{"@id":"https:\/\/futbolhoy.co\/index.php\/2020\/04\/07\/liverpool-debe-ser-campeon-presidente-de-la-uefa\/#breadcrumb"},"inLanguage":"es","potentialAction":[{"@type":"ReadAction","target":["https:\/\/futbolhoy.co\/index.php\/2020\/04\/07\/liverpool-debe-ser-campeon-presidente-de-la-uefa\/"]}]},{"@type":"ImageObject","inLanguage":"es","@id":"https:\/\/futbolhoy.co\/index.php\/2020\/04\/07\/liverpool-debe-ser-campeon-presidente-de-la-uefa\/#primaryimage","url":"https:\/\/futbolhoy.co\/wp-content\/uploads\/2019\/05\/D5_foczWkAEmIB8_50.jpg","contentUrl":"https:\/\/futbolhoy.co\/wp-content\/uploads\/2019\/05\/D5_foczWkAEmIB8_50.jpg","width":1845,"height":1386,"caption":"Twitter @ChampionsLeague"},{"@type":"BreadcrumbList","@id":"https:\/\/futbolhoy.co\/index.php\/2020\/04\/07\/liverpool-debe-ser-campeon-presidente-de-la-uefa\/#breadcrumb","itemListElement":[{"@type":"ListItem","position":1,"name":"Portada","item":"https:\/\/futbolhoy.co\/"},{"@type":"ListItem","position":2,"name":"\u201cLiverpool debe ser campe\u00f3n\u201d, presidente de la UEFA"}]},{"@type":"WebSite","@id":"https:\/\/futbolhoy.co\/#website","url":"https:\/\/futbolhoy.co\/","name":"FutbolHoy","description":"","publisher":{"@id":"https:\/\/futbolhoy.co\/#organization"},"potentialAction":[{"@type":"SearchAction","target":{"@type":"EntryPoint","urlTemplate":"https:\/\/futbolhoy.co\/?s={search_term_string}"},"query-input":{"@type":"PropertyValueSpecification","valueRequired":true,"valueName":"search_term_string"}}],"inLanguage":"es"},{"@type":"Organization","@id":"https:\/\/futbolhoy.co\/#organization","name":"Futbolhoy.co","url":"https:\/\/futbolhoy.co\/","logo":{"@type":"ImageObject","inLanguage":"es","@id":"https:\/\/futbolhoy.co\/#\/schema\/logo\/image\/","url":"https:\/\/futbolhoy.co\/wp-content\/uploads\/2018\/08\/17426380_1906371736249227_6326180412931521141_n.jpg","contentUrl":"https:\/\/futbolhoy.co\/wp-content\/uploads\/2018\/08\/17426380_1906371736249227_6326180412931521141_n.jpg","width":960,"height":960,"caption":"Futbolhoy.co"},"image":{"@id":"https:\/\/futbolhoy.co\/#\/schema\/logo\/image\/"},"sameAs":["https:\/\/www.facebook.com\/FutbolHoyCol\/","https:\/\/x.com\/FutbolHoyCol","https:\/\/www.instagram.com\/futbolhoycol\/"]},{"@type":"Person","@id":"https:\/\/futbolhoy.co\/#\/schema\/person\/c4a353a512b127643723a34bb1812f7d","name":"Laura Hern\u00e1ndez","image":{"@type":"ImageObject","inLanguage":"es","@id":"https:\/\/futbolhoy.co\/#\/schema\/person\/image\/","url":"https:\/\/secure.gravatar.com\/avatar\/d25959a15b9b293a743f99181c7cfd01?s=96&d=mm&r=g","contentUrl":"https:\/\/secure.gravatar.com\/avatar\/d25959a15b9b293a743f99181c7cfd01?s=96&d=mm&r=g","caption":"Laura Hern\u00e1ndez"}}]}},"publishpress_future_action":{"enabled":false,"date":"2026-05-04 00:32:06","action":"change-status","newStatus":"draft","terms":[],"taxonomy":"category","extraData":[]},"publishpress_future_workflow_manual_trigger":{"enabledWorkflows":[]},"_links":{"self":[{"href":"https:\/\/futbolhoy.co\/index.php\/wp-json\/wp\/v2\/posts\/49766","targetHints":{"allow":["GET"]}}],"collection":[{"href":"https:\/\/futbolhoy.co\/index.php\/wp-json\/wp\/v2\/posts"}],"about":[{"href":"https:\/\/futbolhoy.co\/index.php\/wp-json\/wp\/v2\/types\/post"}],"author":[{"embeddable":true,"href":"https:\/\/futbolhoy.co\/index.php\/wp-json\/wp\/v2\/users\/5"}],"replies":[{"embeddable":true,"href":"https:\/\/futbolhoy.co\/index.php\/wp-json\/wp\/v2\/comments?post=49766"}],"version-history":[{"count":1,"href":"https:\/\/futbolhoy.co\/index.php\/wp-json\/wp\/v2\/posts\/49766\/revisions"}],"predecessor-version":[{"id":49767,"href":"https:\/\/futbolhoy.co\/index.php\/wp-json\/wp\/v2\/posts\/49766\/revisions\/49767"}],"wp:featuredmedia":[{"embeddable":true,"href":"https:\/\/futbolhoy.co\/index.php\/wp-json\/wp\/v2\/media\/35203"}],"wp:attachment":[{"href":"https:\/\/futbolhoy.co\/index.php\/wp-json\/wp\/v2\/media?parent=49766"}],"wp:term":[{"taxonomy":"category","embeddable":true,"href":"https:\/\/futbolhoy.co\/index.php\/wp-json\/wp\/v2\/categories?post=49766"},{"taxonomy":"post_tag","embeddable":true,"href":"https:\/\/futbolhoy.co\/index.php\/wp-json\/wp\/v2\/tags?post=49766"}],"curies":[{"name":"wp","href":"https:\/\/api.w.org\/{rel}","templated":true}]}}