{"id":49768,"date":"2020-04-07T13:24:43","date_gmt":"2020-04-07T18:24:43","guid":{"rendered":"https:\/\/futbolhoy.co\/?p=49768"},"modified":"2020-04-08T09:25:42","modified_gmt":"2020-04-08T14:25:42","slug":"cuadrado-de-acuerdo-con-rebaja-de-salario","status":"publish","type":"post","link":"https:\/\/futbolhoy.co\/index.php\/2020\/04\/07\/cuadrado-de-acuerdo-con-rebaja-de-salario\/","title":{"rendered":"Cuadrado, de acuerdo con rebaja de salario"},"content":{"rendered":"<p style=\"text-align: justify;\"><span style=\"font-family: helvetica, arial, sans-serif;\">El volante antioque\u00f1o <strong>Juan Guillermo Cuadrado,<\/strong> quien acept\u00f3 junto al resto de sus compa\u00f1eros en la <strong>Juventus<\/strong> reducir su sueldo para ayudar al club en este momento de crisis por el <strong>coronavirus,<\/strong> consider\u00f3 que \"es normal\" que los futbolistas hagan su aporte.<\/span><\/p>\n<p style=\"text-align: justify;\"><span style=\"font-family: helvetica, arial, sans-serif;\">\"Nuestro capit\u00e1n <strong>Giorgio<\/strong>\u00a0Chiellini habl\u00f3 con el club, luego nos contact\u00f3 por el 'chat' que tenemos con la plantilla. Hablamos tambi\u00e9n por tel\u00e9fono, hablamos de lo que est\u00e1 pasando y en un momento dif\u00edcil como este es normal que cada uno de nosotros d\u00e9 su aporte\", afirm\u00f3 Cuadrado en una entrevista con <em>\u2018Sky Sport\u2019.<\/em><\/span><\/p>\n<p style=\"text-align: justify;\"><span style=\"font-family: helvetica, arial, sans-serif;\">\"Reducimos nuestro sueldo y esperemos que seamos un ejemplo para los dem\u00e1s\", agreg\u00f3. Los jugadores de la Juventus renunciaron a su sueldo de los meses de marzo, abril, mayo y junio y permitieron al club turin\u00e9s ahorrar cerca de 90 millones de euros brutos.<\/span><\/p>\n<p style=\"text-align: justify;\"><span style=\"font-family: helvetica, arial, sans-serif;\">\"Me qued\u00e9 en <strong>Tur\u00edn,<\/strong> estoy contento porque llevaba tiempo sin pasar las 24 horas con mi familia. Es un momento bonito porque dibujamos juntos, coloreamos juntos con mis hijos. Es un momento bonito porque estamos conociendo a\u00fan mejor a nuestros hijos\", sentenci\u00f3 el jugador de 31 a\u00f1os.<\/span><\/p>\n","protected":false},"excerpt":{"rendered":"<p>El volante antioque\u00f1o Juan Guillermo Cuadrado, quien acept\u00f3 junto al resto de sus compa\u00f1eros en la Juventus reducir su sueldo para ayudar al club en este momento de crisis por el coronavirus, consider\u00f3 que \"es normal\" que los futbolistas hagan su aporte. \"Nuestro capit\u00e1n Giorgio\u00a0Chiellini habl\u00f3 con el club, luego nos contact\u00f3 por el 'chat' [&hellip;]<\/p>\n","protected":false},"author":5,"featured_media":38374,"comment_status":"open","ping_status":"open","sticky":false,"template":"","format":"standard","meta":{"_acf_changed":false,"footnotes":""},"categories":[418],"tags":[255,254],"class_list":{"0":"post-49768","1":"post","2":"type-post","3":"status-publish","4":"format-standard","5":"has-post-thumbnail","7":"category-colombia","8":"tag-juan-guillermo-cuadrado","9":"tag-juventus"},"acf":[],"yoast_head":"<!-- This site is optimized with the Yoast SEO plugin v26.8 - https:\/\/yoast.com\/product\/yoast-seo-wordpress\/ -->\n<title>Cuadrado, de acuerdo con rebaja de salario -<\/title>\n<meta name=\"robots\" content=\"index, follow, max-snippet:-1, max-image-preview:large, max-video-preview:-1\" \/>\n<link rel=\"canonical\" href=\"https:\/\/futbolhoy.co\/index.php\/2020\/04\/07\/cuadrado-de-acuerdo-con-rebaja-de-salario\/\" \/>\n<meta property=\"og:locale\" content=\"es_ES\" \/>\n<meta property=\"og:type\" content=\"article\" \/>\n<meta property=\"og:title\" content=\"Cuadrado, de acuerdo con rebaja de salario -\" \/>\n<meta property=\"og:description\" content=\"El volante antioque\u00f1o Juan Guillermo Cuadrado, quien acept\u00f3 junto al resto de sus compa\u00f1eros en la Juventus reducir su sueldo para ayudar al club en este momento de crisis por el coronavirus, consider\u00f3 que &quot;es normal&quot; que los futbolistas hagan su aporte. &quot;Nuestro capit\u00e1n Giorgio\u00a0Chiellini habl\u00f3 con el club, luego nos contact\u00f3 por el &#039;chat&#039; [&hellip;]\" \/>\n<meta property=\"og:url\" content=\"https:\/\/futbolhoy.co\/index.php\/2020\/04\/07\/cuadrado-de-acuerdo-con-rebaja-de-salario\/\" \/>\n<meta property=\"article:publisher\" content=\"https:\/\/www.facebook.com\/FutbolHoyCol\/\" \/>\n<meta property=\"article:published_time\" content=\"2020-04-07T18:24:43+00:00\" \/>\n<meta property=\"article:modified_time\" content=\"2020-04-08T14:25:42+00:00\" \/>\n<meta property=\"og:image\" content=\"https:\/\/futbolhoy.co\/wp-content\/uploads\/2019\/07\/DrHLDm4W4AIihGT.jpg\" \/>\n\t<meta property=\"og:image:width\" content=\"1200\" \/>\n\t<meta property=\"og:image:height\" content=\"800\" \/>\n\t<meta property=\"og:image:type\" content=\"image\/jpeg\" \/>\n<meta name=\"author\" content=\"Laura Hern\u00e1ndez\" \/>\n<meta name=\"twitter:card\" content=\"summary_large_image\" \/>\n<meta name=\"twitter:creator\" content=\"@FutbolHoyCol\" \/>\n<meta name=\"twitter:site\" content=\"@FutbolHoyCol\" \/>\n<meta name=\"twitter:label1\" content=\"Escrito por\" \/>\n\t<meta name=\"twitter:data1\" content=\"Laura Hern\u00e1ndez\" \/>\n\t<meta name=\"twitter:label2\" content=\"Tiempo de lectura\" \/>\n\t<meta name=\"twitter:data2\" content=\"1 minuto\" \/>\n<script type=\"application\/ld+json\" class=\"yoast-schema-graph\">{\"@context\":\"https:\/\/schema.org\",\"@graph\":[{\"@type\":\"Article\",\"@id\":\"https:\/\/futbolhoy.co\/index.php\/2020\/04\/07\/cuadrado-de-acuerdo-con-rebaja-de-salario\/#article\",\"isPartOf\":{\"@id\":\"https:\/\/futbolhoy.co\/index.php\/2020\/04\/07\/cuadrado-de-acuerdo-con-rebaja-de-salario\/\"},\"author\":{\"name\":\"Laura Hern\u00e1ndez\",\"@id\":\"https:\/\/futbolhoy.co\/#\/schema\/person\/c4a353a512b127643723a34bb1812f7d\"},\"headline\":\"Cuadrado, de acuerdo con rebaja de salario\",\"datePublished\":\"2020-04-07T18:24:43+00:00\",\"dateModified\":\"2020-04-08T14:25:42+00:00\",\"mainEntityOfPage\":{\"@id\":\"https:\/\/futbolhoy.co\/index.php\/2020\/04\/07\/cuadrado-de-acuerdo-con-rebaja-de-salario\/\"},\"wordCount\":202,\"commentCount\":0,\"publisher\":{\"@id\":\"https:\/\/futbolhoy.co\/#organization\"},\"image\":{\"@id\":\"https:\/\/futbolhoy.co\/index.php\/2020\/04\/07\/cuadrado-de-acuerdo-con-rebaja-de-salario\/#primaryimage\"},\"thumbnailUrl\":\"https:\/\/futbolhoy.co\/wp-content\/uploads\/2019\/07\/DrHLDm4W4AIihGT.jpg\",\"keywords\":[\"Juan Guillermo Cuadrado\",\"Juventus\"],\"articleSection\":[\"Colombia\"],\"inLanguage\":\"es\",\"potentialAction\":[{\"@type\":\"CommentAction\",\"name\":\"Comment\",\"target\":[\"https:\/\/futbolhoy.co\/index.php\/2020\/04\/07\/cuadrado-de-acuerdo-con-rebaja-de-salario\/#respond\"]}]},{\"@type\":\"WebPage\",\"@id\":\"https:\/\/futbolhoy.co\/index.php\/2020\/04\/07\/cuadrado-de-acuerdo-con-rebaja-de-salario\/\",\"url\":\"https:\/\/futbolhoy.co\/index.php\/2020\/04\/07\/cuadrado-de-acuerdo-con-rebaja-de-salario\/\",\"name\":\"Cuadrado, de acuerdo con rebaja de salario -\",\"isPartOf\":{\"@id\":\"https:\/\/futbolhoy.co\/#website\"},\"primaryImageOfPage\":{\"@id\":\"https:\/\/futbolhoy.co\/index.php\/2020\/04\/07\/cuadrado-de-acuerdo-con-rebaja-de-salario\/#primaryimage\"},\"image\":{\"@id\":\"https:\/\/futbolhoy.co\/index.php\/2020\/04\/07\/cuadrado-de-acuerdo-con-rebaja-de-salario\/#primaryimage\"},\"thumbnailUrl\":\"https:\/\/futbolhoy.co\/wp-content\/uploads\/2019\/07\/DrHLDm4W4AIihGT.jpg\",\"datePublished\":\"2020-04-07T18:24:43+00:00\",\"dateModified\":\"2020-04-08T14:25:42+00:00\",\"breadcrumb\":{\"@id\":\"https:\/\/futbolhoy.co\/index.php\/2020\/04\/07\/cuadrado-de-acuerdo-con-rebaja-de-salario\/#breadcrumb\"},\"inLanguage\":\"es\",\"potentialAction\":[{\"@type\":\"ReadAction\",\"target\":[\"https:\/\/futbolhoy.co\/index.php\/2020\/04\/07\/cuadrado-de-acuerdo-con-rebaja-de-salario\/\"]}]},{\"@type\":\"ImageObject\",\"inLanguage\":\"es\",\"@id\":\"https:\/\/futbolhoy.co\/index.php\/2020\/04\/07\/cuadrado-de-acuerdo-con-rebaja-de-salario\/#primaryimage\",\"url\":\"https:\/\/futbolhoy.co\/wp-content\/uploads\/2019\/07\/DrHLDm4W4AIihGT.jpg\",\"contentUrl\":\"https:\/\/futbolhoy.co\/wp-content\/uploads\/2019\/07\/DrHLDm4W4AIihGT.jpg\",\"width\":1200,\"height\":800,\"caption\":\"Twitter @Cuadrado\"},{\"@type\":\"BreadcrumbList\",\"@id\":\"https:\/\/futbolhoy.co\/index.php\/2020\/04\/07\/cuadrado-de-acuerdo-con-rebaja-de-salario\/#breadcrumb\",\"itemListElement\":[{\"@type\":\"ListItem\",\"position\":1,\"name\":\"Portada\",\"item\":\"https:\/\/futbolhoy.co\/\"},{\"@type\":\"ListItem\",\"position\":2,\"name\":\"Cuadrado, de acuerdo con rebaja de salario\"}]},{\"@type\":\"WebSite\",\"@id\":\"https:\/\/futbolhoy.co\/#website\",\"url\":\"https:\/\/futbolhoy.co\/\",\"name\":\"FutbolHoy\",\"description\":\"\",\"publisher\":{\"@id\":\"https:\/\/futbolhoy.co\/#organization\"},\"potentialAction\":[{\"@type\":\"SearchAction\",\"target\":{\"@type\":\"EntryPoint\",\"urlTemplate\":\"https:\/\/futbolhoy.co\/?s={search_term_string}\"},\"query-input\":{\"@type\":\"PropertyValueSpecification\",\"valueRequired\":true,\"valueName\":\"search_term_string\"}}],\"inLanguage\":\"es\"},{\"@type\":\"Organization\",\"@id\":\"https:\/\/futbolhoy.co\/#organization\",\"name\":\"Futbolhoy.co\",\"url\":\"https:\/\/futbolhoy.co\/\",\"logo\":{\"@type\":\"ImageObject\",\"inLanguage\":\"es\",\"@id\":\"https:\/\/futbolhoy.co\/#\/schema\/logo\/image\/\",\"url\":\"https:\/\/futbolhoy.co\/wp-content\/uploads\/2018\/08\/17426380_1906371736249227_6326180412931521141_n.jpg\",\"contentUrl\":\"https:\/\/futbolhoy.co\/wp-content\/uploads\/2018\/08\/17426380_1906371736249227_6326180412931521141_n.jpg\",\"width\":960,\"height\":960,\"caption\":\"Futbolhoy.co\"},\"image\":{\"@id\":\"https:\/\/futbolhoy.co\/#\/schema\/logo\/image\/\"},\"sameAs\":[\"https:\/\/www.facebook.com\/FutbolHoyCol\/\",\"https:\/\/x.com\/FutbolHoyCol\",\"https:\/\/www.instagram.com\/futbolhoycol\/\"]},{\"@type\":\"Person\",\"@id\":\"https:\/\/futbolhoy.co\/#\/schema\/person\/c4a353a512b127643723a34bb1812f7d\",\"name\":\"Laura Hern\u00e1ndez\",\"image\":{\"@type\":\"ImageObject\",\"inLanguage\":\"es\",\"@id\":\"https:\/\/futbolhoy.co\/#\/schema\/person\/image\/\",\"url\":\"https:\/\/secure.gravatar.com\/avatar\/d25959a15b9b293a743f99181c7cfd01?s=96&d=mm&r=g\",\"contentUrl\":\"https:\/\/secure.gravatar.com\/avatar\/d25959a15b9b293a743f99181c7cfd01?s=96&d=mm&r=g\",\"caption\":\"Laura Hern\u00e1ndez\"}}]}<\/script>\n<!-- \/ Yoast SEO plugin. -->","yoast_head_json":{"title":"Cuadrado, de acuerdo con rebaja de salario -","robots":{"index":"index","follow":"follow","max-snippet":"max-snippet:-1","max-image-preview":"max-image-preview:large","max-video-preview":"max-video-preview:-1"},"canonical":"https:\/\/futbolhoy.co\/index.php\/2020\/04\/07\/cuadrado-de-acuerdo-con-rebaja-de-salario\/","og_locale":"es_ES","og_type":"article","og_title":"Cuadrado, de acuerdo con rebaja de salario -","og_description":"El volante antioque\u00f1o Juan Guillermo Cuadrado, quien acept\u00f3 junto al resto de sus compa\u00f1eros en la Juventus reducir su sueldo para ayudar al club en este momento de crisis por el coronavirus, consider\u00f3 que \"es normal\" que los futbolistas hagan su aporte. \"Nuestro capit\u00e1n Giorgio\u00a0Chiellini habl\u00f3 con el club, luego nos contact\u00f3 por el 'chat' [&hellip;]","og_url":"https:\/\/futbolhoy.co\/index.php\/2020\/04\/07\/cuadrado-de-acuerdo-con-rebaja-de-salario\/","article_publisher":"https:\/\/www.facebook.com\/FutbolHoyCol\/","article_published_time":"2020-04-07T18:24:43+00:00","article_modified_time":"2020-04-08T14:25:42+00:00","og_image":[{"width":1200,"height":800,"url":"https:\/\/futbolhoy.co\/wp-content\/uploads\/2019\/07\/DrHLDm4W4AIihGT.jpg","type":"image\/jpeg"}],"author":"Laura Hern\u00e1ndez","twitter_card":"summary_large_image","twitter_creator":"@FutbolHoyCol","twitter_site":"@FutbolHoyCol","twitter_misc":{"Escrito por":"Laura Hern\u00e1ndez","Tiempo de lectura":"1 minuto"},"schema":{"@context":"https:\/\/schema.org","@graph":[{"@type":"Article","@id":"https:\/\/futbolhoy.co\/index.php\/2020\/04\/07\/cuadrado-de-acuerdo-con-rebaja-de-salario\/#article","isPartOf":{"@id":"https:\/\/futbolhoy.co\/index.php\/2020\/04\/07\/cuadrado-de-acuerdo-con-rebaja-de-salario\/"},"author":{"name":"Laura Hern\u00e1ndez","@id":"https:\/\/futbolhoy.co\/#\/schema\/person\/c4a353a512b127643723a34bb1812f7d"},"headline":"Cuadrado, de acuerdo con rebaja de salario","datePublished":"2020-04-07T18:24:43+00:00","dateModified":"2020-04-08T14:25:42+00:00","mainEntityOfPage":{"@id":"https:\/\/futbolhoy.co\/index.php\/2020\/04\/07\/cuadrado-de-acuerdo-con-rebaja-de-salario\/"},"wordCount":202,"commentCount":0,"publisher":{"@id":"https:\/\/futbolhoy.co\/#organization"},"image":{"@id":"https:\/\/futbolhoy.co\/index.php\/2020\/04\/07\/cuadrado-de-acuerdo-con-rebaja-de-salario\/#primaryimage"},"thumbnailUrl":"https:\/\/futbolhoy.co\/wp-content\/uploads\/2019\/07\/DrHLDm4W4AIihGT.jpg","keywords":["Juan Guillermo Cuadrado","Juventus"],"articleSection":["Colombia"],"inLanguage":"es","potentialAction":[{"@type":"CommentAction","name":"Comment","target":["https:\/\/futbolhoy.co\/index.php\/2020\/04\/07\/cuadrado-de-acuerdo-con-rebaja-de-salario\/#respond"]}]},{"@type":"WebPage","@id":"https:\/\/futbolhoy.co\/index.php\/2020\/04\/07\/cuadrado-de-acuerdo-con-rebaja-de-salario\/","url":"https:\/\/futbolhoy.co\/index.php\/2020\/04\/07\/cuadrado-de-acuerdo-con-rebaja-de-salario\/","name":"Cuadrado, de acuerdo con rebaja de salario -","isPartOf":{"@id":"https:\/\/futbolhoy.co\/#website"},"primaryImageOfPage":{"@id":"https:\/\/futbolhoy.co\/index.php\/2020\/04\/07\/cuadrado-de-acuerdo-con-rebaja-de-salario\/#primaryimage"},"image":{"@id":"https:\/\/futbolhoy.co\/index.php\/2020\/04\/07\/cuadrado-de-acuerdo-con-rebaja-de-salario\/#primaryimage"},"thumbnailUrl":"https:\/\/futbolhoy.co\/wp-content\/uploads\/2019\/07\/DrHLDm4W4AIihGT.jpg","datePublished":"2020-04-07T18:24:43+00:00","dateModified":"2020-04-08T14:25:42+00:00","breadcrumb":{"@id":"https:\/\/futbolhoy.co\/index.php\/2020\/04\/07\/cuadrado-de-acuerdo-con-rebaja-de-salario\/#breadcrumb"},"inLanguage":"es","potentialAction":[{"@type":"ReadAction","target":["https:\/\/futbolhoy.co\/index.php\/2020\/04\/07\/cuadrado-de-acuerdo-con-rebaja-de-salario\/"]}]},{"@type":"ImageObject","inLanguage":"es","@id":"https:\/\/futbolhoy.co\/index.php\/2020\/04\/07\/cuadrado-de-acuerdo-con-rebaja-de-salario\/#primaryimage","url":"https:\/\/futbolhoy.co\/wp-content\/uploads\/2019\/07\/DrHLDm4W4AIihGT.jpg","contentUrl":"https:\/\/futbolhoy.co\/wp-content\/uploads\/2019\/07\/DrHLDm4W4AIihGT.jpg","width":1200,"height":800,"caption":"Twitter @Cuadrado"},{"@type":"BreadcrumbList","@id":"https:\/\/futbolhoy.co\/index.php\/2020\/04\/07\/cuadrado-de-acuerdo-con-rebaja-de-salario\/#breadcrumb","itemListElement":[{"@type":"ListItem","position":1,"name":"Portada","item":"https:\/\/futbolhoy.co\/"},{"@type":"ListItem","position":2,"name":"Cuadrado, de acuerdo con rebaja de salario"}]},{"@type":"WebSite","@id":"https:\/\/futbolhoy.co\/#website","url":"https:\/\/futbolhoy.co\/","name":"FutbolHoy","description":"","publisher":{"@id":"https:\/\/futbolhoy.co\/#organization"},"potentialAction":[{"@type":"SearchAction","target":{"@type":"EntryPoint","urlTemplate":"https:\/\/futbolhoy.co\/?s={search_term_string}"},"query-input":{"@type":"PropertyValueSpecification","valueRequired":true,"valueName":"search_term_string"}}],"inLanguage":"es"},{"@type":"Organization","@id":"https:\/\/futbolhoy.co\/#organization","name":"Futbolhoy.co","url":"https:\/\/futbolhoy.co\/","logo":{"@type":"ImageObject","inLanguage":"es","@id":"https:\/\/futbolhoy.co\/#\/schema\/logo\/image\/","url":"https:\/\/futbolhoy.co\/wp-content\/uploads\/2018\/08\/17426380_1906371736249227_6326180412931521141_n.jpg","contentUrl":"https:\/\/futbolhoy.co\/wp-content\/uploads\/2018\/08\/17426380_1906371736249227_6326180412931521141_n.jpg","width":960,"height":960,"caption":"Futbolhoy.co"},"image":{"@id":"https:\/\/futbolhoy.co\/#\/schema\/logo\/image\/"},"sameAs":["https:\/\/www.facebook.com\/FutbolHoyCol\/","https:\/\/x.com\/FutbolHoyCol","https:\/\/www.instagram.com\/futbolhoycol\/"]},{"@type":"Person","@id":"https:\/\/futbolhoy.co\/#\/schema\/person\/c4a353a512b127643723a34bb1812f7d","name":"Laura Hern\u00e1ndez","image":{"@type":"ImageObject","inLanguage":"es","@id":"https:\/\/futbolhoy.co\/#\/schema\/person\/image\/","url":"https:\/\/secure.gravatar.com\/avatar\/d25959a15b9b293a743f99181c7cfd01?s=96&d=mm&r=g","contentUrl":"https:\/\/secure.gravatar.com\/avatar\/d25959a15b9b293a743f99181c7cfd01?s=96&d=mm&r=g","caption":"Laura Hern\u00e1ndez"}}]}},"publishpress_future_action":{"enabled":false,"date":"2026-05-04 06:36:58","action":"change-status","newStatus":"draft","terms":[],"taxonomy":"category","extraData":[]},"publishpress_future_workflow_manual_trigger":{"enabledWorkflows":[]},"_links":{"self":[{"href":"https:\/\/futbolhoy.co\/index.php\/wp-json\/wp\/v2\/posts\/49768","targetHints":{"allow":["GET"]}}],"collection":[{"href":"https:\/\/futbolhoy.co\/index.php\/wp-json\/wp\/v2\/posts"}],"about":[{"href":"https:\/\/futbolhoy.co\/index.php\/wp-json\/wp\/v2\/types\/post"}],"author":[{"embeddable":true,"href":"https:\/\/futbolhoy.co\/index.php\/wp-json\/wp\/v2\/users\/5"}],"replies":[{"embeddable":true,"href":"https:\/\/futbolhoy.co\/index.php\/wp-json\/wp\/v2\/comments?post=49768"}],"version-history":[{"count":1,"href":"https:\/\/futbolhoy.co\/index.php\/wp-json\/wp\/v2\/posts\/49768\/revisions"}],"predecessor-version":[{"id":49769,"href":"https:\/\/futbolhoy.co\/index.php\/wp-json\/wp\/v2\/posts\/49768\/revisions\/49769"}],"wp:featuredmedia":[{"embeddable":true,"href":"https:\/\/futbolhoy.co\/index.php\/wp-json\/wp\/v2\/media\/38374"}],"wp:attachment":[{"href":"https:\/\/futbolhoy.co\/index.php\/wp-json\/wp\/v2\/media?parent=49768"}],"wp:term":[{"taxonomy":"category","embeddable":true,"href":"https:\/\/futbolhoy.co\/index.php\/wp-json\/wp\/v2\/categories?post=49768"},{"taxonomy":"post_tag","embeddable":true,"href":"https:\/\/futbolhoy.co\/index.php\/wp-json\/wp\/v2\/tags?post=49768"}],"curies":[{"name":"wp","href":"https:\/\/api.w.org\/{rel}","templated":true}]}}