{"id":49791,"date":"2020-04-07T18:48:14","date_gmt":"2020-04-07T23:48:14","guid":{"rendered":"https:\/\/futbolhoy.co\/?p=49791"},"modified":"2020-04-08T12:31:02","modified_gmt":"2020-04-08T17:31:02","slug":"blatter-descarto-sobornos-en-mundiales-del-2018-y-2022","status":"publish","type":"post","link":"https:\/\/futbolhoy.co\/index.php\/2020\/04\/07\/blatter-descarto-sobornos-en-mundiales-del-2018-y-2022\/","title":{"rendered":"Blatter descart\u00f3 sobornos en Mundiales del 2018 y 2022"},"content":{"rendered":"<p style=\"text-align: justify;\"><span style=\"font-family: helvetica, arial, sans-serif;\">El expresidente de la <strong>FIFA,<\/strong> <strong>Sepp Blatter<\/strong>, ratific\u00f3 que la designaci\u00f3n de <strong>Qatar<\/strong> como sede del pr\u00f3ximo Mundial estaba ligado a una \"intervenci\u00f3n pol\u00edtica\", rechazando las acusaciones del Departamento de Justicia de Estados Unidos, que asegur\u00f3 que hubo sobornos en el otorgamiento de los torneos del 2018 y 2022.<\/span><\/p>\n<p style=\"text-align: justify;\"><span style=\"font-family: helvetica, arial, sans-serif;\">En la atribuci\u00f3n de estas sedes, hubo un \u2018acuerdo de caballeros\u2019 en el Comit\u00e9 ejecutivo de la FIFA: el Mundial-2018 a Rusia y el 2022 a Estados Unidos, sostuvo Blatter.<\/span><\/p>\n<p style=\"text-align: justify;\"><span style=\"font-family: helvetica, arial, sans-serif;\">La sede para los norteamericanos no se logr\u00f3 por la interferencia de <strong>Nicolas Sarkozy<\/strong>, entonces presidente de Francia, ante <strong>Michel Platini<\/strong>, miembro en aquella \u00e9poca del Comit\u00e9 Ejecutivo.<\/span><\/p>\n<p style=\"text-align: justify;\"><span style=\"font-family: helvetica, arial, sans-serif;\">El Departamento de Estados asegur\u00f3 que directivos de FIFA, especialmente de Am\u00e9rica, fueron sobornados para votar a favor de Rusia y Qatar, sin precisar el origen de los pagos.<\/span><\/p>\n","protected":false},"excerpt":{"rendered":"<p>El expresidente de la FIFA, Sepp Blatter, ratific\u00f3 que la designaci\u00f3n de Qatar como sede del pr\u00f3ximo Mundial estaba ligado a una \"intervenci\u00f3n pol\u00edtica\", rechazando las acusaciones del Departamento de Justicia de Estados Unidos, que asegur\u00f3 que hubo sobornos en el otorgamiento de los torneos del 2018 y 2022. En la atribuci\u00f3n de estas sedes, [&hellip;]<\/p>\n","protected":false},"author":5,"featured_media":49801,"comment_status":"open","ping_status":"open","sticky":false,"template":"","format":"standard","meta":{"_acf_changed":false,"footnotes":""},"categories":[152],"tags":[92,430],"class_list":{"0":"post-49791","1":"post","2":"type-post","3":"status-publish","4":"format-standard","5":"has-post-thumbnail","7":"category-mundo-futbol","8":"tag-fifa","9":"tag-joseph-blatter"},"acf":[],"yoast_head":"<!-- This site is optimized with the Yoast SEO plugin v26.8 - https:\/\/yoast.com\/product\/yoast-seo-wordpress\/ -->\n<title>Blatter descart\u00f3 sobornos en Mundiales del 2018 y 2022 -<\/title>\n<meta name=\"robots\" content=\"index, follow, max-snippet:-1, max-image-preview:large, max-video-preview:-1\" \/>\n<link rel=\"canonical\" href=\"https:\/\/futbolhoy.co\/index.php\/2020\/04\/07\/blatter-descarto-sobornos-en-mundiales-del-2018-y-2022\/\" \/>\n<meta property=\"og:locale\" content=\"es_ES\" \/>\n<meta property=\"og:type\" content=\"article\" \/>\n<meta property=\"og:title\" content=\"Blatter descart\u00f3 sobornos en Mundiales del 2018 y 2022 -\" \/>\n<meta property=\"og:description\" content=\"El expresidente de la FIFA, Sepp Blatter, ratific\u00f3 que la designaci\u00f3n de Qatar como sede del pr\u00f3ximo Mundial estaba ligado a una &quot;intervenci\u00f3n pol\u00edtica&quot;, rechazando las acusaciones del Departamento de Justicia de Estados Unidos, que asegur\u00f3 que hubo sobornos en el otorgamiento de los torneos del 2018 y 2022. En la atribuci\u00f3n de estas sedes, [&hellip;]\" \/>\n<meta property=\"og:url\" content=\"https:\/\/futbolhoy.co\/index.php\/2020\/04\/07\/blatter-descarto-sobornos-en-mundiales-del-2018-y-2022\/\" \/>\n<meta property=\"article:publisher\" content=\"https:\/\/www.facebook.com\/FutbolHoyCol\/\" \/>\n<meta property=\"article:published_time\" content=\"2020-04-07T23:48:14+00:00\" \/>\n<meta property=\"article:modified_time\" content=\"2020-04-08T17:31:02+00:00\" \/>\n<meta property=\"og:image\" content=\"https:\/\/futbolhoy.co\/wp-content\/uploads\/2020\/04\/IMG_20200407_183856-scaled.jpg\" \/>\n\t<meta property=\"og:image:width\" content=\"2560\" \/>\n\t<meta property=\"og:image:height\" content=\"1707\" \/>\n\t<meta property=\"og:image:type\" content=\"image\/jpeg\" \/>\n<meta name=\"author\" content=\"Laura Hern\u00e1ndez\" \/>\n<meta name=\"twitter:card\" content=\"summary_large_image\" \/>\n<meta name=\"twitter:creator\" content=\"@FutbolHoyCol\" \/>\n<meta name=\"twitter:site\" content=\"@FutbolHoyCol\" \/>\n<meta name=\"twitter:label1\" content=\"Escrito por\" \/>\n\t<meta name=\"twitter:data1\" content=\"Laura Hern\u00e1ndez\" \/>\n\t<meta name=\"twitter:label2\" content=\"Tiempo de lectura\" \/>\n\t<meta name=\"twitter:data2\" content=\"1 minuto\" \/>\n<script type=\"application\/ld+json\" class=\"yoast-schema-graph\">{\"@context\":\"https:\/\/schema.org\",\"@graph\":[{\"@type\":\"Article\",\"@id\":\"https:\/\/futbolhoy.co\/index.php\/2020\/04\/07\/blatter-descarto-sobornos-en-mundiales-del-2018-y-2022\/#article\",\"isPartOf\":{\"@id\":\"https:\/\/futbolhoy.co\/index.php\/2020\/04\/07\/blatter-descarto-sobornos-en-mundiales-del-2018-y-2022\/\"},\"author\":{\"name\":\"Laura Hern\u00e1ndez\",\"@id\":\"https:\/\/futbolhoy.co\/#\/schema\/person\/c4a353a512b127643723a34bb1812f7d\"},\"headline\":\"Blatter descart\u00f3 sobornos en Mundiales del 2018 y 2022\",\"datePublished\":\"2020-04-07T23:48:14+00:00\",\"dateModified\":\"2020-04-08T17:31:02+00:00\",\"mainEntityOfPage\":{\"@id\":\"https:\/\/futbolhoy.co\/index.php\/2020\/04\/07\/blatter-descarto-sobornos-en-mundiales-del-2018-y-2022\/\"},\"wordCount\":146,\"commentCount\":0,\"publisher\":{\"@id\":\"https:\/\/futbolhoy.co\/#organization\"},\"image\":{\"@id\":\"https:\/\/futbolhoy.co\/index.php\/2020\/04\/07\/blatter-descarto-sobornos-en-mundiales-del-2018-y-2022\/#primaryimage\"},\"thumbnailUrl\":\"https:\/\/futbolhoy.co\/wp-content\/uploads\/2020\/04\/IMG_20200407_183856-scaled.jpg\",\"keywords\":[\"FIFA\",\"Joseph Blatter\"],\"articleSection\":[\"Mundo Futbol\"],\"inLanguage\":\"es\",\"potentialAction\":[{\"@type\":\"CommentAction\",\"name\":\"Comment\",\"target\":[\"https:\/\/futbolhoy.co\/index.php\/2020\/04\/07\/blatter-descarto-sobornos-en-mundiales-del-2018-y-2022\/#respond\"]}]},{\"@type\":\"WebPage\",\"@id\":\"https:\/\/futbolhoy.co\/index.php\/2020\/04\/07\/blatter-descarto-sobornos-en-mundiales-del-2018-y-2022\/\",\"url\":\"https:\/\/futbolhoy.co\/index.php\/2020\/04\/07\/blatter-descarto-sobornos-en-mundiales-del-2018-y-2022\/\",\"name\":\"Blatter descart\u00f3 sobornos en Mundiales del 2018 y 2022 -\",\"isPartOf\":{\"@id\":\"https:\/\/futbolhoy.co\/#website\"},\"primaryImageOfPage\":{\"@id\":\"https:\/\/futbolhoy.co\/index.php\/2020\/04\/07\/blatter-descarto-sobornos-en-mundiales-del-2018-y-2022\/#primaryimage\"},\"image\":{\"@id\":\"https:\/\/futbolhoy.co\/index.php\/2020\/04\/07\/blatter-descarto-sobornos-en-mundiales-del-2018-y-2022\/#primaryimage\"},\"thumbnailUrl\":\"https:\/\/futbolhoy.co\/wp-content\/uploads\/2020\/04\/IMG_20200407_183856-scaled.jpg\",\"datePublished\":\"2020-04-07T23:48:14+00:00\",\"dateModified\":\"2020-04-08T17:31:02+00:00\",\"breadcrumb\":{\"@id\":\"https:\/\/futbolhoy.co\/index.php\/2020\/04\/07\/blatter-descarto-sobornos-en-mundiales-del-2018-y-2022\/#breadcrumb\"},\"inLanguage\":\"es\",\"potentialAction\":[{\"@type\":\"ReadAction\",\"target\":[\"https:\/\/futbolhoy.co\/index.php\/2020\/04\/07\/blatter-descarto-sobornos-en-mundiales-del-2018-y-2022\/\"]}]},{\"@type\":\"ImageObject\",\"inLanguage\":\"es\",\"@id\":\"https:\/\/futbolhoy.co\/index.php\/2020\/04\/07\/blatter-descarto-sobornos-en-mundiales-del-2018-y-2022\/#primaryimage\",\"url\":\"https:\/\/futbolhoy.co\/wp-content\/uploads\/2020\/04\/IMG_20200407_183856-scaled.jpg\",\"contentUrl\":\"https:\/\/futbolhoy.co\/wp-content\/uploads\/2020\/04\/IMG_20200407_183856-scaled.jpg\",\"width\":2560,\"height\":1707},{\"@type\":\"BreadcrumbList\",\"@id\":\"https:\/\/futbolhoy.co\/index.php\/2020\/04\/07\/blatter-descarto-sobornos-en-mundiales-del-2018-y-2022\/#breadcrumb\",\"itemListElement\":[{\"@type\":\"ListItem\",\"position\":1,\"name\":\"Portada\",\"item\":\"https:\/\/futbolhoy.co\/\"},{\"@type\":\"ListItem\",\"position\":2,\"name\":\"Blatter descart\u00f3 sobornos en Mundiales del 2018 y 2022\"}]},{\"@type\":\"WebSite\",\"@id\":\"https:\/\/futbolhoy.co\/#website\",\"url\":\"https:\/\/futbolhoy.co\/\",\"name\":\"FutbolHoy\",\"description\":\"\",\"publisher\":{\"@id\":\"https:\/\/futbolhoy.co\/#organization\"},\"potentialAction\":[{\"@type\":\"SearchAction\",\"target\":{\"@type\":\"EntryPoint\",\"urlTemplate\":\"https:\/\/futbolhoy.co\/?s={search_term_string}\"},\"query-input\":{\"@type\":\"PropertyValueSpecification\",\"valueRequired\":true,\"valueName\":\"search_term_string\"}}],\"inLanguage\":\"es\"},{\"@type\":\"Organization\",\"@id\":\"https:\/\/futbolhoy.co\/#organization\",\"name\":\"Futbolhoy.co\",\"url\":\"https:\/\/futbolhoy.co\/\",\"logo\":{\"@type\":\"ImageObject\",\"inLanguage\":\"es\",\"@id\":\"https:\/\/futbolhoy.co\/#\/schema\/logo\/image\/\",\"url\":\"https:\/\/futbolhoy.co\/wp-content\/uploads\/2018\/08\/17426380_1906371736249227_6326180412931521141_n.jpg\",\"contentUrl\":\"https:\/\/futbolhoy.co\/wp-content\/uploads\/2018\/08\/17426380_1906371736249227_6326180412931521141_n.jpg\",\"width\":960,\"height\":960,\"caption\":\"Futbolhoy.co\"},\"image\":{\"@id\":\"https:\/\/futbolhoy.co\/#\/schema\/logo\/image\/\"},\"sameAs\":[\"https:\/\/www.facebook.com\/FutbolHoyCol\/\",\"https:\/\/x.com\/FutbolHoyCol\",\"https:\/\/www.instagram.com\/futbolhoycol\/\"]},{\"@type\":\"Person\",\"@id\":\"https:\/\/futbolhoy.co\/#\/schema\/person\/c4a353a512b127643723a34bb1812f7d\",\"name\":\"Laura Hern\u00e1ndez\",\"image\":{\"@type\":\"ImageObject\",\"inLanguage\":\"es\",\"@id\":\"https:\/\/futbolhoy.co\/#\/schema\/person\/image\/\",\"url\":\"https:\/\/secure.gravatar.com\/avatar\/d25959a15b9b293a743f99181c7cfd01?s=96&d=mm&r=g\",\"contentUrl\":\"https:\/\/secure.gravatar.com\/avatar\/d25959a15b9b293a743f99181c7cfd01?s=96&d=mm&r=g\",\"caption\":\"Laura Hern\u00e1ndez\"}}]}<\/script>\n<!-- \/ Yoast SEO plugin. -->","yoast_head_json":{"title":"Blatter descart\u00f3 sobornos en Mundiales del 2018 y 2022 -","robots":{"index":"index","follow":"follow","max-snippet":"max-snippet:-1","max-image-preview":"max-image-preview:large","max-video-preview":"max-video-preview:-1"},"canonical":"https:\/\/futbolhoy.co\/index.php\/2020\/04\/07\/blatter-descarto-sobornos-en-mundiales-del-2018-y-2022\/","og_locale":"es_ES","og_type":"article","og_title":"Blatter descart\u00f3 sobornos en Mundiales del 2018 y 2022 -","og_description":"El expresidente de la FIFA, Sepp Blatter, ratific\u00f3 que la designaci\u00f3n de Qatar como sede del pr\u00f3ximo Mundial estaba ligado a una \"intervenci\u00f3n pol\u00edtica\", rechazando las acusaciones del Departamento de Justicia de Estados Unidos, que asegur\u00f3 que hubo sobornos en el otorgamiento de los torneos del 2018 y 2022. En la atribuci\u00f3n de estas sedes, [&hellip;]","og_url":"https:\/\/futbolhoy.co\/index.php\/2020\/04\/07\/blatter-descarto-sobornos-en-mundiales-del-2018-y-2022\/","article_publisher":"https:\/\/www.facebook.com\/FutbolHoyCol\/","article_published_time":"2020-04-07T23:48:14+00:00","article_modified_time":"2020-04-08T17:31:02+00:00","og_image":[{"width":2560,"height":1707,"url":"https:\/\/futbolhoy.co\/wp-content\/uploads\/2020\/04\/IMG_20200407_183856-scaled.jpg","type":"image\/jpeg"}],"author":"Laura Hern\u00e1ndez","twitter_card":"summary_large_image","twitter_creator":"@FutbolHoyCol","twitter_site":"@FutbolHoyCol","twitter_misc":{"Escrito por":"Laura Hern\u00e1ndez","Tiempo de lectura":"1 minuto"},"schema":{"@context":"https:\/\/schema.org","@graph":[{"@type":"Article","@id":"https:\/\/futbolhoy.co\/index.php\/2020\/04\/07\/blatter-descarto-sobornos-en-mundiales-del-2018-y-2022\/#article","isPartOf":{"@id":"https:\/\/futbolhoy.co\/index.php\/2020\/04\/07\/blatter-descarto-sobornos-en-mundiales-del-2018-y-2022\/"},"author":{"name":"Laura Hern\u00e1ndez","@id":"https:\/\/futbolhoy.co\/#\/schema\/person\/c4a353a512b127643723a34bb1812f7d"},"headline":"Blatter descart\u00f3 sobornos en Mundiales del 2018 y 2022","datePublished":"2020-04-07T23:48:14+00:00","dateModified":"2020-04-08T17:31:02+00:00","mainEntityOfPage":{"@id":"https:\/\/futbolhoy.co\/index.php\/2020\/04\/07\/blatter-descarto-sobornos-en-mundiales-del-2018-y-2022\/"},"wordCount":146,"commentCount":0,"publisher":{"@id":"https:\/\/futbolhoy.co\/#organization"},"image":{"@id":"https:\/\/futbolhoy.co\/index.php\/2020\/04\/07\/blatter-descarto-sobornos-en-mundiales-del-2018-y-2022\/#primaryimage"},"thumbnailUrl":"https:\/\/futbolhoy.co\/wp-content\/uploads\/2020\/04\/IMG_20200407_183856-scaled.jpg","keywords":["FIFA","Joseph Blatter"],"articleSection":["Mundo Futbol"],"inLanguage":"es","potentialAction":[{"@type":"CommentAction","name":"Comment","target":["https:\/\/futbolhoy.co\/index.php\/2020\/04\/07\/blatter-descarto-sobornos-en-mundiales-del-2018-y-2022\/#respond"]}]},{"@type":"WebPage","@id":"https:\/\/futbolhoy.co\/index.php\/2020\/04\/07\/blatter-descarto-sobornos-en-mundiales-del-2018-y-2022\/","url":"https:\/\/futbolhoy.co\/index.php\/2020\/04\/07\/blatter-descarto-sobornos-en-mundiales-del-2018-y-2022\/","name":"Blatter descart\u00f3 sobornos en Mundiales del 2018 y 2022 -","isPartOf":{"@id":"https:\/\/futbolhoy.co\/#website"},"primaryImageOfPage":{"@id":"https:\/\/futbolhoy.co\/index.php\/2020\/04\/07\/blatter-descarto-sobornos-en-mundiales-del-2018-y-2022\/#primaryimage"},"image":{"@id":"https:\/\/futbolhoy.co\/index.php\/2020\/04\/07\/blatter-descarto-sobornos-en-mundiales-del-2018-y-2022\/#primaryimage"},"thumbnailUrl":"https:\/\/futbolhoy.co\/wp-content\/uploads\/2020\/04\/IMG_20200407_183856-scaled.jpg","datePublished":"2020-04-07T23:48:14+00:00","dateModified":"2020-04-08T17:31:02+00:00","breadcrumb":{"@id":"https:\/\/futbolhoy.co\/index.php\/2020\/04\/07\/blatter-descarto-sobornos-en-mundiales-del-2018-y-2022\/#breadcrumb"},"inLanguage":"es","potentialAction":[{"@type":"ReadAction","target":["https:\/\/futbolhoy.co\/index.php\/2020\/04\/07\/blatter-descarto-sobornos-en-mundiales-del-2018-y-2022\/"]}]},{"@type":"ImageObject","inLanguage":"es","@id":"https:\/\/futbolhoy.co\/index.php\/2020\/04\/07\/blatter-descarto-sobornos-en-mundiales-del-2018-y-2022\/#primaryimage","url":"https:\/\/futbolhoy.co\/wp-content\/uploads\/2020\/04\/IMG_20200407_183856-scaled.jpg","contentUrl":"https:\/\/futbolhoy.co\/wp-content\/uploads\/2020\/04\/IMG_20200407_183856-scaled.jpg","width":2560,"height":1707},{"@type":"BreadcrumbList","@id":"https:\/\/futbolhoy.co\/index.php\/2020\/04\/07\/blatter-descarto-sobornos-en-mundiales-del-2018-y-2022\/#breadcrumb","itemListElement":[{"@type":"ListItem","position":1,"name":"Portada","item":"https:\/\/futbolhoy.co\/"},{"@type":"ListItem","position":2,"name":"Blatter descart\u00f3 sobornos en Mundiales del 2018 y 2022"}]},{"@type":"WebSite","@id":"https:\/\/futbolhoy.co\/#website","url":"https:\/\/futbolhoy.co\/","name":"FutbolHoy","description":"","publisher":{"@id":"https:\/\/futbolhoy.co\/#organization"},"potentialAction":[{"@type":"SearchAction","target":{"@type":"EntryPoint","urlTemplate":"https:\/\/futbolhoy.co\/?s={search_term_string}"},"query-input":{"@type":"PropertyValueSpecification","valueRequired":true,"valueName":"search_term_string"}}],"inLanguage":"es"},{"@type":"Organization","@id":"https:\/\/futbolhoy.co\/#organization","name":"Futbolhoy.co","url":"https:\/\/futbolhoy.co\/","logo":{"@type":"ImageObject","inLanguage":"es","@id":"https:\/\/futbolhoy.co\/#\/schema\/logo\/image\/","url":"https:\/\/futbolhoy.co\/wp-content\/uploads\/2018\/08\/17426380_1906371736249227_6326180412931521141_n.jpg","contentUrl":"https:\/\/futbolhoy.co\/wp-content\/uploads\/2018\/08\/17426380_1906371736249227_6326180412931521141_n.jpg","width":960,"height":960,"caption":"Futbolhoy.co"},"image":{"@id":"https:\/\/futbolhoy.co\/#\/schema\/logo\/image\/"},"sameAs":["https:\/\/www.facebook.com\/FutbolHoyCol\/","https:\/\/x.com\/FutbolHoyCol","https:\/\/www.instagram.com\/futbolhoycol\/"]},{"@type":"Person","@id":"https:\/\/futbolhoy.co\/#\/schema\/person\/c4a353a512b127643723a34bb1812f7d","name":"Laura Hern\u00e1ndez","image":{"@type":"ImageObject","inLanguage":"es","@id":"https:\/\/futbolhoy.co\/#\/schema\/person\/image\/","url":"https:\/\/secure.gravatar.com\/avatar\/d25959a15b9b293a743f99181c7cfd01?s=96&d=mm&r=g","contentUrl":"https:\/\/secure.gravatar.com\/avatar\/d25959a15b9b293a743f99181c7cfd01?s=96&d=mm&r=g","caption":"Laura Hern\u00e1ndez"}}]}},"publishpress_future_action":{"enabled":false,"date":"2026-05-04 01:51:24","action":"change-status","newStatus":"draft","terms":[],"taxonomy":"category","extraData":[]},"publishpress_future_workflow_manual_trigger":{"enabledWorkflows":[]},"_links":{"self":[{"href":"https:\/\/futbolhoy.co\/index.php\/wp-json\/wp\/v2\/posts\/49791","targetHints":{"allow":["GET"]}}],"collection":[{"href":"https:\/\/futbolhoy.co\/index.php\/wp-json\/wp\/v2\/posts"}],"about":[{"href":"https:\/\/futbolhoy.co\/index.php\/wp-json\/wp\/v2\/types\/post"}],"author":[{"embeddable":true,"href":"https:\/\/futbolhoy.co\/index.php\/wp-json\/wp\/v2\/users\/5"}],"replies":[{"embeddable":true,"href":"https:\/\/futbolhoy.co\/index.php\/wp-json\/wp\/v2\/comments?post=49791"}],"version-history":[{"count":1,"href":"https:\/\/futbolhoy.co\/index.php\/wp-json\/wp\/v2\/posts\/49791\/revisions"}],"predecessor-version":[{"id":49802,"href":"https:\/\/futbolhoy.co\/index.php\/wp-json\/wp\/v2\/posts\/49791\/revisions\/49802"}],"wp:featuredmedia":[{"embeddable":true,"href":"https:\/\/futbolhoy.co\/index.php\/wp-json\/wp\/v2\/media\/49801"}],"wp:attachment":[{"href":"https:\/\/futbolhoy.co\/index.php\/wp-json\/wp\/v2\/media?parent=49791"}],"wp:term":[{"taxonomy":"category","embeddable":true,"href":"https:\/\/futbolhoy.co\/index.php\/wp-json\/wp\/v2\/categories?post=49791"},{"taxonomy":"post_tag","embeddable":true,"href":"https:\/\/futbolhoy.co\/index.php\/wp-json\/wp\/v2\/tags?post=49791"}],"curies":[{"name":"wp","href":"https:\/\/api.w.org\/{rel}","templated":true}]}}