{"id":49792,"date":"2020-04-07T18:50:20","date_gmt":"2020-04-07T23:50:20","guid":{"rendered":"https:\/\/futbolhoy.co\/?p=49792"},"modified":"2020-04-08T18:58:50","modified_gmt":"2020-04-08T23:58:50","slug":"santa-fe-nego-discriminacion-con-el-equipo-femenino","status":"publish","type":"post","link":"https:\/\/futbolhoy.co\/index.php\/2020\/04\/07\/santa-fe-nego-discriminacion-con-el-equipo-femenino\/","title":{"rendered":"Santa Fe neg\u00f3 discriminaci\u00f3n con el equipo femenino"},"content":{"rendered":"<p style=\"text-align: justify;\"><span style=\"font-family: helvetica, arial, sans-serif;\">El presidente del <strong>Santa Fe<\/strong>, <strong>Eduardo M\u00e9ndez<\/strong>, aclar\u00f3 las versiones que surgieron tras conocerse los acuerdos salariales con el equipo femenino.<\/span><\/p>\n<p style=\"text-align: justify;\"><span style=\"font-family: helvetica, arial, sans-serif;\">\"Con el equipo femenino se lleg\u00f3\u00a0\u00a0a un acuerdo mucho antes. Lo incluimos en este comunicado (que se public\u00f3 el lunes en la noche) para que lo tuvieran en cuenta. No s\u00e9 de donde viene el inconformismo\", dijo M\u00e9ndez durante una teleconferencia de prensa citada este martes.<\/span><\/p>\n<p style=\"text-align: justify;\"><span style=\"font-family: helvetica, arial, sans-serif;\">El directivo, que fue criticado por diferentes sectores debido a la suspensi\u00f3n de los contratos con el equipo femenino, sostuvo que el club no ha sido discriminatorio con el grupo.<\/span><\/p>\n<p style=\"text-align: justify;\"><span style=\"font-family: helvetica, arial, sans-serif;\">\"Suspensi\u00f3n y terminaci\u00f3n de contrato es totalmente diferente. A ellas se les est\u00e1 cancelando el 50% de sus salarios, se les pagan sus prestaciones y la instituci\u00f3n es responsable de sus arriendos de vivienda y servicios \u00bfD\u00f3nde hay discriminaci\u00f3n? Somos consecuentes\", agreg\u00f3 <strong>M\u00e9ndez.<\/strong><\/span><\/p>\n<p style=\"text-align: justify;\"><span style=\"font-family: helvetica, arial, sans-serif;\">\"La que menos gana va a recibir el salario m\u00ednimo, solo 4 jugadoras ganan esto. El acuerdo con ellas es que se suspenden los contratos pero reci\u00e9n se salga de esta emergencia se reanudar\u00e1 su contrato y extender\u00e1 el tiempo que corresponde\", sostuvo.<\/span><\/p>\n<p style=\"text-align: justify;\"><span style=\"font-family: helvetica, arial, sans-serif;\">Adem\u00e1s, se conoci\u00f3 que <strong>Santa Fe<\/strong> busca acuerdos con el Instituto de Deportes, IDRD, para el arrendamiento del estadio El Camp\u00edn, una vez se reanude la Liga colombiana.<\/span><\/p>\n<p style=\"text-align: justify;\"><span style=\"font-family: helvetica, arial, sans-serif;\">En referencia al equipo masculino, trascendi\u00f3 que el presidente se reunir\u00e1 en lo que resta de semana con los jugadores que finalizar\u00e1n contrato en junio.<\/span><\/p>\n<p style=\"text-align: justify;\"><span style=\"font-family: helvetica, arial, sans-serif;\">El argentino <strong>Fabi\u00e1n Sambueza<\/strong> y Andr\u00e9s P\u00e9rez tiene confirmada su continuidad hasta que finalice este campeonato, sin importar cuanto se retrasa.<\/span><\/p>\n<!--[if lt IE 9]><script>document.createElement('audio');<\/script><![endif]-->\n\t<div class=\"wp-playlist wp-audio-playlist wp-playlist-light\">\n\t\t\t<div class=\"wp-playlist-current-item\"><\/div>\n\t\t<audio controls=\"controls\" preload=\"none\" width=\"674\"\n\t\t\t><\/audio>\n\t<div class=\"wp-playlist-next\"><\/div>\n\t<div class=\"wp-playlist-prev\"><\/div>\n\t<noscript>\n\t<ol>\n\t\t<li><a href='https:\/\/futbolhoy.co\/wp-content\/uploads\/2020\/04\/Teleconferencia-Eduardo-Mendez-Santa-Fe.mp3'>Teleconferencia Eduardo Mendez - Santa Fe<\/a><\/li>\t<\/ol>\n\t<\/noscript>\n\t<script type=\"application\/json\" class=\"wp-playlist-script\">{\"type\":\"audio\",\"tracklist\":true,\"tracknumbers\":true,\"images\":true,\"artists\":true,\"tracks\":[{\"src\":\"https:\\\/\\\/futbolhoy.co\\\/wp-content\\\/uploads\\\/2020\\\/04\\\/Teleconferencia-Eduardo-Mendez-Santa-Fe.mp3\",\"type\":\"audio\\\/mpeg\",\"title\":\"Teleconferencia Eduardo Mendez - Santa Fe\",\"caption\":\"\",\"description\":\"\\\"Teleconferencia Eduardo Mendez - Santa Fe\\\". Released: 2020.\",\"meta\":{\"year\":\"2020\",\"length_formatted\":\"5:03\"},\"image\":{\"src\":\"https:\\\/\\\/futbolhoy.co\\\/wp-includes\\\/images\\\/media\\\/audio.svg\",\"width\":48,\"height\":64},\"thumb\":{\"src\":\"https:\\\/\\\/futbolhoy.co\\\/wp-includes\\\/images\\\/media\\\/audio.svg\",\"width\":48,\"height\":64}}]}<\/script>\n<\/div>\n\t\n<p>&nbsp;<\/p>\n<p>&nbsp;<\/p>\n","protected":false},"excerpt":{"rendered":"<p>El presidente del Santa Fe, Eduardo M\u00e9ndez, aclar\u00f3 las versiones que surgieron tras conocerse los acuerdos salariales con el equipo femenino. \"Con el equipo femenino se lleg\u00f3\u00a0\u00a0a un acuerdo mucho antes. Lo incluimos en este comunicado (que se public\u00f3 el lunes en la noche) para que lo tuvieran en cuenta. No s\u00e9 de donde viene [&hellip;]<\/p>\n","protected":false},"author":5,"featured_media":49808,"comment_status":"open","ping_status":"open","sticky":false,"template":"","format":"video","meta":{"_acf_changed":false,"footnotes":""},"categories":[7],"tags":[],"class_list":{"0":"post-49792","1":"post","2":"type-post","3":"status-publish","4":"format-video","5":"has-post-thumbnail","7":"category-liga-betplay","8":"post_format-post-format-video"},"acf":[],"yoast_head":"<!-- This site is optimized with the Yoast SEO plugin v26.8 - https:\/\/yoast.com\/product\/yoast-seo-wordpress\/ -->\n<title>Santa Fe neg\u00f3 discriminaci\u00f3n con el equipo femenino -<\/title>\n<meta name=\"robots\" content=\"index, follow, max-snippet:-1, max-image-preview:large, max-video-preview:-1\" \/>\n<link rel=\"canonical\" href=\"https:\/\/futbolhoy.co\/index.php\/2020\/04\/07\/santa-fe-nego-discriminacion-con-el-equipo-femenino\/\" \/>\n<meta property=\"og:locale\" content=\"es_ES\" \/>\n<meta property=\"og:type\" content=\"article\" \/>\n<meta property=\"og:title\" content=\"Santa Fe neg\u00f3 discriminaci\u00f3n con el equipo femenino -\" \/>\n<meta property=\"og:description\" content=\"El presidente del Santa Fe, Eduardo M\u00e9ndez, aclar\u00f3 las versiones que surgieron tras conocerse los acuerdos salariales con el equipo femenino. &quot;Con el equipo femenino se lleg\u00f3\u00a0\u00a0a un acuerdo mucho antes. Lo incluimos en este comunicado (que se public\u00f3 el lunes en la noche) para que lo tuvieran en cuenta. No s\u00e9 de donde viene [&hellip;]\" \/>\n<meta property=\"og:url\" content=\"https:\/\/futbolhoy.co\/index.php\/2020\/04\/07\/santa-fe-nego-discriminacion-con-el-equipo-femenino\/\" \/>\n<meta property=\"article:publisher\" content=\"https:\/\/www.facebook.com\/FutbolHoyCol\/\" \/>\n<meta property=\"article:published_time\" content=\"2020-04-07T23:50:20+00:00\" \/>\n<meta property=\"article:modified_time\" content=\"2020-04-08T23:58:50+00:00\" \/>\n<meta property=\"og:image\" content=\"https:\/\/futbolhoy.co\/wp-content\/uploads\/2020\/04\/IMG_20200407_191059.jpg\" \/>\n\t<meta property=\"og:image:width\" content=\"919\" \/>\n\t<meta property=\"og:image:height\" content=\"590\" \/>\n\t<meta property=\"og:image:type\" content=\"image\/jpeg\" \/>\n<meta name=\"author\" content=\"Laura Hern\u00e1ndez\" \/>\n<meta name=\"twitter:card\" content=\"summary_large_image\" \/>\n<meta name=\"twitter:creator\" content=\"@FutbolHoyCol\" \/>\n<meta name=\"twitter:site\" content=\"@FutbolHoyCol\" \/>\n<meta name=\"twitter:label1\" content=\"Escrito por\" \/>\n\t<meta name=\"twitter:data1\" content=\"Laura Hern\u00e1ndez\" \/>\n\t<meta name=\"twitter:label2\" content=\"Tiempo de lectura\" \/>\n\t<meta name=\"twitter:data2\" content=\"1 minuto\" \/>\n<script type=\"application\/ld+json\" class=\"yoast-schema-graph\">{\"@context\":\"https:\/\/schema.org\",\"@graph\":[{\"@type\":\"Article\",\"@id\":\"https:\/\/futbolhoy.co\/index.php\/2020\/04\/07\/santa-fe-nego-discriminacion-con-el-equipo-femenino\/#article\",\"isPartOf\":{\"@id\":\"https:\/\/futbolhoy.co\/index.php\/2020\/04\/07\/santa-fe-nego-discriminacion-con-el-equipo-femenino\/\"},\"author\":{\"name\":\"Laura Hern\u00e1ndez\",\"@id\":\"https:\/\/futbolhoy.co\/#\/schema\/person\/c4a353a512b127643723a34bb1812f7d\"},\"headline\":\"Santa Fe neg\u00f3 discriminaci\u00f3n con el equipo femenino\",\"datePublished\":\"2020-04-07T23:50:20+00:00\",\"dateModified\":\"2020-04-08T23:58:50+00:00\",\"mainEntityOfPage\":{\"@id\":\"https:\/\/futbolhoy.co\/index.php\/2020\/04\/07\/santa-fe-nego-discriminacion-con-el-equipo-femenino\/\"},\"wordCount\":286,\"commentCount\":0,\"publisher\":{\"@id\":\"https:\/\/futbolhoy.co\/#organization\"},\"image\":{\"@id\":\"https:\/\/futbolhoy.co\/index.php\/2020\/04\/07\/santa-fe-nego-discriminacion-con-el-equipo-femenino\/#primaryimage\"},\"thumbnailUrl\":\"https:\/\/futbolhoy.co\/wp-content\/uploads\/2020\/04\/IMG_20200407_191059.jpg\",\"articleSection\":[\"Liga BetPlay\"],\"inLanguage\":\"es\",\"potentialAction\":[{\"@type\":\"CommentAction\",\"name\":\"Comment\",\"target\":[\"https:\/\/futbolhoy.co\/index.php\/2020\/04\/07\/santa-fe-nego-discriminacion-con-el-equipo-femenino\/#respond\"]}]},{\"@type\":\"WebPage\",\"@id\":\"https:\/\/futbolhoy.co\/index.php\/2020\/04\/07\/santa-fe-nego-discriminacion-con-el-equipo-femenino\/\",\"url\":\"https:\/\/futbolhoy.co\/index.php\/2020\/04\/07\/santa-fe-nego-discriminacion-con-el-equipo-femenino\/\",\"name\":\"Santa Fe neg\u00f3 discriminaci\u00f3n con el equipo femenino -\",\"isPartOf\":{\"@id\":\"https:\/\/futbolhoy.co\/#website\"},\"primaryImageOfPage\":{\"@id\":\"https:\/\/futbolhoy.co\/index.php\/2020\/04\/07\/santa-fe-nego-discriminacion-con-el-equipo-femenino\/#primaryimage\"},\"image\":{\"@id\":\"https:\/\/futbolhoy.co\/index.php\/2020\/04\/07\/santa-fe-nego-discriminacion-con-el-equipo-femenino\/#primaryimage\"},\"thumbnailUrl\":\"https:\/\/futbolhoy.co\/wp-content\/uploads\/2020\/04\/IMG_20200407_191059.jpg\",\"datePublished\":\"2020-04-07T23:50:20+00:00\",\"dateModified\":\"2020-04-08T23:58:50+00:00\",\"breadcrumb\":{\"@id\":\"https:\/\/futbolhoy.co\/index.php\/2020\/04\/07\/santa-fe-nego-discriminacion-con-el-equipo-femenino\/#breadcrumb\"},\"inLanguage\":\"es\",\"potentialAction\":[{\"@type\":\"ReadAction\",\"target\":[\"https:\/\/futbolhoy.co\/index.php\/2020\/04\/07\/santa-fe-nego-discriminacion-con-el-equipo-femenino\/\"]}]},{\"@type\":\"ImageObject\",\"inLanguage\":\"es\",\"@id\":\"https:\/\/futbolhoy.co\/index.php\/2020\/04\/07\/santa-fe-nego-discriminacion-con-el-equipo-femenino\/#primaryimage\",\"url\":\"https:\/\/futbolhoy.co\/wp-content\/uploads\/2020\/04\/IMG_20200407_191059.jpg\",\"contentUrl\":\"https:\/\/futbolhoy.co\/wp-content\/uploads\/2020\/04\/IMG_20200407_191059.jpg\",\"width\":919,\"height\":590},{\"@type\":\"BreadcrumbList\",\"@id\":\"https:\/\/futbolhoy.co\/index.php\/2020\/04\/07\/santa-fe-nego-discriminacion-con-el-equipo-femenino\/#breadcrumb\",\"itemListElement\":[{\"@type\":\"ListItem\",\"position\":1,\"name\":\"Portada\",\"item\":\"https:\/\/futbolhoy.co\/\"},{\"@type\":\"ListItem\",\"position\":2,\"name\":\"Santa Fe neg\u00f3 discriminaci\u00f3n con el equipo femenino\"}]},{\"@type\":\"WebSite\",\"@id\":\"https:\/\/futbolhoy.co\/#website\",\"url\":\"https:\/\/futbolhoy.co\/\",\"name\":\"FutbolHoy\",\"description\":\"\",\"publisher\":{\"@id\":\"https:\/\/futbolhoy.co\/#organization\"},\"potentialAction\":[{\"@type\":\"SearchAction\",\"target\":{\"@type\":\"EntryPoint\",\"urlTemplate\":\"https:\/\/futbolhoy.co\/?s={search_term_string}\"},\"query-input\":{\"@type\":\"PropertyValueSpecification\",\"valueRequired\":true,\"valueName\":\"search_term_string\"}}],\"inLanguage\":\"es\"},{\"@type\":\"Organization\",\"@id\":\"https:\/\/futbolhoy.co\/#organization\",\"name\":\"Futbolhoy.co\",\"url\":\"https:\/\/futbolhoy.co\/\",\"logo\":{\"@type\":\"ImageObject\",\"inLanguage\":\"es\",\"@id\":\"https:\/\/futbolhoy.co\/#\/schema\/logo\/image\/\",\"url\":\"https:\/\/futbolhoy.co\/wp-content\/uploads\/2018\/08\/17426380_1906371736249227_6326180412931521141_n.jpg\",\"contentUrl\":\"https:\/\/futbolhoy.co\/wp-content\/uploads\/2018\/08\/17426380_1906371736249227_6326180412931521141_n.jpg\",\"width\":960,\"height\":960,\"caption\":\"Futbolhoy.co\"},\"image\":{\"@id\":\"https:\/\/futbolhoy.co\/#\/schema\/logo\/image\/\"},\"sameAs\":[\"https:\/\/www.facebook.com\/FutbolHoyCol\/\",\"https:\/\/x.com\/FutbolHoyCol\",\"https:\/\/www.instagram.com\/futbolhoycol\/\"]},{\"@type\":\"Person\",\"@id\":\"https:\/\/futbolhoy.co\/#\/schema\/person\/c4a353a512b127643723a34bb1812f7d\",\"name\":\"Laura Hern\u00e1ndez\",\"image\":{\"@type\":\"ImageObject\",\"inLanguage\":\"es\",\"@id\":\"https:\/\/futbolhoy.co\/#\/schema\/person\/image\/\",\"url\":\"https:\/\/secure.gravatar.com\/avatar\/d25959a15b9b293a743f99181c7cfd01?s=96&d=mm&r=g\",\"contentUrl\":\"https:\/\/secure.gravatar.com\/avatar\/d25959a15b9b293a743f99181c7cfd01?s=96&d=mm&r=g\",\"caption\":\"Laura Hern\u00e1ndez\"}}]}<\/script>\n<!-- \/ Yoast SEO plugin. -->","yoast_head_json":{"title":"Santa Fe neg\u00f3 discriminaci\u00f3n con el equipo femenino -","robots":{"index":"index","follow":"follow","max-snippet":"max-snippet:-1","max-image-preview":"max-image-preview:large","max-video-preview":"max-video-preview:-1"},"canonical":"https:\/\/futbolhoy.co\/index.php\/2020\/04\/07\/santa-fe-nego-discriminacion-con-el-equipo-femenino\/","og_locale":"es_ES","og_type":"article","og_title":"Santa Fe neg\u00f3 discriminaci\u00f3n con el equipo femenino -","og_description":"El presidente del Santa Fe, Eduardo M\u00e9ndez, aclar\u00f3 las versiones que surgieron tras conocerse los acuerdos salariales con el equipo femenino. \"Con el equipo femenino se lleg\u00f3\u00a0\u00a0a un acuerdo mucho antes. Lo incluimos en este comunicado (que se public\u00f3 el lunes en la noche) para que lo tuvieran en cuenta. No s\u00e9 de donde viene [&hellip;]","og_url":"https:\/\/futbolhoy.co\/index.php\/2020\/04\/07\/santa-fe-nego-discriminacion-con-el-equipo-femenino\/","article_publisher":"https:\/\/www.facebook.com\/FutbolHoyCol\/","article_published_time":"2020-04-07T23:50:20+00:00","article_modified_time":"2020-04-08T23:58:50+00:00","og_image":[{"width":919,"height":590,"url":"https:\/\/futbolhoy.co\/wp-content\/uploads\/2020\/04\/IMG_20200407_191059.jpg","type":"image\/jpeg"}],"author":"Laura Hern\u00e1ndez","twitter_card":"summary_large_image","twitter_creator":"@FutbolHoyCol","twitter_site":"@FutbolHoyCol","twitter_misc":{"Escrito por":"Laura Hern\u00e1ndez","Tiempo de lectura":"1 minuto"},"schema":{"@context":"https:\/\/schema.org","@graph":[{"@type":"Article","@id":"https:\/\/futbolhoy.co\/index.php\/2020\/04\/07\/santa-fe-nego-discriminacion-con-el-equipo-femenino\/#article","isPartOf":{"@id":"https:\/\/futbolhoy.co\/index.php\/2020\/04\/07\/santa-fe-nego-discriminacion-con-el-equipo-femenino\/"},"author":{"name":"Laura Hern\u00e1ndez","@id":"https:\/\/futbolhoy.co\/#\/schema\/person\/c4a353a512b127643723a34bb1812f7d"},"headline":"Santa Fe neg\u00f3 discriminaci\u00f3n con el equipo femenino","datePublished":"2020-04-07T23:50:20+00:00","dateModified":"2020-04-08T23:58:50+00:00","mainEntityOfPage":{"@id":"https:\/\/futbolhoy.co\/index.php\/2020\/04\/07\/santa-fe-nego-discriminacion-con-el-equipo-femenino\/"},"wordCount":286,"commentCount":0,"publisher":{"@id":"https:\/\/futbolhoy.co\/#organization"},"image":{"@id":"https:\/\/futbolhoy.co\/index.php\/2020\/04\/07\/santa-fe-nego-discriminacion-con-el-equipo-femenino\/#primaryimage"},"thumbnailUrl":"https:\/\/futbolhoy.co\/wp-content\/uploads\/2020\/04\/IMG_20200407_191059.jpg","articleSection":["Liga BetPlay"],"inLanguage":"es","potentialAction":[{"@type":"CommentAction","name":"Comment","target":["https:\/\/futbolhoy.co\/index.php\/2020\/04\/07\/santa-fe-nego-discriminacion-con-el-equipo-femenino\/#respond"]}]},{"@type":"WebPage","@id":"https:\/\/futbolhoy.co\/index.php\/2020\/04\/07\/santa-fe-nego-discriminacion-con-el-equipo-femenino\/","url":"https:\/\/futbolhoy.co\/index.php\/2020\/04\/07\/santa-fe-nego-discriminacion-con-el-equipo-femenino\/","name":"Santa Fe neg\u00f3 discriminaci\u00f3n con el equipo femenino -","isPartOf":{"@id":"https:\/\/futbolhoy.co\/#website"},"primaryImageOfPage":{"@id":"https:\/\/futbolhoy.co\/index.php\/2020\/04\/07\/santa-fe-nego-discriminacion-con-el-equipo-femenino\/#primaryimage"},"image":{"@id":"https:\/\/futbolhoy.co\/index.php\/2020\/04\/07\/santa-fe-nego-discriminacion-con-el-equipo-femenino\/#primaryimage"},"thumbnailUrl":"https:\/\/futbolhoy.co\/wp-content\/uploads\/2020\/04\/IMG_20200407_191059.jpg","datePublished":"2020-04-07T23:50:20+00:00","dateModified":"2020-04-08T23:58:50+00:00","breadcrumb":{"@id":"https:\/\/futbolhoy.co\/index.php\/2020\/04\/07\/santa-fe-nego-discriminacion-con-el-equipo-femenino\/#breadcrumb"},"inLanguage":"es","potentialAction":[{"@type":"ReadAction","target":["https:\/\/futbolhoy.co\/index.php\/2020\/04\/07\/santa-fe-nego-discriminacion-con-el-equipo-femenino\/"]}]},{"@type":"ImageObject","inLanguage":"es","@id":"https:\/\/futbolhoy.co\/index.php\/2020\/04\/07\/santa-fe-nego-discriminacion-con-el-equipo-femenino\/#primaryimage","url":"https:\/\/futbolhoy.co\/wp-content\/uploads\/2020\/04\/IMG_20200407_191059.jpg","contentUrl":"https:\/\/futbolhoy.co\/wp-content\/uploads\/2020\/04\/IMG_20200407_191059.jpg","width":919,"height":590},{"@type":"BreadcrumbList","@id":"https:\/\/futbolhoy.co\/index.php\/2020\/04\/07\/santa-fe-nego-discriminacion-con-el-equipo-femenino\/#breadcrumb","itemListElement":[{"@type":"ListItem","position":1,"name":"Portada","item":"https:\/\/futbolhoy.co\/"},{"@type":"ListItem","position":2,"name":"Santa Fe neg\u00f3 discriminaci\u00f3n con el equipo femenino"}]},{"@type":"WebSite","@id":"https:\/\/futbolhoy.co\/#website","url":"https:\/\/futbolhoy.co\/","name":"FutbolHoy","description":"","publisher":{"@id":"https:\/\/futbolhoy.co\/#organization"},"potentialAction":[{"@type":"SearchAction","target":{"@type":"EntryPoint","urlTemplate":"https:\/\/futbolhoy.co\/?s={search_term_string}"},"query-input":{"@type":"PropertyValueSpecification","valueRequired":true,"valueName":"search_term_string"}}],"inLanguage":"es"},{"@type":"Organization","@id":"https:\/\/futbolhoy.co\/#organization","name":"Futbolhoy.co","url":"https:\/\/futbolhoy.co\/","logo":{"@type":"ImageObject","inLanguage":"es","@id":"https:\/\/futbolhoy.co\/#\/schema\/logo\/image\/","url":"https:\/\/futbolhoy.co\/wp-content\/uploads\/2018\/08\/17426380_1906371736249227_6326180412931521141_n.jpg","contentUrl":"https:\/\/futbolhoy.co\/wp-content\/uploads\/2018\/08\/17426380_1906371736249227_6326180412931521141_n.jpg","width":960,"height":960,"caption":"Futbolhoy.co"},"image":{"@id":"https:\/\/futbolhoy.co\/#\/schema\/logo\/image\/"},"sameAs":["https:\/\/www.facebook.com\/FutbolHoyCol\/","https:\/\/x.com\/FutbolHoyCol","https:\/\/www.instagram.com\/futbolhoycol\/"]},{"@type":"Person","@id":"https:\/\/futbolhoy.co\/#\/schema\/person\/c4a353a512b127643723a34bb1812f7d","name":"Laura Hern\u00e1ndez","image":{"@type":"ImageObject","inLanguage":"es","@id":"https:\/\/futbolhoy.co\/#\/schema\/person\/image\/","url":"https:\/\/secure.gravatar.com\/avatar\/d25959a15b9b293a743f99181c7cfd01?s=96&d=mm&r=g","contentUrl":"https:\/\/secure.gravatar.com\/avatar\/d25959a15b9b293a743f99181c7cfd01?s=96&d=mm&r=g","caption":"Laura Hern\u00e1ndez"}}]}},"publishpress_future_action":{"enabled":false,"date":"2026-05-04 09:05:32","action":"change-status","newStatus":"draft","terms":[],"taxonomy":"category","extraData":[]},"publishpress_future_workflow_manual_trigger":{"enabledWorkflows":[]},"_links":{"self":[{"href":"https:\/\/futbolhoy.co\/index.php\/wp-json\/wp\/v2\/posts\/49792","targetHints":{"allow":["GET"]}}],"collection":[{"href":"https:\/\/futbolhoy.co\/index.php\/wp-json\/wp\/v2\/posts"}],"about":[{"href":"https:\/\/futbolhoy.co\/index.php\/wp-json\/wp\/v2\/types\/post"}],"author":[{"embeddable":true,"href":"https:\/\/futbolhoy.co\/index.php\/wp-json\/wp\/v2\/users\/5"}],"replies":[{"embeddable":true,"href":"https:\/\/futbolhoy.co\/index.php\/wp-json\/wp\/v2\/comments?post=49792"}],"version-history":[{"count":1,"href":"https:\/\/futbolhoy.co\/index.php\/wp-json\/wp\/v2\/posts\/49792\/revisions"}],"predecessor-version":[{"id":49804,"href":"https:\/\/futbolhoy.co\/index.php\/wp-json\/wp\/v2\/posts\/49792\/revisions\/49804"}],"wp:featuredmedia":[{"embeddable":true,"href":"https:\/\/futbolhoy.co\/index.php\/wp-json\/wp\/v2\/media\/49808"}],"wp:attachment":[{"href":"https:\/\/futbolhoy.co\/index.php\/wp-json\/wp\/v2\/media?parent=49792"}],"wp:term":[{"taxonomy":"category","embeddable":true,"href":"https:\/\/futbolhoy.co\/index.php\/wp-json\/wp\/v2\/categories?post=49792"},{"taxonomy":"post_tag","embeddable":true,"href":"https:\/\/futbolhoy.co\/index.php\/wp-json\/wp\/v2\/tags?post=49792"}],"curies":[{"name":"wp","href":"https:\/\/api.w.org\/{rel}","templated":true}]}}