{"id":49831,"date":"2020-04-08T17:45:56","date_gmt":"2020-04-08T22:45:56","guid":{"rendered":"https:\/\/futbolhoy.co\/?p=49831"},"modified":"2020-04-08T17:48:32","modified_gmt":"2020-04-08T22:48:32","slug":"un-dia-como-hoy-el-fichaje-de-chicharito-hernandez-a-manchester-united","status":"publish","type":"post","link":"https:\/\/futbolhoy.co\/index.php\/2020\/04\/08\/un-dia-como-hoy-el-fichaje-de-chicharito-hernandez-a-manchester-united\/","title":{"rendered":"Un d\u00eda como hoy: El fichaje de 'Chicharito' a Manchester United"},"content":{"rendered":"<p style=\"text-align: justify;\"><span style=\"font-family: helvetica, arial, sans-serif;\">Un d\u00eda como hoy en el a\u00f1o 2010, <strong>Manchester United<\/strong> anunci\u00f3 el fichaje del mexicano <strong>Javier 'Chicharito' Hern\u00e1ndez<\/strong> proveniente del Chivas.<\/span><\/p>\n<p style=\"text-align: justify;\"><span style=\"font-family: helvetica, arial, sans-serif;\">Durante su estad\u00eda en el cuadro ingl\u00e9s, jug\u00f3 157 partidos donde anot\u00f3 59 goles y fue campe\u00f3n en 5 ocasiones con dos Premier League y tres Community Shield.<\/span><\/p>\n<p style=\"text-align: justify;\"><span style=\"font-family: helvetica, arial, sans-serif;\">Su debut oficial con <strong>Manchester United<\/strong> se di\u00f3 el 30 de julio de 2010 en juego de pretemporada contra las Estrellas de la MLS, anot\u00f3 su primer gol en el mismo partido en el minutio 83.\u00a0<\/span><\/p>\n\r\n                <style type=\"text\/css\">\r\n                    \r\n                    #tdi_1  .td-doubleSlider-2 .td-item1 {\r\n                        background: url(https:\/\/futbolhoy.co\/wp-content\/uploads\/2020\/04\/EVF7ELKWAAETkOl-80x60.jpg) 0 0 no-repeat;\r\n                    }\r\n                    #tdi_1  .td-doubleSlider-2 .td-item2 {\r\n                        background: url(https:\/\/futbolhoy.co\/wp-content\/uploads\/2020\/04\/EVGRJn3UwAAKmUX-80x60.jpg) 0 0 no-repeat;\r\n                    }\r\n                <\/style>\r\n\r\n                <div id=\"tdi_1\" class=\"td-gallery td-slide-on-2-columns\">\r\n                    <div class=\"post_td_gallery\">\r\n                        <div class=\"td-gallery-slide-top\">\r\n                           <div class=\"td-gallery-title\"><\/div>\r\n\r\n                            <div class=\"td-gallery-controls-wrapper\">\r\n                                <div class=\"td-gallery-slide-count\"><span class=\"td-gallery-slide-item-focus\">1<\/span> de 2<\/div>\r\n                                <div class=\"td-gallery-slide-prev-next-but\">\r\n                                    <i class = \"td-icon-left doubleSliderPrevButton\"><\/i>\r\n                                    <i class = \"td-icon-right doubleSliderNextButton\"><\/i>\r\n                                <\/div>\r\n                            <\/div>\r\n                        <\/div>\r\n\r\n                        <div class = \"td-doubleSlider-1 \">\r\n                            <div class = \"td-slider\">\r\n                                \r\n                    <div class = \"td-slide-item td-item1\">\r\n                        <figure class=\"td-slide-galery-figure td-slide-popup-gallery\">\r\n                            <a class=\"slide-gallery-image-link\" href=\"https:\/\/futbolhoy.co\/wp-content\/uploads\/2020\/04\/EVF7ELKWAAETkOl.jpg\" title=\"EVF7ELKWAAETkOl\"  data-caption=\"\"  data-description=\"\">\r\n                                <img decoding=\"async\" src=\"https:\/\/futbolhoy.co\/wp-content\/uploads\/2020\/04\/EVF7ELKWAAETkOl-673x420.jpg\" srcset=\"https:\/\/futbolhoy.co\/wp-content\/uploads\/2020\/04\/EVF7ELKWAAETkOl-673x420.jpg 673w, https:\/\/futbolhoy.co\/wp-content\/uploads\/2020\/04\/EVF7ELKWAAETkOl-300x187.jpg 300w, https:\/\/futbolhoy.co\/wp-content\/uploads\/2020\/04\/EVF7ELKWAAETkOl-128x80.jpg 128w, https:\/\/futbolhoy.co\/wp-content\/uploads\/2020\/04\/EVF7ELKWAAETkOl-32x20.jpg 32w, https:\/\/futbolhoy.co\/wp-content\/uploads\/2020\/04\/EVF7ELKWAAETkOl.jpg 679w\" sizes=\"(max-width: 673px) 100vw, 673px\" alt=\"\">\r\n                            <\/a>\r\n                            \r\n                        <\/figure>\r\n                    <\/div>\r\n                    <div class = \"td-slide-item td-item2\">\r\n                        <figure class=\"td-slide-galery-figure td-slide-popup-gallery\">\r\n                            <a class=\"slide-gallery-image-link\" href=\"https:\/\/futbolhoy.co\/wp-content\/uploads\/2020\/04\/EVGRJn3UwAAKmUX.jpg\" title=\"EVGRJn3UwAAKmUX\"  data-caption=\"\"  data-description=\"\">\r\n                                <img decoding=\"async\" src=\"https:\/\/futbolhoy.co\/wp-content\/uploads\/2020\/04\/EVGRJn3UwAAKmUX-349x420.jpg\" srcset=\"https:\/\/futbolhoy.co\/wp-content\/uploads\/2020\/04\/EVGRJn3UwAAKmUX-349x420.jpg 349w, https:\/\/futbolhoy.co\/wp-content\/uploads\/2020\/04\/EVGRJn3UwAAKmUX-249x300.jpg 249w, https:\/\/futbolhoy.co\/wp-content\/uploads\/2020\/04\/EVGRJn3UwAAKmUX-106x128.jpg 106w, https:\/\/futbolhoy.co\/wp-content\/uploads\/2020\/04\/EVGRJn3UwAAKmUX-27x32.jpg 27w, https:\/\/futbolhoy.co\/wp-content\/uploads\/2020\/04\/EVGRJn3UwAAKmUX.jpg 564w\" sizes=\"(max-width: 349px) 100vw, 349px\" alt=\"\">\r\n                            <\/a>\r\n                            \r\n                        <\/figure>\r\n                    <\/div>\r\n                            <\/div>\r\n                        <\/div>\r\n\r\n                        <div class = \"td-doubleSlider-2\">\r\n                            <div class = \"td-slider\">\r\n                                \r\n                    <div class = \"td-button td-item1\">\r\n                        <div class = \"td-border\"><\/div>\r\n                    <\/div>\r\n                    <div class = \"td-button td-item2\">\r\n                        <div class = \"td-border\"><\/div>\r\n                    <\/div>\r\n                            <\/div>\r\n                        <\/div>\r\n\r\n                    <\/div>\r\n\r\n                <\/div>\r\n                \n","protected":false},"excerpt":{"rendered":"<p>Un d\u00eda como hoy en el a\u00f1o 2010, Manchester United anunci\u00f3 el fichaje del mexicano Javier 'Chicharito' Hern\u00e1ndez proveniente del Chivas. Durante su estad\u00eda en el cuadro ingl\u00e9s, jug\u00f3 157 partidos donde anot\u00f3 59 goles y fue campe\u00f3n en 5 ocasiones con dos Premier League y tres Community Shield. Su debut oficial con Manchester United [&hellip;]<\/p>\n","protected":false},"author":5,"featured_media":49833,"comment_status":"open","ping_status":"open","sticky":false,"template":"","format":"standard","meta":{"_acf_changed":false,"footnotes":""},"categories":[152],"tags":[],"class_list":{"0":"post-49831","1":"post","2":"type-post","3":"status-publish","4":"format-standard","5":"has-post-thumbnail","7":"category-mundo-futbol"},"acf":[],"yoast_head":"<!-- This site is optimized with the Yoast SEO plugin v26.8 - https:\/\/yoast.com\/product\/yoast-seo-wordpress\/ -->\n<title>Un d\u00eda como hoy: El fichaje de &#039;Chicharito&#039; a Manchester United -<\/title>\n<meta name=\"robots\" content=\"index, follow, max-snippet:-1, max-image-preview:large, max-video-preview:-1\" \/>\n<link rel=\"canonical\" href=\"https:\/\/futbolhoy.co\/index.php\/2020\/04\/08\/un-dia-como-hoy-el-fichaje-de-chicharito-hernandez-a-manchester-united\/\" \/>\n<meta property=\"og:locale\" content=\"es_ES\" \/>\n<meta property=\"og:type\" content=\"article\" \/>\n<meta property=\"og:title\" content=\"Un d\u00eda como hoy: El fichaje de &#039;Chicharito&#039; a Manchester United -\" \/>\n<meta property=\"og:description\" content=\"Un d\u00eda como hoy en el a\u00f1o 2010, Manchester United anunci\u00f3 el fichaje del mexicano Javier &#039;Chicharito&#039; Hern\u00e1ndez proveniente del Chivas. Durante su estad\u00eda en el cuadro ingl\u00e9s, jug\u00f3 157 partidos donde anot\u00f3 59 goles y fue campe\u00f3n en 5 ocasiones con dos Premier League y tres Community Shield. Su debut oficial con Manchester United [&hellip;]\" \/>\n<meta property=\"og:url\" content=\"https:\/\/futbolhoy.co\/index.php\/2020\/04\/08\/un-dia-como-hoy-el-fichaje-de-chicharito-hernandez-a-manchester-united\/\" \/>\n<meta property=\"article:publisher\" content=\"https:\/\/www.facebook.com\/FutbolHoyCol\/\" \/>\n<meta property=\"article:published_time\" content=\"2020-04-08T22:45:56+00:00\" \/>\n<meta property=\"article:modified_time\" content=\"2020-04-08T22:48:32+00:00\" \/>\n<meta property=\"og:image\" content=\"https:\/\/futbolhoy.co\/wp-content\/uploads\/2020\/04\/EVG8WmQUEAAMIoi.jpg\" \/>\n\t<meta property=\"og:image:width\" content=\"680\" \/>\n\t<meta property=\"og:image:height\" content=\"383\" \/>\n\t<meta property=\"og:image:type\" content=\"image\/jpeg\" \/>\n<meta name=\"author\" content=\"Laura Hern\u00e1ndez\" \/>\n<meta name=\"twitter:card\" content=\"summary_large_image\" \/>\n<meta name=\"twitter:creator\" content=\"@FutbolHoyCol\" \/>\n<meta name=\"twitter:site\" content=\"@FutbolHoyCol\" \/>\n<meta name=\"twitter:label1\" content=\"Escrito por\" \/>\n\t<meta name=\"twitter:data1\" content=\"Laura Hern\u00e1ndez\" \/>\n<script type=\"application\/ld+json\" class=\"yoast-schema-graph\">{\"@context\":\"https:\/\/schema.org\",\"@graph\":[{\"@type\":\"Article\",\"@id\":\"https:\/\/futbolhoy.co\/index.php\/2020\/04\/08\/un-dia-como-hoy-el-fichaje-de-chicharito-hernandez-a-manchester-united\/#article\",\"isPartOf\":{\"@id\":\"https:\/\/futbolhoy.co\/index.php\/2020\/04\/08\/un-dia-como-hoy-el-fichaje-de-chicharito-hernandez-a-manchester-united\/\"},\"author\":{\"name\":\"Laura Hern\u00e1ndez\",\"@id\":\"https:\/\/futbolhoy.co\/#\/schema\/person\/c4a353a512b127643723a34bb1812f7d\"},\"headline\":\"Un d\u00eda como hoy: El fichaje de 'Chicharito' a Manchester United\",\"datePublished\":\"2020-04-08T22:45:56+00:00\",\"dateModified\":\"2020-04-08T22:48:32+00:00\",\"mainEntityOfPage\":{\"@id\":\"https:\/\/futbolhoy.co\/index.php\/2020\/04\/08\/un-dia-como-hoy-el-fichaje-de-chicharito-hernandez-a-manchester-united\/\"},\"wordCount\":108,\"commentCount\":0,\"publisher\":{\"@id\":\"https:\/\/futbolhoy.co\/#organization\"},\"image\":{\"@id\":\"https:\/\/futbolhoy.co\/index.php\/2020\/04\/08\/un-dia-como-hoy-el-fichaje-de-chicharito-hernandez-a-manchester-united\/#primaryimage\"},\"thumbnailUrl\":\"https:\/\/futbolhoy.co\/wp-content\/uploads\/2020\/04\/EVG8WmQUEAAMIoi.jpg\",\"articleSection\":[\"Mundo Futbol\"],\"inLanguage\":\"es\",\"potentialAction\":[{\"@type\":\"CommentAction\",\"name\":\"Comment\",\"target\":[\"https:\/\/futbolhoy.co\/index.php\/2020\/04\/08\/un-dia-como-hoy-el-fichaje-de-chicharito-hernandez-a-manchester-united\/#respond\"]}]},{\"@type\":\"WebPage\",\"@id\":\"https:\/\/futbolhoy.co\/index.php\/2020\/04\/08\/un-dia-como-hoy-el-fichaje-de-chicharito-hernandez-a-manchester-united\/\",\"url\":\"https:\/\/futbolhoy.co\/index.php\/2020\/04\/08\/un-dia-como-hoy-el-fichaje-de-chicharito-hernandez-a-manchester-united\/\",\"name\":\"Un d\u00eda como hoy: El fichaje de 'Chicharito' a Manchester United -\",\"isPartOf\":{\"@id\":\"https:\/\/futbolhoy.co\/#website\"},\"primaryImageOfPage\":{\"@id\":\"https:\/\/futbolhoy.co\/index.php\/2020\/04\/08\/un-dia-como-hoy-el-fichaje-de-chicharito-hernandez-a-manchester-united\/#primaryimage\"},\"image\":{\"@id\":\"https:\/\/futbolhoy.co\/index.php\/2020\/04\/08\/un-dia-como-hoy-el-fichaje-de-chicharito-hernandez-a-manchester-united\/#primaryimage\"},\"thumbnailUrl\":\"https:\/\/futbolhoy.co\/wp-content\/uploads\/2020\/04\/EVG8WmQUEAAMIoi.jpg\",\"datePublished\":\"2020-04-08T22:45:56+00:00\",\"dateModified\":\"2020-04-08T22:48:32+00:00\",\"breadcrumb\":{\"@id\":\"https:\/\/futbolhoy.co\/index.php\/2020\/04\/08\/un-dia-como-hoy-el-fichaje-de-chicharito-hernandez-a-manchester-united\/#breadcrumb\"},\"inLanguage\":\"es\",\"potentialAction\":[{\"@type\":\"ReadAction\",\"target\":[\"https:\/\/futbolhoy.co\/index.php\/2020\/04\/08\/un-dia-como-hoy-el-fichaje-de-chicharito-hernandez-a-manchester-united\/\"]}]},{\"@type\":\"ImageObject\",\"inLanguage\":\"es\",\"@id\":\"https:\/\/futbolhoy.co\/index.php\/2020\/04\/08\/un-dia-como-hoy-el-fichaje-de-chicharito-hernandez-a-manchester-united\/#primaryimage\",\"url\":\"https:\/\/futbolhoy.co\/wp-content\/uploads\/2020\/04\/EVG8WmQUEAAMIoi.jpg\",\"contentUrl\":\"https:\/\/futbolhoy.co\/wp-content\/uploads\/2020\/04\/EVG8WmQUEAAMIoi.jpg\",\"width\":680,\"height\":383},{\"@type\":\"BreadcrumbList\",\"@id\":\"https:\/\/futbolhoy.co\/index.php\/2020\/04\/08\/un-dia-como-hoy-el-fichaje-de-chicharito-hernandez-a-manchester-united\/#breadcrumb\",\"itemListElement\":[{\"@type\":\"ListItem\",\"position\":1,\"name\":\"Portada\",\"item\":\"https:\/\/futbolhoy.co\/\"},{\"@type\":\"ListItem\",\"position\":2,\"name\":\"Un d\u00eda como hoy: El fichaje de &#8216;Chicharito&#8217; a Manchester United\"}]},{\"@type\":\"WebSite\",\"@id\":\"https:\/\/futbolhoy.co\/#website\",\"url\":\"https:\/\/futbolhoy.co\/\",\"name\":\"FutbolHoy\",\"description\":\"\",\"publisher\":{\"@id\":\"https:\/\/futbolhoy.co\/#organization\"},\"potentialAction\":[{\"@type\":\"SearchAction\",\"target\":{\"@type\":\"EntryPoint\",\"urlTemplate\":\"https:\/\/futbolhoy.co\/?s={search_term_string}\"},\"query-input\":{\"@type\":\"PropertyValueSpecification\",\"valueRequired\":true,\"valueName\":\"search_term_string\"}}],\"inLanguage\":\"es\"},{\"@type\":\"Organization\",\"@id\":\"https:\/\/futbolhoy.co\/#organization\",\"name\":\"Futbolhoy.co\",\"url\":\"https:\/\/futbolhoy.co\/\",\"logo\":{\"@type\":\"ImageObject\",\"inLanguage\":\"es\",\"@id\":\"https:\/\/futbolhoy.co\/#\/schema\/logo\/image\/\",\"url\":\"https:\/\/futbolhoy.co\/wp-content\/uploads\/2018\/08\/17426380_1906371736249227_6326180412931521141_n.jpg\",\"contentUrl\":\"https:\/\/futbolhoy.co\/wp-content\/uploads\/2018\/08\/17426380_1906371736249227_6326180412931521141_n.jpg\",\"width\":960,\"height\":960,\"caption\":\"Futbolhoy.co\"},\"image\":{\"@id\":\"https:\/\/futbolhoy.co\/#\/schema\/logo\/image\/\"},\"sameAs\":[\"https:\/\/www.facebook.com\/FutbolHoyCol\/\",\"https:\/\/x.com\/FutbolHoyCol\",\"https:\/\/www.instagram.com\/futbolhoycol\/\"]},{\"@type\":\"Person\",\"@id\":\"https:\/\/futbolhoy.co\/#\/schema\/person\/c4a353a512b127643723a34bb1812f7d\",\"name\":\"Laura Hern\u00e1ndez\",\"image\":{\"@type\":\"ImageObject\",\"inLanguage\":\"es\",\"@id\":\"https:\/\/futbolhoy.co\/#\/schema\/person\/image\/\",\"url\":\"https:\/\/secure.gravatar.com\/avatar\/d25959a15b9b293a743f99181c7cfd01?s=96&d=mm&r=g\",\"contentUrl\":\"https:\/\/secure.gravatar.com\/avatar\/d25959a15b9b293a743f99181c7cfd01?s=96&d=mm&r=g\",\"caption\":\"Laura Hern\u00e1ndez\"}}]}<\/script>\n<!-- \/ Yoast SEO plugin. -->","yoast_head_json":{"title":"Un d\u00eda como hoy: El fichaje de 'Chicharito' a Manchester United -","robots":{"index":"index","follow":"follow","max-snippet":"max-snippet:-1","max-image-preview":"max-image-preview:large","max-video-preview":"max-video-preview:-1"},"canonical":"https:\/\/futbolhoy.co\/index.php\/2020\/04\/08\/un-dia-como-hoy-el-fichaje-de-chicharito-hernandez-a-manchester-united\/","og_locale":"es_ES","og_type":"article","og_title":"Un d\u00eda como hoy: El fichaje de 'Chicharito' a Manchester United -","og_description":"Un d\u00eda como hoy en el a\u00f1o 2010, Manchester United anunci\u00f3 el fichaje del mexicano Javier 'Chicharito' Hern\u00e1ndez proveniente del Chivas. Durante su estad\u00eda en el cuadro ingl\u00e9s, jug\u00f3 157 partidos donde anot\u00f3 59 goles y fue campe\u00f3n en 5 ocasiones con dos Premier League y tres Community Shield. Su debut oficial con Manchester United [&hellip;]","og_url":"https:\/\/futbolhoy.co\/index.php\/2020\/04\/08\/un-dia-como-hoy-el-fichaje-de-chicharito-hernandez-a-manchester-united\/","article_publisher":"https:\/\/www.facebook.com\/FutbolHoyCol\/","article_published_time":"2020-04-08T22:45:56+00:00","article_modified_time":"2020-04-08T22:48:32+00:00","og_image":[{"width":680,"height":383,"url":"https:\/\/futbolhoy.co\/wp-content\/uploads\/2020\/04\/EVG8WmQUEAAMIoi.jpg","type":"image\/jpeg"}],"author":"Laura Hern\u00e1ndez","twitter_card":"summary_large_image","twitter_creator":"@FutbolHoyCol","twitter_site":"@FutbolHoyCol","twitter_misc":{"Escrito por":"Laura Hern\u00e1ndez"},"schema":{"@context":"https:\/\/schema.org","@graph":[{"@type":"Article","@id":"https:\/\/futbolhoy.co\/index.php\/2020\/04\/08\/un-dia-como-hoy-el-fichaje-de-chicharito-hernandez-a-manchester-united\/#article","isPartOf":{"@id":"https:\/\/futbolhoy.co\/index.php\/2020\/04\/08\/un-dia-como-hoy-el-fichaje-de-chicharito-hernandez-a-manchester-united\/"},"author":{"name":"Laura Hern\u00e1ndez","@id":"https:\/\/futbolhoy.co\/#\/schema\/person\/c4a353a512b127643723a34bb1812f7d"},"headline":"Un d\u00eda como hoy: El fichaje de 'Chicharito' a Manchester United","datePublished":"2020-04-08T22:45:56+00:00","dateModified":"2020-04-08T22:48:32+00:00","mainEntityOfPage":{"@id":"https:\/\/futbolhoy.co\/index.php\/2020\/04\/08\/un-dia-como-hoy-el-fichaje-de-chicharito-hernandez-a-manchester-united\/"},"wordCount":108,"commentCount":0,"publisher":{"@id":"https:\/\/futbolhoy.co\/#organization"},"image":{"@id":"https:\/\/futbolhoy.co\/index.php\/2020\/04\/08\/un-dia-como-hoy-el-fichaje-de-chicharito-hernandez-a-manchester-united\/#primaryimage"},"thumbnailUrl":"https:\/\/futbolhoy.co\/wp-content\/uploads\/2020\/04\/EVG8WmQUEAAMIoi.jpg","articleSection":["Mundo Futbol"],"inLanguage":"es","potentialAction":[{"@type":"CommentAction","name":"Comment","target":["https:\/\/futbolhoy.co\/index.php\/2020\/04\/08\/un-dia-como-hoy-el-fichaje-de-chicharito-hernandez-a-manchester-united\/#respond"]}]},{"@type":"WebPage","@id":"https:\/\/futbolhoy.co\/index.php\/2020\/04\/08\/un-dia-como-hoy-el-fichaje-de-chicharito-hernandez-a-manchester-united\/","url":"https:\/\/futbolhoy.co\/index.php\/2020\/04\/08\/un-dia-como-hoy-el-fichaje-de-chicharito-hernandez-a-manchester-united\/","name":"Un d\u00eda como hoy: El fichaje de 'Chicharito' a Manchester United -","isPartOf":{"@id":"https:\/\/futbolhoy.co\/#website"},"primaryImageOfPage":{"@id":"https:\/\/futbolhoy.co\/index.php\/2020\/04\/08\/un-dia-como-hoy-el-fichaje-de-chicharito-hernandez-a-manchester-united\/#primaryimage"},"image":{"@id":"https:\/\/futbolhoy.co\/index.php\/2020\/04\/08\/un-dia-como-hoy-el-fichaje-de-chicharito-hernandez-a-manchester-united\/#primaryimage"},"thumbnailUrl":"https:\/\/futbolhoy.co\/wp-content\/uploads\/2020\/04\/EVG8WmQUEAAMIoi.jpg","datePublished":"2020-04-08T22:45:56+00:00","dateModified":"2020-04-08T22:48:32+00:00","breadcrumb":{"@id":"https:\/\/futbolhoy.co\/index.php\/2020\/04\/08\/un-dia-como-hoy-el-fichaje-de-chicharito-hernandez-a-manchester-united\/#breadcrumb"},"inLanguage":"es","potentialAction":[{"@type":"ReadAction","target":["https:\/\/futbolhoy.co\/index.php\/2020\/04\/08\/un-dia-como-hoy-el-fichaje-de-chicharito-hernandez-a-manchester-united\/"]}]},{"@type":"ImageObject","inLanguage":"es","@id":"https:\/\/futbolhoy.co\/index.php\/2020\/04\/08\/un-dia-como-hoy-el-fichaje-de-chicharito-hernandez-a-manchester-united\/#primaryimage","url":"https:\/\/futbolhoy.co\/wp-content\/uploads\/2020\/04\/EVG8WmQUEAAMIoi.jpg","contentUrl":"https:\/\/futbolhoy.co\/wp-content\/uploads\/2020\/04\/EVG8WmQUEAAMIoi.jpg","width":680,"height":383},{"@type":"BreadcrumbList","@id":"https:\/\/futbolhoy.co\/index.php\/2020\/04\/08\/un-dia-como-hoy-el-fichaje-de-chicharito-hernandez-a-manchester-united\/#breadcrumb","itemListElement":[{"@type":"ListItem","position":1,"name":"Portada","item":"https:\/\/futbolhoy.co\/"},{"@type":"ListItem","position":2,"name":"Un d\u00eda como hoy: El fichaje de &#8216;Chicharito&#8217; a Manchester United"}]},{"@type":"WebSite","@id":"https:\/\/futbolhoy.co\/#website","url":"https:\/\/futbolhoy.co\/","name":"FutbolHoy","description":"","publisher":{"@id":"https:\/\/futbolhoy.co\/#organization"},"potentialAction":[{"@type":"SearchAction","target":{"@type":"EntryPoint","urlTemplate":"https:\/\/futbolhoy.co\/?s={search_term_string}"},"query-input":{"@type":"PropertyValueSpecification","valueRequired":true,"valueName":"search_term_string"}}],"inLanguage":"es"},{"@type":"Organization","@id":"https:\/\/futbolhoy.co\/#organization","name":"Futbolhoy.co","url":"https:\/\/futbolhoy.co\/","logo":{"@type":"ImageObject","inLanguage":"es","@id":"https:\/\/futbolhoy.co\/#\/schema\/logo\/image\/","url":"https:\/\/futbolhoy.co\/wp-content\/uploads\/2018\/08\/17426380_1906371736249227_6326180412931521141_n.jpg","contentUrl":"https:\/\/futbolhoy.co\/wp-content\/uploads\/2018\/08\/17426380_1906371736249227_6326180412931521141_n.jpg","width":960,"height":960,"caption":"Futbolhoy.co"},"image":{"@id":"https:\/\/futbolhoy.co\/#\/schema\/logo\/image\/"},"sameAs":["https:\/\/www.facebook.com\/FutbolHoyCol\/","https:\/\/x.com\/FutbolHoyCol","https:\/\/www.instagram.com\/futbolhoycol\/"]},{"@type":"Person","@id":"https:\/\/futbolhoy.co\/#\/schema\/person\/c4a353a512b127643723a34bb1812f7d","name":"Laura Hern\u00e1ndez","image":{"@type":"ImageObject","inLanguage":"es","@id":"https:\/\/futbolhoy.co\/#\/schema\/person\/image\/","url":"https:\/\/secure.gravatar.com\/avatar\/d25959a15b9b293a743f99181c7cfd01?s=96&d=mm&r=g","contentUrl":"https:\/\/secure.gravatar.com\/avatar\/d25959a15b9b293a743f99181c7cfd01?s=96&d=mm&r=g","caption":"Laura Hern\u00e1ndez"}}]}},"publishpress_future_action":{"enabled":false,"date":"2026-05-04 11:52:12","action":"change-status","newStatus":"draft","terms":[],"taxonomy":"category","extraData":[]},"publishpress_future_workflow_manual_trigger":{"enabledWorkflows":[]},"_links":{"self":[{"href":"https:\/\/futbolhoy.co\/index.php\/wp-json\/wp\/v2\/posts\/49831","targetHints":{"allow":["GET"]}}],"collection":[{"href":"https:\/\/futbolhoy.co\/index.php\/wp-json\/wp\/v2\/posts"}],"about":[{"href":"https:\/\/futbolhoy.co\/index.php\/wp-json\/wp\/v2\/types\/post"}],"author":[{"embeddable":true,"href":"https:\/\/futbolhoy.co\/index.php\/wp-json\/wp\/v2\/users\/5"}],"replies":[{"embeddable":true,"href":"https:\/\/futbolhoy.co\/index.php\/wp-json\/wp\/v2\/comments?post=49831"}],"version-history":[{"count":3,"href":"https:\/\/futbolhoy.co\/index.php\/wp-json\/wp\/v2\/posts\/49831\/revisions"}],"predecessor-version":[{"id":49837,"href":"https:\/\/futbolhoy.co\/index.php\/wp-json\/wp\/v2\/posts\/49831\/revisions\/49837"}],"wp:featuredmedia":[{"embeddable":true,"href":"https:\/\/futbolhoy.co\/index.php\/wp-json\/wp\/v2\/media\/49833"}],"wp:attachment":[{"href":"https:\/\/futbolhoy.co\/index.php\/wp-json\/wp\/v2\/media?parent=49831"}],"wp:term":[{"taxonomy":"category","embeddable":true,"href":"https:\/\/futbolhoy.co\/index.php\/wp-json\/wp\/v2\/categories?post=49831"},{"taxonomy":"post_tag","embeddable":true,"href":"https:\/\/futbolhoy.co\/index.php\/wp-json\/wp\/v2\/tags?post=49831"}],"curies":[{"name":"wp","href":"https:\/\/api.w.org\/{rel}","templated":true}]}}