{"id":49841,"date":"2020-04-08T23:32:25","date_gmt":"2020-04-09T04:32:25","guid":{"rendered":"https:\/\/futbolhoy.co\/?p=49841"},"modified":"2020-04-09T16:44:45","modified_gmt":"2020-04-09T21:44:45","slug":"real-madrid-acordo-rebaja-de-salarios","status":"publish","type":"post","link":"https:\/\/futbolhoy.co\/index.php\/2020\/04\/08\/real-madrid-acordo-rebaja-de-salarios\/","title":{"rendered":"Real Madrid acord\u00f3 rebaja de salarios"},"content":{"rendered":"<p style=\"font-weight: 400; text-align: justify;\"><span style=\"font-family: helvetica, arial, sans-serif;\">Los planteles de f\u00fatbol y baloncesto del <strong>Real Madrid<\/strong> acordaron rebajar voluntariamente sus salarios entre el 10 y 20%, mientras dura la pandemia del coronavirus.<\/span><\/p>\n<p style=\"font-weight: 400; text-align: justify;\"><span style=\"font-family: helvetica, arial, sans-serif;\">\"Los jugadores y los t\u00e9cnicos de las primeras plantillas de f\u00fatbol y baloncesto del Real Madrid, encabezados por sus capitanes, junto con los principales ejecutivos de las distintas direcciones del club han acordado rebajar voluntariamente su retribuci\u00f3n para este a\u00f1o entre el 10% y el 20%, en funci\u00f3n de las circunstancias que puedan afectar al cierre de la presente temporada deportiva 2019-20\", dice el comunicado de la entidad.<\/span><\/p>\n<p style=\"font-weight: 400; text-align: justify;\"><span style=\"font-family: helvetica, arial, sans-serif;\">Seg\u00fan los diarios <strong>Marca<\/strong> y <strong>AS<\/strong>, la reducci\u00f3n ser\u00eda de un 10% sobre el total anual si la actividad deportiva puede reanudarse y del 20% en caso que la temporada tenga que darse por terminada.<\/span><\/p>\n<p style=\"font-weight: 400; text-align: justify;\"><span style=\"font-family: helvetica, arial, sans-serif;\">Con este acuerdo, el <strong>Real Madrid<\/strong>, donde est\u00e1 el colombiano James Rodr\u00edguez, se ahorrar\u00eda entre 28 y 56 millones, \u00fanicamente en los suelos del equipo de f\u00fatbol.<\/span><\/p>\n","protected":false},"excerpt":{"rendered":"<p>Los planteles de f\u00fatbol y baloncesto del Real Madrid acordaron rebajar voluntariamente sus salarios entre el 10 y 20%, mientras dura la pandemia del coronavirus. \"Los jugadores y los t\u00e9cnicos de las primeras plantillas de f\u00fatbol y baloncesto del Real Madrid, encabezados por sus capitanes, junto con los principales ejecutivos de las distintas direcciones del [&hellip;]<\/p>\n","protected":false},"author":5,"featured_media":49847,"comment_status":"open","ping_status":"open","sticky":false,"template":"","format":"standard","meta":{"_acf_changed":false,"footnotes":""},"categories":[152],"tags":[110],"class_list":{"0":"post-49841","1":"post","2":"type-post","3":"status-publish","4":"format-standard","5":"has-post-thumbnail","7":"category-mundo-futbol","8":"tag-real-madrid"},"acf":[],"yoast_head":"<!-- This site is optimized with the Yoast SEO plugin v26.8 - https:\/\/yoast.com\/product\/yoast-seo-wordpress\/ -->\n<title>Real Madrid acord\u00f3 rebaja de salarios -<\/title>\n<meta name=\"robots\" content=\"index, follow, max-snippet:-1, max-image-preview:large, max-video-preview:-1\" \/>\n<link rel=\"canonical\" href=\"https:\/\/futbolhoy.co\/index.php\/2020\/04\/08\/real-madrid-acordo-rebaja-de-salarios\/\" \/>\n<meta property=\"og:locale\" content=\"es_ES\" \/>\n<meta property=\"og:type\" content=\"article\" \/>\n<meta property=\"og:title\" content=\"Real Madrid acord\u00f3 rebaja de salarios -\" \/>\n<meta property=\"og:description\" content=\"Los planteles de f\u00fatbol y baloncesto del Real Madrid acordaron rebajar voluntariamente sus salarios entre el 10 y 20%, mientras dura la pandemia del coronavirus. &quot;Los jugadores y los t\u00e9cnicos de las primeras plantillas de f\u00fatbol y baloncesto del Real Madrid, encabezados por sus capitanes, junto con los principales ejecutivos de las distintas direcciones del [&hellip;]\" \/>\n<meta property=\"og:url\" content=\"https:\/\/futbolhoy.co\/index.php\/2020\/04\/08\/real-madrid-acordo-rebaja-de-salarios\/\" \/>\n<meta property=\"article:publisher\" content=\"https:\/\/www.facebook.com\/FutbolHoyCol\/\" \/>\n<meta property=\"article:published_time\" content=\"2020-04-09T04:32:25+00:00\" \/>\n<meta property=\"article:modified_time\" content=\"2020-04-09T21:44:45+00:00\" \/>\n<meta property=\"og:image\" content=\"https:\/\/futbolhoy.co\/wp-content\/uploads\/2020\/04\/EVGKsXKXgAQ7NmD-1.jpg\" \/>\n\t<meta property=\"og:image:width\" content=\"938\" \/>\n\t<meta property=\"og:image:height\" content=\"1176\" \/>\n\t<meta property=\"og:image:type\" content=\"image\/jpeg\" \/>\n<meta name=\"author\" content=\"Laura Hern\u00e1ndez\" \/>\n<meta name=\"twitter:card\" content=\"summary_large_image\" \/>\n<meta name=\"twitter:creator\" content=\"@FutbolHoyCol\" \/>\n<meta name=\"twitter:site\" content=\"@FutbolHoyCol\" \/>\n<meta name=\"twitter:label1\" content=\"Escrito por\" \/>\n\t<meta name=\"twitter:data1\" content=\"Laura Hern\u00e1ndez\" \/>\n\t<meta name=\"twitter:label2\" content=\"Tiempo de lectura\" \/>\n\t<meta name=\"twitter:data2\" content=\"1 minuto\" \/>\n<script type=\"application\/ld+json\" class=\"yoast-schema-graph\">{\"@context\":\"https:\/\/schema.org\",\"@graph\":[{\"@type\":\"Article\",\"@id\":\"https:\/\/futbolhoy.co\/index.php\/2020\/04\/08\/real-madrid-acordo-rebaja-de-salarios\/#article\",\"isPartOf\":{\"@id\":\"https:\/\/futbolhoy.co\/index.php\/2020\/04\/08\/real-madrid-acordo-rebaja-de-salarios\/\"},\"author\":{\"name\":\"Laura Hern\u00e1ndez\",\"@id\":\"https:\/\/futbolhoy.co\/#\/schema\/person\/c4a353a512b127643723a34bb1812f7d\"},\"headline\":\"Real Madrid acord\u00f3 rebaja de salarios\",\"datePublished\":\"2020-04-09T04:32:25+00:00\",\"dateModified\":\"2020-04-09T21:44:45+00:00\",\"mainEntityOfPage\":{\"@id\":\"https:\/\/futbolhoy.co\/index.php\/2020\/04\/08\/real-madrid-acordo-rebaja-de-salarios\/\"},\"wordCount\":165,\"commentCount\":0,\"publisher\":{\"@id\":\"https:\/\/futbolhoy.co\/#organization\"},\"image\":{\"@id\":\"https:\/\/futbolhoy.co\/index.php\/2020\/04\/08\/real-madrid-acordo-rebaja-de-salarios\/#primaryimage\"},\"thumbnailUrl\":\"https:\/\/futbolhoy.co\/wp-content\/uploads\/2020\/04\/EVGKsXKXgAQ7NmD-1.jpg\",\"keywords\":[\"Real Madrid\"],\"articleSection\":[\"Mundo Futbol\"],\"inLanguage\":\"es\",\"potentialAction\":[{\"@type\":\"CommentAction\",\"name\":\"Comment\",\"target\":[\"https:\/\/futbolhoy.co\/index.php\/2020\/04\/08\/real-madrid-acordo-rebaja-de-salarios\/#respond\"]}]},{\"@type\":\"WebPage\",\"@id\":\"https:\/\/futbolhoy.co\/index.php\/2020\/04\/08\/real-madrid-acordo-rebaja-de-salarios\/\",\"url\":\"https:\/\/futbolhoy.co\/index.php\/2020\/04\/08\/real-madrid-acordo-rebaja-de-salarios\/\",\"name\":\"Real Madrid acord\u00f3 rebaja de salarios -\",\"isPartOf\":{\"@id\":\"https:\/\/futbolhoy.co\/#website\"},\"primaryImageOfPage\":{\"@id\":\"https:\/\/futbolhoy.co\/index.php\/2020\/04\/08\/real-madrid-acordo-rebaja-de-salarios\/#primaryimage\"},\"image\":{\"@id\":\"https:\/\/futbolhoy.co\/index.php\/2020\/04\/08\/real-madrid-acordo-rebaja-de-salarios\/#primaryimage\"},\"thumbnailUrl\":\"https:\/\/futbolhoy.co\/wp-content\/uploads\/2020\/04\/EVGKsXKXgAQ7NmD-1.jpg\",\"datePublished\":\"2020-04-09T04:32:25+00:00\",\"dateModified\":\"2020-04-09T21:44:45+00:00\",\"breadcrumb\":{\"@id\":\"https:\/\/futbolhoy.co\/index.php\/2020\/04\/08\/real-madrid-acordo-rebaja-de-salarios\/#breadcrumb\"},\"inLanguage\":\"es\",\"potentialAction\":[{\"@type\":\"ReadAction\",\"target\":[\"https:\/\/futbolhoy.co\/index.php\/2020\/04\/08\/real-madrid-acordo-rebaja-de-salarios\/\"]}]},{\"@type\":\"ImageObject\",\"inLanguage\":\"es\",\"@id\":\"https:\/\/futbolhoy.co\/index.php\/2020\/04\/08\/real-madrid-acordo-rebaja-de-salarios\/#primaryimage\",\"url\":\"https:\/\/futbolhoy.co\/wp-content\/uploads\/2020\/04\/EVGKsXKXgAQ7NmD-1.jpg\",\"contentUrl\":\"https:\/\/futbolhoy.co\/wp-content\/uploads\/2020\/04\/EVGKsXKXgAQ7NmD-1.jpg\",\"width\":938,\"height\":1176},{\"@type\":\"BreadcrumbList\",\"@id\":\"https:\/\/futbolhoy.co\/index.php\/2020\/04\/08\/real-madrid-acordo-rebaja-de-salarios\/#breadcrumb\",\"itemListElement\":[{\"@type\":\"ListItem\",\"position\":1,\"name\":\"Portada\",\"item\":\"https:\/\/futbolhoy.co\/\"},{\"@type\":\"ListItem\",\"position\":2,\"name\":\"Real Madrid acord\u00f3 rebaja de salarios\"}]},{\"@type\":\"WebSite\",\"@id\":\"https:\/\/futbolhoy.co\/#website\",\"url\":\"https:\/\/futbolhoy.co\/\",\"name\":\"FutbolHoy\",\"description\":\"\",\"publisher\":{\"@id\":\"https:\/\/futbolhoy.co\/#organization\"},\"potentialAction\":[{\"@type\":\"SearchAction\",\"target\":{\"@type\":\"EntryPoint\",\"urlTemplate\":\"https:\/\/futbolhoy.co\/?s={search_term_string}\"},\"query-input\":{\"@type\":\"PropertyValueSpecification\",\"valueRequired\":true,\"valueName\":\"search_term_string\"}}],\"inLanguage\":\"es\"},{\"@type\":\"Organization\",\"@id\":\"https:\/\/futbolhoy.co\/#organization\",\"name\":\"Futbolhoy.co\",\"url\":\"https:\/\/futbolhoy.co\/\",\"logo\":{\"@type\":\"ImageObject\",\"inLanguage\":\"es\",\"@id\":\"https:\/\/futbolhoy.co\/#\/schema\/logo\/image\/\",\"url\":\"https:\/\/futbolhoy.co\/wp-content\/uploads\/2018\/08\/17426380_1906371736249227_6326180412931521141_n.jpg\",\"contentUrl\":\"https:\/\/futbolhoy.co\/wp-content\/uploads\/2018\/08\/17426380_1906371736249227_6326180412931521141_n.jpg\",\"width\":960,\"height\":960,\"caption\":\"Futbolhoy.co\"},\"image\":{\"@id\":\"https:\/\/futbolhoy.co\/#\/schema\/logo\/image\/\"},\"sameAs\":[\"https:\/\/www.facebook.com\/FutbolHoyCol\/\",\"https:\/\/x.com\/FutbolHoyCol\",\"https:\/\/www.instagram.com\/futbolhoycol\/\"]},{\"@type\":\"Person\",\"@id\":\"https:\/\/futbolhoy.co\/#\/schema\/person\/c4a353a512b127643723a34bb1812f7d\",\"name\":\"Laura Hern\u00e1ndez\",\"image\":{\"@type\":\"ImageObject\",\"inLanguage\":\"es\",\"@id\":\"https:\/\/futbolhoy.co\/#\/schema\/person\/image\/\",\"url\":\"https:\/\/secure.gravatar.com\/avatar\/d25959a15b9b293a743f99181c7cfd01?s=96&d=mm&r=g\",\"contentUrl\":\"https:\/\/secure.gravatar.com\/avatar\/d25959a15b9b293a743f99181c7cfd01?s=96&d=mm&r=g\",\"caption\":\"Laura Hern\u00e1ndez\"}}]}<\/script>\n<!-- \/ Yoast SEO plugin. -->","yoast_head_json":{"title":"Real Madrid acord\u00f3 rebaja de salarios -","robots":{"index":"index","follow":"follow","max-snippet":"max-snippet:-1","max-image-preview":"max-image-preview:large","max-video-preview":"max-video-preview:-1"},"canonical":"https:\/\/futbolhoy.co\/index.php\/2020\/04\/08\/real-madrid-acordo-rebaja-de-salarios\/","og_locale":"es_ES","og_type":"article","og_title":"Real Madrid acord\u00f3 rebaja de salarios -","og_description":"Los planteles de f\u00fatbol y baloncesto del Real Madrid acordaron rebajar voluntariamente sus salarios entre el 10 y 20%, mientras dura la pandemia del coronavirus. \"Los jugadores y los t\u00e9cnicos de las primeras plantillas de f\u00fatbol y baloncesto del Real Madrid, encabezados por sus capitanes, junto con los principales ejecutivos de las distintas direcciones del [&hellip;]","og_url":"https:\/\/futbolhoy.co\/index.php\/2020\/04\/08\/real-madrid-acordo-rebaja-de-salarios\/","article_publisher":"https:\/\/www.facebook.com\/FutbolHoyCol\/","article_published_time":"2020-04-09T04:32:25+00:00","article_modified_time":"2020-04-09T21:44:45+00:00","og_image":[{"width":938,"height":1176,"url":"https:\/\/futbolhoy.co\/wp-content\/uploads\/2020\/04\/EVGKsXKXgAQ7NmD-1.jpg","type":"image\/jpeg"}],"author":"Laura Hern\u00e1ndez","twitter_card":"summary_large_image","twitter_creator":"@FutbolHoyCol","twitter_site":"@FutbolHoyCol","twitter_misc":{"Escrito por":"Laura Hern\u00e1ndez","Tiempo de lectura":"1 minuto"},"schema":{"@context":"https:\/\/schema.org","@graph":[{"@type":"Article","@id":"https:\/\/futbolhoy.co\/index.php\/2020\/04\/08\/real-madrid-acordo-rebaja-de-salarios\/#article","isPartOf":{"@id":"https:\/\/futbolhoy.co\/index.php\/2020\/04\/08\/real-madrid-acordo-rebaja-de-salarios\/"},"author":{"name":"Laura Hern\u00e1ndez","@id":"https:\/\/futbolhoy.co\/#\/schema\/person\/c4a353a512b127643723a34bb1812f7d"},"headline":"Real Madrid acord\u00f3 rebaja de salarios","datePublished":"2020-04-09T04:32:25+00:00","dateModified":"2020-04-09T21:44:45+00:00","mainEntityOfPage":{"@id":"https:\/\/futbolhoy.co\/index.php\/2020\/04\/08\/real-madrid-acordo-rebaja-de-salarios\/"},"wordCount":165,"commentCount":0,"publisher":{"@id":"https:\/\/futbolhoy.co\/#organization"},"image":{"@id":"https:\/\/futbolhoy.co\/index.php\/2020\/04\/08\/real-madrid-acordo-rebaja-de-salarios\/#primaryimage"},"thumbnailUrl":"https:\/\/futbolhoy.co\/wp-content\/uploads\/2020\/04\/EVGKsXKXgAQ7NmD-1.jpg","keywords":["Real Madrid"],"articleSection":["Mundo Futbol"],"inLanguage":"es","potentialAction":[{"@type":"CommentAction","name":"Comment","target":["https:\/\/futbolhoy.co\/index.php\/2020\/04\/08\/real-madrid-acordo-rebaja-de-salarios\/#respond"]}]},{"@type":"WebPage","@id":"https:\/\/futbolhoy.co\/index.php\/2020\/04\/08\/real-madrid-acordo-rebaja-de-salarios\/","url":"https:\/\/futbolhoy.co\/index.php\/2020\/04\/08\/real-madrid-acordo-rebaja-de-salarios\/","name":"Real Madrid acord\u00f3 rebaja de salarios -","isPartOf":{"@id":"https:\/\/futbolhoy.co\/#website"},"primaryImageOfPage":{"@id":"https:\/\/futbolhoy.co\/index.php\/2020\/04\/08\/real-madrid-acordo-rebaja-de-salarios\/#primaryimage"},"image":{"@id":"https:\/\/futbolhoy.co\/index.php\/2020\/04\/08\/real-madrid-acordo-rebaja-de-salarios\/#primaryimage"},"thumbnailUrl":"https:\/\/futbolhoy.co\/wp-content\/uploads\/2020\/04\/EVGKsXKXgAQ7NmD-1.jpg","datePublished":"2020-04-09T04:32:25+00:00","dateModified":"2020-04-09T21:44:45+00:00","breadcrumb":{"@id":"https:\/\/futbolhoy.co\/index.php\/2020\/04\/08\/real-madrid-acordo-rebaja-de-salarios\/#breadcrumb"},"inLanguage":"es","potentialAction":[{"@type":"ReadAction","target":["https:\/\/futbolhoy.co\/index.php\/2020\/04\/08\/real-madrid-acordo-rebaja-de-salarios\/"]}]},{"@type":"ImageObject","inLanguage":"es","@id":"https:\/\/futbolhoy.co\/index.php\/2020\/04\/08\/real-madrid-acordo-rebaja-de-salarios\/#primaryimage","url":"https:\/\/futbolhoy.co\/wp-content\/uploads\/2020\/04\/EVGKsXKXgAQ7NmD-1.jpg","contentUrl":"https:\/\/futbolhoy.co\/wp-content\/uploads\/2020\/04\/EVGKsXKXgAQ7NmD-1.jpg","width":938,"height":1176},{"@type":"BreadcrumbList","@id":"https:\/\/futbolhoy.co\/index.php\/2020\/04\/08\/real-madrid-acordo-rebaja-de-salarios\/#breadcrumb","itemListElement":[{"@type":"ListItem","position":1,"name":"Portada","item":"https:\/\/futbolhoy.co\/"},{"@type":"ListItem","position":2,"name":"Real Madrid acord\u00f3 rebaja de salarios"}]},{"@type":"WebSite","@id":"https:\/\/futbolhoy.co\/#website","url":"https:\/\/futbolhoy.co\/","name":"FutbolHoy","description":"","publisher":{"@id":"https:\/\/futbolhoy.co\/#organization"},"potentialAction":[{"@type":"SearchAction","target":{"@type":"EntryPoint","urlTemplate":"https:\/\/futbolhoy.co\/?s={search_term_string}"},"query-input":{"@type":"PropertyValueSpecification","valueRequired":true,"valueName":"search_term_string"}}],"inLanguage":"es"},{"@type":"Organization","@id":"https:\/\/futbolhoy.co\/#organization","name":"Futbolhoy.co","url":"https:\/\/futbolhoy.co\/","logo":{"@type":"ImageObject","inLanguage":"es","@id":"https:\/\/futbolhoy.co\/#\/schema\/logo\/image\/","url":"https:\/\/futbolhoy.co\/wp-content\/uploads\/2018\/08\/17426380_1906371736249227_6326180412931521141_n.jpg","contentUrl":"https:\/\/futbolhoy.co\/wp-content\/uploads\/2018\/08\/17426380_1906371736249227_6326180412931521141_n.jpg","width":960,"height":960,"caption":"Futbolhoy.co"},"image":{"@id":"https:\/\/futbolhoy.co\/#\/schema\/logo\/image\/"},"sameAs":["https:\/\/www.facebook.com\/FutbolHoyCol\/","https:\/\/x.com\/FutbolHoyCol","https:\/\/www.instagram.com\/futbolhoycol\/"]},{"@type":"Person","@id":"https:\/\/futbolhoy.co\/#\/schema\/person\/c4a353a512b127643723a34bb1812f7d","name":"Laura Hern\u00e1ndez","image":{"@type":"ImageObject","inLanguage":"es","@id":"https:\/\/futbolhoy.co\/#\/schema\/person\/image\/","url":"https:\/\/secure.gravatar.com\/avatar\/d25959a15b9b293a743f99181c7cfd01?s=96&d=mm&r=g","contentUrl":"https:\/\/secure.gravatar.com\/avatar\/d25959a15b9b293a743f99181c7cfd01?s=96&d=mm&r=g","caption":"Laura Hern\u00e1ndez"}}]}},"publishpress_future_action":{"enabled":false,"date":"2026-05-04 05:03:36","action":"change-status","newStatus":"draft","terms":[],"taxonomy":"category","extraData":[]},"publishpress_future_workflow_manual_trigger":{"enabledWorkflows":[]},"_links":{"self":[{"href":"https:\/\/futbolhoy.co\/index.php\/wp-json\/wp\/v2\/posts\/49841","targetHints":{"allow":["GET"]}}],"collection":[{"href":"https:\/\/futbolhoy.co\/index.php\/wp-json\/wp\/v2\/posts"}],"about":[{"href":"https:\/\/futbolhoy.co\/index.php\/wp-json\/wp\/v2\/types\/post"}],"author":[{"embeddable":true,"href":"https:\/\/futbolhoy.co\/index.php\/wp-json\/wp\/v2\/users\/5"}],"replies":[{"embeddable":true,"href":"https:\/\/futbolhoy.co\/index.php\/wp-json\/wp\/v2\/comments?post=49841"}],"version-history":[{"count":2,"href":"https:\/\/futbolhoy.co\/index.php\/wp-json\/wp\/v2\/posts\/49841\/revisions"}],"predecessor-version":[{"id":49901,"href":"https:\/\/futbolhoy.co\/index.php\/wp-json\/wp\/v2\/posts\/49841\/revisions\/49901"}],"wp:featuredmedia":[{"embeddable":true,"href":"https:\/\/futbolhoy.co\/index.php\/wp-json\/wp\/v2\/media\/49847"}],"wp:attachment":[{"href":"https:\/\/futbolhoy.co\/index.php\/wp-json\/wp\/v2\/media?parent=49841"}],"wp:term":[{"taxonomy":"category","embeddable":true,"href":"https:\/\/futbolhoy.co\/index.php\/wp-json\/wp\/v2\/categories?post=49841"},{"taxonomy":"post_tag","embeddable":true,"href":"https:\/\/futbolhoy.co\/index.php\/wp-json\/wp\/v2\/tags?post=49841"}],"curies":[{"name":"wp","href":"https:\/\/api.w.org\/{rel}","templated":true}]}}