{"id":49909,"date":"2020-04-09T17:39:20","date_gmt":"2020-04-09T22:39:20","guid":{"rendered":"https:\/\/futbolhoy.co\/?p=49909"},"modified":"2020-04-09T17:39:20","modified_gmt":"2020-04-09T22:39:20","slug":"un-dia-como-hoy-el-palomo-en-la-final-argentina-de-la-recopa-sudamericana","status":"publish","type":"post","link":"https:\/\/futbolhoy.co\/index.php\/2020\/04\/09\/un-dia-como-hoy-el-palomo-en-la-final-argentina-de-la-recopa-sudamericana\/","title":{"rendered":"Un d\u00eda como hoy: El 'Palomo' en la final argentina de la Recopa Sudamericana"},"content":{"rendered":"<div style=\"width: 696px;\" class=\"wp-video\"><!--[if lt IE 9]><script>document.createElement('video');<\/script><![endif]-->\n<video class=\"wp-video-shortcode\" id=\"video-49909-1\" width=\"696\" height=\"392\" preload=\"metadata\" controls=\"controls\"><source type=\"video\/mp4\" src=\"https:\/\/futbolhoy.co\/wp-content\/uploads\/2020\/04\/woKbEsZNItdVzFjR.mp4?_=1\" \/><a href=\"https:\/\/futbolhoy.co\/wp-content\/uploads\/2020\/04\/woKbEsZNItdVzFjR.mp4\">https:\/\/futbolhoy.co\/wp-content\/uploads\/2020\/04\/woKbEsZNItdVzFjR.mp4<\/a><\/video><\/div>\n<p style=\"text-align: justify;\"><span style=\"font-family: helvetica, arial, sans-serif;\">Un d\u00eda como hoy en 1995, se jug\u00f3 la final in\u00e9dita por la <strong>Recopa Sudamericana<\/strong> entre Independiente y V\u00e9lez Sarsfield. <\/span><\/p>\n<p style=\"text-align: justify;\"><span style=\"font-family: helvetica, arial, sans-serif;\"><strong>Albeiro el\u00a0'palomo' Usuriaga<\/strong> hizo parte del once inicial del rojo y disput\u00f3 77 minutos del partido, durante su estad\u00eda en el club argentino se alz\u00f3 con el t\u00edtulo de la <strong>Recopa<\/strong> as\u00ed como la <strong>Supercopa Sudamericana.\u00a0<\/strong><\/span><\/p>\n<p style=\"text-align: justify;\"><span style=\"font-family: helvetica, arial, sans-serif;\">El cuadro de <strong>Avellaneda<\/strong> fue campe\u00f3n tras vencer 1-0 a <strong>V\u00e9lez<\/strong> en el Estadio Ol\u00edmpico de Tokio que fue seleccionado como sede tras el terremoto que afect\u00f3 el estadio de Kobe.\u00a0<\/span><\/p>\n<p style=\"text-align: justify;\"><span style=\"font-family: helvetica, arial, sans-serif;\">El \u00fanico gol del partido lleg\u00f3 por medio de <strong>Jos\u00e9 Serrizuela<\/strong> en el minuto 69.<\/span><\/p>\n\r\n                <style type=\"text\/css\">\r\n                    \r\n                    #tdi_1  .td-doubleSlider-2 .td-item1 {\r\n                        background: url(https:\/\/futbolhoy.co\/wp-content\/uploads\/2020\/04\/images-80x60.jpg) 0 0 no-repeat;\r\n                    }\r\n                    #tdi_1  .td-doubleSlider-2 .td-item2 {\r\n                        background: url(https:\/\/futbolhoy.co\/wp-content\/uploads\/2020\/04\/Plantel-Recopa-1995-80x60.jpg) 0 0 no-repeat;\r\n                    }\r\n                    #tdi_1  .td-doubleSlider-2 .td-item3 {\r\n                        background: url(https:\/\/futbolhoy.co\/wp-content\/uploads\/2020\/04\/Independiente-campeon-Recopa-1995-80x60.jpg) 0 0 no-repeat;\r\n                    }\r\n                <\/style>\r\n\r\n                <div id=\"tdi_1\" class=\"td-gallery td-slide-on-2-columns\">\r\n                    <div class=\"post_td_gallery\">\r\n                        <div class=\"td-gallery-slide-top\">\r\n                           <div class=\"td-gallery-title\"><\/div>\r\n\r\n                            <div class=\"td-gallery-controls-wrapper\">\r\n                                <div class=\"td-gallery-slide-count\"><span class=\"td-gallery-slide-item-focus\">1<\/span> de 3<\/div>\r\n                                <div class=\"td-gallery-slide-prev-next-but\">\r\n                                    <i class = \"td-icon-left doubleSliderPrevButton\"><\/i>\r\n                                    <i class = \"td-icon-right doubleSliderNextButton\"><\/i>\r\n                                <\/div>\r\n                            <\/div>\r\n                        <\/div>\r\n\r\n                        <div class = \"td-doubleSlider-1 \">\r\n                            <div class = \"td-slider\">\r\n                                \r\n                    <div class = \"td-slide-item td-item1\">\r\n                        <figure class=\"td-slide-galery-figure td-slide-popup-gallery\">\r\n                            <a class=\"slide-gallery-image-link\" href=\"https:\/\/futbolhoy.co\/wp-content\/uploads\/2020\/04\/images.jpg\" title=\"images\"  data-caption=\"\"  data-description=\"\">\r\n                                <img decoding=\"async\" src=\"https:\/\/futbolhoy.co\/wp-content\/uploads\/2020\/04\/images.jpg\" srcset=\"https:\/\/futbolhoy.co\/wp-content\/uploads\/2020\/04\/images.jpg 277w, https:\/\/futbolhoy.co\/wp-content\/uploads\/2020\/04\/images-128x84.jpg 128w, https:\/\/futbolhoy.co\/wp-content\/uploads\/2020\/04\/images-32x21.jpg 32w\" sizes=\"(max-width: 277px) 100vw, 277px\" alt=\"\">\r\n                            <\/a>\r\n                            \r\n                        <\/figure>\r\n                    <\/div>\r\n                    <div class = \"td-slide-item td-item2\">\r\n                        <figure class=\"td-slide-galery-figure td-slide-popup-gallery\">\r\n                            <a class=\"slide-gallery-image-link\" href=\"https:\/\/futbolhoy.co\/wp-content\/uploads\/2020\/04\/Plantel-Recopa-1995.jpg\" title=\"Plantel-Recopa-1995\"  data-caption=\"\"  data-description=\"\">\r\n                                <img decoding=\"async\" src=\"https:\/\/futbolhoy.co\/wp-content\/uploads\/2020\/04\/Plantel-Recopa-1995-574x420.jpg\" srcset=\"https:\/\/futbolhoy.co\/wp-content\/uploads\/2020\/04\/Plantel-Recopa-1995-574x420.jpg 574w, https:\/\/futbolhoy.co\/wp-content\/uploads\/2020\/04\/Plantel-Recopa-1995-300x219.jpg 300w, https:\/\/futbolhoy.co\/wp-content\/uploads\/2020\/04\/Plantel-Recopa-1995-80x60.jpg 80w, https:\/\/futbolhoy.co\/wp-content\/uploads\/2020\/04\/Plantel-Recopa-1995-128x94.jpg 128w, https:\/\/futbolhoy.co\/wp-content\/uploads\/2020\/04\/Plantel-Recopa-1995-32x23.jpg 32w, https:\/\/futbolhoy.co\/wp-content\/uploads\/2020\/04\/Plantel-Recopa-1995.jpg 663w\" sizes=\"(max-width: 574px) 100vw, 574px\" alt=\"\">\r\n                            <\/a>\r\n                            \r\n                        <\/figure>\r\n                    <\/div>\r\n                    <div class = \"td-slide-item td-item3\">\r\n                        <figure class=\"td-slide-galery-figure td-slide-popup-gallery\">\r\n                            <a class=\"slide-gallery-image-link\" href=\"https:\/\/futbolhoy.co\/wp-content\/uploads\/2020\/04\/Independiente-campeon-Recopa-1995.jpg\" title=\"Independiente-campeon-Recopa-1995\"  data-caption=\"\"  data-description=\"\">\r\n                                <img decoding=\"async\" src=\"https:\/\/futbolhoy.co\/wp-content\/uploads\/2020\/04\/Independiente-campeon-Recopa-1995-578x420.jpg\" srcset=\"https:\/\/futbolhoy.co\/wp-content\/uploads\/2020\/04\/Independiente-campeon-Recopa-1995-578x420.jpg 578w, https:\/\/futbolhoy.co\/wp-content\/uploads\/2020\/04\/Independiente-campeon-Recopa-1995-300x218.jpg 300w, https:\/\/futbolhoy.co\/wp-content\/uploads\/2020\/04\/Independiente-campeon-Recopa-1995-768x558.jpg 768w, https:\/\/futbolhoy.co\/wp-content\/uploads\/2020\/04\/Independiente-campeon-Recopa-1995-324x235.jpg 324w, https:\/\/futbolhoy.co\/wp-content\/uploads\/2020\/04\/Independiente-campeon-Recopa-1995-696x506.jpg 696w, https:\/\/futbolhoy.co\/wp-content\/uploads\/2020\/04\/Independiente-campeon-Recopa-1995-128x93.jpg 128w, https:\/\/futbolhoy.co\/wp-content\/uploads\/2020\/04\/Independiente-campeon-Recopa-1995-32x23.jpg 32w, https:\/\/futbolhoy.co\/wp-content\/uploads\/2020\/04\/Independiente-campeon-Recopa-1995.jpg 918w\" sizes=\"(max-width: 578px) 100vw, 578px\" alt=\"\">\r\n                            <\/a>\r\n                            \r\n                        <\/figure>\r\n                    <\/div>\r\n                            <\/div>\r\n                        <\/div>\r\n\r\n                        <div class = \"td-doubleSlider-2\">\r\n                            <div class = \"td-slider\">\r\n                                \r\n                    <div class = \"td-button td-item1\">\r\n                        <div class = \"td-border\"><\/div>\r\n                    <\/div>\r\n                    <div class = \"td-button td-item2\">\r\n                        <div class = \"td-border\"><\/div>\r\n                    <\/div>\r\n                    <div class = \"td-button td-item3\">\r\n                        <div class = \"td-border\"><\/div>\r\n                    <\/div>\r\n                            <\/div>\r\n                        <\/div>\r\n\r\n                    <\/div>\r\n\r\n                <\/div>\r\n                \n<p style=\"text-align: justify;\"><strong><span style=\"font-family: helvetica, arial, sans-serif;\">Formaciones\u00a0<\/span><\/strong><\/p>\n<p style=\"text-align: justify;\"><span style=\"font-family: helvetica, arial, sans-serif;\"><strong>Independiente<\/strong>: Juan Carlos Ram\u00edrez, Claudio Arzeno, Jos\u00e9 Serrizuela, Guillermo R\u00edos; Diego Cagna, Alfredo Cascini, Jorge Burruchaga, Daniel Garnero; Albeiro Usuriaga, Sebasti\u00e1n Rambert.\u00a0<\/span><\/p>\n<p style=\"text-align: justify;\"><span style=\"font-family: helvetica, arial, sans-serif;\"><strong>V\u00e9lez<\/strong> : Jos\u00e9 Luis Chilavert; Flavio Zandon\u00e1, Roberto Trotta, V\u00edctor Sotomayor, Ra\u00fal Cardozo; Jos\u00e9 Basualdo, Marcelo Herrera, Claudio Husa\u00edn, Christian Bassedas; Jos\u00e9 Flores y Omar Asad.<\/span><\/p>\n","protected":false},"excerpt":{"rendered":"<p>Un d\u00eda como hoy en 1995, se jug\u00f3 la final in\u00e9dita por la Recopa Sudamericana entre Independiente y V\u00e9lez Sarsfield. Albeiro el\u00a0'palomo' Usuriaga hizo parte del once inicial del rojo y disput\u00f3 77 minutos del partido, durante su estad\u00eda en el club argentino se alz\u00f3 con el t\u00edtulo de la Recopa as\u00ed como la Supercopa [&hellip;]<\/p>\n","protected":false},"author":5,"featured_media":49910,"comment_status":"open","ping_status":"open","sticky":false,"template":"","format":"video","meta":{"_acf_changed":false,"footnotes":""},"categories":[152],"tags":[],"class_list":{"0":"post-49909","1":"post","2":"type-post","3":"status-publish","4":"format-video","5":"has-post-thumbnail","7":"category-mundo-futbol","8":"post_format-post-format-video"},"acf":[],"yoast_head":"<!-- This site is optimized with the Yoast SEO plugin v26.8 - https:\/\/yoast.com\/product\/yoast-seo-wordpress\/ -->\n<title>Un d\u00eda como hoy: El &#039;Palomo&#039; en la final argentina de la Recopa Sudamericana -<\/title>\n<meta name=\"robots\" content=\"index, follow, max-snippet:-1, max-image-preview:large, max-video-preview:-1\" \/>\n<link rel=\"canonical\" href=\"https:\/\/futbolhoy.co\/index.php\/2020\/04\/09\/un-dia-como-hoy-el-palomo-en-la-final-argentina-de-la-recopa-sudamericana\/\" \/>\n<meta property=\"og:locale\" content=\"es_ES\" \/>\n<meta property=\"og:type\" content=\"article\" \/>\n<meta property=\"og:title\" content=\"Un d\u00eda como hoy: El &#039;Palomo&#039; en la final argentina de la Recopa Sudamericana -\" \/>\n<meta property=\"og:description\" content=\"Un d\u00eda como hoy en 1995, se jug\u00f3 la final in\u00e9dita por la Recopa Sudamericana entre Independiente y V\u00e9lez Sarsfield. Albeiro el\u00a0&#039;palomo&#039; Usuriaga hizo parte del once inicial del rojo y disput\u00f3 77 minutos del partido, durante su estad\u00eda en el club argentino se alz\u00f3 con el t\u00edtulo de la Recopa as\u00ed como la Supercopa [&hellip;]\" \/>\n<meta property=\"og:url\" content=\"https:\/\/futbolhoy.co\/index.php\/2020\/04\/09\/un-dia-como-hoy-el-palomo-en-la-final-argentina-de-la-recopa-sudamericana\/\" \/>\n<meta property=\"article:publisher\" content=\"https:\/\/www.facebook.com\/FutbolHoyCol\/\" \/>\n<meta property=\"article:published_time\" content=\"2020-04-09T22:39:20+00:00\" \/>\n<meta property=\"og:image\" content=\"https:\/\/futbolhoy.co\/wp-content\/uploads\/2020\/04\/rojorecopa.jpg\" \/>\n\t<meta property=\"og:image:width\" content=\"750\" \/>\n\t<meta property=\"og:image:height\" content=\"485\" \/>\n\t<meta property=\"og:image:type\" content=\"image\/jpeg\" \/>\n<meta name=\"author\" content=\"Laura Hern\u00e1ndez\" \/>\n<meta name=\"twitter:card\" content=\"summary_large_image\" \/>\n<meta name=\"twitter:creator\" content=\"@FutbolHoyCol\" \/>\n<meta name=\"twitter:site\" content=\"@FutbolHoyCol\" \/>\n<meta name=\"twitter:label1\" content=\"Escrito por\" \/>\n\t<meta name=\"twitter:data1\" content=\"Laura Hern\u00e1ndez\" \/>\n\t<meta name=\"twitter:label2\" content=\"Tiempo de lectura\" \/>\n\t<meta name=\"twitter:data2\" content=\"1 minuto\" \/>\n<script type=\"application\/ld+json\" class=\"yoast-schema-graph\">{\"@context\":\"https:\/\/schema.org\",\"@graph\":[{\"@type\":\"Article\",\"@id\":\"https:\/\/futbolhoy.co\/index.php\/2020\/04\/09\/un-dia-como-hoy-el-palomo-en-la-final-argentina-de-la-recopa-sudamericana\/#article\",\"isPartOf\":{\"@id\":\"https:\/\/futbolhoy.co\/index.php\/2020\/04\/09\/un-dia-como-hoy-el-palomo-en-la-final-argentina-de-la-recopa-sudamericana\/\"},\"author\":{\"name\":\"Laura Hern\u00e1ndez\",\"@id\":\"https:\/\/futbolhoy.co\/#\/schema\/person\/c4a353a512b127643723a34bb1812f7d\"},\"headline\":\"Un d\u00eda como hoy: El 'Palomo' en la final argentina de la Recopa Sudamericana\",\"datePublished\":\"2020-04-09T22:39:20+00:00\",\"mainEntityOfPage\":{\"@id\":\"https:\/\/futbolhoy.co\/index.php\/2020\/04\/09\/un-dia-como-hoy-el-palomo-en-la-final-argentina-de-la-recopa-sudamericana\/\"},\"wordCount\":202,\"commentCount\":0,\"publisher\":{\"@id\":\"https:\/\/futbolhoy.co\/#organization\"},\"image\":{\"@id\":\"https:\/\/futbolhoy.co\/index.php\/2020\/04\/09\/un-dia-como-hoy-el-palomo-en-la-final-argentina-de-la-recopa-sudamericana\/#primaryimage\"},\"thumbnailUrl\":\"https:\/\/futbolhoy.co\/wp-content\/uploads\/2020\/04\/rojorecopa.jpg\",\"articleSection\":[\"Mundo Futbol\"],\"inLanguage\":\"es\",\"potentialAction\":[{\"@type\":\"CommentAction\",\"name\":\"Comment\",\"target\":[\"https:\/\/futbolhoy.co\/index.php\/2020\/04\/09\/un-dia-como-hoy-el-palomo-en-la-final-argentina-de-la-recopa-sudamericana\/#respond\"]}]},{\"@type\":\"WebPage\",\"@id\":\"https:\/\/futbolhoy.co\/index.php\/2020\/04\/09\/un-dia-como-hoy-el-palomo-en-la-final-argentina-de-la-recopa-sudamericana\/\",\"url\":\"https:\/\/futbolhoy.co\/index.php\/2020\/04\/09\/un-dia-como-hoy-el-palomo-en-la-final-argentina-de-la-recopa-sudamericana\/\",\"name\":\"Un d\u00eda como hoy: El 'Palomo' en la final argentina de la Recopa Sudamericana -\",\"isPartOf\":{\"@id\":\"https:\/\/futbolhoy.co\/#website\"},\"primaryImageOfPage\":{\"@id\":\"https:\/\/futbolhoy.co\/index.php\/2020\/04\/09\/un-dia-como-hoy-el-palomo-en-la-final-argentina-de-la-recopa-sudamericana\/#primaryimage\"},\"image\":{\"@id\":\"https:\/\/futbolhoy.co\/index.php\/2020\/04\/09\/un-dia-como-hoy-el-palomo-en-la-final-argentina-de-la-recopa-sudamericana\/#primaryimage\"},\"thumbnailUrl\":\"https:\/\/futbolhoy.co\/wp-content\/uploads\/2020\/04\/rojorecopa.jpg\",\"datePublished\":\"2020-04-09T22:39:20+00:00\",\"breadcrumb\":{\"@id\":\"https:\/\/futbolhoy.co\/index.php\/2020\/04\/09\/un-dia-como-hoy-el-palomo-en-la-final-argentina-de-la-recopa-sudamericana\/#breadcrumb\"},\"inLanguage\":\"es\",\"potentialAction\":[{\"@type\":\"ReadAction\",\"target\":[\"https:\/\/futbolhoy.co\/index.php\/2020\/04\/09\/un-dia-como-hoy-el-palomo-en-la-final-argentina-de-la-recopa-sudamericana\/\"]}]},{\"@type\":\"ImageObject\",\"inLanguage\":\"es\",\"@id\":\"https:\/\/futbolhoy.co\/index.php\/2020\/04\/09\/un-dia-como-hoy-el-palomo-en-la-final-argentina-de-la-recopa-sudamericana\/#primaryimage\",\"url\":\"https:\/\/futbolhoy.co\/wp-content\/uploads\/2020\/04\/rojorecopa.jpg\",\"contentUrl\":\"https:\/\/futbolhoy.co\/wp-content\/uploads\/2020\/04\/rojorecopa.jpg\",\"width\":750,\"height\":485},{\"@type\":\"BreadcrumbList\",\"@id\":\"https:\/\/futbolhoy.co\/index.php\/2020\/04\/09\/un-dia-como-hoy-el-palomo-en-la-final-argentina-de-la-recopa-sudamericana\/#breadcrumb\",\"itemListElement\":[{\"@type\":\"ListItem\",\"position\":1,\"name\":\"Portada\",\"item\":\"https:\/\/futbolhoy.co\/\"},{\"@type\":\"ListItem\",\"position\":2,\"name\":\"Un d\u00eda como hoy: El &#8216;Palomo&#8217; en la final argentina de la Recopa Sudamericana\"}]},{\"@type\":\"WebSite\",\"@id\":\"https:\/\/futbolhoy.co\/#website\",\"url\":\"https:\/\/futbolhoy.co\/\",\"name\":\"FutbolHoy\",\"description\":\"\",\"publisher\":{\"@id\":\"https:\/\/futbolhoy.co\/#organization\"},\"potentialAction\":[{\"@type\":\"SearchAction\",\"target\":{\"@type\":\"EntryPoint\",\"urlTemplate\":\"https:\/\/futbolhoy.co\/?s={search_term_string}\"},\"query-input\":{\"@type\":\"PropertyValueSpecification\",\"valueRequired\":true,\"valueName\":\"search_term_string\"}}],\"inLanguage\":\"es\"},{\"@type\":\"Organization\",\"@id\":\"https:\/\/futbolhoy.co\/#organization\",\"name\":\"Futbolhoy.co\",\"url\":\"https:\/\/futbolhoy.co\/\",\"logo\":{\"@type\":\"ImageObject\",\"inLanguage\":\"es\",\"@id\":\"https:\/\/futbolhoy.co\/#\/schema\/logo\/image\/\",\"url\":\"https:\/\/futbolhoy.co\/wp-content\/uploads\/2018\/08\/17426380_1906371736249227_6326180412931521141_n.jpg\",\"contentUrl\":\"https:\/\/futbolhoy.co\/wp-content\/uploads\/2018\/08\/17426380_1906371736249227_6326180412931521141_n.jpg\",\"width\":960,\"height\":960,\"caption\":\"Futbolhoy.co\"},\"image\":{\"@id\":\"https:\/\/futbolhoy.co\/#\/schema\/logo\/image\/\"},\"sameAs\":[\"https:\/\/www.facebook.com\/FutbolHoyCol\/\",\"https:\/\/x.com\/FutbolHoyCol\",\"https:\/\/www.instagram.com\/futbolhoycol\/\"]},{\"@type\":\"Person\",\"@id\":\"https:\/\/futbolhoy.co\/#\/schema\/person\/c4a353a512b127643723a34bb1812f7d\",\"name\":\"Laura Hern\u00e1ndez\",\"image\":{\"@type\":\"ImageObject\",\"inLanguage\":\"es\",\"@id\":\"https:\/\/futbolhoy.co\/#\/schema\/person\/image\/\",\"url\":\"https:\/\/secure.gravatar.com\/avatar\/d25959a15b9b293a743f99181c7cfd01?s=96&d=mm&r=g\",\"contentUrl\":\"https:\/\/secure.gravatar.com\/avatar\/d25959a15b9b293a743f99181c7cfd01?s=96&d=mm&r=g\",\"caption\":\"Laura Hern\u00e1ndez\"}}]}<\/script>\n<!-- \/ Yoast SEO plugin. -->","yoast_head_json":{"title":"Un d\u00eda como hoy: El 'Palomo' en la final argentina de la Recopa Sudamericana -","robots":{"index":"index","follow":"follow","max-snippet":"max-snippet:-1","max-image-preview":"max-image-preview:large","max-video-preview":"max-video-preview:-1"},"canonical":"https:\/\/futbolhoy.co\/index.php\/2020\/04\/09\/un-dia-como-hoy-el-palomo-en-la-final-argentina-de-la-recopa-sudamericana\/","og_locale":"es_ES","og_type":"article","og_title":"Un d\u00eda como hoy: El 'Palomo' en la final argentina de la Recopa Sudamericana -","og_description":"Un d\u00eda como hoy en 1995, se jug\u00f3 la final in\u00e9dita por la Recopa Sudamericana entre Independiente y V\u00e9lez Sarsfield. Albeiro el\u00a0'palomo' Usuriaga hizo parte del once inicial del rojo y disput\u00f3 77 minutos del partido, durante su estad\u00eda en el club argentino se alz\u00f3 con el t\u00edtulo de la Recopa as\u00ed como la Supercopa [&hellip;]","og_url":"https:\/\/futbolhoy.co\/index.php\/2020\/04\/09\/un-dia-como-hoy-el-palomo-en-la-final-argentina-de-la-recopa-sudamericana\/","article_publisher":"https:\/\/www.facebook.com\/FutbolHoyCol\/","article_published_time":"2020-04-09T22:39:20+00:00","og_image":[{"width":750,"height":485,"url":"https:\/\/futbolhoy.co\/wp-content\/uploads\/2020\/04\/rojorecopa.jpg","type":"image\/jpeg"}],"author":"Laura Hern\u00e1ndez","twitter_card":"summary_large_image","twitter_creator":"@FutbolHoyCol","twitter_site":"@FutbolHoyCol","twitter_misc":{"Escrito por":"Laura Hern\u00e1ndez","Tiempo de lectura":"1 minuto"},"schema":{"@context":"https:\/\/schema.org","@graph":[{"@type":"Article","@id":"https:\/\/futbolhoy.co\/index.php\/2020\/04\/09\/un-dia-como-hoy-el-palomo-en-la-final-argentina-de-la-recopa-sudamericana\/#article","isPartOf":{"@id":"https:\/\/futbolhoy.co\/index.php\/2020\/04\/09\/un-dia-como-hoy-el-palomo-en-la-final-argentina-de-la-recopa-sudamericana\/"},"author":{"name":"Laura Hern\u00e1ndez","@id":"https:\/\/futbolhoy.co\/#\/schema\/person\/c4a353a512b127643723a34bb1812f7d"},"headline":"Un d\u00eda como hoy: El 'Palomo' en la final argentina de la Recopa Sudamericana","datePublished":"2020-04-09T22:39:20+00:00","mainEntityOfPage":{"@id":"https:\/\/futbolhoy.co\/index.php\/2020\/04\/09\/un-dia-como-hoy-el-palomo-en-la-final-argentina-de-la-recopa-sudamericana\/"},"wordCount":202,"commentCount":0,"publisher":{"@id":"https:\/\/futbolhoy.co\/#organization"},"image":{"@id":"https:\/\/futbolhoy.co\/index.php\/2020\/04\/09\/un-dia-como-hoy-el-palomo-en-la-final-argentina-de-la-recopa-sudamericana\/#primaryimage"},"thumbnailUrl":"https:\/\/futbolhoy.co\/wp-content\/uploads\/2020\/04\/rojorecopa.jpg","articleSection":["Mundo Futbol"],"inLanguage":"es","potentialAction":[{"@type":"CommentAction","name":"Comment","target":["https:\/\/futbolhoy.co\/index.php\/2020\/04\/09\/un-dia-como-hoy-el-palomo-en-la-final-argentina-de-la-recopa-sudamericana\/#respond"]}]},{"@type":"WebPage","@id":"https:\/\/futbolhoy.co\/index.php\/2020\/04\/09\/un-dia-como-hoy-el-palomo-en-la-final-argentina-de-la-recopa-sudamericana\/","url":"https:\/\/futbolhoy.co\/index.php\/2020\/04\/09\/un-dia-como-hoy-el-palomo-en-la-final-argentina-de-la-recopa-sudamericana\/","name":"Un d\u00eda como hoy: El 'Palomo' en la final argentina de la Recopa Sudamericana -","isPartOf":{"@id":"https:\/\/futbolhoy.co\/#website"},"primaryImageOfPage":{"@id":"https:\/\/futbolhoy.co\/index.php\/2020\/04\/09\/un-dia-como-hoy-el-palomo-en-la-final-argentina-de-la-recopa-sudamericana\/#primaryimage"},"image":{"@id":"https:\/\/futbolhoy.co\/index.php\/2020\/04\/09\/un-dia-como-hoy-el-palomo-en-la-final-argentina-de-la-recopa-sudamericana\/#primaryimage"},"thumbnailUrl":"https:\/\/futbolhoy.co\/wp-content\/uploads\/2020\/04\/rojorecopa.jpg","datePublished":"2020-04-09T22:39:20+00:00","breadcrumb":{"@id":"https:\/\/futbolhoy.co\/index.php\/2020\/04\/09\/un-dia-como-hoy-el-palomo-en-la-final-argentina-de-la-recopa-sudamericana\/#breadcrumb"},"inLanguage":"es","potentialAction":[{"@type":"ReadAction","target":["https:\/\/futbolhoy.co\/index.php\/2020\/04\/09\/un-dia-como-hoy-el-palomo-en-la-final-argentina-de-la-recopa-sudamericana\/"]}]},{"@type":"ImageObject","inLanguage":"es","@id":"https:\/\/futbolhoy.co\/index.php\/2020\/04\/09\/un-dia-como-hoy-el-palomo-en-la-final-argentina-de-la-recopa-sudamericana\/#primaryimage","url":"https:\/\/futbolhoy.co\/wp-content\/uploads\/2020\/04\/rojorecopa.jpg","contentUrl":"https:\/\/futbolhoy.co\/wp-content\/uploads\/2020\/04\/rojorecopa.jpg","width":750,"height":485},{"@type":"BreadcrumbList","@id":"https:\/\/futbolhoy.co\/index.php\/2020\/04\/09\/un-dia-como-hoy-el-palomo-en-la-final-argentina-de-la-recopa-sudamericana\/#breadcrumb","itemListElement":[{"@type":"ListItem","position":1,"name":"Portada","item":"https:\/\/futbolhoy.co\/"},{"@type":"ListItem","position":2,"name":"Un d\u00eda como hoy: El &#8216;Palomo&#8217; en la final argentina de la Recopa Sudamericana"}]},{"@type":"WebSite","@id":"https:\/\/futbolhoy.co\/#website","url":"https:\/\/futbolhoy.co\/","name":"FutbolHoy","description":"","publisher":{"@id":"https:\/\/futbolhoy.co\/#organization"},"potentialAction":[{"@type":"SearchAction","target":{"@type":"EntryPoint","urlTemplate":"https:\/\/futbolhoy.co\/?s={search_term_string}"},"query-input":{"@type":"PropertyValueSpecification","valueRequired":true,"valueName":"search_term_string"}}],"inLanguage":"es"},{"@type":"Organization","@id":"https:\/\/futbolhoy.co\/#organization","name":"Futbolhoy.co","url":"https:\/\/futbolhoy.co\/","logo":{"@type":"ImageObject","inLanguage":"es","@id":"https:\/\/futbolhoy.co\/#\/schema\/logo\/image\/","url":"https:\/\/futbolhoy.co\/wp-content\/uploads\/2018\/08\/17426380_1906371736249227_6326180412931521141_n.jpg","contentUrl":"https:\/\/futbolhoy.co\/wp-content\/uploads\/2018\/08\/17426380_1906371736249227_6326180412931521141_n.jpg","width":960,"height":960,"caption":"Futbolhoy.co"},"image":{"@id":"https:\/\/futbolhoy.co\/#\/schema\/logo\/image\/"},"sameAs":["https:\/\/www.facebook.com\/FutbolHoyCol\/","https:\/\/x.com\/FutbolHoyCol","https:\/\/www.instagram.com\/futbolhoycol\/"]},{"@type":"Person","@id":"https:\/\/futbolhoy.co\/#\/schema\/person\/c4a353a512b127643723a34bb1812f7d","name":"Laura Hern\u00e1ndez","image":{"@type":"ImageObject","inLanguage":"es","@id":"https:\/\/futbolhoy.co\/#\/schema\/person\/image\/","url":"https:\/\/secure.gravatar.com\/avatar\/d25959a15b9b293a743f99181c7cfd01?s=96&d=mm&r=g","contentUrl":"https:\/\/secure.gravatar.com\/avatar\/d25959a15b9b293a743f99181c7cfd01?s=96&d=mm&r=g","caption":"Laura Hern\u00e1ndez"}}]}},"publishpress_future_action":{"enabled":false,"date":"2026-05-04 04:43:17","action":"change-status","newStatus":"draft","terms":[],"taxonomy":"category","extraData":[]},"publishpress_future_workflow_manual_trigger":{"enabledWorkflows":[]},"_links":{"self":[{"href":"https:\/\/futbolhoy.co\/index.php\/wp-json\/wp\/v2\/posts\/49909","targetHints":{"allow":["GET"]}}],"collection":[{"href":"https:\/\/futbolhoy.co\/index.php\/wp-json\/wp\/v2\/posts"}],"about":[{"href":"https:\/\/futbolhoy.co\/index.php\/wp-json\/wp\/v2\/types\/post"}],"author":[{"embeddable":true,"href":"https:\/\/futbolhoy.co\/index.php\/wp-json\/wp\/v2\/users\/5"}],"replies":[{"embeddable":true,"href":"https:\/\/futbolhoy.co\/index.php\/wp-json\/wp\/v2\/comments?post=49909"}],"version-history":[{"count":1,"href":"https:\/\/futbolhoy.co\/index.php\/wp-json\/wp\/v2\/posts\/49909\/revisions"}],"predecessor-version":[{"id":49914,"href":"https:\/\/futbolhoy.co\/index.php\/wp-json\/wp\/v2\/posts\/49909\/revisions\/49914"}],"wp:featuredmedia":[{"embeddable":true,"href":"https:\/\/futbolhoy.co\/index.php\/wp-json\/wp\/v2\/media\/49910"}],"wp:attachment":[{"href":"https:\/\/futbolhoy.co\/index.php\/wp-json\/wp\/v2\/media?parent=49909"}],"wp:term":[{"taxonomy":"category","embeddable":true,"href":"https:\/\/futbolhoy.co\/index.php\/wp-json\/wp\/v2\/categories?post=49909"},{"taxonomy":"post_tag","embeddable":true,"href":"https:\/\/futbolhoy.co\/index.php\/wp-json\/wp\/v2\/tags?post=49909"}],"curies":[{"name":"wp","href":"https:\/\/api.w.org\/{rel}","templated":true}]}}