{"id":50027,"date":"2020-04-12T17:35:48","date_gmt":"2020-04-12T22:35:48","guid":{"rendered":"https:\/\/futbolhoy.co\/?p=50027"},"modified":"2020-04-13T09:48:26","modified_gmt":"2020-04-13T14:48:26","slug":"clemente-elogio-a-fabra","status":"publish","type":"post","link":"https:\/\/futbolhoy.co\/index.php\/2020\/04\/12\/clemente-elogio-a-fabra\/","title":{"rendered":"Clemente elogi\u00f3 a Fabra"},"content":{"rendered":"<p style=\"text-align: justify;\"><span lang=\"ES\" style=\"font-family: helvetica, arial, sans-serif;\">El lateral argentino\u00a0<strong>Clemente Rodr\u00edguez\u00a0<\/strong>elogi\u00f3 el desempe\u00f1o del colombiano\u00a0<strong>Frank Fabra\u00a0<\/strong>en\u00a0<strong>Boca<\/strong> <strong>Juniors<\/strong>, y lo destac\u00f3 como uno de los baluartes del equipo que alcanz\u00f3 el t\u00edtulo de la\u00a0<strong>Superliga Argentina.<\/strong><\/span><\/p>\n<p style=\"text-align: justify;\"><span lang=\"ES\" style=\"font-family: helvetica, arial, sans-serif;\">\u201cFabra es el nuevo Clemente, est\u00e1 a un nivel bueno, maneja bien la pelota y sabe aprovechar sus momentos. Termin\u00f3 jugando bien, fue levantando y eso es bueno porque Boca necesita esa posici\u00f3n\u201d, declar\u00f3 Rodr\u00edguez en entrevista a\u00a0Crack Deportivo.<\/span><\/p>\n<p style=\"text-align: justify;\"><span lang=\"ES\" style=\"font-family: helvetica, arial, sans-serif;\"><strong>Clemente<\/strong>, quien brill\u00f3 en la posici\u00f3n de lateral izquierdo en el equipo\u00a0\u2018xeneize\u2019\u00a0entre 2010 y 2013, mostr\u00f3 su ilusi\u00f3n de terminar su carrera en el club, ya que actualmente, con 38 a\u00f1os, milita en la\u00a0B Nacional\u00a0en el\u00a0<strong>Barracas Central<\/strong>, que marcha en los \u00faltimos lugares de la tabla de posiciones; aunque reconoci\u00f3 que a\u00fan no le ha manifestado su intenci\u00f3n al vicepresidente<strong>\u00a0Juan Rom\u00e1n Riquelme.<\/strong><\/span><\/p>\n","protected":false},"excerpt":{"rendered":"<p>El lateral argentino\u00a0Clemente Rodr\u00edguez\u00a0elogi\u00f3 el desempe\u00f1o del colombiano\u00a0Frank Fabra\u00a0en\u00a0Boca Juniors, y lo destac\u00f3 como uno de los baluartes del equipo que alcanz\u00f3 el t\u00edtulo de la\u00a0Superliga Argentina. \u201cFabra es el nuevo Clemente, est\u00e1 a un nivel bueno, maneja bien la pelota y sabe aprovechar sus momentos. Termin\u00f3 jugando bien, fue levantando y eso es bueno [&hellip;]<\/p>\n","protected":false},"author":5,"featured_media":50030,"comment_status":"open","ping_status":"open","sticky":false,"template":"","format":"standard","meta":{"_acf_changed":false,"footnotes":""},"categories":[418],"tags":[260,350],"class_list":{"0":"post-50027","1":"post","2":"type-post","3":"status-publish","4":"format-standard","5":"has-post-thumbnail","7":"category-colombia","8":"tag-boca-juniors","9":"tag-frank-fabra"},"acf":[],"yoast_head":"<!-- This site is optimized with the Yoast SEO plugin v26.8 - https:\/\/yoast.com\/product\/yoast-seo-wordpress\/ -->\n<title>Clemente elogi\u00f3 a Fabra -<\/title>\n<meta name=\"robots\" content=\"index, follow, max-snippet:-1, max-image-preview:large, max-video-preview:-1\" \/>\n<link rel=\"canonical\" href=\"https:\/\/futbolhoy.co\/index.php\/2020\/04\/12\/clemente-elogio-a-fabra\/\" \/>\n<meta property=\"og:locale\" content=\"es_ES\" \/>\n<meta property=\"og:type\" content=\"article\" \/>\n<meta property=\"og:title\" content=\"Clemente elogi\u00f3 a Fabra -\" \/>\n<meta property=\"og:description\" content=\"El lateral argentino\u00a0Clemente Rodr\u00edguez\u00a0elogi\u00f3 el desempe\u00f1o del colombiano\u00a0Frank Fabra\u00a0en\u00a0Boca Juniors, y lo destac\u00f3 como uno de los baluartes del equipo que alcanz\u00f3 el t\u00edtulo de la\u00a0Superliga Argentina. \u201cFabra es el nuevo Clemente, est\u00e1 a un nivel bueno, maneja bien la pelota y sabe aprovechar sus momentos. Termin\u00f3 jugando bien, fue levantando y eso es bueno [&hellip;]\" \/>\n<meta property=\"og:url\" content=\"https:\/\/futbolhoy.co\/index.php\/2020\/04\/12\/clemente-elogio-a-fabra\/\" \/>\n<meta property=\"article:publisher\" content=\"https:\/\/www.facebook.com\/FutbolHoyCol\/\" \/>\n<meta property=\"article:published_time\" content=\"2020-04-12T22:35:48+00:00\" \/>\n<meta property=\"article:modified_time\" content=\"2020-04-13T14:48:26+00:00\" \/>\n<meta property=\"og:image\" content=\"https:\/\/futbolhoy.co\/wp-content\/uploads\/2020\/04\/DzT2DWvX4AI8iMW.jpg\" \/>\n\t<meta property=\"og:image:width\" content=\"680\" \/>\n\t<meta property=\"og:image:height\" content=\"446\" \/>\n\t<meta property=\"og:image:type\" content=\"image\/jpeg\" \/>\n<meta name=\"author\" content=\"Laura Hern\u00e1ndez\" \/>\n<meta name=\"twitter:card\" content=\"summary_large_image\" \/>\n<meta name=\"twitter:creator\" content=\"@FutbolHoyCol\" \/>\n<meta name=\"twitter:site\" content=\"@FutbolHoyCol\" \/>\n<meta name=\"twitter:label1\" content=\"Escrito por\" \/>\n\t<meta name=\"twitter:data1\" content=\"Laura Hern\u00e1ndez\" \/>\n\t<meta name=\"twitter:label2\" content=\"Tiempo de lectura\" \/>\n\t<meta name=\"twitter:data2\" content=\"1 minuto\" \/>\n<script type=\"application\/ld+json\" class=\"yoast-schema-graph\">{\"@context\":\"https:\/\/schema.org\",\"@graph\":[{\"@type\":\"Article\",\"@id\":\"https:\/\/futbolhoy.co\/index.php\/2020\/04\/12\/clemente-elogio-a-fabra\/#article\",\"isPartOf\":{\"@id\":\"https:\/\/futbolhoy.co\/index.php\/2020\/04\/12\/clemente-elogio-a-fabra\/\"},\"author\":{\"name\":\"Laura Hern\u00e1ndez\",\"@id\":\"https:\/\/futbolhoy.co\/#\/schema\/person\/c4a353a512b127643723a34bb1812f7d\"},\"headline\":\"Clemente elogi\u00f3 a Fabra\",\"datePublished\":\"2020-04-12T22:35:48+00:00\",\"dateModified\":\"2020-04-13T14:48:26+00:00\",\"mainEntityOfPage\":{\"@id\":\"https:\/\/futbolhoy.co\/index.php\/2020\/04\/12\/clemente-elogio-a-fabra\/\"},\"wordCount\":153,\"commentCount\":0,\"publisher\":{\"@id\":\"https:\/\/futbolhoy.co\/#organization\"},\"image\":{\"@id\":\"https:\/\/futbolhoy.co\/index.php\/2020\/04\/12\/clemente-elogio-a-fabra\/#primaryimage\"},\"thumbnailUrl\":\"https:\/\/futbolhoy.co\/wp-content\/uploads\/2020\/04\/DzT2DWvX4AI8iMW.jpg\",\"keywords\":[\"Boca Juniors\",\"Frank fabra\"],\"articleSection\":[\"Colombia\"],\"inLanguage\":\"es\",\"potentialAction\":[{\"@type\":\"CommentAction\",\"name\":\"Comment\",\"target\":[\"https:\/\/futbolhoy.co\/index.php\/2020\/04\/12\/clemente-elogio-a-fabra\/#respond\"]}]},{\"@type\":\"WebPage\",\"@id\":\"https:\/\/futbolhoy.co\/index.php\/2020\/04\/12\/clemente-elogio-a-fabra\/\",\"url\":\"https:\/\/futbolhoy.co\/index.php\/2020\/04\/12\/clemente-elogio-a-fabra\/\",\"name\":\"Clemente elogi\u00f3 a Fabra -\",\"isPartOf\":{\"@id\":\"https:\/\/futbolhoy.co\/#website\"},\"primaryImageOfPage\":{\"@id\":\"https:\/\/futbolhoy.co\/index.php\/2020\/04\/12\/clemente-elogio-a-fabra\/#primaryimage\"},\"image\":{\"@id\":\"https:\/\/futbolhoy.co\/index.php\/2020\/04\/12\/clemente-elogio-a-fabra\/#primaryimage\"},\"thumbnailUrl\":\"https:\/\/futbolhoy.co\/wp-content\/uploads\/2020\/04\/DzT2DWvX4AI8iMW.jpg\",\"datePublished\":\"2020-04-12T22:35:48+00:00\",\"dateModified\":\"2020-04-13T14:48:26+00:00\",\"breadcrumb\":{\"@id\":\"https:\/\/futbolhoy.co\/index.php\/2020\/04\/12\/clemente-elogio-a-fabra\/#breadcrumb\"},\"inLanguage\":\"es\",\"potentialAction\":[{\"@type\":\"ReadAction\",\"target\":[\"https:\/\/futbolhoy.co\/index.php\/2020\/04\/12\/clemente-elogio-a-fabra\/\"]}]},{\"@type\":\"ImageObject\",\"inLanguage\":\"es\",\"@id\":\"https:\/\/futbolhoy.co\/index.php\/2020\/04\/12\/clemente-elogio-a-fabra\/#primaryimage\",\"url\":\"https:\/\/futbolhoy.co\/wp-content\/uploads\/2020\/04\/DzT2DWvX4AI8iMW.jpg\",\"contentUrl\":\"https:\/\/futbolhoy.co\/wp-content\/uploads\/2020\/04\/DzT2DWvX4AI8iMW.jpg\",\"width\":680,\"height\":446},{\"@type\":\"BreadcrumbList\",\"@id\":\"https:\/\/futbolhoy.co\/index.php\/2020\/04\/12\/clemente-elogio-a-fabra\/#breadcrumb\",\"itemListElement\":[{\"@type\":\"ListItem\",\"position\":1,\"name\":\"Portada\",\"item\":\"https:\/\/futbolhoy.co\/\"},{\"@type\":\"ListItem\",\"position\":2,\"name\":\"Clemente elogi\u00f3 a Fabra\"}]},{\"@type\":\"WebSite\",\"@id\":\"https:\/\/futbolhoy.co\/#website\",\"url\":\"https:\/\/futbolhoy.co\/\",\"name\":\"FutbolHoy\",\"description\":\"\",\"publisher\":{\"@id\":\"https:\/\/futbolhoy.co\/#organization\"},\"potentialAction\":[{\"@type\":\"SearchAction\",\"target\":{\"@type\":\"EntryPoint\",\"urlTemplate\":\"https:\/\/futbolhoy.co\/?s={search_term_string}\"},\"query-input\":{\"@type\":\"PropertyValueSpecification\",\"valueRequired\":true,\"valueName\":\"search_term_string\"}}],\"inLanguage\":\"es\"},{\"@type\":\"Organization\",\"@id\":\"https:\/\/futbolhoy.co\/#organization\",\"name\":\"Futbolhoy.co\",\"url\":\"https:\/\/futbolhoy.co\/\",\"logo\":{\"@type\":\"ImageObject\",\"inLanguage\":\"es\",\"@id\":\"https:\/\/futbolhoy.co\/#\/schema\/logo\/image\/\",\"url\":\"https:\/\/futbolhoy.co\/wp-content\/uploads\/2018\/08\/17426380_1906371736249227_6326180412931521141_n.jpg\",\"contentUrl\":\"https:\/\/futbolhoy.co\/wp-content\/uploads\/2018\/08\/17426380_1906371736249227_6326180412931521141_n.jpg\",\"width\":960,\"height\":960,\"caption\":\"Futbolhoy.co\"},\"image\":{\"@id\":\"https:\/\/futbolhoy.co\/#\/schema\/logo\/image\/\"},\"sameAs\":[\"https:\/\/www.facebook.com\/FutbolHoyCol\/\",\"https:\/\/x.com\/FutbolHoyCol\",\"https:\/\/www.instagram.com\/futbolhoycol\/\"]},{\"@type\":\"Person\",\"@id\":\"https:\/\/futbolhoy.co\/#\/schema\/person\/c4a353a512b127643723a34bb1812f7d\",\"name\":\"Laura Hern\u00e1ndez\",\"image\":{\"@type\":\"ImageObject\",\"inLanguage\":\"es\",\"@id\":\"https:\/\/futbolhoy.co\/#\/schema\/person\/image\/\",\"url\":\"https:\/\/secure.gravatar.com\/avatar\/d25959a15b9b293a743f99181c7cfd01?s=96&d=mm&r=g\",\"contentUrl\":\"https:\/\/secure.gravatar.com\/avatar\/d25959a15b9b293a743f99181c7cfd01?s=96&d=mm&r=g\",\"caption\":\"Laura Hern\u00e1ndez\"}}]}<\/script>\n<!-- \/ Yoast SEO plugin. -->","yoast_head_json":{"title":"Clemente elogi\u00f3 a Fabra -","robots":{"index":"index","follow":"follow","max-snippet":"max-snippet:-1","max-image-preview":"max-image-preview:large","max-video-preview":"max-video-preview:-1"},"canonical":"https:\/\/futbolhoy.co\/index.php\/2020\/04\/12\/clemente-elogio-a-fabra\/","og_locale":"es_ES","og_type":"article","og_title":"Clemente elogi\u00f3 a Fabra -","og_description":"El lateral argentino\u00a0Clemente Rodr\u00edguez\u00a0elogi\u00f3 el desempe\u00f1o del colombiano\u00a0Frank Fabra\u00a0en\u00a0Boca Juniors, y lo destac\u00f3 como uno de los baluartes del equipo que alcanz\u00f3 el t\u00edtulo de la\u00a0Superliga Argentina. \u201cFabra es el nuevo Clemente, est\u00e1 a un nivel bueno, maneja bien la pelota y sabe aprovechar sus momentos. Termin\u00f3 jugando bien, fue levantando y eso es bueno [&hellip;]","og_url":"https:\/\/futbolhoy.co\/index.php\/2020\/04\/12\/clemente-elogio-a-fabra\/","article_publisher":"https:\/\/www.facebook.com\/FutbolHoyCol\/","article_published_time":"2020-04-12T22:35:48+00:00","article_modified_time":"2020-04-13T14:48:26+00:00","og_image":[{"width":680,"height":446,"url":"https:\/\/futbolhoy.co\/wp-content\/uploads\/2020\/04\/DzT2DWvX4AI8iMW.jpg","type":"image\/jpeg"}],"author":"Laura Hern\u00e1ndez","twitter_card":"summary_large_image","twitter_creator":"@FutbolHoyCol","twitter_site":"@FutbolHoyCol","twitter_misc":{"Escrito por":"Laura Hern\u00e1ndez","Tiempo de lectura":"1 minuto"},"schema":{"@context":"https:\/\/schema.org","@graph":[{"@type":"Article","@id":"https:\/\/futbolhoy.co\/index.php\/2020\/04\/12\/clemente-elogio-a-fabra\/#article","isPartOf":{"@id":"https:\/\/futbolhoy.co\/index.php\/2020\/04\/12\/clemente-elogio-a-fabra\/"},"author":{"name":"Laura Hern\u00e1ndez","@id":"https:\/\/futbolhoy.co\/#\/schema\/person\/c4a353a512b127643723a34bb1812f7d"},"headline":"Clemente elogi\u00f3 a Fabra","datePublished":"2020-04-12T22:35:48+00:00","dateModified":"2020-04-13T14:48:26+00:00","mainEntityOfPage":{"@id":"https:\/\/futbolhoy.co\/index.php\/2020\/04\/12\/clemente-elogio-a-fabra\/"},"wordCount":153,"commentCount":0,"publisher":{"@id":"https:\/\/futbolhoy.co\/#organization"},"image":{"@id":"https:\/\/futbolhoy.co\/index.php\/2020\/04\/12\/clemente-elogio-a-fabra\/#primaryimage"},"thumbnailUrl":"https:\/\/futbolhoy.co\/wp-content\/uploads\/2020\/04\/DzT2DWvX4AI8iMW.jpg","keywords":["Boca Juniors","Frank fabra"],"articleSection":["Colombia"],"inLanguage":"es","potentialAction":[{"@type":"CommentAction","name":"Comment","target":["https:\/\/futbolhoy.co\/index.php\/2020\/04\/12\/clemente-elogio-a-fabra\/#respond"]}]},{"@type":"WebPage","@id":"https:\/\/futbolhoy.co\/index.php\/2020\/04\/12\/clemente-elogio-a-fabra\/","url":"https:\/\/futbolhoy.co\/index.php\/2020\/04\/12\/clemente-elogio-a-fabra\/","name":"Clemente elogi\u00f3 a Fabra -","isPartOf":{"@id":"https:\/\/futbolhoy.co\/#website"},"primaryImageOfPage":{"@id":"https:\/\/futbolhoy.co\/index.php\/2020\/04\/12\/clemente-elogio-a-fabra\/#primaryimage"},"image":{"@id":"https:\/\/futbolhoy.co\/index.php\/2020\/04\/12\/clemente-elogio-a-fabra\/#primaryimage"},"thumbnailUrl":"https:\/\/futbolhoy.co\/wp-content\/uploads\/2020\/04\/DzT2DWvX4AI8iMW.jpg","datePublished":"2020-04-12T22:35:48+00:00","dateModified":"2020-04-13T14:48:26+00:00","breadcrumb":{"@id":"https:\/\/futbolhoy.co\/index.php\/2020\/04\/12\/clemente-elogio-a-fabra\/#breadcrumb"},"inLanguage":"es","potentialAction":[{"@type":"ReadAction","target":["https:\/\/futbolhoy.co\/index.php\/2020\/04\/12\/clemente-elogio-a-fabra\/"]}]},{"@type":"ImageObject","inLanguage":"es","@id":"https:\/\/futbolhoy.co\/index.php\/2020\/04\/12\/clemente-elogio-a-fabra\/#primaryimage","url":"https:\/\/futbolhoy.co\/wp-content\/uploads\/2020\/04\/DzT2DWvX4AI8iMW.jpg","contentUrl":"https:\/\/futbolhoy.co\/wp-content\/uploads\/2020\/04\/DzT2DWvX4AI8iMW.jpg","width":680,"height":446},{"@type":"BreadcrumbList","@id":"https:\/\/futbolhoy.co\/index.php\/2020\/04\/12\/clemente-elogio-a-fabra\/#breadcrumb","itemListElement":[{"@type":"ListItem","position":1,"name":"Portada","item":"https:\/\/futbolhoy.co\/"},{"@type":"ListItem","position":2,"name":"Clemente elogi\u00f3 a Fabra"}]},{"@type":"WebSite","@id":"https:\/\/futbolhoy.co\/#website","url":"https:\/\/futbolhoy.co\/","name":"FutbolHoy","description":"","publisher":{"@id":"https:\/\/futbolhoy.co\/#organization"},"potentialAction":[{"@type":"SearchAction","target":{"@type":"EntryPoint","urlTemplate":"https:\/\/futbolhoy.co\/?s={search_term_string}"},"query-input":{"@type":"PropertyValueSpecification","valueRequired":true,"valueName":"search_term_string"}}],"inLanguage":"es"},{"@type":"Organization","@id":"https:\/\/futbolhoy.co\/#organization","name":"Futbolhoy.co","url":"https:\/\/futbolhoy.co\/","logo":{"@type":"ImageObject","inLanguage":"es","@id":"https:\/\/futbolhoy.co\/#\/schema\/logo\/image\/","url":"https:\/\/futbolhoy.co\/wp-content\/uploads\/2018\/08\/17426380_1906371736249227_6326180412931521141_n.jpg","contentUrl":"https:\/\/futbolhoy.co\/wp-content\/uploads\/2018\/08\/17426380_1906371736249227_6326180412931521141_n.jpg","width":960,"height":960,"caption":"Futbolhoy.co"},"image":{"@id":"https:\/\/futbolhoy.co\/#\/schema\/logo\/image\/"},"sameAs":["https:\/\/www.facebook.com\/FutbolHoyCol\/","https:\/\/x.com\/FutbolHoyCol","https:\/\/www.instagram.com\/futbolhoycol\/"]},{"@type":"Person","@id":"https:\/\/futbolhoy.co\/#\/schema\/person\/c4a353a512b127643723a34bb1812f7d","name":"Laura Hern\u00e1ndez","image":{"@type":"ImageObject","inLanguage":"es","@id":"https:\/\/futbolhoy.co\/#\/schema\/person\/image\/","url":"https:\/\/secure.gravatar.com\/avatar\/d25959a15b9b293a743f99181c7cfd01?s=96&d=mm&r=g","contentUrl":"https:\/\/secure.gravatar.com\/avatar\/d25959a15b9b293a743f99181c7cfd01?s=96&d=mm&r=g","caption":"Laura Hern\u00e1ndez"}}]}},"publishpress_future_action":{"enabled":false,"date":"2026-05-04 22:13:46","action":"change-status","newStatus":"draft","terms":[],"taxonomy":"category","extraData":[]},"publishpress_future_workflow_manual_trigger":{"enabledWorkflows":[]},"_links":{"self":[{"href":"https:\/\/futbolhoy.co\/index.php\/wp-json\/wp\/v2\/posts\/50027","targetHints":{"allow":["GET"]}}],"collection":[{"href":"https:\/\/futbolhoy.co\/index.php\/wp-json\/wp\/v2\/posts"}],"about":[{"href":"https:\/\/futbolhoy.co\/index.php\/wp-json\/wp\/v2\/types\/post"}],"author":[{"embeddable":true,"href":"https:\/\/futbolhoy.co\/index.php\/wp-json\/wp\/v2\/users\/5"}],"replies":[{"embeddable":true,"href":"https:\/\/futbolhoy.co\/index.php\/wp-json\/wp\/v2\/comments?post=50027"}],"version-history":[{"count":1,"href":"https:\/\/futbolhoy.co\/index.php\/wp-json\/wp\/v2\/posts\/50027\/revisions"}],"predecessor-version":[{"id":50032,"href":"https:\/\/futbolhoy.co\/index.php\/wp-json\/wp\/v2\/posts\/50027\/revisions\/50032"}],"wp:featuredmedia":[{"embeddable":true,"href":"https:\/\/futbolhoy.co\/index.php\/wp-json\/wp\/v2\/media\/50030"}],"wp:attachment":[{"href":"https:\/\/futbolhoy.co\/index.php\/wp-json\/wp\/v2\/media?parent=50027"}],"wp:term":[{"taxonomy":"category","embeddable":true,"href":"https:\/\/futbolhoy.co\/index.php\/wp-json\/wp\/v2\/categories?post=50027"},{"taxonomy":"post_tag","embeddable":true,"href":"https:\/\/futbolhoy.co\/index.php\/wp-json\/wp\/v2\/tags?post=50027"}],"curies":[{"name":"wp","href":"https:\/\/api.w.org\/{rel}","templated":true}]}}