{"id":50057,"date":"2020-04-13T19:12:48","date_gmt":"2020-04-14T00:12:48","guid":{"rendered":"https:\/\/futbolhoy.co\/?p=50057"},"modified":"2020-04-14T09:33:12","modified_gmt":"2020-04-14T14:33:12","slug":"santa-fe-acuso-a-secretario-de-acolfutpro","status":"publish","type":"post","link":"https:\/\/futbolhoy.co\/index.php\/2020\/04\/13\/santa-fe-acuso-a-secretario-de-acolfutpro\/","title":{"rendered":"Santa Fe acus\u00f3 a secretario de ACOLFUTPRO"},"content":{"rendered":"<p style=\"text-align: justify;\"><span style=\"font-family: helvetica, arial, sans-serif;\"><strong>Independiente Santa Fe\u00a0<\/strong>asegur\u00f3 que cancel\u00f3 todas sus obligaciones con sus trabajadores al mes de marzo y que a partir de all\u00ed lleg\u00f3 a un acuerdo para algunas disminuciones de salarios y acus\u00f3 al secretario general de\u00a0<strong>ACOLFUTPRO,<\/strong>\u00a0<strong>Luis Alberto Garc\u00eda<\/strong>, de mala intenci\u00f3n hac\u00eda la instituci\u00f3n.<\/span><\/p>\n<p style=\"text-align: justify;\"><span style=\"font-family: helvetica, arial, sans-serif;\">El equipo bogotano, en comunicado de prensa, se\u00f1al\u00f3 que <strong>Garc\u00eda<\/strong> ha obrado de mala fe, ante lo que el club consider\u00f3 una retaliaci\u00f3n por un fallo de la\u00a0Corte Suprema de Justicia\u00a0de 2018 en \u00faltima instancia, donde se le negaba al ex volante una pensi\u00f3n por invalidez.<\/span><\/p>\n<p><a href=\"https:\/\/futbolhoy.co\/wp-content\/uploads\/2020\/04\/IMG-20200413-WA0072.jpg\"><img fetchpriority=\"high\" decoding=\"async\" class=\"aligncenter size-large wp-image-50058\" src=\"https:\/\/futbolhoy.co\/wp-content\/uploads\/2020\/04\/IMG-20200413-WA0072-796x1024.jpg\" alt=\"\" width=\"696\" height=\"895\" srcset=\"https:\/\/futbolhoy.co\/wp-content\/uploads\/2020\/04\/IMG-20200413-WA0072-796x1024.jpg 796w, https:\/\/futbolhoy.co\/wp-content\/uploads\/2020\/04\/IMG-20200413-WA0072-233x300.jpg 233w, https:\/\/futbolhoy.co\/wp-content\/uploads\/2020\/04\/IMG-20200413-WA0072-768x988.jpg 768w, https:\/\/futbolhoy.co\/wp-content\/uploads\/2020\/04\/IMG-20200413-WA0072-696x895.jpg 696w, https:\/\/futbolhoy.co\/wp-content\/uploads\/2020\/04\/IMG-20200413-WA0072-326x420.jpg 326w, https:\/\/futbolhoy.co\/wp-content\/uploads\/2020\/04\/IMG-20200413-WA0072-100x128.jpg 100w, https:\/\/futbolhoy.co\/wp-content\/uploads\/2020\/04\/IMG-20200413-WA0072-25x32.jpg 25w, https:\/\/futbolhoy.co\/wp-content\/uploads\/2020\/04\/IMG-20200413-WA0072.jpg 995w\" sizes=\"(max-width: 696px) 100vw, 696px\" \/><\/a><\/p>\n","protected":false},"excerpt":{"rendered":"<p>Independiente Santa Fe\u00a0asegur\u00f3 que cancel\u00f3 todas sus obligaciones con sus trabajadores al mes de marzo y que a partir de all\u00ed lleg\u00f3 a un acuerdo para algunas disminuciones de salarios y acus\u00f3 al secretario general de\u00a0ACOLFUTPRO,\u00a0Luis Alberto Garc\u00eda, de mala intenci\u00f3n hac\u00eda la instituci\u00f3n. El equipo bogotano, en comunicado de prensa, se\u00f1al\u00f3 que Garc\u00eda ha [&hellip;]<\/p>\n","protected":false},"author":5,"featured_media":50059,"comment_status":"open","ping_status":"open","sticky":false,"template":"","format":"standard","meta":{"_acf_changed":false,"footnotes":""},"categories":[7],"tags":[169],"class_list":{"0":"post-50057","1":"post","2":"type-post","3":"status-publish","4":"format-standard","5":"has-post-thumbnail","7":"category-liga-betplay","8":"tag-independiente-santa-fe"},"acf":[],"yoast_head":"<!-- This site is optimized with the Yoast SEO plugin v26.8 - https:\/\/yoast.com\/product\/yoast-seo-wordpress\/ -->\n<title>Santa Fe acus\u00f3 a secretario de ACOLFUTPRO -<\/title>\n<meta name=\"robots\" content=\"index, follow, max-snippet:-1, max-image-preview:large, max-video-preview:-1\" \/>\n<link rel=\"canonical\" href=\"https:\/\/futbolhoy.co\/index.php\/2020\/04\/13\/santa-fe-acuso-a-secretario-de-acolfutpro\/\" \/>\n<meta property=\"og:locale\" content=\"es_ES\" \/>\n<meta property=\"og:type\" content=\"article\" \/>\n<meta property=\"og:title\" content=\"Santa Fe acus\u00f3 a secretario de ACOLFUTPRO -\" \/>\n<meta property=\"og:description\" content=\"Independiente Santa Fe\u00a0asegur\u00f3 que cancel\u00f3 todas sus obligaciones con sus trabajadores al mes de marzo y que a partir de all\u00ed lleg\u00f3 a un acuerdo para algunas disminuciones de salarios y acus\u00f3 al secretario general de\u00a0ACOLFUTPRO,\u00a0Luis Alberto Garc\u00eda, de mala intenci\u00f3n hac\u00eda la instituci\u00f3n. El equipo bogotano, en comunicado de prensa, se\u00f1al\u00f3 que Garc\u00eda ha [&hellip;]\" \/>\n<meta property=\"og:url\" content=\"https:\/\/futbolhoy.co\/index.php\/2020\/04\/13\/santa-fe-acuso-a-secretario-de-acolfutpro\/\" \/>\n<meta property=\"article:publisher\" content=\"https:\/\/www.facebook.com\/FutbolHoyCol\/\" \/>\n<meta property=\"article:published_time\" content=\"2020-04-14T00:12:48+00:00\" \/>\n<meta property=\"article:modified_time\" content=\"2020-04-14T14:33:12+00:00\" \/>\n<meta property=\"og:image\" content=\"https:\/\/futbolhoy.co\/wp-content\/uploads\/2020\/04\/IMG_20200413_191005.jpg\" \/>\n\t<meta property=\"og:image:width\" content=\"1024\" \/>\n\t<meta property=\"og:image:height\" content=\"653\" \/>\n\t<meta property=\"og:image:type\" content=\"image\/jpeg\" \/>\n<meta name=\"author\" content=\"Laura Hern\u00e1ndez\" \/>\n<meta name=\"twitter:card\" content=\"summary_large_image\" \/>\n<meta name=\"twitter:creator\" content=\"@FutbolHoyCol\" \/>\n<meta name=\"twitter:site\" content=\"@FutbolHoyCol\" \/>\n<meta name=\"twitter:label1\" content=\"Escrito por\" \/>\n\t<meta name=\"twitter:data1\" content=\"Laura Hern\u00e1ndez\" \/>\n\t<meta name=\"twitter:label2\" content=\"Tiempo de lectura\" \/>\n\t<meta name=\"twitter:data2\" content=\"1 minuto\" \/>\n<script type=\"application\/ld+json\" class=\"yoast-schema-graph\">{\"@context\":\"https:\/\/schema.org\",\"@graph\":[{\"@type\":\"Article\",\"@id\":\"https:\/\/futbolhoy.co\/index.php\/2020\/04\/13\/santa-fe-acuso-a-secretario-de-acolfutpro\/#article\",\"isPartOf\":{\"@id\":\"https:\/\/futbolhoy.co\/index.php\/2020\/04\/13\/santa-fe-acuso-a-secretario-de-acolfutpro\/\"},\"author\":{\"name\":\"Laura Hern\u00e1ndez\",\"@id\":\"https:\/\/futbolhoy.co\/#\/schema\/person\/c4a353a512b127643723a34bb1812f7d\"},\"headline\":\"Santa Fe acus\u00f3 a secretario de ACOLFUTPRO\",\"datePublished\":\"2020-04-14T00:12:48+00:00\",\"dateModified\":\"2020-04-14T14:33:12+00:00\",\"mainEntityOfPage\":{\"@id\":\"https:\/\/futbolhoy.co\/index.php\/2020\/04\/13\/santa-fe-acuso-a-secretario-de-acolfutpro\/\"},\"wordCount\":109,\"commentCount\":0,\"publisher\":{\"@id\":\"https:\/\/futbolhoy.co\/#organization\"},\"image\":{\"@id\":\"https:\/\/futbolhoy.co\/index.php\/2020\/04\/13\/santa-fe-acuso-a-secretario-de-acolfutpro\/#primaryimage\"},\"thumbnailUrl\":\"https:\/\/futbolhoy.co\/wp-content\/uploads\/2020\/04\/IMG_20200413_191005.jpg\",\"keywords\":[\"Independiente Santa Fe\"],\"articleSection\":[\"Liga BetPlay\"],\"inLanguage\":\"es\",\"potentialAction\":[{\"@type\":\"CommentAction\",\"name\":\"Comment\",\"target\":[\"https:\/\/futbolhoy.co\/index.php\/2020\/04\/13\/santa-fe-acuso-a-secretario-de-acolfutpro\/#respond\"]}]},{\"@type\":\"WebPage\",\"@id\":\"https:\/\/futbolhoy.co\/index.php\/2020\/04\/13\/santa-fe-acuso-a-secretario-de-acolfutpro\/\",\"url\":\"https:\/\/futbolhoy.co\/index.php\/2020\/04\/13\/santa-fe-acuso-a-secretario-de-acolfutpro\/\",\"name\":\"Santa Fe acus\u00f3 a secretario de ACOLFUTPRO -\",\"isPartOf\":{\"@id\":\"https:\/\/futbolhoy.co\/#website\"},\"primaryImageOfPage\":{\"@id\":\"https:\/\/futbolhoy.co\/index.php\/2020\/04\/13\/santa-fe-acuso-a-secretario-de-acolfutpro\/#primaryimage\"},\"image\":{\"@id\":\"https:\/\/futbolhoy.co\/index.php\/2020\/04\/13\/santa-fe-acuso-a-secretario-de-acolfutpro\/#primaryimage\"},\"thumbnailUrl\":\"https:\/\/futbolhoy.co\/wp-content\/uploads\/2020\/04\/IMG_20200413_191005.jpg\",\"datePublished\":\"2020-04-14T00:12:48+00:00\",\"dateModified\":\"2020-04-14T14:33:12+00:00\",\"breadcrumb\":{\"@id\":\"https:\/\/futbolhoy.co\/index.php\/2020\/04\/13\/santa-fe-acuso-a-secretario-de-acolfutpro\/#breadcrumb\"},\"inLanguage\":\"es\",\"potentialAction\":[{\"@type\":\"ReadAction\",\"target\":[\"https:\/\/futbolhoy.co\/index.php\/2020\/04\/13\/santa-fe-acuso-a-secretario-de-acolfutpro\/\"]}]},{\"@type\":\"ImageObject\",\"inLanguage\":\"es\",\"@id\":\"https:\/\/futbolhoy.co\/index.php\/2020\/04\/13\/santa-fe-acuso-a-secretario-de-acolfutpro\/#primaryimage\",\"url\":\"https:\/\/futbolhoy.co\/wp-content\/uploads\/2020\/04\/IMG_20200413_191005.jpg\",\"contentUrl\":\"https:\/\/futbolhoy.co\/wp-content\/uploads\/2020\/04\/IMG_20200413_191005.jpg\",\"width\":1024,\"height\":653},{\"@type\":\"BreadcrumbList\",\"@id\":\"https:\/\/futbolhoy.co\/index.php\/2020\/04\/13\/santa-fe-acuso-a-secretario-de-acolfutpro\/#breadcrumb\",\"itemListElement\":[{\"@type\":\"ListItem\",\"position\":1,\"name\":\"Portada\",\"item\":\"https:\/\/futbolhoy.co\/\"},{\"@type\":\"ListItem\",\"position\":2,\"name\":\"Santa Fe acus\u00f3 a secretario de ACOLFUTPRO\"}]},{\"@type\":\"WebSite\",\"@id\":\"https:\/\/futbolhoy.co\/#website\",\"url\":\"https:\/\/futbolhoy.co\/\",\"name\":\"FutbolHoy\",\"description\":\"\",\"publisher\":{\"@id\":\"https:\/\/futbolhoy.co\/#organization\"},\"potentialAction\":[{\"@type\":\"SearchAction\",\"target\":{\"@type\":\"EntryPoint\",\"urlTemplate\":\"https:\/\/futbolhoy.co\/?s={search_term_string}\"},\"query-input\":{\"@type\":\"PropertyValueSpecification\",\"valueRequired\":true,\"valueName\":\"search_term_string\"}}],\"inLanguage\":\"es\"},{\"@type\":\"Organization\",\"@id\":\"https:\/\/futbolhoy.co\/#organization\",\"name\":\"Futbolhoy.co\",\"url\":\"https:\/\/futbolhoy.co\/\",\"logo\":{\"@type\":\"ImageObject\",\"inLanguage\":\"es\",\"@id\":\"https:\/\/futbolhoy.co\/#\/schema\/logo\/image\/\",\"url\":\"https:\/\/futbolhoy.co\/wp-content\/uploads\/2018\/08\/17426380_1906371736249227_6326180412931521141_n.jpg\",\"contentUrl\":\"https:\/\/futbolhoy.co\/wp-content\/uploads\/2018\/08\/17426380_1906371736249227_6326180412931521141_n.jpg\",\"width\":960,\"height\":960,\"caption\":\"Futbolhoy.co\"},\"image\":{\"@id\":\"https:\/\/futbolhoy.co\/#\/schema\/logo\/image\/\"},\"sameAs\":[\"https:\/\/www.facebook.com\/FutbolHoyCol\/\",\"https:\/\/x.com\/FutbolHoyCol\",\"https:\/\/www.instagram.com\/futbolhoycol\/\"]},{\"@type\":\"Person\",\"@id\":\"https:\/\/futbolhoy.co\/#\/schema\/person\/c4a353a512b127643723a34bb1812f7d\",\"name\":\"Laura Hern\u00e1ndez\",\"image\":{\"@type\":\"ImageObject\",\"inLanguage\":\"es\",\"@id\":\"https:\/\/futbolhoy.co\/#\/schema\/person\/image\/\",\"url\":\"https:\/\/secure.gravatar.com\/avatar\/d25959a15b9b293a743f99181c7cfd01?s=96&d=mm&r=g\",\"contentUrl\":\"https:\/\/secure.gravatar.com\/avatar\/d25959a15b9b293a743f99181c7cfd01?s=96&d=mm&r=g\",\"caption\":\"Laura Hern\u00e1ndez\"}}]}<\/script>\n<!-- \/ Yoast SEO plugin. -->","yoast_head_json":{"title":"Santa Fe acus\u00f3 a secretario de ACOLFUTPRO -","robots":{"index":"index","follow":"follow","max-snippet":"max-snippet:-1","max-image-preview":"max-image-preview:large","max-video-preview":"max-video-preview:-1"},"canonical":"https:\/\/futbolhoy.co\/index.php\/2020\/04\/13\/santa-fe-acuso-a-secretario-de-acolfutpro\/","og_locale":"es_ES","og_type":"article","og_title":"Santa Fe acus\u00f3 a secretario de ACOLFUTPRO -","og_description":"Independiente Santa Fe\u00a0asegur\u00f3 que cancel\u00f3 todas sus obligaciones con sus trabajadores al mes de marzo y que a partir de all\u00ed lleg\u00f3 a un acuerdo para algunas disminuciones de salarios y acus\u00f3 al secretario general de\u00a0ACOLFUTPRO,\u00a0Luis Alberto Garc\u00eda, de mala intenci\u00f3n hac\u00eda la instituci\u00f3n. El equipo bogotano, en comunicado de prensa, se\u00f1al\u00f3 que Garc\u00eda ha [&hellip;]","og_url":"https:\/\/futbolhoy.co\/index.php\/2020\/04\/13\/santa-fe-acuso-a-secretario-de-acolfutpro\/","article_publisher":"https:\/\/www.facebook.com\/FutbolHoyCol\/","article_published_time":"2020-04-14T00:12:48+00:00","article_modified_time":"2020-04-14T14:33:12+00:00","og_image":[{"width":1024,"height":653,"url":"https:\/\/futbolhoy.co\/wp-content\/uploads\/2020\/04\/IMG_20200413_191005.jpg","type":"image\/jpeg"}],"author":"Laura Hern\u00e1ndez","twitter_card":"summary_large_image","twitter_creator":"@FutbolHoyCol","twitter_site":"@FutbolHoyCol","twitter_misc":{"Escrito por":"Laura Hern\u00e1ndez","Tiempo de lectura":"1 minuto"},"schema":{"@context":"https:\/\/schema.org","@graph":[{"@type":"Article","@id":"https:\/\/futbolhoy.co\/index.php\/2020\/04\/13\/santa-fe-acuso-a-secretario-de-acolfutpro\/#article","isPartOf":{"@id":"https:\/\/futbolhoy.co\/index.php\/2020\/04\/13\/santa-fe-acuso-a-secretario-de-acolfutpro\/"},"author":{"name":"Laura Hern\u00e1ndez","@id":"https:\/\/futbolhoy.co\/#\/schema\/person\/c4a353a512b127643723a34bb1812f7d"},"headline":"Santa Fe acus\u00f3 a secretario de ACOLFUTPRO","datePublished":"2020-04-14T00:12:48+00:00","dateModified":"2020-04-14T14:33:12+00:00","mainEntityOfPage":{"@id":"https:\/\/futbolhoy.co\/index.php\/2020\/04\/13\/santa-fe-acuso-a-secretario-de-acolfutpro\/"},"wordCount":109,"commentCount":0,"publisher":{"@id":"https:\/\/futbolhoy.co\/#organization"},"image":{"@id":"https:\/\/futbolhoy.co\/index.php\/2020\/04\/13\/santa-fe-acuso-a-secretario-de-acolfutpro\/#primaryimage"},"thumbnailUrl":"https:\/\/futbolhoy.co\/wp-content\/uploads\/2020\/04\/IMG_20200413_191005.jpg","keywords":["Independiente Santa Fe"],"articleSection":["Liga BetPlay"],"inLanguage":"es","potentialAction":[{"@type":"CommentAction","name":"Comment","target":["https:\/\/futbolhoy.co\/index.php\/2020\/04\/13\/santa-fe-acuso-a-secretario-de-acolfutpro\/#respond"]}]},{"@type":"WebPage","@id":"https:\/\/futbolhoy.co\/index.php\/2020\/04\/13\/santa-fe-acuso-a-secretario-de-acolfutpro\/","url":"https:\/\/futbolhoy.co\/index.php\/2020\/04\/13\/santa-fe-acuso-a-secretario-de-acolfutpro\/","name":"Santa Fe acus\u00f3 a secretario de ACOLFUTPRO -","isPartOf":{"@id":"https:\/\/futbolhoy.co\/#website"},"primaryImageOfPage":{"@id":"https:\/\/futbolhoy.co\/index.php\/2020\/04\/13\/santa-fe-acuso-a-secretario-de-acolfutpro\/#primaryimage"},"image":{"@id":"https:\/\/futbolhoy.co\/index.php\/2020\/04\/13\/santa-fe-acuso-a-secretario-de-acolfutpro\/#primaryimage"},"thumbnailUrl":"https:\/\/futbolhoy.co\/wp-content\/uploads\/2020\/04\/IMG_20200413_191005.jpg","datePublished":"2020-04-14T00:12:48+00:00","dateModified":"2020-04-14T14:33:12+00:00","breadcrumb":{"@id":"https:\/\/futbolhoy.co\/index.php\/2020\/04\/13\/santa-fe-acuso-a-secretario-de-acolfutpro\/#breadcrumb"},"inLanguage":"es","potentialAction":[{"@type":"ReadAction","target":["https:\/\/futbolhoy.co\/index.php\/2020\/04\/13\/santa-fe-acuso-a-secretario-de-acolfutpro\/"]}]},{"@type":"ImageObject","inLanguage":"es","@id":"https:\/\/futbolhoy.co\/index.php\/2020\/04\/13\/santa-fe-acuso-a-secretario-de-acolfutpro\/#primaryimage","url":"https:\/\/futbolhoy.co\/wp-content\/uploads\/2020\/04\/IMG_20200413_191005.jpg","contentUrl":"https:\/\/futbolhoy.co\/wp-content\/uploads\/2020\/04\/IMG_20200413_191005.jpg","width":1024,"height":653},{"@type":"BreadcrumbList","@id":"https:\/\/futbolhoy.co\/index.php\/2020\/04\/13\/santa-fe-acuso-a-secretario-de-acolfutpro\/#breadcrumb","itemListElement":[{"@type":"ListItem","position":1,"name":"Portada","item":"https:\/\/futbolhoy.co\/"},{"@type":"ListItem","position":2,"name":"Santa Fe acus\u00f3 a secretario de ACOLFUTPRO"}]},{"@type":"WebSite","@id":"https:\/\/futbolhoy.co\/#website","url":"https:\/\/futbolhoy.co\/","name":"FutbolHoy","description":"","publisher":{"@id":"https:\/\/futbolhoy.co\/#organization"},"potentialAction":[{"@type":"SearchAction","target":{"@type":"EntryPoint","urlTemplate":"https:\/\/futbolhoy.co\/?s={search_term_string}"},"query-input":{"@type":"PropertyValueSpecification","valueRequired":true,"valueName":"search_term_string"}}],"inLanguage":"es"},{"@type":"Organization","@id":"https:\/\/futbolhoy.co\/#organization","name":"Futbolhoy.co","url":"https:\/\/futbolhoy.co\/","logo":{"@type":"ImageObject","inLanguage":"es","@id":"https:\/\/futbolhoy.co\/#\/schema\/logo\/image\/","url":"https:\/\/futbolhoy.co\/wp-content\/uploads\/2018\/08\/17426380_1906371736249227_6326180412931521141_n.jpg","contentUrl":"https:\/\/futbolhoy.co\/wp-content\/uploads\/2018\/08\/17426380_1906371736249227_6326180412931521141_n.jpg","width":960,"height":960,"caption":"Futbolhoy.co"},"image":{"@id":"https:\/\/futbolhoy.co\/#\/schema\/logo\/image\/"},"sameAs":["https:\/\/www.facebook.com\/FutbolHoyCol\/","https:\/\/x.com\/FutbolHoyCol","https:\/\/www.instagram.com\/futbolhoycol\/"]},{"@type":"Person","@id":"https:\/\/futbolhoy.co\/#\/schema\/person\/c4a353a512b127643723a34bb1812f7d","name":"Laura Hern\u00e1ndez","image":{"@type":"ImageObject","inLanguage":"es","@id":"https:\/\/futbolhoy.co\/#\/schema\/person\/image\/","url":"https:\/\/secure.gravatar.com\/avatar\/d25959a15b9b293a743f99181c7cfd01?s=96&d=mm&r=g","contentUrl":"https:\/\/secure.gravatar.com\/avatar\/d25959a15b9b293a743f99181c7cfd01?s=96&d=mm&r=g","caption":"Laura Hern\u00e1ndez"}}]}},"publishpress_future_action":{"enabled":false,"date":"2026-05-04 11:52:22","action":"change-status","newStatus":"draft","terms":[],"taxonomy":"category","extraData":[]},"publishpress_future_workflow_manual_trigger":{"enabledWorkflows":[]},"_links":{"self":[{"href":"https:\/\/futbolhoy.co\/index.php\/wp-json\/wp\/v2\/posts\/50057","targetHints":{"allow":["GET"]}}],"collection":[{"href":"https:\/\/futbolhoy.co\/index.php\/wp-json\/wp\/v2\/posts"}],"about":[{"href":"https:\/\/futbolhoy.co\/index.php\/wp-json\/wp\/v2\/types\/post"}],"author":[{"embeddable":true,"href":"https:\/\/futbolhoy.co\/index.php\/wp-json\/wp\/v2\/users\/5"}],"replies":[{"embeddable":true,"href":"https:\/\/futbolhoy.co\/index.php\/wp-json\/wp\/v2\/comments?post=50057"}],"version-history":[{"count":2,"href":"https:\/\/futbolhoy.co\/index.php\/wp-json\/wp\/v2\/posts\/50057\/revisions"}],"predecessor-version":[{"id":50083,"href":"https:\/\/futbolhoy.co\/index.php\/wp-json\/wp\/v2\/posts\/50057\/revisions\/50083"}],"wp:featuredmedia":[{"embeddable":true,"href":"https:\/\/futbolhoy.co\/index.php\/wp-json\/wp\/v2\/media\/50059"}],"wp:attachment":[{"href":"https:\/\/futbolhoy.co\/index.php\/wp-json\/wp\/v2\/media?parent=50057"}],"wp:term":[{"taxonomy":"category","embeddable":true,"href":"https:\/\/futbolhoy.co\/index.php\/wp-json\/wp\/v2\/categories?post=50057"},{"taxonomy":"post_tag","embeddable":true,"href":"https:\/\/futbolhoy.co\/index.php\/wp-json\/wp\/v2\/tags?post=50057"}],"curies":[{"name":"wp","href":"https:\/\/api.w.org\/{rel}","templated":true}]}}