{"id":50061,"date":"2020-04-13T18:50:12","date_gmt":"2020-04-13T23:50:12","guid":{"rendered":"https:\/\/futbolhoy.co\/?p=50061"},"modified":"2020-04-14T09:27:13","modified_gmt":"2020-04-14T14:27:13","slug":"dudamel-fue-despedido-por-incompetente-presidente-de-mineiro","status":"publish","type":"post","link":"https:\/\/futbolhoy.co\/index.php\/2020\/04\/13\/dudamel-fue-despedido-por-incompetente-presidente-de-mineiro\/","title":{"rendered":"\u201cDudamel fue despedido por incompetente\u201d: presidente de Mineiro"},"content":{"rendered":"<p style=\"font-weight: 400; text-align: justify;\"><span style=\"font-family: helvetica, arial, sans-serif;\">El presidente de\u00a0<strong>Atl\u00e9tico Mineiro<\/strong>,\u00a0<strong>Sergio Sette C\u00e2mara<\/strong>, afirm\u00f3 que el entrenador venezolano\u00a0<strong>Rafael Dudamel<\/strong>\u00a0fue despedido del club, despu\u00e9s de estar al frente del primer equipo en 10 partidos, por incompetencia t\u00e9cnica y emplear m\u00e9todos disciplinarios m\u00e1s propios del\u00a0<strong>Ej\u00e9rcito<\/strong>.<\/span><\/p>\n<p style=\"font-weight: 400; text-align: justify;\"><span style=\"font-family: helvetica, arial, sans-serif;\">\"La verdad, es la siguiente: Dudamel fue despedido por incompetencia t\u00e9cnica. Quer\u00eda adoptar reglas demasiado r\u00edgidas, creando reglas donde no hab\u00eda necesidad, imponer horarios a la plantilla para despertarse y tomar caf\u00e9. Parec\u00eda cosa del Ej\u00e9rcito y eso no es. El jugador ya es profesional. \u00c9l ten\u00eda que dejar al equipo preparado, implementar un esquema de juego y eso no ocurri\u00f3\", se\u00f1al\u00f3 Sette C\u00e2mara a la\u00a0<em>radio Itatiaia<\/em>.<\/span><\/p>\n<p style=\"font-weight: 400; text-align: justify;\"><span style=\"font-family: helvetica, arial, sans-serif;\">El dirigente respondi\u00f3 de esta manera a las cr\u00edticas del venezolano, quien lo acus\u00f3 de no ser profesional cuando fue anunciado su despido como t\u00e9cnico y no darle las razones de la determinaci\u00f3n en la cara.<\/span><\/p>\n<p style=\"font-weight: 400; text-align: justify;\"><span style=\"font-family: helvetica, arial, sans-serif;\">El presidente del Mineiro explic\u00f3, por su parte, que no se reuni\u00f3 con Dudamel porque consider\u00f3 que era una p\u00e9rdida de tiempo hablar con alguien que ya no era miembro del club.<\/span><\/p>\n<p style=\"font-weight: 400; text-align: justify;\"><span style=\"font-family: helvetica, arial, sans-serif;\">Bajo las \u00f3rdenes de Dudamel, el equipo fue eliminado en la primera fase de la\u00a0<strong>Copa Sudamericana<\/strong>\u00a0y la\u00a0<strong>Copa Brasil<\/strong>.<\/span><\/p>\n","protected":false},"excerpt":{"rendered":"<p>El presidente de\u00a0Atl\u00e9tico Mineiro,\u00a0Sergio Sette C\u00e2mara, afirm\u00f3 que el entrenador venezolano\u00a0Rafael Dudamel\u00a0fue despedido del club, despu\u00e9s de estar al frente del primer equipo en 10 partidos, por incompetencia t\u00e9cnica y emplear m\u00e9todos disciplinarios m\u00e1s propios del\u00a0Ej\u00e9rcito. \"La verdad, es la siguiente: Dudamel fue despedido por incompetencia t\u00e9cnica. Quer\u00eda adoptar reglas demasiado r\u00edgidas, creando reglas donde [&hellip;]<\/p>\n","protected":false},"author":5,"featured_media":50062,"comment_status":"open","ping_status":"open","sticky":false,"template":"","format":"standard","meta":{"_acf_changed":false,"footnotes":""},"categories":[152],"tags":[],"class_list":{"0":"post-50061","1":"post","2":"type-post","3":"status-publish","4":"format-standard","5":"has-post-thumbnail","7":"category-mundo-futbol"},"acf":[],"yoast_head":"<!-- This site is optimized with the Yoast SEO plugin v26.8 - https:\/\/yoast.com\/product\/yoast-seo-wordpress\/ -->\n<title>\u201cDudamel fue despedido por incompetente\u201d: presidente de Mineiro -<\/title>\n<meta name=\"robots\" content=\"index, follow, max-snippet:-1, max-image-preview:large, max-video-preview:-1\" \/>\n<link rel=\"canonical\" href=\"https:\/\/futbolhoy.co\/index.php\/2020\/04\/13\/dudamel-fue-despedido-por-incompetente-presidente-de-mineiro\/\" \/>\n<meta property=\"og:locale\" content=\"es_ES\" \/>\n<meta property=\"og:type\" content=\"article\" \/>\n<meta property=\"og:title\" content=\"\u201cDudamel fue despedido por incompetente\u201d: presidente de Mineiro -\" \/>\n<meta property=\"og:description\" content=\"El presidente de\u00a0Atl\u00e9tico Mineiro,\u00a0Sergio Sette C\u00e2mara, afirm\u00f3 que el entrenador venezolano\u00a0Rafael Dudamel\u00a0fue despedido del club, despu\u00e9s de estar al frente del primer equipo en 10 partidos, por incompetencia t\u00e9cnica y emplear m\u00e9todos disciplinarios m\u00e1s propios del\u00a0Ej\u00e9rcito. &quot;La verdad, es la siguiente: Dudamel fue despedido por incompetencia t\u00e9cnica. Quer\u00eda adoptar reglas demasiado r\u00edgidas, creando reglas donde [&hellip;]\" \/>\n<meta property=\"og:url\" content=\"https:\/\/futbolhoy.co\/index.php\/2020\/04\/13\/dudamel-fue-despedido-por-incompetente-presidente-de-mineiro\/\" \/>\n<meta property=\"article:publisher\" content=\"https:\/\/www.facebook.com\/FutbolHoyCol\/\" \/>\n<meta property=\"article:published_time\" content=\"2020-04-13T23:50:12+00:00\" \/>\n<meta property=\"article:modified_time\" content=\"2020-04-14T14:27:13+00:00\" \/>\n<meta property=\"og:image\" content=\"https:\/\/futbolhoy.co\/wp-content\/uploads\/2020\/04\/IMG_20200413_191647.jpg\" \/>\n\t<meta property=\"og:image:width\" content=\"1200\" \/>\n\t<meta property=\"og:image:height\" content=\"800\" \/>\n\t<meta property=\"og:image:type\" content=\"image\/jpeg\" \/>\n<meta name=\"author\" content=\"Laura Hern\u00e1ndez\" \/>\n<meta name=\"twitter:card\" content=\"summary_large_image\" \/>\n<meta name=\"twitter:creator\" content=\"@FutbolHoyCol\" \/>\n<meta name=\"twitter:site\" content=\"@FutbolHoyCol\" \/>\n<meta name=\"twitter:label1\" content=\"Escrito por\" \/>\n\t<meta name=\"twitter:data1\" content=\"Laura Hern\u00e1ndez\" \/>\n\t<meta name=\"twitter:label2\" content=\"Tiempo de lectura\" \/>\n\t<meta name=\"twitter:data2\" content=\"1 minuto\" \/>\n<script type=\"application\/ld+json\" class=\"yoast-schema-graph\">{\"@context\":\"https:\/\/schema.org\",\"@graph\":[{\"@type\":\"Article\",\"@id\":\"https:\/\/futbolhoy.co\/index.php\/2020\/04\/13\/dudamel-fue-despedido-por-incompetente-presidente-de-mineiro\/#article\",\"isPartOf\":{\"@id\":\"https:\/\/futbolhoy.co\/index.php\/2020\/04\/13\/dudamel-fue-despedido-por-incompetente-presidente-de-mineiro\/\"},\"author\":{\"name\":\"Laura Hern\u00e1ndez\",\"@id\":\"https:\/\/futbolhoy.co\/#\/schema\/person\/c4a353a512b127643723a34bb1812f7d\"},\"headline\":\"\u201cDudamel fue despedido por incompetente\u201d: presidente de Mineiro\",\"datePublished\":\"2020-04-13T23:50:12+00:00\",\"dateModified\":\"2020-04-14T14:27:13+00:00\",\"mainEntityOfPage\":{\"@id\":\"https:\/\/futbolhoy.co\/index.php\/2020\/04\/13\/dudamel-fue-despedido-por-incompetente-presidente-de-mineiro\/\"},\"wordCount\":225,\"commentCount\":0,\"publisher\":{\"@id\":\"https:\/\/futbolhoy.co\/#organization\"},\"image\":{\"@id\":\"https:\/\/futbolhoy.co\/index.php\/2020\/04\/13\/dudamel-fue-despedido-por-incompetente-presidente-de-mineiro\/#primaryimage\"},\"thumbnailUrl\":\"https:\/\/futbolhoy.co\/wp-content\/uploads\/2020\/04\/IMG_20200413_191647.jpg\",\"articleSection\":[\"Mundo Futbol\"],\"inLanguage\":\"es\",\"potentialAction\":[{\"@type\":\"CommentAction\",\"name\":\"Comment\",\"target\":[\"https:\/\/futbolhoy.co\/index.php\/2020\/04\/13\/dudamel-fue-despedido-por-incompetente-presidente-de-mineiro\/#respond\"]}]},{\"@type\":\"WebPage\",\"@id\":\"https:\/\/futbolhoy.co\/index.php\/2020\/04\/13\/dudamel-fue-despedido-por-incompetente-presidente-de-mineiro\/\",\"url\":\"https:\/\/futbolhoy.co\/index.php\/2020\/04\/13\/dudamel-fue-despedido-por-incompetente-presidente-de-mineiro\/\",\"name\":\"\u201cDudamel fue despedido por incompetente\u201d: presidente de Mineiro -\",\"isPartOf\":{\"@id\":\"https:\/\/futbolhoy.co\/#website\"},\"primaryImageOfPage\":{\"@id\":\"https:\/\/futbolhoy.co\/index.php\/2020\/04\/13\/dudamel-fue-despedido-por-incompetente-presidente-de-mineiro\/#primaryimage\"},\"image\":{\"@id\":\"https:\/\/futbolhoy.co\/index.php\/2020\/04\/13\/dudamel-fue-despedido-por-incompetente-presidente-de-mineiro\/#primaryimage\"},\"thumbnailUrl\":\"https:\/\/futbolhoy.co\/wp-content\/uploads\/2020\/04\/IMG_20200413_191647.jpg\",\"datePublished\":\"2020-04-13T23:50:12+00:00\",\"dateModified\":\"2020-04-14T14:27:13+00:00\",\"breadcrumb\":{\"@id\":\"https:\/\/futbolhoy.co\/index.php\/2020\/04\/13\/dudamel-fue-despedido-por-incompetente-presidente-de-mineiro\/#breadcrumb\"},\"inLanguage\":\"es\",\"potentialAction\":[{\"@type\":\"ReadAction\",\"target\":[\"https:\/\/futbolhoy.co\/index.php\/2020\/04\/13\/dudamel-fue-despedido-por-incompetente-presidente-de-mineiro\/\"]}]},{\"@type\":\"ImageObject\",\"inLanguage\":\"es\",\"@id\":\"https:\/\/futbolhoy.co\/index.php\/2020\/04\/13\/dudamel-fue-despedido-por-incompetente-presidente-de-mineiro\/#primaryimage\",\"url\":\"https:\/\/futbolhoy.co\/wp-content\/uploads\/2020\/04\/IMG_20200413_191647.jpg\",\"contentUrl\":\"https:\/\/futbolhoy.co\/wp-content\/uploads\/2020\/04\/IMG_20200413_191647.jpg\",\"width\":1200,\"height\":800},{\"@type\":\"BreadcrumbList\",\"@id\":\"https:\/\/futbolhoy.co\/index.php\/2020\/04\/13\/dudamel-fue-despedido-por-incompetente-presidente-de-mineiro\/#breadcrumb\",\"itemListElement\":[{\"@type\":\"ListItem\",\"position\":1,\"name\":\"Portada\",\"item\":\"https:\/\/futbolhoy.co\/\"},{\"@type\":\"ListItem\",\"position\":2,\"name\":\"\u201cDudamel fue despedido por incompetente\u201d: presidente de Mineiro\"}]},{\"@type\":\"WebSite\",\"@id\":\"https:\/\/futbolhoy.co\/#website\",\"url\":\"https:\/\/futbolhoy.co\/\",\"name\":\"FutbolHoy\",\"description\":\"\",\"publisher\":{\"@id\":\"https:\/\/futbolhoy.co\/#organization\"},\"potentialAction\":[{\"@type\":\"SearchAction\",\"target\":{\"@type\":\"EntryPoint\",\"urlTemplate\":\"https:\/\/futbolhoy.co\/?s={search_term_string}\"},\"query-input\":{\"@type\":\"PropertyValueSpecification\",\"valueRequired\":true,\"valueName\":\"search_term_string\"}}],\"inLanguage\":\"es\"},{\"@type\":\"Organization\",\"@id\":\"https:\/\/futbolhoy.co\/#organization\",\"name\":\"Futbolhoy.co\",\"url\":\"https:\/\/futbolhoy.co\/\",\"logo\":{\"@type\":\"ImageObject\",\"inLanguage\":\"es\",\"@id\":\"https:\/\/futbolhoy.co\/#\/schema\/logo\/image\/\",\"url\":\"https:\/\/futbolhoy.co\/wp-content\/uploads\/2018\/08\/17426380_1906371736249227_6326180412931521141_n.jpg\",\"contentUrl\":\"https:\/\/futbolhoy.co\/wp-content\/uploads\/2018\/08\/17426380_1906371736249227_6326180412931521141_n.jpg\",\"width\":960,\"height\":960,\"caption\":\"Futbolhoy.co\"},\"image\":{\"@id\":\"https:\/\/futbolhoy.co\/#\/schema\/logo\/image\/\"},\"sameAs\":[\"https:\/\/www.facebook.com\/FutbolHoyCol\/\",\"https:\/\/x.com\/FutbolHoyCol\",\"https:\/\/www.instagram.com\/futbolhoycol\/\"]},{\"@type\":\"Person\",\"@id\":\"https:\/\/futbolhoy.co\/#\/schema\/person\/c4a353a512b127643723a34bb1812f7d\",\"name\":\"Laura Hern\u00e1ndez\",\"image\":{\"@type\":\"ImageObject\",\"inLanguage\":\"es\",\"@id\":\"https:\/\/futbolhoy.co\/#\/schema\/person\/image\/\",\"url\":\"https:\/\/secure.gravatar.com\/avatar\/d25959a15b9b293a743f99181c7cfd01?s=96&d=mm&r=g\",\"contentUrl\":\"https:\/\/secure.gravatar.com\/avatar\/d25959a15b9b293a743f99181c7cfd01?s=96&d=mm&r=g\",\"caption\":\"Laura Hern\u00e1ndez\"}}]}<\/script>\n<!-- \/ Yoast SEO plugin. -->","yoast_head_json":{"title":"\u201cDudamel fue despedido por incompetente\u201d: presidente de Mineiro -","robots":{"index":"index","follow":"follow","max-snippet":"max-snippet:-1","max-image-preview":"max-image-preview:large","max-video-preview":"max-video-preview:-1"},"canonical":"https:\/\/futbolhoy.co\/index.php\/2020\/04\/13\/dudamel-fue-despedido-por-incompetente-presidente-de-mineiro\/","og_locale":"es_ES","og_type":"article","og_title":"\u201cDudamel fue despedido por incompetente\u201d: presidente de Mineiro -","og_description":"El presidente de\u00a0Atl\u00e9tico Mineiro,\u00a0Sergio Sette C\u00e2mara, afirm\u00f3 que el entrenador venezolano\u00a0Rafael Dudamel\u00a0fue despedido del club, despu\u00e9s de estar al frente del primer equipo en 10 partidos, por incompetencia t\u00e9cnica y emplear m\u00e9todos disciplinarios m\u00e1s propios del\u00a0Ej\u00e9rcito. \"La verdad, es la siguiente: Dudamel fue despedido por incompetencia t\u00e9cnica. Quer\u00eda adoptar reglas demasiado r\u00edgidas, creando reglas donde [&hellip;]","og_url":"https:\/\/futbolhoy.co\/index.php\/2020\/04\/13\/dudamel-fue-despedido-por-incompetente-presidente-de-mineiro\/","article_publisher":"https:\/\/www.facebook.com\/FutbolHoyCol\/","article_published_time":"2020-04-13T23:50:12+00:00","article_modified_time":"2020-04-14T14:27:13+00:00","og_image":[{"width":1200,"height":800,"url":"https:\/\/futbolhoy.co\/wp-content\/uploads\/2020\/04\/IMG_20200413_191647.jpg","type":"image\/jpeg"}],"author":"Laura Hern\u00e1ndez","twitter_card":"summary_large_image","twitter_creator":"@FutbolHoyCol","twitter_site":"@FutbolHoyCol","twitter_misc":{"Escrito por":"Laura Hern\u00e1ndez","Tiempo de lectura":"1 minuto"},"schema":{"@context":"https:\/\/schema.org","@graph":[{"@type":"Article","@id":"https:\/\/futbolhoy.co\/index.php\/2020\/04\/13\/dudamel-fue-despedido-por-incompetente-presidente-de-mineiro\/#article","isPartOf":{"@id":"https:\/\/futbolhoy.co\/index.php\/2020\/04\/13\/dudamel-fue-despedido-por-incompetente-presidente-de-mineiro\/"},"author":{"name":"Laura Hern\u00e1ndez","@id":"https:\/\/futbolhoy.co\/#\/schema\/person\/c4a353a512b127643723a34bb1812f7d"},"headline":"\u201cDudamel fue despedido por incompetente\u201d: presidente de Mineiro","datePublished":"2020-04-13T23:50:12+00:00","dateModified":"2020-04-14T14:27:13+00:00","mainEntityOfPage":{"@id":"https:\/\/futbolhoy.co\/index.php\/2020\/04\/13\/dudamel-fue-despedido-por-incompetente-presidente-de-mineiro\/"},"wordCount":225,"commentCount":0,"publisher":{"@id":"https:\/\/futbolhoy.co\/#organization"},"image":{"@id":"https:\/\/futbolhoy.co\/index.php\/2020\/04\/13\/dudamel-fue-despedido-por-incompetente-presidente-de-mineiro\/#primaryimage"},"thumbnailUrl":"https:\/\/futbolhoy.co\/wp-content\/uploads\/2020\/04\/IMG_20200413_191647.jpg","articleSection":["Mundo Futbol"],"inLanguage":"es","potentialAction":[{"@type":"CommentAction","name":"Comment","target":["https:\/\/futbolhoy.co\/index.php\/2020\/04\/13\/dudamel-fue-despedido-por-incompetente-presidente-de-mineiro\/#respond"]}]},{"@type":"WebPage","@id":"https:\/\/futbolhoy.co\/index.php\/2020\/04\/13\/dudamel-fue-despedido-por-incompetente-presidente-de-mineiro\/","url":"https:\/\/futbolhoy.co\/index.php\/2020\/04\/13\/dudamel-fue-despedido-por-incompetente-presidente-de-mineiro\/","name":"\u201cDudamel fue despedido por incompetente\u201d: presidente de Mineiro -","isPartOf":{"@id":"https:\/\/futbolhoy.co\/#website"},"primaryImageOfPage":{"@id":"https:\/\/futbolhoy.co\/index.php\/2020\/04\/13\/dudamel-fue-despedido-por-incompetente-presidente-de-mineiro\/#primaryimage"},"image":{"@id":"https:\/\/futbolhoy.co\/index.php\/2020\/04\/13\/dudamel-fue-despedido-por-incompetente-presidente-de-mineiro\/#primaryimage"},"thumbnailUrl":"https:\/\/futbolhoy.co\/wp-content\/uploads\/2020\/04\/IMG_20200413_191647.jpg","datePublished":"2020-04-13T23:50:12+00:00","dateModified":"2020-04-14T14:27:13+00:00","breadcrumb":{"@id":"https:\/\/futbolhoy.co\/index.php\/2020\/04\/13\/dudamel-fue-despedido-por-incompetente-presidente-de-mineiro\/#breadcrumb"},"inLanguage":"es","potentialAction":[{"@type":"ReadAction","target":["https:\/\/futbolhoy.co\/index.php\/2020\/04\/13\/dudamel-fue-despedido-por-incompetente-presidente-de-mineiro\/"]}]},{"@type":"ImageObject","inLanguage":"es","@id":"https:\/\/futbolhoy.co\/index.php\/2020\/04\/13\/dudamel-fue-despedido-por-incompetente-presidente-de-mineiro\/#primaryimage","url":"https:\/\/futbolhoy.co\/wp-content\/uploads\/2020\/04\/IMG_20200413_191647.jpg","contentUrl":"https:\/\/futbolhoy.co\/wp-content\/uploads\/2020\/04\/IMG_20200413_191647.jpg","width":1200,"height":800},{"@type":"BreadcrumbList","@id":"https:\/\/futbolhoy.co\/index.php\/2020\/04\/13\/dudamel-fue-despedido-por-incompetente-presidente-de-mineiro\/#breadcrumb","itemListElement":[{"@type":"ListItem","position":1,"name":"Portada","item":"https:\/\/futbolhoy.co\/"},{"@type":"ListItem","position":2,"name":"\u201cDudamel fue despedido por incompetente\u201d: presidente de Mineiro"}]},{"@type":"WebSite","@id":"https:\/\/futbolhoy.co\/#website","url":"https:\/\/futbolhoy.co\/","name":"FutbolHoy","description":"","publisher":{"@id":"https:\/\/futbolhoy.co\/#organization"},"potentialAction":[{"@type":"SearchAction","target":{"@type":"EntryPoint","urlTemplate":"https:\/\/futbolhoy.co\/?s={search_term_string}"},"query-input":{"@type":"PropertyValueSpecification","valueRequired":true,"valueName":"search_term_string"}}],"inLanguage":"es"},{"@type":"Organization","@id":"https:\/\/futbolhoy.co\/#organization","name":"Futbolhoy.co","url":"https:\/\/futbolhoy.co\/","logo":{"@type":"ImageObject","inLanguage":"es","@id":"https:\/\/futbolhoy.co\/#\/schema\/logo\/image\/","url":"https:\/\/futbolhoy.co\/wp-content\/uploads\/2018\/08\/17426380_1906371736249227_6326180412931521141_n.jpg","contentUrl":"https:\/\/futbolhoy.co\/wp-content\/uploads\/2018\/08\/17426380_1906371736249227_6326180412931521141_n.jpg","width":960,"height":960,"caption":"Futbolhoy.co"},"image":{"@id":"https:\/\/futbolhoy.co\/#\/schema\/logo\/image\/"},"sameAs":["https:\/\/www.facebook.com\/FutbolHoyCol\/","https:\/\/x.com\/FutbolHoyCol","https:\/\/www.instagram.com\/futbolhoycol\/"]},{"@type":"Person","@id":"https:\/\/futbolhoy.co\/#\/schema\/person\/c4a353a512b127643723a34bb1812f7d","name":"Laura Hern\u00e1ndez","image":{"@type":"ImageObject","inLanguage":"es","@id":"https:\/\/futbolhoy.co\/#\/schema\/person\/image\/","url":"https:\/\/secure.gravatar.com\/avatar\/d25959a15b9b293a743f99181c7cfd01?s=96&d=mm&r=g","contentUrl":"https:\/\/secure.gravatar.com\/avatar\/d25959a15b9b293a743f99181c7cfd01?s=96&d=mm&r=g","caption":"Laura Hern\u00e1ndez"}}]}},"publishpress_future_action":{"enabled":false,"date":"2026-05-04 09:06:24","action":"change-status","newStatus":"draft","terms":[],"taxonomy":"category","extraData":[]},"publishpress_future_workflow_manual_trigger":{"enabledWorkflows":[]},"_links":{"self":[{"href":"https:\/\/futbolhoy.co\/index.php\/wp-json\/wp\/v2\/posts\/50061","targetHints":{"allow":["GET"]}}],"collection":[{"href":"https:\/\/futbolhoy.co\/index.php\/wp-json\/wp\/v2\/posts"}],"about":[{"href":"https:\/\/futbolhoy.co\/index.php\/wp-json\/wp\/v2\/types\/post"}],"author":[{"embeddable":true,"href":"https:\/\/futbolhoy.co\/index.php\/wp-json\/wp\/v2\/users\/5"}],"replies":[{"embeddable":true,"href":"https:\/\/futbolhoy.co\/index.php\/wp-json\/wp\/v2\/comments?post=50061"}],"version-history":[{"count":1,"href":"https:\/\/futbolhoy.co\/index.php\/wp-json\/wp\/v2\/posts\/50061\/revisions"}],"predecessor-version":[{"id":50063,"href":"https:\/\/futbolhoy.co\/index.php\/wp-json\/wp\/v2\/posts\/50061\/revisions\/50063"}],"wp:featuredmedia":[{"embeddable":true,"href":"https:\/\/futbolhoy.co\/index.php\/wp-json\/wp\/v2\/media\/50062"}],"wp:attachment":[{"href":"https:\/\/futbolhoy.co\/index.php\/wp-json\/wp\/v2\/media?parent=50061"}],"wp:term":[{"taxonomy":"category","embeddable":true,"href":"https:\/\/futbolhoy.co\/index.php\/wp-json\/wp\/v2\/categories?post=50061"},{"taxonomy":"post_tag","embeddable":true,"href":"https:\/\/futbolhoy.co\/index.php\/wp-json\/wp\/v2\/tags?post=50061"}],"curies":[{"name":"wp","href":"https:\/\/api.w.org\/{rel}","templated":true}]}}