{"id":50065,"date":"2020-04-13T19:47:05","date_gmt":"2020-04-14T00:47:05","guid":{"rendered":"https:\/\/futbolhoy.co\/?p=50065"},"modified":"2020-04-14T12:52:44","modified_gmt":"2020-04-14T17:52:44","slug":"james-desde-los-16-anos-era-diferente-erviti","status":"publish","type":"post","link":"https:\/\/futbolhoy.co\/index.php\/2020\/04\/13\/james-desde-los-16-anos-era-diferente-erviti\/","title":{"rendered":"\u201cJames desde los 16 a\u00f1os era diferente\u201d, Erviti"},"content":{"rendered":"<p style=\"text-align: justify;\"><span style=\"font-family: helvetica, arial, sans-serif;\">El talentoso ex volante argentino\u00a0<b>Walter Erviti <\/b>elogi\u00f3\u00a0al colombiano <b>James Rodr\u00edguiez<\/b>, con quien comparti\u00f3 en\u00a0<b>Banfield<\/b>\u00a0en el t\u00edtulo del a\u00f1o 2009 en la\u00a0<b>Liga Argentina<\/b>\u00a0y asegur\u00f3 que desde temprana edad mostr\u00f3 sus condiciones como futbolista y profesional.<\/span><\/p>\n<p style=\"text-align: justify;\"><span style=\"font-family: helvetica, arial, sans-serif;\">\u201c<b>James<\/b>\u00a0ten\u00eda 16 a\u00f1os y uno ya se daba cuenta que era diferente, pero no por lo que hac\u00eda con la pelota, era diferente porque con esa edad, llegaba al vestuario una hora antes que empiece el entrenamiento, practicaba a la par nuestra y despu\u00e9s se quedaba una hora m\u00e1s entrenando y mejorando lo que \u00e9l cre\u00eda que ten\u00eda que mejorar\u201d, declar\u00f3 el ex jugador de 39 a\u00f1os en di\u00e1logo con\u00a0<i>ESPN<\/i>.<\/span><\/p>\n<p style=\"text-align: justify;\"><span style=\"font-family: helvetica, arial, sans-serif;\">Erviti, quien se retir\u00f3 del f\u00fatbol en 2018 en el\u00a0<b>Club Atl\u00e9tico Alvarado<\/b>\u00a0de su ciudad natal en la tercer divisi\u00f3n argentina, agreg\u00f3: \u201cJames era un chico educado, respetuoso, escuchaba a sus compa\u00f1eros, ya te dabas cuenta que era diferente; hoy a un chico de 16-17 a\u00f1os tienes que insistirle para que entre al vestuario, tienes que pedirle que por favor deje el celular, tiene que decirle que se quede a entrenar, que no se levante r\u00e1pido de la mesa, que quiera practicar, que tenga predisposici\u00f3n; y este chico hac\u00eda todo naturalmente, por eso lleg\u00f3 donde lleg\u00f3\u201d.<\/span><\/p>\n<!--[if lt IE 9]><script>document.createElement('audio');<\/script><![endif]-->\n\t<div class=\"wp-playlist wp-audio-playlist wp-playlist-light\">\n\t\t\t<div class=\"wp-playlist-current-item\"><\/div>\n\t\t<audio controls=\"controls\" preload=\"none\" width=\"674\"\n\t\t\t><\/audio>\n\t<div class=\"wp-playlist-next\"><\/div>\n\t<div class=\"wp-playlist-prev\"><\/div>\n\t<noscript>\n\t<ol>\n\t\t<li><a href='https:\/\/futbolhoy.co\/wp-content\/uploads\/2020\/04\/Erviti.mp3'>Erviti<\/a><\/li>\t<\/ol>\n\t<\/noscript>\n\t<script type=\"application\/json\" class=\"wp-playlist-script\">{\"type\":\"audio\",\"tracklist\":true,\"tracknumbers\":true,\"images\":true,\"artists\":true,\"tracks\":[{\"src\":\"https:\\\/\\\/futbolhoy.co\\\/wp-content\\\/uploads\\\/2020\\\/04\\\/Erviti.mp3\",\"type\":\"audio\\\/mpeg\",\"title\":\"Erviti\",\"caption\":\"\",\"description\":\"\\\"Erviti\\\".\",\"meta\":{\"length_formatted\":\"0:53\"},\"image\":{\"src\":\"https:\\\/\\\/futbolhoy.co\\\/wp-includes\\\/images\\\/media\\\/audio.svg\",\"width\":48,\"height\":64},\"thumb\":{\"src\":\"https:\\\/\\\/futbolhoy.co\\\/wp-includes\\\/images\\\/media\\\/audio.svg\",\"width\":48,\"height\":64}}]}<\/script>\n<\/div>\n\t\n","protected":false},"excerpt":{"rendered":"<p>El talentoso ex volante argentino\u00a0Walter Erviti elogi\u00f3\u00a0al colombiano James Rodr\u00edguiez, con quien comparti\u00f3 en\u00a0Banfield\u00a0en el t\u00edtulo del a\u00f1o 2009 en la\u00a0Liga Argentina\u00a0y asegur\u00f3 que desde temprana edad mostr\u00f3 sus condiciones como futbolista y profesional. \u201cJames\u00a0ten\u00eda 16 a\u00f1os y uno ya se daba cuenta que era diferente, pero no por lo que hac\u00eda con la pelota, [&hellip;]<\/p>\n","protected":false},"author":5,"featured_media":50070,"comment_status":"open","ping_status":"open","sticky":false,"template":"","format":"video","meta":{"_acf_changed":false,"footnotes":""},"categories":[418],"tags":[],"class_list":{"0":"post-50065","1":"post","2":"type-post","3":"status-publish","4":"format-video","5":"has-post-thumbnail","7":"category-colombia","8":"post_format-post-format-video"},"acf":[],"yoast_head":"<!-- This site is optimized with the Yoast SEO plugin v26.8 - https:\/\/yoast.com\/product\/yoast-seo-wordpress\/ -->\n<title>\u201cJames desde los 16 a\u00f1os era diferente\u201d, Erviti -<\/title>\n<meta name=\"robots\" content=\"index, follow, max-snippet:-1, max-image-preview:large, max-video-preview:-1\" \/>\n<link rel=\"canonical\" href=\"https:\/\/futbolhoy.co\/index.php\/2020\/04\/13\/james-desde-los-16-anos-era-diferente-erviti\/\" \/>\n<meta property=\"og:locale\" content=\"es_ES\" \/>\n<meta property=\"og:type\" content=\"article\" \/>\n<meta property=\"og:title\" content=\"\u201cJames desde los 16 a\u00f1os era diferente\u201d, Erviti -\" \/>\n<meta property=\"og:description\" content=\"El talentoso ex volante argentino\u00a0Walter Erviti elogi\u00f3\u00a0al colombiano James Rodr\u00edguiez, con quien comparti\u00f3 en\u00a0Banfield\u00a0en el t\u00edtulo del a\u00f1o 2009 en la\u00a0Liga Argentina\u00a0y asegur\u00f3 que desde temprana edad mostr\u00f3 sus condiciones como futbolista y profesional. \u201cJames\u00a0ten\u00eda 16 a\u00f1os y uno ya se daba cuenta que era diferente, pero no por lo que hac\u00eda con la pelota, [&hellip;]\" \/>\n<meta property=\"og:url\" content=\"https:\/\/futbolhoy.co\/index.php\/2020\/04\/13\/james-desde-los-16-anos-era-diferente-erviti\/\" \/>\n<meta property=\"article:publisher\" content=\"https:\/\/www.facebook.com\/FutbolHoyCol\/\" \/>\n<meta property=\"article:published_time\" content=\"2020-04-14T00:47:05+00:00\" \/>\n<meta property=\"article:modified_time\" content=\"2020-04-14T17:52:44+00:00\" \/>\n<meta property=\"og:image\" content=\"https:\/\/futbolhoy.co\/wp-content\/uploads\/2020\/04\/IMG_20200413_195228.jpg\" \/>\n\t<meta property=\"og:image:width\" content=\"593\" \/>\n\t<meta property=\"og:image:height\" content=\"474\" \/>\n\t<meta property=\"og:image:type\" content=\"image\/jpeg\" \/>\n<meta name=\"author\" content=\"Laura Hern\u00e1ndez\" \/>\n<meta name=\"twitter:card\" content=\"summary_large_image\" \/>\n<meta name=\"twitter:creator\" content=\"@FutbolHoyCol\" \/>\n<meta name=\"twitter:site\" content=\"@FutbolHoyCol\" \/>\n<meta name=\"twitter:label1\" content=\"Escrito por\" \/>\n\t<meta name=\"twitter:data1\" content=\"Laura Hern\u00e1ndez\" \/>\n\t<meta name=\"twitter:label2\" content=\"Tiempo de lectura\" \/>\n\t<meta name=\"twitter:data2\" content=\"1 minuto\" \/>\n<script type=\"application\/ld+json\" class=\"yoast-schema-graph\">{\"@context\":\"https:\/\/schema.org\",\"@graph\":[{\"@type\":\"Article\",\"@id\":\"https:\/\/futbolhoy.co\/index.php\/2020\/04\/13\/james-desde-los-16-anos-era-diferente-erviti\/#article\",\"isPartOf\":{\"@id\":\"https:\/\/futbolhoy.co\/index.php\/2020\/04\/13\/james-desde-los-16-anos-era-diferente-erviti\/\"},\"author\":{\"name\":\"Laura Hern\u00e1ndez\",\"@id\":\"https:\/\/futbolhoy.co\/#\/schema\/person\/c4a353a512b127643723a34bb1812f7d\"},\"headline\":\"\u201cJames desde los 16 a\u00f1os era diferente\u201d, Erviti\",\"datePublished\":\"2020-04-14T00:47:05+00:00\",\"dateModified\":\"2020-04-14T17:52:44+00:00\",\"mainEntityOfPage\":{\"@id\":\"https:\/\/futbolhoy.co\/index.php\/2020\/04\/13\/james-desde-los-16-anos-era-diferente-erviti\/\"},\"wordCount\":235,\"commentCount\":0,\"publisher\":{\"@id\":\"https:\/\/futbolhoy.co\/#organization\"},\"image\":{\"@id\":\"https:\/\/futbolhoy.co\/index.php\/2020\/04\/13\/james-desde-los-16-anos-era-diferente-erviti\/#primaryimage\"},\"thumbnailUrl\":\"https:\/\/futbolhoy.co\/wp-content\/uploads\/2020\/04\/IMG_20200413_195228.jpg\",\"articleSection\":[\"Colombia\"],\"inLanguage\":\"es\",\"potentialAction\":[{\"@type\":\"CommentAction\",\"name\":\"Comment\",\"target\":[\"https:\/\/futbolhoy.co\/index.php\/2020\/04\/13\/james-desde-los-16-anos-era-diferente-erviti\/#respond\"]}]},{\"@type\":\"WebPage\",\"@id\":\"https:\/\/futbolhoy.co\/index.php\/2020\/04\/13\/james-desde-los-16-anos-era-diferente-erviti\/\",\"url\":\"https:\/\/futbolhoy.co\/index.php\/2020\/04\/13\/james-desde-los-16-anos-era-diferente-erviti\/\",\"name\":\"\u201cJames desde los 16 a\u00f1os era diferente\u201d, Erviti -\",\"isPartOf\":{\"@id\":\"https:\/\/futbolhoy.co\/#website\"},\"primaryImageOfPage\":{\"@id\":\"https:\/\/futbolhoy.co\/index.php\/2020\/04\/13\/james-desde-los-16-anos-era-diferente-erviti\/#primaryimage\"},\"image\":{\"@id\":\"https:\/\/futbolhoy.co\/index.php\/2020\/04\/13\/james-desde-los-16-anos-era-diferente-erviti\/#primaryimage\"},\"thumbnailUrl\":\"https:\/\/futbolhoy.co\/wp-content\/uploads\/2020\/04\/IMG_20200413_195228.jpg\",\"datePublished\":\"2020-04-14T00:47:05+00:00\",\"dateModified\":\"2020-04-14T17:52:44+00:00\",\"breadcrumb\":{\"@id\":\"https:\/\/futbolhoy.co\/index.php\/2020\/04\/13\/james-desde-los-16-anos-era-diferente-erviti\/#breadcrumb\"},\"inLanguage\":\"es\",\"potentialAction\":[{\"@type\":\"ReadAction\",\"target\":[\"https:\/\/futbolhoy.co\/index.php\/2020\/04\/13\/james-desde-los-16-anos-era-diferente-erviti\/\"]}]},{\"@type\":\"ImageObject\",\"inLanguage\":\"es\",\"@id\":\"https:\/\/futbolhoy.co\/index.php\/2020\/04\/13\/james-desde-los-16-anos-era-diferente-erviti\/#primaryimage\",\"url\":\"https:\/\/futbolhoy.co\/wp-content\/uploads\/2020\/04\/IMG_20200413_195228.jpg\",\"contentUrl\":\"https:\/\/futbolhoy.co\/wp-content\/uploads\/2020\/04\/IMG_20200413_195228.jpg\",\"width\":593,\"height\":474},{\"@type\":\"BreadcrumbList\",\"@id\":\"https:\/\/futbolhoy.co\/index.php\/2020\/04\/13\/james-desde-los-16-anos-era-diferente-erviti\/#breadcrumb\",\"itemListElement\":[{\"@type\":\"ListItem\",\"position\":1,\"name\":\"Portada\",\"item\":\"https:\/\/futbolhoy.co\/\"},{\"@type\":\"ListItem\",\"position\":2,\"name\":\"\u201cJames desde los 16 a\u00f1os era diferente\u201d, Erviti\"}]},{\"@type\":\"WebSite\",\"@id\":\"https:\/\/futbolhoy.co\/#website\",\"url\":\"https:\/\/futbolhoy.co\/\",\"name\":\"FutbolHoy\",\"description\":\"\",\"publisher\":{\"@id\":\"https:\/\/futbolhoy.co\/#organization\"},\"potentialAction\":[{\"@type\":\"SearchAction\",\"target\":{\"@type\":\"EntryPoint\",\"urlTemplate\":\"https:\/\/futbolhoy.co\/?s={search_term_string}\"},\"query-input\":{\"@type\":\"PropertyValueSpecification\",\"valueRequired\":true,\"valueName\":\"search_term_string\"}}],\"inLanguage\":\"es\"},{\"@type\":\"Organization\",\"@id\":\"https:\/\/futbolhoy.co\/#organization\",\"name\":\"Futbolhoy.co\",\"url\":\"https:\/\/futbolhoy.co\/\",\"logo\":{\"@type\":\"ImageObject\",\"inLanguage\":\"es\",\"@id\":\"https:\/\/futbolhoy.co\/#\/schema\/logo\/image\/\",\"url\":\"https:\/\/futbolhoy.co\/wp-content\/uploads\/2018\/08\/17426380_1906371736249227_6326180412931521141_n.jpg\",\"contentUrl\":\"https:\/\/futbolhoy.co\/wp-content\/uploads\/2018\/08\/17426380_1906371736249227_6326180412931521141_n.jpg\",\"width\":960,\"height\":960,\"caption\":\"Futbolhoy.co\"},\"image\":{\"@id\":\"https:\/\/futbolhoy.co\/#\/schema\/logo\/image\/\"},\"sameAs\":[\"https:\/\/www.facebook.com\/FutbolHoyCol\/\",\"https:\/\/x.com\/FutbolHoyCol\",\"https:\/\/www.instagram.com\/futbolhoycol\/\"]},{\"@type\":\"Person\",\"@id\":\"https:\/\/futbolhoy.co\/#\/schema\/person\/c4a353a512b127643723a34bb1812f7d\",\"name\":\"Laura Hern\u00e1ndez\",\"image\":{\"@type\":\"ImageObject\",\"inLanguage\":\"es\",\"@id\":\"https:\/\/futbolhoy.co\/#\/schema\/person\/image\/\",\"url\":\"https:\/\/secure.gravatar.com\/avatar\/d25959a15b9b293a743f99181c7cfd01?s=96&d=mm&r=g\",\"contentUrl\":\"https:\/\/secure.gravatar.com\/avatar\/d25959a15b9b293a743f99181c7cfd01?s=96&d=mm&r=g\",\"caption\":\"Laura Hern\u00e1ndez\"}}]}<\/script>\n<!-- \/ Yoast SEO plugin. -->","yoast_head_json":{"title":"\u201cJames desde los 16 a\u00f1os era diferente\u201d, Erviti -","robots":{"index":"index","follow":"follow","max-snippet":"max-snippet:-1","max-image-preview":"max-image-preview:large","max-video-preview":"max-video-preview:-1"},"canonical":"https:\/\/futbolhoy.co\/index.php\/2020\/04\/13\/james-desde-los-16-anos-era-diferente-erviti\/","og_locale":"es_ES","og_type":"article","og_title":"\u201cJames desde los 16 a\u00f1os era diferente\u201d, Erviti -","og_description":"El talentoso ex volante argentino\u00a0Walter Erviti elogi\u00f3\u00a0al colombiano James Rodr\u00edguiez, con quien comparti\u00f3 en\u00a0Banfield\u00a0en el t\u00edtulo del a\u00f1o 2009 en la\u00a0Liga Argentina\u00a0y asegur\u00f3 que desde temprana edad mostr\u00f3 sus condiciones como futbolista y profesional. \u201cJames\u00a0ten\u00eda 16 a\u00f1os y uno ya se daba cuenta que era diferente, pero no por lo que hac\u00eda con la pelota, [&hellip;]","og_url":"https:\/\/futbolhoy.co\/index.php\/2020\/04\/13\/james-desde-los-16-anos-era-diferente-erviti\/","article_publisher":"https:\/\/www.facebook.com\/FutbolHoyCol\/","article_published_time":"2020-04-14T00:47:05+00:00","article_modified_time":"2020-04-14T17:52:44+00:00","og_image":[{"width":593,"height":474,"url":"https:\/\/futbolhoy.co\/wp-content\/uploads\/2020\/04\/IMG_20200413_195228.jpg","type":"image\/jpeg"}],"author":"Laura Hern\u00e1ndez","twitter_card":"summary_large_image","twitter_creator":"@FutbolHoyCol","twitter_site":"@FutbolHoyCol","twitter_misc":{"Escrito por":"Laura Hern\u00e1ndez","Tiempo de lectura":"1 minuto"},"schema":{"@context":"https:\/\/schema.org","@graph":[{"@type":"Article","@id":"https:\/\/futbolhoy.co\/index.php\/2020\/04\/13\/james-desde-los-16-anos-era-diferente-erviti\/#article","isPartOf":{"@id":"https:\/\/futbolhoy.co\/index.php\/2020\/04\/13\/james-desde-los-16-anos-era-diferente-erviti\/"},"author":{"name":"Laura Hern\u00e1ndez","@id":"https:\/\/futbolhoy.co\/#\/schema\/person\/c4a353a512b127643723a34bb1812f7d"},"headline":"\u201cJames desde los 16 a\u00f1os era diferente\u201d, Erviti","datePublished":"2020-04-14T00:47:05+00:00","dateModified":"2020-04-14T17:52:44+00:00","mainEntityOfPage":{"@id":"https:\/\/futbolhoy.co\/index.php\/2020\/04\/13\/james-desde-los-16-anos-era-diferente-erviti\/"},"wordCount":235,"commentCount":0,"publisher":{"@id":"https:\/\/futbolhoy.co\/#organization"},"image":{"@id":"https:\/\/futbolhoy.co\/index.php\/2020\/04\/13\/james-desde-los-16-anos-era-diferente-erviti\/#primaryimage"},"thumbnailUrl":"https:\/\/futbolhoy.co\/wp-content\/uploads\/2020\/04\/IMG_20200413_195228.jpg","articleSection":["Colombia"],"inLanguage":"es","potentialAction":[{"@type":"CommentAction","name":"Comment","target":["https:\/\/futbolhoy.co\/index.php\/2020\/04\/13\/james-desde-los-16-anos-era-diferente-erviti\/#respond"]}]},{"@type":"WebPage","@id":"https:\/\/futbolhoy.co\/index.php\/2020\/04\/13\/james-desde-los-16-anos-era-diferente-erviti\/","url":"https:\/\/futbolhoy.co\/index.php\/2020\/04\/13\/james-desde-los-16-anos-era-diferente-erviti\/","name":"\u201cJames desde los 16 a\u00f1os era diferente\u201d, Erviti -","isPartOf":{"@id":"https:\/\/futbolhoy.co\/#website"},"primaryImageOfPage":{"@id":"https:\/\/futbolhoy.co\/index.php\/2020\/04\/13\/james-desde-los-16-anos-era-diferente-erviti\/#primaryimage"},"image":{"@id":"https:\/\/futbolhoy.co\/index.php\/2020\/04\/13\/james-desde-los-16-anos-era-diferente-erviti\/#primaryimage"},"thumbnailUrl":"https:\/\/futbolhoy.co\/wp-content\/uploads\/2020\/04\/IMG_20200413_195228.jpg","datePublished":"2020-04-14T00:47:05+00:00","dateModified":"2020-04-14T17:52:44+00:00","breadcrumb":{"@id":"https:\/\/futbolhoy.co\/index.php\/2020\/04\/13\/james-desde-los-16-anos-era-diferente-erviti\/#breadcrumb"},"inLanguage":"es","potentialAction":[{"@type":"ReadAction","target":["https:\/\/futbolhoy.co\/index.php\/2020\/04\/13\/james-desde-los-16-anos-era-diferente-erviti\/"]}]},{"@type":"ImageObject","inLanguage":"es","@id":"https:\/\/futbolhoy.co\/index.php\/2020\/04\/13\/james-desde-los-16-anos-era-diferente-erviti\/#primaryimage","url":"https:\/\/futbolhoy.co\/wp-content\/uploads\/2020\/04\/IMG_20200413_195228.jpg","contentUrl":"https:\/\/futbolhoy.co\/wp-content\/uploads\/2020\/04\/IMG_20200413_195228.jpg","width":593,"height":474},{"@type":"BreadcrumbList","@id":"https:\/\/futbolhoy.co\/index.php\/2020\/04\/13\/james-desde-los-16-anos-era-diferente-erviti\/#breadcrumb","itemListElement":[{"@type":"ListItem","position":1,"name":"Portada","item":"https:\/\/futbolhoy.co\/"},{"@type":"ListItem","position":2,"name":"\u201cJames desde los 16 a\u00f1os era diferente\u201d, Erviti"}]},{"@type":"WebSite","@id":"https:\/\/futbolhoy.co\/#website","url":"https:\/\/futbolhoy.co\/","name":"FutbolHoy","description":"","publisher":{"@id":"https:\/\/futbolhoy.co\/#organization"},"potentialAction":[{"@type":"SearchAction","target":{"@type":"EntryPoint","urlTemplate":"https:\/\/futbolhoy.co\/?s={search_term_string}"},"query-input":{"@type":"PropertyValueSpecification","valueRequired":true,"valueName":"search_term_string"}}],"inLanguage":"es"},{"@type":"Organization","@id":"https:\/\/futbolhoy.co\/#organization","name":"Futbolhoy.co","url":"https:\/\/futbolhoy.co\/","logo":{"@type":"ImageObject","inLanguage":"es","@id":"https:\/\/futbolhoy.co\/#\/schema\/logo\/image\/","url":"https:\/\/futbolhoy.co\/wp-content\/uploads\/2018\/08\/17426380_1906371736249227_6326180412931521141_n.jpg","contentUrl":"https:\/\/futbolhoy.co\/wp-content\/uploads\/2018\/08\/17426380_1906371736249227_6326180412931521141_n.jpg","width":960,"height":960,"caption":"Futbolhoy.co"},"image":{"@id":"https:\/\/futbolhoy.co\/#\/schema\/logo\/image\/"},"sameAs":["https:\/\/www.facebook.com\/FutbolHoyCol\/","https:\/\/x.com\/FutbolHoyCol","https:\/\/www.instagram.com\/futbolhoycol\/"]},{"@type":"Person","@id":"https:\/\/futbolhoy.co\/#\/schema\/person\/c4a353a512b127643723a34bb1812f7d","name":"Laura Hern\u00e1ndez","image":{"@type":"ImageObject","inLanguage":"es","@id":"https:\/\/futbolhoy.co\/#\/schema\/person\/image\/","url":"https:\/\/secure.gravatar.com\/avatar\/d25959a15b9b293a743f99181c7cfd01?s=96&d=mm&r=g","contentUrl":"https:\/\/secure.gravatar.com\/avatar\/d25959a15b9b293a743f99181c7cfd01?s=96&d=mm&r=g","caption":"Laura Hern\u00e1ndez"}}]}},"publishpress_future_action":{"enabled":false,"date":"2026-05-04 11:51:56","action":"change-status","newStatus":"draft","terms":[],"taxonomy":"category","extraData":[]},"publishpress_future_workflow_manual_trigger":{"enabledWorkflows":[]},"_links":{"self":[{"href":"https:\/\/futbolhoy.co\/index.php\/wp-json\/wp\/v2\/posts\/50065","targetHints":{"allow":["GET"]}}],"collection":[{"href":"https:\/\/futbolhoy.co\/index.php\/wp-json\/wp\/v2\/posts"}],"about":[{"href":"https:\/\/futbolhoy.co\/index.php\/wp-json\/wp\/v2\/types\/post"}],"author":[{"embeddable":true,"href":"https:\/\/futbolhoy.co\/index.php\/wp-json\/wp\/v2\/users\/5"}],"replies":[{"embeddable":true,"href":"https:\/\/futbolhoy.co\/index.php\/wp-json\/wp\/v2\/comments?post=50065"}],"version-history":[{"count":2,"href":"https:\/\/futbolhoy.co\/index.php\/wp-json\/wp\/v2\/posts\/50065\/revisions"}],"predecessor-version":[{"id":50071,"href":"https:\/\/futbolhoy.co\/index.php\/wp-json\/wp\/v2\/posts\/50065\/revisions\/50071"}],"wp:featuredmedia":[{"embeddable":true,"href":"https:\/\/futbolhoy.co\/index.php\/wp-json\/wp\/v2\/media\/50070"}],"wp:attachment":[{"href":"https:\/\/futbolhoy.co\/index.php\/wp-json\/wp\/v2\/media?parent=50065"}],"wp:term":[{"taxonomy":"category","embeddable":true,"href":"https:\/\/futbolhoy.co\/index.php\/wp-json\/wp\/v2\/categories?post=50065"},{"taxonomy":"post_tag","embeddable":true,"href":"https:\/\/futbolhoy.co\/index.php\/wp-json\/wp\/v2\/tags?post=50065"}],"curies":[{"name":"wp","href":"https:\/\/api.w.org\/{rel}","templated":true}]}}