{"id":50076,"date":"2020-04-14T09:00:33","date_gmt":"2020-04-14T14:00:33","guid":{"rendered":"https:\/\/futbolhoy.co\/?p=50076"},"modified":"2020-04-15T09:19:02","modified_gmt":"2020-04-15T14:19:02","slug":"nuevo-capitulo-en-la-novela-de-james-2","status":"publish","type":"post","link":"https:\/\/futbolhoy.co\/index.php\/2020\/04\/14\/nuevo-capitulo-en-la-novela-de-james-2\/","title":{"rendered":"Nuevo capitulo en la novela de James"},"content":{"rendered":"<p style=\"text-align: justify;\"><span style=\"font-family: helvetica, arial, sans-serif;\">El volante cucute\u00f1o <strong>James Rodr\u00edguez<\/strong> es uno de los jugadores latinoamericanos con mayor mercado por estos d\u00edas en los equipos europeos, ante su inminente salida del <strong>Real Madrid<\/strong> al final de la temporada.<\/span><\/p>\n<p style=\"text-align: justify;\"><span style=\"font-family: helvetica, arial, sans-serif;\">En las \u00faltimas horas, se asegur\u00f3 que James es firme candidato para llegar al <strong>Everton<\/strong> de <strong>Inglaterra,<\/strong> gracias a la presencia de <strong>Carlo Ancelotti<\/strong> como su entrenador.<\/span><\/p>\n<p style=\"text-align: justify;\"><span style=\"font-family: helvetica, arial, sans-serif;\">El <em>Daily Express<\/em> asegur\u00f3 que el \"as bajo la manga\" del Everton para la pr\u00f3xima temporada es James. \"La presencia de Ancelotti le da una ventaja para quedarse con el jugador del Real Madrid\". La <em>BBC<\/em> tambi\u00e9n asegur\u00f3 que Everton se sum\u00f3 al inter\u00e9s por contratar al colombiano.<\/span><\/p>\n<p style=\"text-align: justify;\"><span style=\"font-family: helvetica, arial, sans-serif;\"><strong>Manchester United, Arsenal y Wolverhampton<\/strong> tambi\u00e9n han mostrado inter\u00e9s en la Premier por Rodr\u00edguez.<\/span><\/p>\n<p style=\"text-align: justify;\"><span style=\"font-family: helvetica, arial, sans-serif;\">El representante <strong>Jorge Mendes,<\/strong> adelanta contactos en Inglaterra e Italia para encontrar un equipo que adquiera sus derechos deportivos.<\/span><\/p>\n<p style=\"text-align: justify;\"><span style=\"font-family: helvetica, arial, sans-serif;\">Juventus y Napoli son los clubes italianos que tambi\u00e9n lo pretenden, seg\u00fan la prensa deportiva de Roma y Milan.<\/span><\/p>\n<p style=\"text-align: justify;\"><span style=\"font-family: helvetica, arial, sans-serif;\">James, que tiene contrato con Real Madrid hasta junio del 2021, est\u00e1 valorado en 32 millones de euros seg\u00fan <em>Transfermarkt<\/em>.<\/span><\/p>\n","protected":false},"excerpt":{"rendered":"<p>El volante cucute\u00f1o James Rodr\u00edguez es uno de los jugadores latinoamericanos con mayor mercado por estos d\u00edas en los equipos europeos, ante su inminente salida del Real Madrid al final de la temporada. En las \u00faltimas horas, se asegur\u00f3 que James es firme candidato para llegar al Everton de Inglaterra, gracias a la presencia de [&hellip;]<\/p>\n","protected":false},"author":5,"featured_media":41196,"comment_status":"open","ping_status":"open","sticky":false,"template":"","format":"standard","meta":{"_acf_changed":false,"footnotes":""},"categories":[418],"tags":[87],"class_list":{"0":"post-50076","1":"post","2":"type-post","3":"status-publish","4":"format-standard","5":"has-post-thumbnail","7":"category-colombia","8":"tag-james-rodriguez"},"acf":[],"yoast_head":"<!-- This site is optimized with the Yoast SEO plugin v26.8 - https:\/\/yoast.com\/product\/yoast-seo-wordpress\/ -->\n<title>Nuevo capitulo en la novela de James -<\/title>\n<meta name=\"robots\" content=\"index, follow, max-snippet:-1, max-image-preview:large, max-video-preview:-1\" \/>\n<link rel=\"canonical\" href=\"https:\/\/futbolhoy.co\/index.php\/2020\/04\/14\/nuevo-capitulo-en-la-novela-de-james-2\/\" \/>\n<meta property=\"og:locale\" content=\"es_ES\" \/>\n<meta property=\"og:type\" content=\"article\" \/>\n<meta property=\"og:title\" content=\"Nuevo capitulo en la novela de James -\" \/>\n<meta property=\"og:description\" content=\"El volante cucute\u00f1o James Rodr\u00edguez es uno de los jugadores latinoamericanos con mayor mercado por estos d\u00edas en los equipos europeos, ante su inminente salida del Real Madrid al final de la temporada. En las \u00faltimas horas, se asegur\u00f3 que James es firme candidato para llegar al Everton de Inglaterra, gracias a la presencia de [&hellip;]\" \/>\n<meta property=\"og:url\" content=\"https:\/\/futbolhoy.co\/index.php\/2020\/04\/14\/nuevo-capitulo-en-la-novela-de-james-2\/\" \/>\n<meta property=\"article:publisher\" content=\"https:\/\/www.facebook.com\/FutbolHoyCol\/\" \/>\n<meta property=\"article:published_time\" content=\"2020-04-14T14:00:33+00:00\" \/>\n<meta property=\"article:modified_time\" content=\"2020-04-15T14:19:02+00:00\" \/>\n<meta property=\"og:image\" content=\"https:\/\/futbolhoy.co\/wp-content\/uploads\/2019\/09\/James-vu.jpg\" \/>\n\t<meta property=\"og:image:width\" content=\"1024\" \/>\n\t<meta property=\"og:image:height\" content=\"875\" \/>\n\t<meta property=\"og:image:type\" content=\"image\/jpeg\" \/>\n<meta name=\"author\" content=\"Laura Hern\u00e1ndez\" \/>\n<meta name=\"twitter:card\" content=\"summary_large_image\" \/>\n<meta name=\"twitter:creator\" content=\"@FutbolHoyCol\" \/>\n<meta name=\"twitter:site\" content=\"@FutbolHoyCol\" \/>\n<meta name=\"twitter:label1\" content=\"Escrito por\" \/>\n\t<meta name=\"twitter:data1\" content=\"Laura Hern\u00e1ndez\" \/>\n\t<meta name=\"twitter:label2\" content=\"Tiempo de lectura\" \/>\n\t<meta name=\"twitter:data2\" content=\"1 minuto\" \/>\n<script type=\"application\/ld+json\" class=\"yoast-schema-graph\">{\"@context\":\"https:\/\/schema.org\",\"@graph\":[{\"@type\":\"Article\",\"@id\":\"https:\/\/futbolhoy.co\/index.php\/2020\/04\/14\/nuevo-capitulo-en-la-novela-de-james-2\/#article\",\"isPartOf\":{\"@id\":\"https:\/\/futbolhoy.co\/index.php\/2020\/04\/14\/nuevo-capitulo-en-la-novela-de-james-2\/\"},\"author\":{\"name\":\"Laura Hern\u00e1ndez\",\"@id\":\"https:\/\/futbolhoy.co\/#\/schema\/person\/c4a353a512b127643723a34bb1812f7d\"},\"headline\":\"Nuevo capitulo en la novela de James\",\"datePublished\":\"2020-04-14T14:00:33+00:00\",\"dateModified\":\"2020-04-15T14:19:02+00:00\",\"mainEntityOfPage\":{\"@id\":\"https:\/\/futbolhoy.co\/index.php\/2020\/04\/14\/nuevo-capitulo-en-la-novela-de-james-2\/\"},\"wordCount\":197,\"commentCount\":0,\"publisher\":{\"@id\":\"https:\/\/futbolhoy.co\/#organization\"},\"image\":{\"@id\":\"https:\/\/futbolhoy.co\/index.php\/2020\/04\/14\/nuevo-capitulo-en-la-novela-de-james-2\/#primaryimage\"},\"thumbnailUrl\":\"https:\/\/futbolhoy.co\/wp-content\/uploads\/2019\/09\/James-vu.jpg\",\"keywords\":[\"James Rodr\u00edguez\"],\"articleSection\":[\"Colombia\"],\"inLanguage\":\"es\",\"potentialAction\":[{\"@type\":\"CommentAction\",\"name\":\"Comment\",\"target\":[\"https:\/\/futbolhoy.co\/index.php\/2020\/04\/14\/nuevo-capitulo-en-la-novela-de-james-2\/#respond\"]}]},{\"@type\":\"WebPage\",\"@id\":\"https:\/\/futbolhoy.co\/index.php\/2020\/04\/14\/nuevo-capitulo-en-la-novela-de-james-2\/\",\"url\":\"https:\/\/futbolhoy.co\/index.php\/2020\/04\/14\/nuevo-capitulo-en-la-novela-de-james-2\/\",\"name\":\"Nuevo capitulo en la novela de James -\",\"isPartOf\":{\"@id\":\"https:\/\/futbolhoy.co\/#website\"},\"primaryImageOfPage\":{\"@id\":\"https:\/\/futbolhoy.co\/index.php\/2020\/04\/14\/nuevo-capitulo-en-la-novela-de-james-2\/#primaryimage\"},\"image\":{\"@id\":\"https:\/\/futbolhoy.co\/index.php\/2020\/04\/14\/nuevo-capitulo-en-la-novela-de-james-2\/#primaryimage\"},\"thumbnailUrl\":\"https:\/\/futbolhoy.co\/wp-content\/uploads\/2019\/09\/James-vu.jpg\",\"datePublished\":\"2020-04-14T14:00:33+00:00\",\"dateModified\":\"2020-04-15T14:19:02+00:00\",\"breadcrumb\":{\"@id\":\"https:\/\/futbolhoy.co\/index.php\/2020\/04\/14\/nuevo-capitulo-en-la-novela-de-james-2\/#breadcrumb\"},\"inLanguage\":\"es\",\"potentialAction\":[{\"@type\":\"ReadAction\",\"target\":[\"https:\/\/futbolhoy.co\/index.php\/2020\/04\/14\/nuevo-capitulo-en-la-novela-de-james-2\/\"]}]},{\"@type\":\"ImageObject\",\"inLanguage\":\"es\",\"@id\":\"https:\/\/futbolhoy.co\/index.php\/2020\/04\/14\/nuevo-capitulo-en-la-novela-de-james-2\/#primaryimage\",\"url\":\"https:\/\/futbolhoy.co\/wp-content\/uploads\/2019\/09\/James-vu.jpg\",\"contentUrl\":\"https:\/\/futbolhoy.co\/wp-content\/uploads\/2019\/09\/James-vu.jpg\",\"width\":1024,\"height\":875,\"caption\":\"@jamesdrodriguez\"},{\"@type\":\"BreadcrumbList\",\"@id\":\"https:\/\/futbolhoy.co\/index.php\/2020\/04\/14\/nuevo-capitulo-en-la-novela-de-james-2\/#breadcrumb\",\"itemListElement\":[{\"@type\":\"ListItem\",\"position\":1,\"name\":\"Portada\",\"item\":\"https:\/\/futbolhoy.co\/\"},{\"@type\":\"ListItem\",\"position\":2,\"name\":\"Nuevo capitulo en la novela de James\"}]},{\"@type\":\"WebSite\",\"@id\":\"https:\/\/futbolhoy.co\/#website\",\"url\":\"https:\/\/futbolhoy.co\/\",\"name\":\"FutbolHoy\",\"description\":\"\",\"publisher\":{\"@id\":\"https:\/\/futbolhoy.co\/#organization\"},\"potentialAction\":[{\"@type\":\"SearchAction\",\"target\":{\"@type\":\"EntryPoint\",\"urlTemplate\":\"https:\/\/futbolhoy.co\/?s={search_term_string}\"},\"query-input\":{\"@type\":\"PropertyValueSpecification\",\"valueRequired\":true,\"valueName\":\"search_term_string\"}}],\"inLanguage\":\"es\"},{\"@type\":\"Organization\",\"@id\":\"https:\/\/futbolhoy.co\/#organization\",\"name\":\"Futbolhoy.co\",\"url\":\"https:\/\/futbolhoy.co\/\",\"logo\":{\"@type\":\"ImageObject\",\"inLanguage\":\"es\",\"@id\":\"https:\/\/futbolhoy.co\/#\/schema\/logo\/image\/\",\"url\":\"https:\/\/futbolhoy.co\/wp-content\/uploads\/2018\/08\/17426380_1906371736249227_6326180412931521141_n.jpg\",\"contentUrl\":\"https:\/\/futbolhoy.co\/wp-content\/uploads\/2018\/08\/17426380_1906371736249227_6326180412931521141_n.jpg\",\"width\":960,\"height\":960,\"caption\":\"Futbolhoy.co\"},\"image\":{\"@id\":\"https:\/\/futbolhoy.co\/#\/schema\/logo\/image\/\"},\"sameAs\":[\"https:\/\/www.facebook.com\/FutbolHoyCol\/\",\"https:\/\/x.com\/FutbolHoyCol\",\"https:\/\/www.instagram.com\/futbolhoycol\/\"]},{\"@type\":\"Person\",\"@id\":\"https:\/\/futbolhoy.co\/#\/schema\/person\/c4a353a512b127643723a34bb1812f7d\",\"name\":\"Laura Hern\u00e1ndez\",\"image\":{\"@type\":\"ImageObject\",\"inLanguage\":\"es\",\"@id\":\"https:\/\/futbolhoy.co\/#\/schema\/person\/image\/\",\"url\":\"https:\/\/secure.gravatar.com\/avatar\/d25959a15b9b293a743f99181c7cfd01?s=96&d=mm&r=g\",\"contentUrl\":\"https:\/\/secure.gravatar.com\/avatar\/d25959a15b9b293a743f99181c7cfd01?s=96&d=mm&r=g\",\"caption\":\"Laura Hern\u00e1ndez\"}}]}<\/script>\n<!-- \/ Yoast SEO plugin. -->","yoast_head_json":{"title":"Nuevo capitulo en la novela de James -","robots":{"index":"index","follow":"follow","max-snippet":"max-snippet:-1","max-image-preview":"max-image-preview:large","max-video-preview":"max-video-preview:-1"},"canonical":"https:\/\/futbolhoy.co\/index.php\/2020\/04\/14\/nuevo-capitulo-en-la-novela-de-james-2\/","og_locale":"es_ES","og_type":"article","og_title":"Nuevo capitulo en la novela de James -","og_description":"El volante cucute\u00f1o James Rodr\u00edguez es uno de los jugadores latinoamericanos con mayor mercado por estos d\u00edas en los equipos europeos, ante su inminente salida del Real Madrid al final de la temporada. En las \u00faltimas horas, se asegur\u00f3 que James es firme candidato para llegar al Everton de Inglaterra, gracias a la presencia de [&hellip;]","og_url":"https:\/\/futbolhoy.co\/index.php\/2020\/04\/14\/nuevo-capitulo-en-la-novela-de-james-2\/","article_publisher":"https:\/\/www.facebook.com\/FutbolHoyCol\/","article_published_time":"2020-04-14T14:00:33+00:00","article_modified_time":"2020-04-15T14:19:02+00:00","og_image":[{"width":1024,"height":875,"url":"https:\/\/futbolhoy.co\/wp-content\/uploads\/2019\/09\/James-vu.jpg","type":"image\/jpeg"}],"author":"Laura Hern\u00e1ndez","twitter_card":"summary_large_image","twitter_creator":"@FutbolHoyCol","twitter_site":"@FutbolHoyCol","twitter_misc":{"Escrito por":"Laura Hern\u00e1ndez","Tiempo de lectura":"1 minuto"},"schema":{"@context":"https:\/\/schema.org","@graph":[{"@type":"Article","@id":"https:\/\/futbolhoy.co\/index.php\/2020\/04\/14\/nuevo-capitulo-en-la-novela-de-james-2\/#article","isPartOf":{"@id":"https:\/\/futbolhoy.co\/index.php\/2020\/04\/14\/nuevo-capitulo-en-la-novela-de-james-2\/"},"author":{"name":"Laura Hern\u00e1ndez","@id":"https:\/\/futbolhoy.co\/#\/schema\/person\/c4a353a512b127643723a34bb1812f7d"},"headline":"Nuevo capitulo en la novela de James","datePublished":"2020-04-14T14:00:33+00:00","dateModified":"2020-04-15T14:19:02+00:00","mainEntityOfPage":{"@id":"https:\/\/futbolhoy.co\/index.php\/2020\/04\/14\/nuevo-capitulo-en-la-novela-de-james-2\/"},"wordCount":197,"commentCount":0,"publisher":{"@id":"https:\/\/futbolhoy.co\/#organization"},"image":{"@id":"https:\/\/futbolhoy.co\/index.php\/2020\/04\/14\/nuevo-capitulo-en-la-novela-de-james-2\/#primaryimage"},"thumbnailUrl":"https:\/\/futbolhoy.co\/wp-content\/uploads\/2019\/09\/James-vu.jpg","keywords":["James Rodr\u00edguez"],"articleSection":["Colombia"],"inLanguage":"es","potentialAction":[{"@type":"CommentAction","name":"Comment","target":["https:\/\/futbolhoy.co\/index.php\/2020\/04\/14\/nuevo-capitulo-en-la-novela-de-james-2\/#respond"]}]},{"@type":"WebPage","@id":"https:\/\/futbolhoy.co\/index.php\/2020\/04\/14\/nuevo-capitulo-en-la-novela-de-james-2\/","url":"https:\/\/futbolhoy.co\/index.php\/2020\/04\/14\/nuevo-capitulo-en-la-novela-de-james-2\/","name":"Nuevo capitulo en la novela de James -","isPartOf":{"@id":"https:\/\/futbolhoy.co\/#website"},"primaryImageOfPage":{"@id":"https:\/\/futbolhoy.co\/index.php\/2020\/04\/14\/nuevo-capitulo-en-la-novela-de-james-2\/#primaryimage"},"image":{"@id":"https:\/\/futbolhoy.co\/index.php\/2020\/04\/14\/nuevo-capitulo-en-la-novela-de-james-2\/#primaryimage"},"thumbnailUrl":"https:\/\/futbolhoy.co\/wp-content\/uploads\/2019\/09\/James-vu.jpg","datePublished":"2020-04-14T14:00:33+00:00","dateModified":"2020-04-15T14:19:02+00:00","breadcrumb":{"@id":"https:\/\/futbolhoy.co\/index.php\/2020\/04\/14\/nuevo-capitulo-en-la-novela-de-james-2\/#breadcrumb"},"inLanguage":"es","potentialAction":[{"@type":"ReadAction","target":["https:\/\/futbolhoy.co\/index.php\/2020\/04\/14\/nuevo-capitulo-en-la-novela-de-james-2\/"]}]},{"@type":"ImageObject","inLanguage":"es","@id":"https:\/\/futbolhoy.co\/index.php\/2020\/04\/14\/nuevo-capitulo-en-la-novela-de-james-2\/#primaryimage","url":"https:\/\/futbolhoy.co\/wp-content\/uploads\/2019\/09\/James-vu.jpg","contentUrl":"https:\/\/futbolhoy.co\/wp-content\/uploads\/2019\/09\/James-vu.jpg","width":1024,"height":875,"caption":"@jamesdrodriguez"},{"@type":"BreadcrumbList","@id":"https:\/\/futbolhoy.co\/index.php\/2020\/04\/14\/nuevo-capitulo-en-la-novela-de-james-2\/#breadcrumb","itemListElement":[{"@type":"ListItem","position":1,"name":"Portada","item":"https:\/\/futbolhoy.co\/"},{"@type":"ListItem","position":2,"name":"Nuevo capitulo en la novela de James"}]},{"@type":"WebSite","@id":"https:\/\/futbolhoy.co\/#website","url":"https:\/\/futbolhoy.co\/","name":"FutbolHoy","description":"","publisher":{"@id":"https:\/\/futbolhoy.co\/#organization"},"potentialAction":[{"@type":"SearchAction","target":{"@type":"EntryPoint","urlTemplate":"https:\/\/futbolhoy.co\/?s={search_term_string}"},"query-input":{"@type":"PropertyValueSpecification","valueRequired":true,"valueName":"search_term_string"}}],"inLanguage":"es"},{"@type":"Organization","@id":"https:\/\/futbolhoy.co\/#organization","name":"Futbolhoy.co","url":"https:\/\/futbolhoy.co\/","logo":{"@type":"ImageObject","inLanguage":"es","@id":"https:\/\/futbolhoy.co\/#\/schema\/logo\/image\/","url":"https:\/\/futbolhoy.co\/wp-content\/uploads\/2018\/08\/17426380_1906371736249227_6326180412931521141_n.jpg","contentUrl":"https:\/\/futbolhoy.co\/wp-content\/uploads\/2018\/08\/17426380_1906371736249227_6326180412931521141_n.jpg","width":960,"height":960,"caption":"Futbolhoy.co"},"image":{"@id":"https:\/\/futbolhoy.co\/#\/schema\/logo\/image\/"},"sameAs":["https:\/\/www.facebook.com\/FutbolHoyCol\/","https:\/\/x.com\/FutbolHoyCol","https:\/\/www.instagram.com\/futbolhoycol\/"]},{"@type":"Person","@id":"https:\/\/futbolhoy.co\/#\/schema\/person\/c4a353a512b127643723a34bb1812f7d","name":"Laura Hern\u00e1ndez","image":{"@type":"ImageObject","inLanguage":"es","@id":"https:\/\/futbolhoy.co\/#\/schema\/person\/image\/","url":"https:\/\/secure.gravatar.com\/avatar\/d25959a15b9b293a743f99181c7cfd01?s=96&d=mm&r=g","contentUrl":"https:\/\/secure.gravatar.com\/avatar\/d25959a15b9b293a743f99181c7cfd01?s=96&d=mm&r=g","caption":"Laura Hern\u00e1ndez"}}]}},"publishpress_future_action":{"enabled":false,"date":"2026-05-04 17:21:16","action":"change-status","newStatus":"draft","terms":[],"taxonomy":"category","extraData":[]},"publishpress_future_workflow_manual_trigger":{"enabledWorkflows":[]},"_links":{"self":[{"href":"https:\/\/futbolhoy.co\/index.php\/wp-json\/wp\/v2\/posts\/50076","targetHints":{"allow":["GET"]}}],"collection":[{"href":"https:\/\/futbolhoy.co\/index.php\/wp-json\/wp\/v2\/posts"}],"about":[{"href":"https:\/\/futbolhoy.co\/index.php\/wp-json\/wp\/v2\/types\/post"}],"author":[{"embeddable":true,"href":"https:\/\/futbolhoy.co\/index.php\/wp-json\/wp\/v2\/users\/5"}],"replies":[{"embeddable":true,"href":"https:\/\/futbolhoy.co\/index.php\/wp-json\/wp\/v2\/comments?post=50076"}],"version-history":[{"count":1,"href":"https:\/\/futbolhoy.co\/index.php\/wp-json\/wp\/v2\/posts\/50076\/revisions"}],"predecessor-version":[{"id":50077,"href":"https:\/\/futbolhoy.co\/index.php\/wp-json\/wp\/v2\/posts\/50076\/revisions\/50077"}],"wp:featuredmedia":[{"embeddable":true,"href":"https:\/\/futbolhoy.co\/index.php\/wp-json\/wp\/v2\/media\/41196"}],"wp:attachment":[{"href":"https:\/\/futbolhoy.co\/index.php\/wp-json\/wp\/v2\/media?parent=50076"}],"wp:term":[{"taxonomy":"category","embeddable":true,"href":"https:\/\/futbolhoy.co\/index.php\/wp-json\/wp\/v2\/categories?post=50076"},{"taxonomy":"post_tag","embeddable":true,"href":"https:\/\/futbolhoy.co\/index.php\/wp-json\/wp\/v2\/tags?post=50076"}],"curies":[{"name":"wp","href":"https:\/\/api.w.org\/{rel}","templated":true}]}}