{"id":50079,"date":"2020-04-14T08:18:40","date_gmt":"2020-04-14T13:18:40","guid":{"rendered":"https:\/\/futbolhoy.co\/?p=50079"},"modified":"2020-04-14T16:39:24","modified_gmt":"2020-04-14T21:39:24","slug":"hinchas-del-medellin-siguen-en-buenos-aires","status":"publish","type":"post","link":"https:\/\/futbolhoy.co\/index.php\/2020\/04\/14\/hinchas-del-medellin-siguen-en-buenos-aires\/","title":{"rendered":"Hinchas del Medell\u00edn siguen en Buenos Aires"},"content":{"rendered":"<!--[if lt IE 9]><script>document.createElement('audio');<\/script><![endif]-->\n<audio class=\"wp-audio-shortcode\" id=\"audio-50079-1\" preload=\"none\" style=\"width: 100%;\" controls=\"controls\"><source type=\"audio\/mpeg\" src=\"https:\/\/futbolhoy.co\/wp-content\/uploads\/2020\/04\/ACERO-HINCHAS.mp3?_=1\" \/><a href=\"https:\/\/futbolhoy.co\/wp-content\/uploads\/2020\/04\/ACERO-HINCHAS.mp3\">https:\/\/futbolhoy.co\/wp-content\/uploads\/2020\/04\/ACERO-HINCHAS.mp3<\/a><\/audio>\n<p>(Hincha del Medell\u00edn, vocero de los aficionados atrapados en Argentina)<\/p>\n<p style=\"text-align: justify;\"><span style=\"font-family: helvetica, arial, sans-serif;\">Los hinchas del <strong>Independiente Medell\u00edn,<\/strong> que permanecen atrapados en <strong>Argentina<\/strong> por las medidas de aislamiento por el <strong>coronavirus<\/strong> tras asistir a un partido de <strong>Copa Libertadores,<\/strong> reiteraron su llamado a las autoridades colombianas para su repatriaci\u00f3n.<\/span><\/p>\n<p style=\"text-align: justify;\"><span style=\"font-family: helvetica, arial, sans-serif;\">\"Las autoridades argentinas nos est\u00e1n dando todo: la comida y el hotel. Pero nos dicen que la Canciller\u00eda colombiana no se ha reportado sobre nosotros. \u00bfQu\u00e9 est\u00e1 haciendo Colombia por nosotros? Si no es por la gente de Argentina, estar\u00edamos en la calle. Necesitamos que nos colaboren\", dijo uno de los seguidores en un video que publicaron en redes.<\/span><\/p>\n<p style=\"text-align: justify;\"><span style=\"font-family: helvetica, arial, sans-serif;\">El grupo de 16 fan\u00e1ticos viaj\u00f3 a Argentina a acompa\u00f1ar al equipo antioque\u00f1o en el compromiso frente a <strong>Boca Juniors,<\/strong> por la segunda fecha del <strong>Grupo H<\/strong> de <strong>Copa<\/strong>.<\/span><\/p>\n<p style=\"text-align: justify;\"><span style=\"font-family: helvetica, arial, sans-serif;\">El partido se disput\u00f3 en <strong>La Bombonera<\/strong> el pasado 10 de marzo.<\/span><\/p>\n","protected":false},"excerpt":{"rendered":"<p>(Hincha del Medell\u00edn, vocero de los aficionados atrapados en Argentina) Los hinchas del Independiente Medell\u00edn, que permanecen atrapados en Argentina por las medidas de aislamiento por el coronavirus tras asistir a un partido de Copa Libertadores, reiteraron su llamado a las autoridades colombianas para su repatriaci\u00f3n. \"Las autoridades argentinas nos est\u00e1n dando todo: la comida [&hellip;]<\/p>\n","protected":false},"author":5,"featured_media":42155,"comment_status":"open","ping_status":"open","sticky":false,"template":"","format":"video","meta":{"_acf_changed":false,"footnotes":""},"categories":[7],"tags":[115,228],"class_list":{"0":"post-50079","1":"post","2":"type-post","3":"status-publish","4":"format-video","5":"has-post-thumbnail","7":"category-liga-betplay","8":"tag-copa-libertadores","9":"tag-medellin","10":"post_format-post-format-video"},"acf":[],"yoast_head":"<!-- This site is optimized with the Yoast SEO plugin v26.8 - https:\/\/yoast.com\/product\/yoast-seo-wordpress\/ -->\n<title>Hinchas del Medell\u00edn siguen en Buenos Aires -<\/title>\n<meta name=\"robots\" content=\"index, follow, max-snippet:-1, max-image-preview:large, max-video-preview:-1\" \/>\n<link rel=\"canonical\" href=\"https:\/\/futbolhoy.co\/index.php\/2020\/04\/14\/hinchas-del-medellin-siguen-en-buenos-aires\/\" \/>\n<meta property=\"og:locale\" content=\"es_ES\" \/>\n<meta property=\"og:type\" content=\"article\" \/>\n<meta property=\"og:title\" content=\"Hinchas del Medell\u00edn siguen en Buenos Aires -\" \/>\n<meta property=\"og:description\" content=\"(Hincha del Medell\u00edn, vocero de los aficionados atrapados en Argentina) Los hinchas del Independiente Medell\u00edn, que permanecen atrapados en Argentina por las medidas de aislamiento por el coronavirus tras asistir a un partido de Copa Libertadores, reiteraron su llamado a las autoridades colombianas para su repatriaci\u00f3n. &quot;Las autoridades argentinas nos est\u00e1n dando todo: la comida [&hellip;]\" \/>\n<meta property=\"og:url\" content=\"https:\/\/futbolhoy.co\/index.php\/2020\/04\/14\/hinchas-del-medellin-siguen-en-buenos-aires\/\" \/>\n<meta property=\"article:publisher\" content=\"https:\/\/www.facebook.com\/FutbolHoyCol\/\" \/>\n<meta property=\"article:published_time\" content=\"2020-04-14T13:18:40+00:00\" \/>\n<meta property=\"article:modified_time\" content=\"2020-04-14T21:39:24+00:00\" \/>\n<meta property=\"og:image\" content=\"https:\/\/futbolhoy.co\/wp-content\/uploads\/2019\/10\/EGYpyQ5X0AgrHtc.jpg\" \/>\n\t<meta property=\"og:image:width\" content=\"1232\" \/>\n\t<meta property=\"og:image:height\" content=\"816\" \/>\n\t<meta property=\"og:image:type\" content=\"image\/jpeg\" \/>\n<meta name=\"author\" content=\"Laura Hern\u00e1ndez\" \/>\n<meta name=\"twitter:card\" content=\"summary_large_image\" \/>\n<meta name=\"twitter:creator\" content=\"@FutbolHoyCol\" \/>\n<meta name=\"twitter:site\" content=\"@FutbolHoyCol\" \/>\n<meta name=\"twitter:label1\" content=\"Escrito por\" \/>\n\t<meta name=\"twitter:data1\" content=\"Laura Hern\u00e1ndez\" \/>\n\t<meta name=\"twitter:label2\" content=\"Tiempo de lectura\" \/>\n\t<meta name=\"twitter:data2\" content=\"1 minuto\" \/>\n<script type=\"application\/ld+json\" class=\"yoast-schema-graph\">{\"@context\":\"https:\/\/schema.org\",\"@graph\":[{\"@type\":\"Article\",\"@id\":\"https:\/\/futbolhoy.co\/index.php\/2020\/04\/14\/hinchas-del-medellin-siguen-en-buenos-aires\/#article\",\"isPartOf\":{\"@id\":\"https:\/\/futbolhoy.co\/index.php\/2020\/04\/14\/hinchas-del-medellin-siguen-en-buenos-aires\/\"},\"author\":{\"name\":\"Laura Hern\u00e1ndez\",\"@id\":\"https:\/\/futbolhoy.co\/#\/schema\/person\/c4a353a512b127643723a34bb1812f7d\"},\"headline\":\"Hinchas del Medell\u00edn siguen en Buenos Aires\",\"datePublished\":\"2020-04-14T13:18:40+00:00\",\"dateModified\":\"2020-04-14T21:39:24+00:00\",\"mainEntityOfPage\":{\"@id\":\"https:\/\/futbolhoy.co\/index.php\/2020\/04\/14\/hinchas-del-medellin-siguen-en-buenos-aires\/\"},\"wordCount\":171,\"commentCount\":0,\"publisher\":{\"@id\":\"https:\/\/futbolhoy.co\/#organization\"},\"image\":{\"@id\":\"https:\/\/futbolhoy.co\/index.php\/2020\/04\/14\/hinchas-del-medellin-siguen-en-buenos-aires\/#primaryimage\"},\"thumbnailUrl\":\"https:\/\/futbolhoy.co\/wp-content\/uploads\/2019\/10\/EGYpyQ5X0AgrHtc.jpg\",\"keywords\":[\"Copa Libertadores\",\"Medell\u00edn\"],\"articleSection\":[\"Liga BetPlay\"],\"inLanguage\":\"es\",\"potentialAction\":[{\"@type\":\"CommentAction\",\"name\":\"Comment\",\"target\":[\"https:\/\/futbolhoy.co\/index.php\/2020\/04\/14\/hinchas-del-medellin-siguen-en-buenos-aires\/#respond\"]}]},{\"@type\":\"WebPage\",\"@id\":\"https:\/\/futbolhoy.co\/index.php\/2020\/04\/14\/hinchas-del-medellin-siguen-en-buenos-aires\/\",\"url\":\"https:\/\/futbolhoy.co\/index.php\/2020\/04\/14\/hinchas-del-medellin-siguen-en-buenos-aires\/\",\"name\":\"Hinchas del Medell\u00edn siguen en Buenos Aires -\",\"isPartOf\":{\"@id\":\"https:\/\/futbolhoy.co\/#website\"},\"primaryImageOfPage\":{\"@id\":\"https:\/\/futbolhoy.co\/index.php\/2020\/04\/14\/hinchas-del-medellin-siguen-en-buenos-aires\/#primaryimage\"},\"image\":{\"@id\":\"https:\/\/futbolhoy.co\/index.php\/2020\/04\/14\/hinchas-del-medellin-siguen-en-buenos-aires\/#primaryimage\"},\"thumbnailUrl\":\"https:\/\/futbolhoy.co\/wp-content\/uploads\/2019\/10\/EGYpyQ5X0AgrHtc.jpg\",\"datePublished\":\"2020-04-14T13:18:40+00:00\",\"dateModified\":\"2020-04-14T21:39:24+00:00\",\"breadcrumb\":{\"@id\":\"https:\/\/futbolhoy.co\/index.php\/2020\/04\/14\/hinchas-del-medellin-siguen-en-buenos-aires\/#breadcrumb\"},\"inLanguage\":\"es\",\"potentialAction\":[{\"@type\":\"ReadAction\",\"target\":[\"https:\/\/futbolhoy.co\/index.php\/2020\/04\/14\/hinchas-del-medellin-siguen-en-buenos-aires\/\"]}]},{\"@type\":\"ImageObject\",\"inLanguage\":\"es\",\"@id\":\"https:\/\/futbolhoy.co\/index.php\/2020\/04\/14\/hinchas-del-medellin-siguen-en-buenos-aires\/#primaryimage\",\"url\":\"https:\/\/futbolhoy.co\/wp-content\/uploads\/2019\/10\/EGYpyQ5X0AgrHtc.jpg\",\"contentUrl\":\"https:\/\/futbolhoy.co\/wp-content\/uploads\/2019\/10\/EGYpyQ5X0AgrHtc.jpg\",\"width\":1232,\"height\":816,\"caption\":\"Twitter @DIM_Oficial\"},{\"@type\":\"BreadcrumbList\",\"@id\":\"https:\/\/futbolhoy.co\/index.php\/2020\/04\/14\/hinchas-del-medellin-siguen-en-buenos-aires\/#breadcrumb\",\"itemListElement\":[{\"@type\":\"ListItem\",\"position\":1,\"name\":\"Portada\",\"item\":\"https:\/\/futbolhoy.co\/\"},{\"@type\":\"ListItem\",\"position\":2,\"name\":\"Hinchas del Medell\u00edn siguen en Buenos Aires\"}]},{\"@type\":\"WebSite\",\"@id\":\"https:\/\/futbolhoy.co\/#website\",\"url\":\"https:\/\/futbolhoy.co\/\",\"name\":\"FutbolHoy\",\"description\":\"\",\"publisher\":{\"@id\":\"https:\/\/futbolhoy.co\/#organization\"},\"potentialAction\":[{\"@type\":\"SearchAction\",\"target\":{\"@type\":\"EntryPoint\",\"urlTemplate\":\"https:\/\/futbolhoy.co\/?s={search_term_string}\"},\"query-input\":{\"@type\":\"PropertyValueSpecification\",\"valueRequired\":true,\"valueName\":\"search_term_string\"}}],\"inLanguage\":\"es\"},{\"@type\":\"Organization\",\"@id\":\"https:\/\/futbolhoy.co\/#organization\",\"name\":\"Futbolhoy.co\",\"url\":\"https:\/\/futbolhoy.co\/\",\"logo\":{\"@type\":\"ImageObject\",\"inLanguage\":\"es\",\"@id\":\"https:\/\/futbolhoy.co\/#\/schema\/logo\/image\/\",\"url\":\"https:\/\/futbolhoy.co\/wp-content\/uploads\/2018\/08\/17426380_1906371736249227_6326180412931521141_n.jpg\",\"contentUrl\":\"https:\/\/futbolhoy.co\/wp-content\/uploads\/2018\/08\/17426380_1906371736249227_6326180412931521141_n.jpg\",\"width\":960,\"height\":960,\"caption\":\"Futbolhoy.co\"},\"image\":{\"@id\":\"https:\/\/futbolhoy.co\/#\/schema\/logo\/image\/\"},\"sameAs\":[\"https:\/\/www.facebook.com\/FutbolHoyCol\/\",\"https:\/\/x.com\/FutbolHoyCol\",\"https:\/\/www.instagram.com\/futbolhoycol\/\"]},{\"@type\":\"Person\",\"@id\":\"https:\/\/futbolhoy.co\/#\/schema\/person\/c4a353a512b127643723a34bb1812f7d\",\"name\":\"Laura Hern\u00e1ndez\",\"image\":{\"@type\":\"ImageObject\",\"inLanguage\":\"es\",\"@id\":\"https:\/\/futbolhoy.co\/#\/schema\/person\/image\/\",\"url\":\"https:\/\/secure.gravatar.com\/avatar\/d25959a15b9b293a743f99181c7cfd01?s=96&d=mm&r=g\",\"contentUrl\":\"https:\/\/secure.gravatar.com\/avatar\/d25959a15b9b293a743f99181c7cfd01?s=96&d=mm&r=g\",\"caption\":\"Laura Hern\u00e1ndez\"}}]}<\/script>\n<!-- \/ Yoast SEO plugin. -->","yoast_head_json":{"title":"Hinchas del Medell\u00edn siguen en Buenos Aires -","robots":{"index":"index","follow":"follow","max-snippet":"max-snippet:-1","max-image-preview":"max-image-preview:large","max-video-preview":"max-video-preview:-1"},"canonical":"https:\/\/futbolhoy.co\/index.php\/2020\/04\/14\/hinchas-del-medellin-siguen-en-buenos-aires\/","og_locale":"es_ES","og_type":"article","og_title":"Hinchas del Medell\u00edn siguen en Buenos Aires -","og_description":"(Hincha del Medell\u00edn, vocero de los aficionados atrapados en Argentina) Los hinchas del Independiente Medell\u00edn, que permanecen atrapados en Argentina por las medidas de aislamiento por el coronavirus tras asistir a un partido de Copa Libertadores, reiteraron su llamado a las autoridades colombianas para su repatriaci\u00f3n. \"Las autoridades argentinas nos est\u00e1n dando todo: la comida [&hellip;]","og_url":"https:\/\/futbolhoy.co\/index.php\/2020\/04\/14\/hinchas-del-medellin-siguen-en-buenos-aires\/","article_publisher":"https:\/\/www.facebook.com\/FutbolHoyCol\/","article_published_time":"2020-04-14T13:18:40+00:00","article_modified_time":"2020-04-14T21:39:24+00:00","og_image":[{"width":1232,"height":816,"url":"https:\/\/futbolhoy.co\/wp-content\/uploads\/2019\/10\/EGYpyQ5X0AgrHtc.jpg","type":"image\/jpeg"}],"author":"Laura Hern\u00e1ndez","twitter_card":"summary_large_image","twitter_creator":"@FutbolHoyCol","twitter_site":"@FutbolHoyCol","twitter_misc":{"Escrito por":"Laura Hern\u00e1ndez","Tiempo de lectura":"1 minuto"},"schema":{"@context":"https:\/\/schema.org","@graph":[{"@type":"Article","@id":"https:\/\/futbolhoy.co\/index.php\/2020\/04\/14\/hinchas-del-medellin-siguen-en-buenos-aires\/#article","isPartOf":{"@id":"https:\/\/futbolhoy.co\/index.php\/2020\/04\/14\/hinchas-del-medellin-siguen-en-buenos-aires\/"},"author":{"name":"Laura Hern\u00e1ndez","@id":"https:\/\/futbolhoy.co\/#\/schema\/person\/c4a353a512b127643723a34bb1812f7d"},"headline":"Hinchas del Medell\u00edn siguen en Buenos Aires","datePublished":"2020-04-14T13:18:40+00:00","dateModified":"2020-04-14T21:39:24+00:00","mainEntityOfPage":{"@id":"https:\/\/futbolhoy.co\/index.php\/2020\/04\/14\/hinchas-del-medellin-siguen-en-buenos-aires\/"},"wordCount":171,"commentCount":0,"publisher":{"@id":"https:\/\/futbolhoy.co\/#organization"},"image":{"@id":"https:\/\/futbolhoy.co\/index.php\/2020\/04\/14\/hinchas-del-medellin-siguen-en-buenos-aires\/#primaryimage"},"thumbnailUrl":"https:\/\/futbolhoy.co\/wp-content\/uploads\/2019\/10\/EGYpyQ5X0AgrHtc.jpg","keywords":["Copa Libertadores","Medell\u00edn"],"articleSection":["Liga BetPlay"],"inLanguage":"es","potentialAction":[{"@type":"CommentAction","name":"Comment","target":["https:\/\/futbolhoy.co\/index.php\/2020\/04\/14\/hinchas-del-medellin-siguen-en-buenos-aires\/#respond"]}]},{"@type":"WebPage","@id":"https:\/\/futbolhoy.co\/index.php\/2020\/04\/14\/hinchas-del-medellin-siguen-en-buenos-aires\/","url":"https:\/\/futbolhoy.co\/index.php\/2020\/04\/14\/hinchas-del-medellin-siguen-en-buenos-aires\/","name":"Hinchas del Medell\u00edn siguen en Buenos Aires -","isPartOf":{"@id":"https:\/\/futbolhoy.co\/#website"},"primaryImageOfPage":{"@id":"https:\/\/futbolhoy.co\/index.php\/2020\/04\/14\/hinchas-del-medellin-siguen-en-buenos-aires\/#primaryimage"},"image":{"@id":"https:\/\/futbolhoy.co\/index.php\/2020\/04\/14\/hinchas-del-medellin-siguen-en-buenos-aires\/#primaryimage"},"thumbnailUrl":"https:\/\/futbolhoy.co\/wp-content\/uploads\/2019\/10\/EGYpyQ5X0AgrHtc.jpg","datePublished":"2020-04-14T13:18:40+00:00","dateModified":"2020-04-14T21:39:24+00:00","breadcrumb":{"@id":"https:\/\/futbolhoy.co\/index.php\/2020\/04\/14\/hinchas-del-medellin-siguen-en-buenos-aires\/#breadcrumb"},"inLanguage":"es","potentialAction":[{"@type":"ReadAction","target":["https:\/\/futbolhoy.co\/index.php\/2020\/04\/14\/hinchas-del-medellin-siguen-en-buenos-aires\/"]}]},{"@type":"ImageObject","inLanguage":"es","@id":"https:\/\/futbolhoy.co\/index.php\/2020\/04\/14\/hinchas-del-medellin-siguen-en-buenos-aires\/#primaryimage","url":"https:\/\/futbolhoy.co\/wp-content\/uploads\/2019\/10\/EGYpyQ5X0AgrHtc.jpg","contentUrl":"https:\/\/futbolhoy.co\/wp-content\/uploads\/2019\/10\/EGYpyQ5X0AgrHtc.jpg","width":1232,"height":816,"caption":"Twitter @DIM_Oficial"},{"@type":"BreadcrumbList","@id":"https:\/\/futbolhoy.co\/index.php\/2020\/04\/14\/hinchas-del-medellin-siguen-en-buenos-aires\/#breadcrumb","itemListElement":[{"@type":"ListItem","position":1,"name":"Portada","item":"https:\/\/futbolhoy.co\/"},{"@type":"ListItem","position":2,"name":"Hinchas del Medell\u00edn siguen en Buenos Aires"}]},{"@type":"WebSite","@id":"https:\/\/futbolhoy.co\/#website","url":"https:\/\/futbolhoy.co\/","name":"FutbolHoy","description":"","publisher":{"@id":"https:\/\/futbolhoy.co\/#organization"},"potentialAction":[{"@type":"SearchAction","target":{"@type":"EntryPoint","urlTemplate":"https:\/\/futbolhoy.co\/?s={search_term_string}"},"query-input":{"@type":"PropertyValueSpecification","valueRequired":true,"valueName":"search_term_string"}}],"inLanguage":"es"},{"@type":"Organization","@id":"https:\/\/futbolhoy.co\/#organization","name":"Futbolhoy.co","url":"https:\/\/futbolhoy.co\/","logo":{"@type":"ImageObject","inLanguage":"es","@id":"https:\/\/futbolhoy.co\/#\/schema\/logo\/image\/","url":"https:\/\/futbolhoy.co\/wp-content\/uploads\/2018\/08\/17426380_1906371736249227_6326180412931521141_n.jpg","contentUrl":"https:\/\/futbolhoy.co\/wp-content\/uploads\/2018\/08\/17426380_1906371736249227_6326180412931521141_n.jpg","width":960,"height":960,"caption":"Futbolhoy.co"},"image":{"@id":"https:\/\/futbolhoy.co\/#\/schema\/logo\/image\/"},"sameAs":["https:\/\/www.facebook.com\/FutbolHoyCol\/","https:\/\/x.com\/FutbolHoyCol","https:\/\/www.instagram.com\/futbolhoycol\/"]},{"@type":"Person","@id":"https:\/\/futbolhoy.co\/#\/schema\/person\/c4a353a512b127643723a34bb1812f7d","name":"Laura Hern\u00e1ndez","image":{"@type":"ImageObject","inLanguage":"es","@id":"https:\/\/futbolhoy.co\/#\/schema\/person\/image\/","url":"https:\/\/secure.gravatar.com\/avatar\/d25959a15b9b293a743f99181c7cfd01?s=96&d=mm&r=g","contentUrl":"https:\/\/secure.gravatar.com\/avatar\/d25959a15b9b293a743f99181c7cfd01?s=96&d=mm&r=g","caption":"Laura Hern\u00e1ndez"}}]}},"publishpress_future_action":{"enabled":false,"date":"2026-05-04 14:37:49","action":"change-status","newStatus":"draft","terms":[],"taxonomy":"category","extraData":[]},"publishpress_future_workflow_manual_trigger":{"enabledWorkflows":[]},"_links":{"self":[{"href":"https:\/\/futbolhoy.co\/index.php\/wp-json\/wp\/v2\/posts\/50079","targetHints":{"allow":["GET"]}}],"collection":[{"href":"https:\/\/futbolhoy.co\/index.php\/wp-json\/wp\/v2\/posts"}],"about":[{"href":"https:\/\/futbolhoy.co\/index.php\/wp-json\/wp\/v2\/types\/post"}],"author":[{"embeddable":true,"href":"https:\/\/futbolhoy.co\/index.php\/wp-json\/wp\/v2\/users\/5"}],"replies":[{"embeddable":true,"href":"https:\/\/futbolhoy.co\/index.php\/wp-json\/wp\/v2\/comments?post=50079"}],"version-history":[{"count":1,"href":"https:\/\/futbolhoy.co\/index.php\/wp-json\/wp\/v2\/posts\/50079\/revisions"}],"predecessor-version":[{"id":50081,"href":"https:\/\/futbolhoy.co\/index.php\/wp-json\/wp\/v2\/posts\/50079\/revisions\/50081"}],"wp:featuredmedia":[{"embeddable":true,"href":"https:\/\/futbolhoy.co\/index.php\/wp-json\/wp\/v2\/media\/42155"}],"wp:attachment":[{"href":"https:\/\/futbolhoy.co\/index.php\/wp-json\/wp\/v2\/media?parent=50079"}],"wp:term":[{"taxonomy":"category","embeddable":true,"href":"https:\/\/futbolhoy.co\/index.php\/wp-json\/wp\/v2\/categories?post=50079"},{"taxonomy":"post_tag","embeddable":true,"href":"https:\/\/futbolhoy.co\/index.php\/wp-json\/wp\/v2\/tags?post=50079"}],"curies":[{"name":"wp","href":"https:\/\/api.w.org\/{rel}","templated":true}]}}