{"id":50100,"date":"2020-04-15T09:02:38","date_gmt":"2020-04-15T14:02:38","guid":{"rendered":"https:\/\/futbolhoy.co\/?p=50100"},"modified":"2020-04-16T10:02:12","modified_gmt":"2020-04-16T15:02:12","slug":"hoy-no-podria-jugar-en-river-plate-teo","status":"publish","type":"post","link":"https:\/\/futbolhoy.co\/index.php\/2020\/04\/15\/hoy-no-podria-jugar-en-river-plate-teo\/","title":{"rendered":"Hoy no podr\u00eda jugar en River Plate: Teo"},"content":{"rendered":"<!--[if lt IE 9]><script>document.createElement('audio');<\/script><![endif]-->\n<audio class=\"wp-audio-shortcode\" id=\"audio-50100-1\" preload=\"none\" style=\"width: 100%;\" controls=\"controls\"><source type=\"audio\/mpeg\" src=\"https:\/\/futbolhoy.co\/wp-content\/uploads\/2020\/04\/ACERO-TEOFILO.mp3?_=1\" \/><a href=\"https:\/\/futbolhoy.co\/wp-content\/uploads\/2020\/04\/ACERO-TEOFILO.mp3\">https:\/\/futbolhoy.co\/wp-content\/uploads\/2020\/04\/ACERO-TEOFILO.mp3<\/a><\/audio>\n<p>(Te\u00f3filo Guti\u00e9rrez en TyC Sports)<\/p>\n<p style=\"text-align: justify;\"><span style=\"font-family: helvetica, arial, sans-serif;\">El goleador colombiano <strong>Te\u00f3filo Guti\u00e9rrez<\/strong> consider\u00f3 que ser\u00e1 muy dif\u00edcil que hoy pueda jugar con <strong>River Plate<\/strong>, porque su t\u00e9cnico, <strong>Marcelo<\/strong> <strong>Gallardo<\/strong>, es muy exigente y lo hace con futbolistas j\u00f3venes.<\/span><\/p>\n<p style=\"text-align: justify;\"><span style=\"font-family: helvetica, arial, sans-serif;\">\"Es dif\u00edcil llegar a River en estos momentos. No creo que se pueda dar porque Gallardo es un tipo muy estricto en su trabajo, le gusta exigir mucho, le gustan los jugadores j\u00f3venes, los cuales le pueden dar ese f\u00fatbol que necesita el club. Sin embargo, los jugadores con buena t\u00e9cnica y de experiencia tambi\u00e9n ganan t\u00edtulos internacionales. Nos ponemos a ver y algunos que han ganado la <strong>Copa<\/strong> tienen 35, 36 y 37 a\u00f1os. Quiero decirle que para quien sabe, el f\u00fatbol no ha pasado de moda y Dios permita volver all\u00e1 en la mejor condici\u00f3n f\u00edsica, o sino hacerlo como entrenador\u201d, puntualiz\u00f3 \u2018Teo\u2019 en dialogo con <em>TyC Sports<\/em> de<strong> Buenos Aires<\/strong>.<\/span><\/p>\n<p style=\"text-align: justify;\"><span style=\"font-family: helvetica, arial, sans-serif;\">El colombiano, que jug\u00f3 en River Plate entre julio del 2013 y agosto del 2015, particip\u00f3 en los t\u00edtulos de <strong>Liga, Copa Argentina y Copa Sudamericana de 2014, Recopa y Copa Libertadores de 2015.<\/strong><\/span><\/p>\n","protected":false},"excerpt":{"rendered":"<p>(Te\u00f3filo Guti\u00e9rrez en TyC Sports) El goleador colombiano Te\u00f3filo Guti\u00e9rrez consider\u00f3 que ser\u00e1 muy dif\u00edcil que hoy pueda jugar con River Plate, porque su t\u00e9cnico, Marcelo Gallardo, es muy exigente y lo hace con futbolistas j\u00f3venes. \"Es dif\u00edcil llegar a River en estos momentos. No creo que se pueda dar porque Gallardo es un tipo [&hellip;]<\/p>\n","protected":false},"author":5,"featured_media":37005,"comment_status":"open","ping_status":"open","sticky":false,"template":"","format":"video","meta":{"_acf_changed":false,"footnotes":""},"categories":[152],"tags":[84,689],"class_list":{"0":"post-50100","1":"post","2":"type-post","3":"status-publish","4":"format-video","5":"has-post-thumbnail","7":"category-mundo-futbol","8":"tag-river-plate","9":"tag-teofilo-gutierrez","10":"post_format-post-format-video"},"acf":[],"yoast_head":"<!-- This site is optimized with the Yoast SEO plugin v26.8 - https:\/\/yoast.com\/product\/yoast-seo-wordpress\/ -->\n<title>Hoy no podr\u00eda jugar en River Plate: Teo -<\/title>\n<meta name=\"robots\" content=\"index, follow, max-snippet:-1, max-image-preview:large, max-video-preview:-1\" \/>\n<link rel=\"canonical\" href=\"https:\/\/futbolhoy.co\/index.php\/2020\/04\/15\/hoy-no-podria-jugar-en-river-plate-teo\/\" \/>\n<meta property=\"og:locale\" content=\"es_ES\" \/>\n<meta property=\"og:type\" content=\"article\" \/>\n<meta property=\"og:title\" content=\"Hoy no podr\u00eda jugar en River Plate: Teo -\" \/>\n<meta property=\"og:description\" content=\"(Te\u00f3filo Guti\u00e9rrez en TyC Sports) El goleador colombiano Te\u00f3filo Guti\u00e9rrez consider\u00f3 que ser\u00e1 muy dif\u00edcil que hoy pueda jugar con River Plate, porque su t\u00e9cnico, Marcelo Gallardo, es muy exigente y lo hace con futbolistas j\u00f3venes. &quot;Es dif\u00edcil llegar a River en estos momentos. No creo que se pueda dar porque Gallardo es un tipo [&hellip;]\" \/>\n<meta property=\"og:url\" content=\"https:\/\/futbolhoy.co\/index.php\/2020\/04\/15\/hoy-no-podria-jugar-en-river-plate-teo\/\" \/>\n<meta property=\"article:publisher\" content=\"https:\/\/www.facebook.com\/FutbolHoyCol\/\" \/>\n<meta property=\"article:published_time\" content=\"2020-04-15T14:02:38+00:00\" \/>\n<meta property=\"article:modified_time\" content=\"2020-04-16T15:02:12+00:00\" \/>\n<meta property=\"og:image\" content=\"https:\/\/futbolhoy.co\/wp-content\/uploads\/2019\/06\/Teo.jpg\" \/>\n\t<meta property=\"og:image:width\" content=\"680\" \/>\n\t<meta property=\"og:image:height\" content=\"454\" \/>\n\t<meta property=\"og:image:type\" content=\"image\/jpeg\" \/>\n<meta name=\"author\" content=\"Laura Hern\u00e1ndez\" \/>\n<meta name=\"twitter:card\" content=\"summary_large_image\" \/>\n<meta name=\"twitter:creator\" content=\"@FutbolHoyCol\" \/>\n<meta name=\"twitter:site\" content=\"@FutbolHoyCol\" \/>\n<meta name=\"twitter:label1\" content=\"Escrito por\" \/>\n\t<meta name=\"twitter:data1\" content=\"Laura Hern\u00e1ndez\" \/>\n\t<meta name=\"twitter:label2\" content=\"Tiempo de lectura\" \/>\n\t<meta name=\"twitter:data2\" content=\"1 minuto\" \/>\n<script type=\"application\/ld+json\" class=\"yoast-schema-graph\">{\"@context\":\"https:\/\/schema.org\",\"@graph\":[{\"@type\":\"Article\",\"@id\":\"https:\/\/futbolhoy.co\/index.php\/2020\/04\/15\/hoy-no-podria-jugar-en-river-plate-teo\/#article\",\"isPartOf\":{\"@id\":\"https:\/\/futbolhoy.co\/index.php\/2020\/04\/15\/hoy-no-podria-jugar-en-river-plate-teo\/\"},\"author\":{\"name\":\"Laura Hern\u00e1ndez\",\"@id\":\"https:\/\/futbolhoy.co\/#\/schema\/person\/c4a353a512b127643723a34bb1812f7d\"},\"headline\":\"Hoy no podr\u00eda jugar en River Plate: Teo\",\"datePublished\":\"2020-04-15T14:02:38+00:00\",\"dateModified\":\"2020-04-16T15:02:12+00:00\",\"mainEntityOfPage\":{\"@id\":\"https:\/\/futbolhoy.co\/index.php\/2020\/04\/15\/hoy-no-podria-jugar-en-river-plate-teo\/\"},\"wordCount\":213,\"commentCount\":0,\"publisher\":{\"@id\":\"https:\/\/futbolhoy.co\/#organization\"},\"image\":{\"@id\":\"https:\/\/futbolhoy.co\/index.php\/2020\/04\/15\/hoy-no-podria-jugar-en-river-plate-teo\/#primaryimage\"},\"thumbnailUrl\":\"https:\/\/futbolhoy.co\/wp-content\/uploads\/2019\/06\/Teo.jpg\",\"keywords\":[\"River Plate\",\"Te\u00f3filo Guti\u00e9rrez\"],\"articleSection\":[\"Mundo Futbol\"],\"inLanguage\":\"es\",\"potentialAction\":[{\"@type\":\"CommentAction\",\"name\":\"Comment\",\"target\":[\"https:\/\/futbolhoy.co\/index.php\/2020\/04\/15\/hoy-no-podria-jugar-en-river-plate-teo\/#respond\"]}]},{\"@type\":\"WebPage\",\"@id\":\"https:\/\/futbolhoy.co\/index.php\/2020\/04\/15\/hoy-no-podria-jugar-en-river-plate-teo\/\",\"url\":\"https:\/\/futbolhoy.co\/index.php\/2020\/04\/15\/hoy-no-podria-jugar-en-river-plate-teo\/\",\"name\":\"Hoy no podr\u00eda jugar en River Plate: Teo -\",\"isPartOf\":{\"@id\":\"https:\/\/futbolhoy.co\/#website\"},\"primaryImageOfPage\":{\"@id\":\"https:\/\/futbolhoy.co\/index.php\/2020\/04\/15\/hoy-no-podria-jugar-en-river-plate-teo\/#primaryimage\"},\"image\":{\"@id\":\"https:\/\/futbolhoy.co\/index.php\/2020\/04\/15\/hoy-no-podria-jugar-en-river-plate-teo\/#primaryimage\"},\"thumbnailUrl\":\"https:\/\/futbolhoy.co\/wp-content\/uploads\/2019\/06\/Teo.jpg\",\"datePublished\":\"2020-04-15T14:02:38+00:00\",\"dateModified\":\"2020-04-16T15:02:12+00:00\",\"breadcrumb\":{\"@id\":\"https:\/\/futbolhoy.co\/index.php\/2020\/04\/15\/hoy-no-podria-jugar-en-river-plate-teo\/#breadcrumb\"},\"inLanguage\":\"es\",\"potentialAction\":[{\"@type\":\"ReadAction\",\"target\":[\"https:\/\/futbolhoy.co\/index.php\/2020\/04\/15\/hoy-no-podria-jugar-en-river-plate-teo\/\"]}]},{\"@type\":\"ImageObject\",\"inLanguage\":\"es\",\"@id\":\"https:\/\/futbolhoy.co\/index.php\/2020\/04\/15\/hoy-no-podria-jugar-en-river-plate-teo\/#primaryimage\",\"url\":\"https:\/\/futbolhoy.co\/wp-content\/uploads\/2019\/06\/Teo.jpg\",\"contentUrl\":\"https:\/\/futbolhoy.co\/wp-content\/uploads\/2019\/06\/Teo.jpg\",\"width\":680,\"height\":454,\"caption\":\"@juniorclubsa\"},{\"@type\":\"BreadcrumbList\",\"@id\":\"https:\/\/futbolhoy.co\/index.php\/2020\/04\/15\/hoy-no-podria-jugar-en-river-plate-teo\/#breadcrumb\",\"itemListElement\":[{\"@type\":\"ListItem\",\"position\":1,\"name\":\"Portada\",\"item\":\"https:\/\/futbolhoy.co\/\"},{\"@type\":\"ListItem\",\"position\":2,\"name\":\"Hoy no podr\u00eda jugar en River Plate: Teo\"}]},{\"@type\":\"WebSite\",\"@id\":\"https:\/\/futbolhoy.co\/#website\",\"url\":\"https:\/\/futbolhoy.co\/\",\"name\":\"FutbolHoy\",\"description\":\"\",\"publisher\":{\"@id\":\"https:\/\/futbolhoy.co\/#organization\"},\"potentialAction\":[{\"@type\":\"SearchAction\",\"target\":{\"@type\":\"EntryPoint\",\"urlTemplate\":\"https:\/\/futbolhoy.co\/?s={search_term_string}\"},\"query-input\":{\"@type\":\"PropertyValueSpecification\",\"valueRequired\":true,\"valueName\":\"search_term_string\"}}],\"inLanguage\":\"es\"},{\"@type\":\"Organization\",\"@id\":\"https:\/\/futbolhoy.co\/#organization\",\"name\":\"Futbolhoy.co\",\"url\":\"https:\/\/futbolhoy.co\/\",\"logo\":{\"@type\":\"ImageObject\",\"inLanguage\":\"es\",\"@id\":\"https:\/\/futbolhoy.co\/#\/schema\/logo\/image\/\",\"url\":\"https:\/\/futbolhoy.co\/wp-content\/uploads\/2018\/08\/17426380_1906371736249227_6326180412931521141_n.jpg\",\"contentUrl\":\"https:\/\/futbolhoy.co\/wp-content\/uploads\/2018\/08\/17426380_1906371736249227_6326180412931521141_n.jpg\",\"width\":960,\"height\":960,\"caption\":\"Futbolhoy.co\"},\"image\":{\"@id\":\"https:\/\/futbolhoy.co\/#\/schema\/logo\/image\/\"},\"sameAs\":[\"https:\/\/www.facebook.com\/FutbolHoyCol\/\",\"https:\/\/x.com\/FutbolHoyCol\",\"https:\/\/www.instagram.com\/futbolhoycol\/\"]},{\"@type\":\"Person\",\"@id\":\"https:\/\/futbolhoy.co\/#\/schema\/person\/c4a353a512b127643723a34bb1812f7d\",\"name\":\"Laura Hern\u00e1ndez\",\"image\":{\"@type\":\"ImageObject\",\"inLanguage\":\"es\",\"@id\":\"https:\/\/futbolhoy.co\/#\/schema\/person\/image\/\",\"url\":\"https:\/\/secure.gravatar.com\/avatar\/d25959a15b9b293a743f99181c7cfd01?s=96&d=mm&r=g\",\"contentUrl\":\"https:\/\/secure.gravatar.com\/avatar\/d25959a15b9b293a743f99181c7cfd01?s=96&d=mm&r=g\",\"caption\":\"Laura Hern\u00e1ndez\"}}]}<\/script>\n<!-- \/ Yoast SEO plugin. -->","yoast_head_json":{"title":"Hoy no podr\u00eda jugar en River Plate: Teo -","robots":{"index":"index","follow":"follow","max-snippet":"max-snippet:-1","max-image-preview":"max-image-preview:large","max-video-preview":"max-video-preview:-1"},"canonical":"https:\/\/futbolhoy.co\/index.php\/2020\/04\/15\/hoy-no-podria-jugar-en-river-plate-teo\/","og_locale":"es_ES","og_type":"article","og_title":"Hoy no podr\u00eda jugar en River Plate: Teo -","og_description":"(Te\u00f3filo Guti\u00e9rrez en TyC Sports) El goleador colombiano Te\u00f3filo Guti\u00e9rrez consider\u00f3 que ser\u00e1 muy dif\u00edcil que hoy pueda jugar con River Plate, porque su t\u00e9cnico, Marcelo Gallardo, es muy exigente y lo hace con futbolistas j\u00f3venes. \"Es dif\u00edcil llegar a River en estos momentos. No creo que se pueda dar porque Gallardo es un tipo [&hellip;]","og_url":"https:\/\/futbolhoy.co\/index.php\/2020\/04\/15\/hoy-no-podria-jugar-en-river-plate-teo\/","article_publisher":"https:\/\/www.facebook.com\/FutbolHoyCol\/","article_published_time":"2020-04-15T14:02:38+00:00","article_modified_time":"2020-04-16T15:02:12+00:00","og_image":[{"width":680,"height":454,"url":"https:\/\/futbolhoy.co\/wp-content\/uploads\/2019\/06\/Teo.jpg","type":"image\/jpeg"}],"author":"Laura Hern\u00e1ndez","twitter_card":"summary_large_image","twitter_creator":"@FutbolHoyCol","twitter_site":"@FutbolHoyCol","twitter_misc":{"Escrito por":"Laura Hern\u00e1ndez","Tiempo de lectura":"1 minuto"},"schema":{"@context":"https:\/\/schema.org","@graph":[{"@type":"Article","@id":"https:\/\/futbolhoy.co\/index.php\/2020\/04\/15\/hoy-no-podria-jugar-en-river-plate-teo\/#article","isPartOf":{"@id":"https:\/\/futbolhoy.co\/index.php\/2020\/04\/15\/hoy-no-podria-jugar-en-river-plate-teo\/"},"author":{"name":"Laura Hern\u00e1ndez","@id":"https:\/\/futbolhoy.co\/#\/schema\/person\/c4a353a512b127643723a34bb1812f7d"},"headline":"Hoy no podr\u00eda jugar en River Plate: Teo","datePublished":"2020-04-15T14:02:38+00:00","dateModified":"2020-04-16T15:02:12+00:00","mainEntityOfPage":{"@id":"https:\/\/futbolhoy.co\/index.php\/2020\/04\/15\/hoy-no-podria-jugar-en-river-plate-teo\/"},"wordCount":213,"commentCount":0,"publisher":{"@id":"https:\/\/futbolhoy.co\/#organization"},"image":{"@id":"https:\/\/futbolhoy.co\/index.php\/2020\/04\/15\/hoy-no-podria-jugar-en-river-plate-teo\/#primaryimage"},"thumbnailUrl":"https:\/\/futbolhoy.co\/wp-content\/uploads\/2019\/06\/Teo.jpg","keywords":["River Plate","Te\u00f3filo Guti\u00e9rrez"],"articleSection":["Mundo Futbol"],"inLanguage":"es","potentialAction":[{"@type":"CommentAction","name":"Comment","target":["https:\/\/futbolhoy.co\/index.php\/2020\/04\/15\/hoy-no-podria-jugar-en-river-plate-teo\/#respond"]}]},{"@type":"WebPage","@id":"https:\/\/futbolhoy.co\/index.php\/2020\/04\/15\/hoy-no-podria-jugar-en-river-plate-teo\/","url":"https:\/\/futbolhoy.co\/index.php\/2020\/04\/15\/hoy-no-podria-jugar-en-river-plate-teo\/","name":"Hoy no podr\u00eda jugar en River Plate: Teo -","isPartOf":{"@id":"https:\/\/futbolhoy.co\/#website"},"primaryImageOfPage":{"@id":"https:\/\/futbolhoy.co\/index.php\/2020\/04\/15\/hoy-no-podria-jugar-en-river-plate-teo\/#primaryimage"},"image":{"@id":"https:\/\/futbolhoy.co\/index.php\/2020\/04\/15\/hoy-no-podria-jugar-en-river-plate-teo\/#primaryimage"},"thumbnailUrl":"https:\/\/futbolhoy.co\/wp-content\/uploads\/2019\/06\/Teo.jpg","datePublished":"2020-04-15T14:02:38+00:00","dateModified":"2020-04-16T15:02:12+00:00","breadcrumb":{"@id":"https:\/\/futbolhoy.co\/index.php\/2020\/04\/15\/hoy-no-podria-jugar-en-river-plate-teo\/#breadcrumb"},"inLanguage":"es","potentialAction":[{"@type":"ReadAction","target":["https:\/\/futbolhoy.co\/index.php\/2020\/04\/15\/hoy-no-podria-jugar-en-river-plate-teo\/"]}]},{"@type":"ImageObject","inLanguage":"es","@id":"https:\/\/futbolhoy.co\/index.php\/2020\/04\/15\/hoy-no-podria-jugar-en-river-plate-teo\/#primaryimage","url":"https:\/\/futbolhoy.co\/wp-content\/uploads\/2019\/06\/Teo.jpg","contentUrl":"https:\/\/futbolhoy.co\/wp-content\/uploads\/2019\/06\/Teo.jpg","width":680,"height":454,"caption":"@juniorclubsa"},{"@type":"BreadcrumbList","@id":"https:\/\/futbolhoy.co\/index.php\/2020\/04\/15\/hoy-no-podria-jugar-en-river-plate-teo\/#breadcrumb","itemListElement":[{"@type":"ListItem","position":1,"name":"Portada","item":"https:\/\/futbolhoy.co\/"},{"@type":"ListItem","position":2,"name":"Hoy no podr\u00eda jugar en River Plate: Teo"}]},{"@type":"WebSite","@id":"https:\/\/futbolhoy.co\/#website","url":"https:\/\/futbolhoy.co\/","name":"FutbolHoy","description":"","publisher":{"@id":"https:\/\/futbolhoy.co\/#organization"},"potentialAction":[{"@type":"SearchAction","target":{"@type":"EntryPoint","urlTemplate":"https:\/\/futbolhoy.co\/?s={search_term_string}"},"query-input":{"@type":"PropertyValueSpecification","valueRequired":true,"valueName":"search_term_string"}}],"inLanguage":"es"},{"@type":"Organization","@id":"https:\/\/futbolhoy.co\/#organization","name":"Futbolhoy.co","url":"https:\/\/futbolhoy.co\/","logo":{"@type":"ImageObject","inLanguage":"es","@id":"https:\/\/futbolhoy.co\/#\/schema\/logo\/image\/","url":"https:\/\/futbolhoy.co\/wp-content\/uploads\/2018\/08\/17426380_1906371736249227_6326180412931521141_n.jpg","contentUrl":"https:\/\/futbolhoy.co\/wp-content\/uploads\/2018\/08\/17426380_1906371736249227_6326180412931521141_n.jpg","width":960,"height":960,"caption":"Futbolhoy.co"},"image":{"@id":"https:\/\/futbolhoy.co\/#\/schema\/logo\/image\/"},"sameAs":["https:\/\/www.facebook.com\/FutbolHoyCol\/","https:\/\/x.com\/FutbolHoyCol","https:\/\/www.instagram.com\/futbolhoycol\/"]},{"@type":"Person","@id":"https:\/\/futbolhoy.co\/#\/schema\/person\/c4a353a512b127643723a34bb1812f7d","name":"Laura Hern\u00e1ndez","image":{"@type":"ImageObject","inLanguage":"es","@id":"https:\/\/futbolhoy.co\/#\/schema\/person\/image\/","url":"https:\/\/secure.gravatar.com\/avatar\/d25959a15b9b293a743f99181c7cfd01?s=96&d=mm&r=g","contentUrl":"https:\/\/secure.gravatar.com\/avatar\/d25959a15b9b293a743f99181c7cfd01?s=96&d=mm&r=g","caption":"Laura Hern\u00e1ndez"}}]}},"publishpress_future_action":{"enabled":false,"date":"2026-05-04 07:38:54","action":"change-status","newStatus":"draft","terms":[],"taxonomy":"category","extraData":[]},"publishpress_future_workflow_manual_trigger":{"enabledWorkflows":[]},"_links":{"self":[{"href":"https:\/\/futbolhoy.co\/index.php\/wp-json\/wp\/v2\/posts\/50100","targetHints":{"allow":["GET"]}}],"collection":[{"href":"https:\/\/futbolhoy.co\/index.php\/wp-json\/wp\/v2\/posts"}],"about":[{"href":"https:\/\/futbolhoy.co\/index.php\/wp-json\/wp\/v2\/types\/post"}],"author":[{"embeddable":true,"href":"https:\/\/futbolhoy.co\/index.php\/wp-json\/wp\/v2\/users\/5"}],"replies":[{"embeddable":true,"href":"https:\/\/futbolhoy.co\/index.php\/wp-json\/wp\/v2\/comments?post=50100"}],"version-history":[{"count":1,"href":"https:\/\/futbolhoy.co\/index.php\/wp-json\/wp\/v2\/posts\/50100\/revisions"}],"predecessor-version":[{"id":50102,"href":"https:\/\/futbolhoy.co\/index.php\/wp-json\/wp\/v2\/posts\/50100\/revisions\/50102"}],"wp:featuredmedia":[{"embeddable":true,"href":"https:\/\/futbolhoy.co\/index.php\/wp-json\/wp\/v2\/media\/37005"}],"wp:attachment":[{"href":"https:\/\/futbolhoy.co\/index.php\/wp-json\/wp\/v2\/media?parent=50100"}],"wp:term":[{"taxonomy":"category","embeddable":true,"href":"https:\/\/futbolhoy.co\/index.php\/wp-json\/wp\/v2\/categories?post=50100"},{"taxonomy":"post_tag","embeddable":true,"href":"https:\/\/futbolhoy.co\/index.php\/wp-json\/wp\/v2\/tags?post=50100"}],"curies":[{"name":"wp","href":"https:\/\/api.w.org\/{rel}","templated":true}]}}